{"id":9859,"date":"2024-11-26T06:00:16","date_gmt":"2024-11-26T05:00:16","guid":{"rendered":"https:\/\/ple161.poznan.pl\/?p=9859"},"modified":"2024-11-26T06:00:16","modified_gmt":"2024-11-26T05:00:16","slug":"dzien-pluszowego-misia-7","status":"publish","type":"post","link":"https:\/\/ple161.poznan.pl\/?p=9859","title":{"rendered":"Dzie\u0144 Pluszowego Misia"},"content":{"rendered":"<p>Ka\u017cdy z nas wie, \u017ce pluszowy mi\u015b to najlepszy przyjaciel naszych pociech, ukochana maskotka daj\u0105ca poczucie bezpiecze\u0144stwa na dobre i z\u0142e chwile, . Z tej okazji w dniu 25.11.2024 r. nasze przedszkolaki\u00a0 uczestniczy\u0142y w obchodach &#8222;\u015awiatowego Dnia Pluszowego Misia&#8221;. Ka\u017cde dziecko przysz\u0142o do przedszkola ze swoim\u00a0 przyjacielem.\u00a0 \u00a0W tym weso\u0142ym dniu przedszkolaki zosta\u0142y zaproszone do wsp\u00f3lnej zabawy ze swoimi misiami, pozna\u0142y r\u00f3wnie\u017c histori\u0119 ich pluszowego misia, bawi\u0142y si\u0119 do znanych misiowych przeboj\u00f3w, jad\u0142y misiowy przysmak a na koniec zrobi\u0142y prace plastyczne z wizerunkiem misia.<br \/>\nTen wyj\u0105tkowy dzie\u0144 by\u0142 pe\u0142en rado\u015bci i \u015bwietnej zabawy. Dzieci by\u0142y szcz\u0119\u015bliwie, i\u017c mog\u0142y\u00a0 pokaza\u0107 swoich\u00a0 przyjaci\u00f3\u0142\u00a0 kole\u017cankom i kolegom.<\/p>\n","protected":false},"excerpt":{"rendered":"<p>Ka\u017cdy z nas wie, \u017ce pluszowy mi\u015b to najlepszy przyjaciel naszych pociech, ukochana maskotka daj\u0105ca poczucie bezpiecze\u0144stwa na dobre i z\u0142e chwile, . Z tej okazji w dniu 25.11.2024 r. nasze przedszkolaki\u00a0 uczestniczy\u0142y w obchodach &#8222;\u015awiatowego Dnia Pluszowego Misia&#8221;. Ka\u017cde dziecko przysz\u0142o do przedszkola ze swoim\u00a0 przyjacielem.\u00a0 \u00a0W tym weso\u0142ym dniu przedszkolaki zosta\u0142y zaproszone do [&hellip;]<\/p>\n","protected":false},"author":2,"featured_media":6640,"comment_status":"closed","ping_status":"closed","sticky":false,"template":"","format":"standard","meta":{"ngg_post_thumbnail":0,"footnotes":""},"categories":[4,1],"tags":[],"class_list":["post-9859","post","type-post","status-publish","format-standard","has-post-thumbnail","hentry","category-aktualnosci","category-wydarzenia"],"yoast_head":"<!-- This site is optimized with the Yoast SEO plugin v27.4 - https:\/\/yoast.com\/product\/yoast-seo-wordpress\/ -->\n<title>Dzie\u0144 Pluszowego Misia - Przedszkole im. Ksi\u0119cia Przemys\u0142awa<\/title>\n<meta name=\"robots\" content=\"noindex, follow\" \/>\n<meta property=\"og:locale\" content=\"pl_PL\" \/>\n<meta property=\"og:type\" content=\"article\" \/>\n<meta property=\"og:title\" content=\"Dzie\u0144 Pluszowego Misia - Przedszkole im. Ksi\u0119cia Przemys\u0142awa\" \/>\n<meta property=\"og:description\" content=\"Ka\u017cdy z nas wie, \u017ce pluszowy mi\u015b to najlepszy przyjaciel naszych pociech, ukochana maskotka daj\u0105ca poczucie bezpiecze\u0144stwa na dobre i z\u0142e chwile, . Z tej okazji w dniu 25.11.2024 r. nasze przedszkolaki\u00a0 uczestniczy\u0142y w obchodach &#8222;\u015awiatowego Dnia Pluszowego Misia&#8221;. Ka\u017cde dziecko przysz\u0142o do przedszkola ze swoim\u00a0 przyjacielem.\u00a0 \u00a0W tym weso\u0142ym dniu przedszkolaki zosta\u0142y zaproszone do [&hellip;]\" \/>\n<meta property=\"og:url\" content=\"https:\/\/ple161.poznan.pl\/?p=9859\" \/>\n<meta property=\"og:site_name\" content=\"Przedszkole im. Ksi\u0119cia Przemys\u0142awa\" \/>\n<meta property=\"article:published_time\" content=\"2024-11-26T05:00:16+00:00\" \/>\n<meta property=\"og:image\" content=\"https:\/\/ple161.poznan.pl\/wp-content\/uploads\/2021\/11\/mis.gif\" \/>\n\t<meta property=\"og:image:width\" content=\"459\" \/>\n\t<meta property=\"og:image:height\" content=\"368\" \/>\n\t<meta property=\"og:image:type\" content=\"image\/gif\" \/>\n<meta name=\"author\" content=\"Magda Dulemba\" \/>\n<meta name=\"twitter:card\" content=\"summary_large_image\" \/>\n<meta name=\"twitter:label1\" content=\"Napisane przez\" \/>\n\t<meta name=\"twitter:data1\" content=\"Magda Dulemba\" \/>\n\t<meta name=\"twitter:label2\" content=\"Szacowany czas czytania\" \/>\n\t<meta name=\"twitter:data2\" content=\"1 minuta\" \/>\n<script type=\"application\/ld+json\" class=\"yoast-schema-graph\">{\"@context\":\"https:\\\/\\\/schema.org\",\"@graph\":[{\"@type\":\"Article\",\"@id\":\"https:\\\/\\\/ple161.poznan.pl\\\/?p=9859#article\",\"isPartOf\":{\"@id\":\"https:\\\/\\\/ple161.poznan.pl\\\/?p=9859\"},\"author\":{\"name\":\"Magda Dulemba\",\"@id\":\"https:\\\/\\\/www.przedszkole161.pl\\\/#\\\/schema\\\/person\\\/673325371d681555a8b67c870d21faac\"},\"headline\":\"Dzie\u0144 Pluszowego Misia\",\"datePublished\":\"2024-11-26T05:00:16+00:00\",\"mainEntityOfPage\":{\"@id\":\"https:\\\/\\\/ple161.poznan.pl\\\/?p=9859\"},\"wordCount\":128,\"image\":{\"@id\":\"https:\\\/\\\/ple161.poznan.pl\\\/?p=9859#primaryimage\"},\"thumbnailUrl\":\"https:\\\/\\\/ple161.poznan.pl\\\/wp-content\\\/uploads\\\/2021\\\/11\\\/mis.gif\",\"articleSection\":[\"Aktualno\u015bci\",\"Wydarzenia\"],\"inLanguage\":\"pl-PL\"},{\"@type\":\"WebPage\",\"@id\":\"https:\\\/\\\/ple161.poznan.pl\\\/?p=9859\",\"url\":\"https:\\\/\\\/ple161.poznan.pl\\\/?p=9859\",\"name\":\"Dzie\u0144 Pluszowego Misia - Przedszkole im. Ksi\u0119cia Przemys\u0142awa\",\"isPartOf\":{\"@id\":\"https:\\\/\\\/www.przedszkole161.pl\\\/#website\"},\"primaryImageOfPage\":{\"@id\":\"https:\\\/\\\/ple161.poznan.pl\\\/?p=9859#primaryimage\"},\"image\":{\"@id\":\"https:\\\/\\\/ple161.poznan.pl\\\/?p=9859#primaryimage\"},\"thumbnailUrl\":\"https:\\\/\\\/ple161.poznan.pl\\\/wp-content\\\/uploads\\\/2021\\\/11\\\/mis.gif\",\"datePublished\":\"2024-11-26T05:00:16+00:00\",\"author\":{\"@id\":\"https:\\\/\\\/www.przedszkole161.pl\\\/#\\\/schema\\\/person\\\/673325371d681555a8b67c870d21faac\"},\"breadcrumb\":{\"@id\":\"https:\\\/\\\/ple161.poznan.pl\\\/?p=9859#breadcrumb\"},\"inLanguage\":\"pl-PL\",\"potentialAction\":[{\"@type\":\"ReadAction\",\"target\":[\"https:\\\/\\\/ple161.poznan.pl\\\/?p=9859\"]}]},{\"@type\":\"ImageObject\",\"inLanguage\":\"pl-PL\",\"@id\":\"https:\\\/\\\/ple161.poznan.pl\\\/?p=9859#primaryimage\",\"url\":\"https:\\\/\\\/ple161.poznan.pl\\\/wp-content\\\/uploads\\\/2021\\\/11\\\/mis.gif\",\"contentUrl\":\"https:\\\/\\\/ple161.poznan.pl\\\/wp-content\\\/uploads\\\/2021\\\/11\\\/mis.gif\",\"width\":459,\"height\":368},{\"@type\":\"BreadcrumbList\",\"@id\":\"https:\\\/\\\/ple161.poznan.pl\\\/?p=9859#breadcrumb\",\"itemListElement\":[{\"@type\":\"ListItem\",\"position\":1,\"name\":\"Strona g\u0142\u00f3wna\",\"item\":\"https:\\\/\\\/www.przedszkole161.pl\\\/\"},{\"@type\":\"ListItem\",\"position\":2,\"name\":\"Dzie\u0144 Pluszowego Misia\"}]},{\"@type\":\"WebSite\",\"@id\":\"https:\\\/\\\/www.przedszkole161.pl\\\/#website\",\"url\":\"https:\\\/\\\/www.przedszkole161.pl\\\/\",\"name\":\"Przedszkole im. Ksi\u0119cia Przemys\u0142awa 161\",\"description\":\"\",\"potentialAction\":[{\"@type\":\"SearchAction\",\"target\":{\"@type\":\"EntryPoint\",\"urlTemplate\":\"https:\\\/\\\/www.przedszkole161.pl\\\/?s={search_term_string}\"},\"query-input\":{\"@type\":\"PropertyValueSpecification\",\"valueRequired\":true,\"valueName\":\"search_term_string\"}}],\"inLanguage\":\"pl-PL\"},{\"@type\":\"Person\",\"@id\":\"https:\\\/\\\/www.przedszkole161.pl\\\/#\\\/schema\\\/person\\\/673325371d681555a8b67c870d21faac\",\"name\":\"Magda Dulemba\",\"image\":{\"@type\":\"ImageObject\",\"inLanguage\":\"pl-PL\",\"@id\":\"https:\\\/\\\/secure.gravatar.com\\\/avatar\\\/f6f4cc73208d68c67fc19e1f80620e23d66ef2a923cb26a6d726fbc6a55bbcbc?s=96&d=mm&r=g\",\"url\":\"https:\\\/\\\/secure.gravatar.com\\\/avatar\\\/f6f4cc73208d68c67fc19e1f80620e23d66ef2a923cb26a6d726fbc6a55bbcbc?s=96&d=mm&r=g\",\"contentUrl\":\"https:\\\/\\\/secure.gravatar.com\\\/avatar\\\/f6f4cc73208d68c67fc19e1f80620e23d66ef2a923cb26a6d726fbc6a55bbcbc?s=96&d=mm&r=g\",\"caption\":\"Magda Dulemba\"},\"url\":\"https:\\\/\\\/ple161.poznan.pl\\\/?author=2\"}]}<\/script>\n<!-- \/ Yoast SEO plugin. -->","yoast_head_json":{"title":"Dzie\u0144 Pluszowego Misia - Przedszkole im. Ksi\u0119cia Przemys\u0142awa","robots":{"index":"noindex","follow":"follow"},"og_locale":"pl_PL","og_type":"article","og_title":"Dzie\u0144 Pluszowego Misia - Przedszkole im. Ksi\u0119cia Przemys\u0142awa","og_description":"Ka\u017cdy z nas wie, \u017ce pluszowy mi\u015b to najlepszy przyjaciel naszych pociech, ukochana maskotka daj\u0105ca poczucie bezpiecze\u0144stwa na dobre i z\u0142e chwile, . Z tej okazji w dniu 25.11.2024 r. nasze przedszkolaki\u00a0 uczestniczy\u0142y w obchodach &#8222;\u015awiatowego Dnia Pluszowego Misia&#8221;. Ka\u017cde dziecko przysz\u0142o do przedszkola ze swoim\u00a0 przyjacielem.\u00a0 \u00a0W tym weso\u0142ym dniu przedszkolaki zosta\u0142y zaproszone do [&hellip;]","og_url":"https:\/\/ple161.poznan.pl\/?p=9859","og_site_name":"Przedszkole im. Ksi\u0119cia Przemys\u0142awa","article_published_time":"2024-11-26T05:00:16+00:00","og_image":[{"width":459,"height":368,"url":"https:\/\/ple161.poznan.pl\/wp-content\/uploads\/2021\/11\/mis.gif","type":"image\/gif"}],"author":"Magda Dulemba","twitter_card":"summary_large_image","twitter_misc":{"Napisane przez":"Magda Dulemba","Szacowany czas czytania":"1 minuta"},"schema":{"@context":"https:\/\/schema.org","@graph":[{"@type":"Article","@id":"https:\/\/ple161.poznan.pl\/?p=9859#article","isPartOf":{"@id":"https:\/\/ple161.poznan.pl\/?p=9859"},"author":{"name":"Magda Dulemba","@id":"https:\/\/www.przedszkole161.pl\/#\/schema\/person\/673325371d681555a8b67c870d21faac"},"headline":"Dzie\u0144 Pluszowego Misia","datePublished":"2024-11-26T05:00:16+00:00","mainEntityOfPage":{"@id":"https:\/\/ple161.poznan.pl\/?p=9859"},"wordCount":128,"image":{"@id":"https:\/\/ple161.poznan.pl\/?p=9859#primaryimage"},"thumbnailUrl":"https:\/\/ple161.poznan.pl\/wp-content\/uploads\/2021\/11\/mis.gif","articleSection":["Aktualno\u015bci","Wydarzenia"],"inLanguage":"pl-PL"},{"@type":"WebPage","@id":"https:\/\/ple161.poznan.pl\/?p=9859","url":"https:\/\/ple161.poznan.pl\/?p=9859","name":"Dzie\u0144 Pluszowego Misia - Przedszkole im. Ksi\u0119cia Przemys\u0142awa","isPartOf":{"@id":"https:\/\/www.przedszkole161.pl\/#website"},"primaryImageOfPage":{"@id":"https:\/\/ple161.poznan.pl\/?p=9859#primaryimage"},"image":{"@id":"https:\/\/ple161.poznan.pl\/?p=9859#primaryimage"},"thumbnailUrl":"https:\/\/ple161.poznan.pl\/wp-content\/uploads\/2021\/11\/mis.gif","datePublished":"2024-11-26T05:00:16+00:00","author":{"@id":"https:\/\/www.przedszkole161.pl\/#\/schema\/person\/673325371d681555a8b67c870d21faac"},"breadcrumb":{"@id":"https:\/\/ple161.poznan.pl\/?p=9859#breadcrumb"},"inLanguage":"pl-PL","potentialAction":[{"@type":"ReadAction","target":["https:\/\/ple161.poznan.pl\/?p=9859"]}]},{"@type":"ImageObject","inLanguage":"pl-PL","@id":"https:\/\/ple161.poznan.pl\/?p=9859#primaryimage","url":"https:\/\/ple161.poznan.pl\/wp-content\/uploads\/2021\/11\/mis.gif","contentUrl":"https:\/\/ple161.poznan.pl\/wp-content\/uploads\/2021\/11\/mis.gif","width":459,"height":368},{"@type":"BreadcrumbList","@id":"https:\/\/ple161.poznan.pl\/?p=9859#breadcrumb","itemListElement":[{"@type":"ListItem","position":1,"name":"Strona g\u0142\u00f3wna","item":"https:\/\/www.przedszkole161.pl\/"},{"@type":"ListItem","position":2,"name":"Dzie\u0144 Pluszowego Misia"}]},{"@type":"WebSite","@id":"https:\/\/www.przedszkole161.pl\/#website","url":"https:\/\/www.przedszkole161.pl\/","name":"Przedszkole im. Ksi\u0119cia Przemys\u0142awa 161","description":"","potentialAction":[{"@type":"SearchAction","target":{"@type":"EntryPoint","urlTemplate":"https:\/\/www.przedszkole161.pl\/?s={search_term_string}"},"query-input":{"@type":"PropertyValueSpecification","valueRequired":true,"valueName":"search_term_string"}}],"inLanguage":"pl-PL"},{"@type":"Person","@id":"https:\/\/www.przedszkole161.pl\/#\/schema\/person\/673325371d681555a8b67c870d21faac","name":"Magda Dulemba","image":{"@type":"ImageObject","inLanguage":"pl-PL","@id":"https:\/\/secure.gravatar.com\/avatar\/f6f4cc73208d68c67fc19e1f80620e23d66ef2a923cb26a6d726fbc6a55bbcbc?s=96&d=mm&r=g","url":"https:\/\/secure.gravatar.com\/avatar\/f6f4cc73208d68c67fc19e1f80620e23d66ef2a923cb26a6d726fbc6a55bbcbc?s=96&d=mm&r=g","contentUrl":"https:\/\/secure.gravatar.com\/avatar\/f6f4cc73208d68c67fc19e1f80620e23d66ef2a923cb26a6d726fbc6a55bbcbc?s=96&d=mm&r=g","caption":"Magda Dulemba"},"url":"https:\/\/ple161.poznan.pl\/?author=2"}]}},"_links":{"self":[{"href":"https:\/\/ple161.poznan.pl\/index.php?rest_route=\/wp\/v2\/posts\/9859","targetHints":{"allow":["GET"]}}],"collection":[{"href":"https:\/\/ple161.poznan.pl\/index.php?rest_route=\/wp\/v2\/posts"}],"about":[{"href":"https:\/\/ple161.poznan.pl\/index.php?rest_route=\/wp\/v2\/types\/post"}],"author":[{"embeddable":true,"href":"https:\/\/ple161.poznan.pl\/index.php?rest_route=\/wp\/v2\/users\/2"}],"replies":[{"embeddable":true,"href":"https:\/\/ple161.poznan.pl\/index.php?rest_route=%2Fwp%2Fv2%2Fcomments&post=9859"}],"version-history":[{"count":1,"href":"https:\/\/ple161.poznan.pl\/index.php?rest_route=\/wp\/v2\/posts\/9859\/revisions"}],"predecessor-version":[{"id":9860,"href":"https:\/\/ple161.poznan.pl\/index.php?rest_route=\/wp\/v2\/posts\/9859\/revisions\/9860"}],"wp:featuredmedia":[{"embeddable":true,"href":"https:\/\/ple161.poznan.pl\/index.php?rest_route=\/wp\/v2\/media\/6640"}],"wp:attachment":[{"href":"https:\/\/ple161.poznan.pl\/index.php?rest_route=%2Fwp%2Fv2%2Fmedia&parent=9859"}],"wp:term":[{"taxonomy":"category","embeddable":true,"href":"https:\/\/ple161.poznan.pl\/index.php?rest_route=%2Fwp%2Fv2%2Fcategories&post=9859"},{"taxonomy":"post_tag","embeddable":true,"href":"https:\/\/ple161.poznan.pl\/index.php?rest_route=%2Fwp%2Fv2%2Ftags&post=9859"}],"curies":[{"name":"wp","href":"https:\/\/api.w.org\/{rel}","templated":true}]}}