{"id":9823,"date":"2024-11-24T14:14:39","date_gmt":"2024-11-24T13:14:39","guid":{"rendered":"https:\/\/ple161.poznan.pl\/?p=9823"},"modified":"2024-11-24T14:14:47","modified_gmt":"2024-11-24T13:14:47","slug":"spotkanie-z-krukiem","status":"publish","type":"post","link":"https:\/\/ple161.poznan.pl\/?p=9823","title":{"rendered":"Spotkanie z krukiem"},"content":{"rendered":"<p>21 listopada nasze przedszkole odwiedzi\u0142\u00a0 nietypowy go\u015b\u0107, a mianowicie kruk.\u00a0 Od pocz\u0105tku by\u0142o wida\u0107, \u017ce kruk bardzo lubi\u0142 swojego opiekuna. Ca\u0142y czas zabiega\u0142 o jego a p\u00f3\u017aniej o nasz\u0105 uwag\u0119 . Dowiedzieli\u015bmy si\u0119, \u017ce kruki to bardzo inteligentne zwierz\u0119ta i potrafi\u0105 rozwi\u0105zywa\u0107 zagadki. Kruki s\u0105 ptakami bardzo rodzinnymi, \u017cyj\u0105cymi w ma\u0142ych grupach. Mogli\u015bmy pog\u0142aska\u0107 naszego nietypowego go\u015bcia i zrobili\u015bmy sobie z nim pami\u0105tkowe zdj\u0119cia. Ciekawe jakie zwierz\u0105tko odwiedzi nas nast\u0119pnym razem.<\/p>\n","protected":false},"excerpt":{"rendered":"<p>21 listopada nasze przedszkole odwiedzi\u0142\u00a0 nietypowy go\u015b\u0107, a mianowicie kruk.\u00a0 Od pocz\u0105tku by\u0142o wida\u0107, \u017ce kruk bardzo lubi\u0142 swojego opiekuna. Ca\u0142y czas zabiega\u0142 o jego a p\u00f3\u017aniej o nasz\u0105 uwag\u0119 . Dowiedzieli\u015bmy si\u0119, \u017ce kruki to bardzo inteligentne zwierz\u0119ta i potrafi\u0105 rozwi\u0105zywa\u0107 zagadki. Kruki s\u0105 ptakami bardzo rodzinnymi, \u017cyj\u0105cymi w ma\u0142ych grupach. Mogli\u015bmy pog\u0142aska\u0107 naszego [&hellip;]<\/p>\n","protected":false},"author":2,"featured_media":9824,"comment_status":"closed","ping_status":"closed","sticky":false,"template":"","format":"standard","meta":{"ngg_post_thumbnail":0,"footnotes":""},"categories":[4,1],"tags":[],"class_list":["post-9823","post","type-post","status-publish","format-standard","has-post-thumbnail","hentry","category-aktualnosci","category-wydarzenia"],"yoast_head":"<!-- This site is optimized with the Yoast SEO plugin v27.4 - https:\/\/yoast.com\/product\/yoast-seo-wordpress\/ -->\n<title>Spotkanie z krukiem - Przedszkole im. Ksi\u0119cia Przemys\u0142awa<\/title>\n<meta name=\"robots\" content=\"noindex, follow\" \/>\n<meta property=\"og:locale\" content=\"pl_PL\" \/>\n<meta property=\"og:type\" content=\"article\" \/>\n<meta property=\"og:title\" content=\"Spotkanie z krukiem - Przedszkole im. Ksi\u0119cia Przemys\u0142awa\" \/>\n<meta property=\"og:description\" content=\"21 listopada nasze przedszkole odwiedzi\u0142\u00a0 nietypowy go\u015b\u0107, a mianowicie kruk.\u00a0 Od pocz\u0105tku by\u0142o wida\u0107, \u017ce kruk bardzo lubi\u0142 swojego opiekuna. Ca\u0142y czas zabiega\u0142 o jego a p\u00f3\u017aniej o nasz\u0105 uwag\u0119 . Dowiedzieli\u015bmy si\u0119, \u017ce kruki to bardzo inteligentne zwierz\u0119ta i potrafi\u0105 rozwi\u0105zywa\u0107 zagadki. Kruki s\u0105 ptakami bardzo rodzinnymi, \u017cyj\u0105cymi w ma\u0142ych grupach. Mogli\u015bmy pog\u0142aska\u0107 naszego [&hellip;]\" \/>\n<meta property=\"og:url\" content=\"https:\/\/ple161.poznan.pl\/?p=9823\" \/>\n<meta property=\"og:site_name\" content=\"Przedszkole im. Ksi\u0119cia Przemys\u0142awa\" \/>\n<meta property=\"article:published_time\" content=\"2024-11-24T13:14:39+00:00\" \/>\n<meta property=\"article:modified_time\" content=\"2024-11-24T13:14:47+00:00\" \/>\n<meta property=\"og:image\" content=\"https:\/\/ple161.poznan.pl\/wp-content\/uploads\/2024\/11\/kruk-scaled.jpg\" \/>\n\t<meta property=\"og:image:width\" content=\"1585\" \/>\n\t<meta property=\"og:image:height\" content=\"2560\" \/>\n\t<meta property=\"og:image:type\" content=\"image\/jpeg\" \/>\n<meta name=\"author\" content=\"Magda Dulemba\" \/>\n<meta name=\"twitter:card\" content=\"summary_large_image\" \/>\n<meta name=\"twitter:label1\" content=\"Napisane przez\" \/>\n\t<meta name=\"twitter:data1\" content=\"Magda Dulemba\" \/>\n\t<meta name=\"twitter:label2\" content=\"Szacowany czas czytania\" \/>\n\t<meta name=\"twitter:data2\" content=\"1 minuta\" \/>\n<script type=\"application\/ld+json\" class=\"yoast-schema-graph\">{\"@context\":\"https:\\\/\\\/schema.org\",\"@graph\":[{\"@type\":\"Article\",\"@id\":\"https:\\\/\\\/ple161.poznan.pl\\\/?p=9823#article\",\"isPartOf\":{\"@id\":\"https:\\\/\\\/ple161.poznan.pl\\\/?p=9823\"},\"author\":{\"name\":\"Magda Dulemba\",\"@id\":\"https:\\\/\\\/www.przedszkole161.pl\\\/#\\\/schema\\\/person\\\/673325371d681555a8b67c870d21faac\"},\"headline\":\"Spotkanie z krukiem\",\"datePublished\":\"2024-11-24T13:14:39+00:00\",\"dateModified\":\"2024-11-24T13:14:47+00:00\",\"mainEntityOfPage\":{\"@id\":\"https:\\\/\\\/ple161.poznan.pl\\\/?p=9823\"},\"wordCount\":89,\"image\":{\"@id\":\"https:\\\/\\\/ple161.poznan.pl\\\/?p=9823#primaryimage\"},\"thumbnailUrl\":\"https:\\\/\\\/ple161.poznan.pl\\\/wp-content\\\/uploads\\\/2024\\\/11\\\/kruk-scaled.jpg\",\"articleSection\":[\"Aktualno\u015bci\",\"Wydarzenia\"],\"inLanguage\":\"pl-PL\"},{\"@type\":\"WebPage\",\"@id\":\"https:\\\/\\\/ple161.poznan.pl\\\/?p=9823\",\"url\":\"https:\\\/\\\/ple161.poznan.pl\\\/?p=9823\",\"name\":\"Spotkanie z krukiem - Przedszkole im. Ksi\u0119cia Przemys\u0142awa\",\"isPartOf\":{\"@id\":\"https:\\\/\\\/www.przedszkole161.pl\\\/#website\"},\"primaryImageOfPage\":{\"@id\":\"https:\\\/\\\/ple161.poznan.pl\\\/?p=9823#primaryimage\"},\"image\":{\"@id\":\"https:\\\/\\\/ple161.poznan.pl\\\/?p=9823#primaryimage\"},\"thumbnailUrl\":\"https:\\\/\\\/ple161.poznan.pl\\\/wp-content\\\/uploads\\\/2024\\\/11\\\/kruk-scaled.jpg\",\"datePublished\":\"2024-11-24T13:14:39+00:00\",\"dateModified\":\"2024-11-24T13:14:47+00:00\",\"author\":{\"@id\":\"https:\\\/\\\/www.przedszkole161.pl\\\/#\\\/schema\\\/person\\\/673325371d681555a8b67c870d21faac\"},\"breadcrumb\":{\"@id\":\"https:\\\/\\\/ple161.poznan.pl\\\/?p=9823#breadcrumb\"},\"inLanguage\":\"pl-PL\",\"potentialAction\":[{\"@type\":\"ReadAction\",\"target\":[\"https:\\\/\\\/ple161.poznan.pl\\\/?p=9823\"]}]},{\"@type\":\"ImageObject\",\"inLanguage\":\"pl-PL\",\"@id\":\"https:\\\/\\\/ple161.poznan.pl\\\/?p=9823#primaryimage\",\"url\":\"https:\\\/\\\/ple161.poznan.pl\\\/wp-content\\\/uploads\\\/2024\\\/11\\\/kruk-scaled.jpg\",\"contentUrl\":\"https:\\\/\\\/ple161.poznan.pl\\\/wp-content\\\/uploads\\\/2024\\\/11\\\/kruk-scaled.jpg\",\"width\":1585,\"height\":2560},{\"@type\":\"BreadcrumbList\",\"@id\":\"https:\\\/\\\/ple161.poznan.pl\\\/?p=9823#breadcrumb\",\"itemListElement\":[{\"@type\":\"ListItem\",\"position\":1,\"name\":\"Strona g\u0142\u00f3wna\",\"item\":\"https:\\\/\\\/www.przedszkole161.pl\\\/\"},{\"@type\":\"ListItem\",\"position\":2,\"name\":\"Spotkanie z krukiem\"}]},{\"@type\":\"WebSite\",\"@id\":\"https:\\\/\\\/www.przedszkole161.pl\\\/#website\",\"url\":\"https:\\\/\\\/www.przedszkole161.pl\\\/\",\"name\":\"Przedszkole im. Ksi\u0119cia Przemys\u0142awa 161\",\"description\":\"\",\"potentialAction\":[{\"@type\":\"SearchAction\",\"target\":{\"@type\":\"EntryPoint\",\"urlTemplate\":\"https:\\\/\\\/www.przedszkole161.pl\\\/?s={search_term_string}\"},\"query-input\":{\"@type\":\"PropertyValueSpecification\",\"valueRequired\":true,\"valueName\":\"search_term_string\"}}],\"inLanguage\":\"pl-PL\"},{\"@type\":\"Person\",\"@id\":\"https:\\\/\\\/www.przedszkole161.pl\\\/#\\\/schema\\\/person\\\/673325371d681555a8b67c870d21faac\",\"name\":\"Magda Dulemba\",\"image\":{\"@type\":\"ImageObject\",\"inLanguage\":\"pl-PL\",\"@id\":\"https:\\\/\\\/secure.gravatar.com\\\/avatar\\\/f6f4cc73208d68c67fc19e1f80620e23d66ef2a923cb26a6d726fbc6a55bbcbc?s=96&d=mm&r=g\",\"url\":\"https:\\\/\\\/secure.gravatar.com\\\/avatar\\\/f6f4cc73208d68c67fc19e1f80620e23d66ef2a923cb26a6d726fbc6a55bbcbc?s=96&d=mm&r=g\",\"contentUrl\":\"https:\\\/\\\/secure.gravatar.com\\\/avatar\\\/f6f4cc73208d68c67fc19e1f80620e23d66ef2a923cb26a6d726fbc6a55bbcbc?s=96&d=mm&r=g\",\"caption\":\"Magda Dulemba\"},\"url\":\"https:\\\/\\\/ple161.poznan.pl\\\/?author=2\"}]}<\/script>\n<!-- \/ Yoast SEO plugin. -->","yoast_head_json":{"title":"Spotkanie z krukiem - Przedszkole im. Ksi\u0119cia Przemys\u0142awa","robots":{"index":"noindex","follow":"follow"},"og_locale":"pl_PL","og_type":"article","og_title":"Spotkanie z krukiem - Przedszkole im. Ksi\u0119cia Przemys\u0142awa","og_description":"21 listopada nasze przedszkole odwiedzi\u0142\u00a0 nietypowy go\u015b\u0107, a mianowicie kruk.\u00a0 Od pocz\u0105tku by\u0142o wida\u0107, \u017ce kruk bardzo lubi\u0142 swojego opiekuna. Ca\u0142y czas zabiega\u0142 o jego a p\u00f3\u017aniej o nasz\u0105 uwag\u0119 . Dowiedzieli\u015bmy si\u0119, \u017ce kruki to bardzo inteligentne zwierz\u0119ta i potrafi\u0105 rozwi\u0105zywa\u0107 zagadki. Kruki s\u0105 ptakami bardzo rodzinnymi, \u017cyj\u0105cymi w ma\u0142ych grupach. Mogli\u015bmy pog\u0142aska\u0107 naszego [&hellip;]","og_url":"https:\/\/ple161.poznan.pl\/?p=9823","og_site_name":"Przedszkole im. Ksi\u0119cia Przemys\u0142awa","article_published_time":"2024-11-24T13:14:39+00:00","article_modified_time":"2024-11-24T13:14:47+00:00","og_image":[{"width":1585,"height":2560,"url":"https:\/\/ple161.poznan.pl\/wp-content\/uploads\/2024\/11\/kruk-scaled.jpg","type":"image\/jpeg"}],"author":"Magda Dulemba","twitter_card":"summary_large_image","twitter_misc":{"Napisane przez":"Magda Dulemba","Szacowany czas czytania":"1 minuta"},"schema":{"@context":"https:\/\/schema.org","@graph":[{"@type":"Article","@id":"https:\/\/ple161.poznan.pl\/?p=9823#article","isPartOf":{"@id":"https:\/\/ple161.poznan.pl\/?p=9823"},"author":{"name":"Magda Dulemba","@id":"https:\/\/www.przedszkole161.pl\/#\/schema\/person\/673325371d681555a8b67c870d21faac"},"headline":"Spotkanie z krukiem","datePublished":"2024-11-24T13:14:39+00:00","dateModified":"2024-11-24T13:14:47+00:00","mainEntityOfPage":{"@id":"https:\/\/ple161.poznan.pl\/?p=9823"},"wordCount":89,"image":{"@id":"https:\/\/ple161.poznan.pl\/?p=9823#primaryimage"},"thumbnailUrl":"https:\/\/ple161.poznan.pl\/wp-content\/uploads\/2024\/11\/kruk-scaled.jpg","articleSection":["Aktualno\u015bci","Wydarzenia"],"inLanguage":"pl-PL"},{"@type":"WebPage","@id":"https:\/\/ple161.poznan.pl\/?p=9823","url":"https:\/\/ple161.poznan.pl\/?p=9823","name":"Spotkanie z krukiem - Przedszkole im. Ksi\u0119cia Przemys\u0142awa","isPartOf":{"@id":"https:\/\/www.przedszkole161.pl\/#website"},"primaryImageOfPage":{"@id":"https:\/\/ple161.poznan.pl\/?p=9823#primaryimage"},"image":{"@id":"https:\/\/ple161.poznan.pl\/?p=9823#primaryimage"},"thumbnailUrl":"https:\/\/ple161.poznan.pl\/wp-content\/uploads\/2024\/11\/kruk-scaled.jpg","datePublished":"2024-11-24T13:14:39+00:00","dateModified":"2024-11-24T13:14:47+00:00","author":{"@id":"https:\/\/www.przedszkole161.pl\/#\/schema\/person\/673325371d681555a8b67c870d21faac"},"breadcrumb":{"@id":"https:\/\/ple161.poznan.pl\/?p=9823#breadcrumb"},"inLanguage":"pl-PL","potentialAction":[{"@type":"ReadAction","target":["https:\/\/ple161.poznan.pl\/?p=9823"]}]},{"@type":"ImageObject","inLanguage":"pl-PL","@id":"https:\/\/ple161.poznan.pl\/?p=9823#primaryimage","url":"https:\/\/ple161.poznan.pl\/wp-content\/uploads\/2024\/11\/kruk-scaled.jpg","contentUrl":"https:\/\/ple161.poznan.pl\/wp-content\/uploads\/2024\/11\/kruk-scaled.jpg","width":1585,"height":2560},{"@type":"BreadcrumbList","@id":"https:\/\/ple161.poznan.pl\/?p=9823#breadcrumb","itemListElement":[{"@type":"ListItem","position":1,"name":"Strona g\u0142\u00f3wna","item":"https:\/\/www.przedszkole161.pl\/"},{"@type":"ListItem","position":2,"name":"Spotkanie z krukiem"}]},{"@type":"WebSite","@id":"https:\/\/www.przedszkole161.pl\/#website","url":"https:\/\/www.przedszkole161.pl\/","name":"Przedszkole im. Ksi\u0119cia Przemys\u0142awa 161","description":"","potentialAction":[{"@type":"SearchAction","target":{"@type":"EntryPoint","urlTemplate":"https:\/\/www.przedszkole161.pl\/?s={search_term_string}"},"query-input":{"@type":"PropertyValueSpecification","valueRequired":true,"valueName":"search_term_string"}}],"inLanguage":"pl-PL"},{"@type":"Person","@id":"https:\/\/www.przedszkole161.pl\/#\/schema\/person\/673325371d681555a8b67c870d21faac","name":"Magda Dulemba","image":{"@type":"ImageObject","inLanguage":"pl-PL","@id":"https:\/\/secure.gravatar.com\/avatar\/f6f4cc73208d68c67fc19e1f80620e23d66ef2a923cb26a6d726fbc6a55bbcbc?s=96&d=mm&r=g","url":"https:\/\/secure.gravatar.com\/avatar\/f6f4cc73208d68c67fc19e1f80620e23d66ef2a923cb26a6d726fbc6a55bbcbc?s=96&d=mm&r=g","contentUrl":"https:\/\/secure.gravatar.com\/avatar\/f6f4cc73208d68c67fc19e1f80620e23d66ef2a923cb26a6d726fbc6a55bbcbc?s=96&d=mm&r=g","caption":"Magda Dulemba"},"url":"https:\/\/ple161.poznan.pl\/?author=2"}]}},"_links":{"self":[{"href":"https:\/\/ple161.poznan.pl\/index.php?rest_route=\/wp\/v2\/posts\/9823","targetHints":{"allow":["GET"]}}],"collection":[{"href":"https:\/\/ple161.poznan.pl\/index.php?rest_route=\/wp\/v2\/posts"}],"about":[{"href":"https:\/\/ple161.poznan.pl\/index.php?rest_route=\/wp\/v2\/types\/post"}],"author":[{"embeddable":true,"href":"https:\/\/ple161.poznan.pl\/index.php?rest_route=\/wp\/v2\/users\/2"}],"replies":[{"embeddable":true,"href":"https:\/\/ple161.poznan.pl\/index.php?rest_route=%2Fwp%2Fv2%2Fcomments&post=9823"}],"version-history":[{"count":1,"href":"https:\/\/ple161.poznan.pl\/index.php?rest_route=\/wp\/v2\/posts\/9823\/revisions"}],"predecessor-version":[{"id":9825,"href":"https:\/\/ple161.poznan.pl\/index.php?rest_route=\/wp\/v2\/posts\/9823\/revisions\/9825"}],"wp:featuredmedia":[{"embeddable":true,"href":"https:\/\/ple161.poznan.pl\/index.php?rest_route=\/wp\/v2\/media\/9824"}],"wp:attachment":[{"href":"https:\/\/ple161.poznan.pl\/index.php?rest_route=%2Fwp%2Fv2%2Fmedia&parent=9823"}],"wp:term":[{"taxonomy":"category","embeddable":true,"href":"https:\/\/ple161.poznan.pl\/index.php?rest_route=%2Fwp%2Fv2%2Fcategories&post=9823"},{"taxonomy":"post_tag","embeddable":true,"href":"https:\/\/ple161.poznan.pl\/index.php?rest_route=%2Fwp%2Fv2%2Ftags&post=9823"}],"curies":[{"name":"wp","href":"https:\/\/api.w.org\/{rel}","templated":true}]}}