{"id":9807,"date":"2024-11-12T20:15:54","date_gmt":"2024-11-12T19:15:54","guid":{"rendered":"https:\/\/ple161.poznan.pl\/?p=9807"},"modified":"2024-11-12T20:16:12","modified_gmt":"2024-11-12T19:16:12","slug":"dzien-niepodleglosci-4","status":"publish","type":"post","link":"https:\/\/ple161.poznan.pl\/?p=9807","title":{"rendered":"Dzie\u0144 Niepodleg\u0142o\u015bci"},"content":{"rendered":"<p>12 listopada obchodzili\u015bmy\u00a0 \u00a0\u015awi\u0119to Niepodleg\u0142o\u015bci. Z tej okazji wszystkie dzieci przysz\u0142y ubrane na galowo Uroczysto\u015b\u0107 rozpocz\u0119li\u015bmy od naszego hymnu, dumnie przyjmuj\u0105c w\u0142a\u015bciw\u0105 postaw\u0119 \u201ena baczno\u015b\u0107\u201d. Dzieci recytowa\u0142y wiersze patriotyczne, \u015bpiewa\u0142y piosenki.\u00a0 Utrwalili\u015bmy wiadomo\u015bci na temat symboli narodowych, zabytk\u00f3w charakterystycznych dla wybranych miast, wydarze\u0144\u00a0 historycznych naszej ojczyzny. Na koniec\u00a0 przedszkolaki w swoich grupach zrobi\u0142y prace plastyczne z symbolami narodowymi.\u00a0 G\u0142\u00f3wnym celem spotkania by\u0142o kszta\u0142towanie mi\u0142o\u015bci i przywi\u0105zania do kraju ojczystego, jego kultury i tradycji oraz poznanie symboli narodowych naszego kraju. Udzia\u0142 w tego typu uroczysto\u015bciach\u00a0 ju\u017c od najm\u0142odszych lat\u00a0 uczy\u00a0 patriotyzmu, kszta\u0142tuje\u00a0 pozytywne postawy i uczucia patriotyczne.<\/p>\n","protected":false},"excerpt":{"rendered":"<p>12 listopada obchodzili\u015bmy\u00a0 \u00a0\u015awi\u0119to Niepodleg\u0142o\u015bci. Z tej okazji wszystkie dzieci przysz\u0142y ubrane na galowo Uroczysto\u015b\u0107 rozpocz\u0119li\u015bmy od naszego hymnu, dumnie przyjmuj\u0105c w\u0142a\u015bciw\u0105 postaw\u0119 \u201ena baczno\u015b\u0107\u201d. Dzieci recytowa\u0142y wiersze patriotyczne, \u015bpiewa\u0142y piosenki.\u00a0 Utrwalili\u015bmy wiadomo\u015bci na temat symboli narodowych, zabytk\u00f3w charakterystycznych dla wybranych miast, wydarze\u0144\u00a0 historycznych naszej ojczyzny. Na koniec\u00a0 przedszkolaki w swoich grupach zrobi\u0142y prace plastyczne [&hellip;]<\/p>\n","protected":false},"author":2,"featured_media":6555,"comment_status":"closed","ping_status":"closed","sticky":false,"template":"","format":"standard","meta":{"ngg_post_thumbnail":0,"footnotes":""},"categories":[4,1],"tags":[],"class_list":["post-9807","post","type-post","status-publish","format-standard","has-post-thumbnail","hentry","category-aktualnosci","category-wydarzenia"],"yoast_head":"<!-- This site is optimized with the Yoast SEO plugin v27.4 - https:\/\/yoast.com\/product\/yoast-seo-wordpress\/ -->\n<title>Dzie\u0144 Niepodleg\u0142o\u015bci - Przedszkole im. Ksi\u0119cia Przemys\u0142awa<\/title>\n<meta name=\"robots\" content=\"noindex, follow\" \/>\n<meta property=\"og:locale\" content=\"pl_PL\" \/>\n<meta property=\"og:type\" content=\"article\" \/>\n<meta property=\"og:title\" content=\"Dzie\u0144 Niepodleg\u0142o\u015bci - Przedszkole im. Ksi\u0119cia Przemys\u0142awa\" \/>\n<meta property=\"og:description\" content=\"12 listopada obchodzili\u015bmy\u00a0 \u00a0\u015awi\u0119to Niepodleg\u0142o\u015bci. Z tej okazji wszystkie dzieci przysz\u0142y ubrane na galowo Uroczysto\u015b\u0107 rozpocz\u0119li\u015bmy od naszego hymnu, dumnie przyjmuj\u0105c w\u0142a\u015bciw\u0105 postaw\u0119 \u201ena baczno\u015b\u0107\u201d. Dzieci recytowa\u0142y wiersze patriotyczne, \u015bpiewa\u0142y piosenki.\u00a0 Utrwalili\u015bmy wiadomo\u015bci na temat symboli narodowych, zabytk\u00f3w charakterystycznych dla wybranych miast, wydarze\u0144\u00a0 historycznych naszej ojczyzny. Na koniec\u00a0 przedszkolaki w swoich grupach zrobi\u0142y prace plastyczne [&hellip;]\" \/>\n<meta property=\"og:url\" content=\"https:\/\/ple161.poznan.pl\/?p=9807\" \/>\n<meta property=\"og:site_name\" content=\"Przedszkole im. Ksi\u0119cia Przemys\u0142awa\" \/>\n<meta property=\"article:published_time\" content=\"2024-11-12T19:15:54+00:00\" \/>\n<meta property=\"article:modified_time\" content=\"2024-11-12T19:16:12+00:00\" \/>\n<meta property=\"og:image\" content=\"https:\/\/ple161.poznan.pl\/wp-content\/uploads\/2021\/11\/flaga2.gif\" \/>\n\t<meta property=\"og:image:width\" content=\"348\" \/>\n\t<meta property=\"og:image:height\" content=\"375\" \/>\n\t<meta property=\"og:image:type\" content=\"image\/gif\" \/>\n<meta name=\"author\" content=\"Magda Dulemba\" \/>\n<meta name=\"twitter:card\" content=\"summary_large_image\" \/>\n<meta name=\"twitter:label1\" content=\"Napisane przez\" \/>\n\t<meta name=\"twitter:data1\" content=\"Magda Dulemba\" \/>\n\t<meta name=\"twitter:label2\" content=\"Szacowany czas czytania\" \/>\n\t<meta name=\"twitter:data2\" content=\"1 minuta\" \/>\n<script type=\"application\/ld+json\" class=\"yoast-schema-graph\">{\"@context\":\"https:\\\/\\\/schema.org\",\"@graph\":[{\"@type\":\"Article\",\"@id\":\"https:\\\/\\\/ple161.poznan.pl\\\/?p=9807#article\",\"isPartOf\":{\"@id\":\"https:\\\/\\\/ple161.poznan.pl\\\/?p=9807\"},\"author\":{\"name\":\"Magda Dulemba\",\"@id\":\"https:\\\/\\\/www.przedszkole161.pl\\\/#\\\/schema\\\/person\\\/673325371d681555a8b67c870d21faac\"},\"headline\":\"Dzie\u0144 Niepodleg\u0142o\u015bci\",\"datePublished\":\"2024-11-12T19:15:54+00:00\",\"dateModified\":\"2024-11-12T19:16:12+00:00\",\"mainEntityOfPage\":{\"@id\":\"https:\\\/\\\/ple161.poznan.pl\\\/?p=9807\"},\"wordCount\":124,\"image\":{\"@id\":\"https:\\\/\\\/ple161.poznan.pl\\\/?p=9807#primaryimage\"},\"thumbnailUrl\":\"https:\\\/\\\/ple161.poznan.pl\\\/wp-content\\\/uploads\\\/2021\\\/11\\\/flaga2.gif\",\"articleSection\":[\"Aktualno\u015bci\",\"Wydarzenia\"],\"inLanguage\":\"pl-PL\"},{\"@type\":\"WebPage\",\"@id\":\"https:\\\/\\\/ple161.poznan.pl\\\/?p=9807\",\"url\":\"https:\\\/\\\/ple161.poznan.pl\\\/?p=9807\",\"name\":\"Dzie\u0144 Niepodleg\u0142o\u015bci - Przedszkole im. Ksi\u0119cia Przemys\u0142awa\",\"isPartOf\":{\"@id\":\"https:\\\/\\\/www.przedszkole161.pl\\\/#website\"},\"primaryImageOfPage\":{\"@id\":\"https:\\\/\\\/ple161.poznan.pl\\\/?p=9807#primaryimage\"},\"image\":{\"@id\":\"https:\\\/\\\/ple161.poznan.pl\\\/?p=9807#primaryimage\"},\"thumbnailUrl\":\"https:\\\/\\\/ple161.poznan.pl\\\/wp-content\\\/uploads\\\/2021\\\/11\\\/flaga2.gif\",\"datePublished\":\"2024-11-12T19:15:54+00:00\",\"dateModified\":\"2024-11-12T19:16:12+00:00\",\"author\":{\"@id\":\"https:\\\/\\\/www.przedszkole161.pl\\\/#\\\/schema\\\/person\\\/673325371d681555a8b67c870d21faac\"},\"breadcrumb\":{\"@id\":\"https:\\\/\\\/ple161.poznan.pl\\\/?p=9807#breadcrumb\"},\"inLanguage\":\"pl-PL\",\"potentialAction\":[{\"@type\":\"ReadAction\",\"target\":[\"https:\\\/\\\/ple161.poznan.pl\\\/?p=9807\"]}]},{\"@type\":\"ImageObject\",\"inLanguage\":\"pl-PL\",\"@id\":\"https:\\\/\\\/ple161.poznan.pl\\\/?p=9807#primaryimage\",\"url\":\"https:\\\/\\\/ple161.poznan.pl\\\/wp-content\\\/uploads\\\/2021\\\/11\\\/flaga2.gif\",\"contentUrl\":\"https:\\\/\\\/ple161.poznan.pl\\\/wp-content\\\/uploads\\\/2021\\\/11\\\/flaga2.gif\",\"width\":348,\"height\":375},{\"@type\":\"BreadcrumbList\",\"@id\":\"https:\\\/\\\/ple161.poznan.pl\\\/?p=9807#breadcrumb\",\"itemListElement\":[{\"@type\":\"ListItem\",\"position\":1,\"name\":\"Strona g\u0142\u00f3wna\",\"item\":\"https:\\\/\\\/www.przedszkole161.pl\\\/\"},{\"@type\":\"ListItem\",\"position\":2,\"name\":\"Dzie\u0144 Niepodleg\u0142o\u015bci\"}]},{\"@type\":\"WebSite\",\"@id\":\"https:\\\/\\\/www.przedszkole161.pl\\\/#website\",\"url\":\"https:\\\/\\\/www.przedszkole161.pl\\\/\",\"name\":\"Przedszkole im. Ksi\u0119cia Przemys\u0142awa 161\",\"description\":\"\",\"potentialAction\":[{\"@type\":\"SearchAction\",\"target\":{\"@type\":\"EntryPoint\",\"urlTemplate\":\"https:\\\/\\\/www.przedszkole161.pl\\\/?s={search_term_string}\"},\"query-input\":{\"@type\":\"PropertyValueSpecification\",\"valueRequired\":true,\"valueName\":\"search_term_string\"}}],\"inLanguage\":\"pl-PL\"},{\"@type\":\"Person\",\"@id\":\"https:\\\/\\\/www.przedszkole161.pl\\\/#\\\/schema\\\/person\\\/673325371d681555a8b67c870d21faac\",\"name\":\"Magda Dulemba\",\"image\":{\"@type\":\"ImageObject\",\"inLanguage\":\"pl-PL\",\"@id\":\"https:\\\/\\\/secure.gravatar.com\\\/avatar\\\/f6f4cc73208d68c67fc19e1f80620e23d66ef2a923cb26a6d726fbc6a55bbcbc?s=96&d=mm&r=g\",\"url\":\"https:\\\/\\\/secure.gravatar.com\\\/avatar\\\/f6f4cc73208d68c67fc19e1f80620e23d66ef2a923cb26a6d726fbc6a55bbcbc?s=96&d=mm&r=g\",\"contentUrl\":\"https:\\\/\\\/secure.gravatar.com\\\/avatar\\\/f6f4cc73208d68c67fc19e1f80620e23d66ef2a923cb26a6d726fbc6a55bbcbc?s=96&d=mm&r=g\",\"caption\":\"Magda Dulemba\"},\"url\":\"https:\\\/\\\/ple161.poznan.pl\\\/?author=2\"}]}<\/script>\n<!-- \/ Yoast SEO plugin. -->","yoast_head_json":{"title":"Dzie\u0144 Niepodleg\u0142o\u015bci - Przedszkole im. Ksi\u0119cia Przemys\u0142awa","robots":{"index":"noindex","follow":"follow"},"og_locale":"pl_PL","og_type":"article","og_title":"Dzie\u0144 Niepodleg\u0142o\u015bci - Przedszkole im. Ksi\u0119cia Przemys\u0142awa","og_description":"12 listopada obchodzili\u015bmy\u00a0 \u00a0\u015awi\u0119to Niepodleg\u0142o\u015bci. Z tej okazji wszystkie dzieci przysz\u0142y ubrane na galowo Uroczysto\u015b\u0107 rozpocz\u0119li\u015bmy od naszego hymnu, dumnie przyjmuj\u0105c w\u0142a\u015bciw\u0105 postaw\u0119 \u201ena baczno\u015b\u0107\u201d. Dzieci recytowa\u0142y wiersze patriotyczne, \u015bpiewa\u0142y piosenki.\u00a0 Utrwalili\u015bmy wiadomo\u015bci na temat symboli narodowych, zabytk\u00f3w charakterystycznych dla wybranych miast, wydarze\u0144\u00a0 historycznych naszej ojczyzny. Na koniec\u00a0 przedszkolaki w swoich grupach zrobi\u0142y prace plastyczne [&hellip;]","og_url":"https:\/\/ple161.poznan.pl\/?p=9807","og_site_name":"Przedszkole im. Ksi\u0119cia Przemys\u0142awa","article_published_time":"2024-11-12T19:15:54+00:00","article_modified_time":"2024-11-12T19:16:12+00:00","og_image":[{"width":348,"height":375,"url":"https:\/\/ple161.poznan.pl\/wp-content\/uploads\/2021\/11\/flaga2.gif","type":"image\/gif"}],"author":"Magda Dulemba","twitter_card":"summary_large_image","twitter_misc":{"Napisane przez":"Magda Dulemba","Szacowany czas czytania":"1 minuta"},"schema":{"@context":"https:\/\/schema.org","@graph":[{"@type":"Article","@id":"https:\/\/ple161.poznan.pl\/?p=9807#article","isPartOf":{"@id":"https:\/\/ple161.poznan.pl\/?p=9807"},"author":{"name":"Magda Dulemba","@id":"https:\/\/www.przedszkole161.pl\/#\/schema\/person\/673325371d681555a8b67c870d21faac"},"headline":"Dzie\u0144 Niepodleg\u0142o\u015bci","datePublished":"2024-11-12T19:15:54+00:00","dateModified":"2024-11-12T19:16:12+00:00","mainEntityOfPage":{"@id":"https:\/\/ple161.poznan.pl\/?p=9807"},"wordCount":124,"image":{"@id":"https:\/\/ple161.poznan.pl\/?p=9807#primaryimage"},"thumbnailUrl":"https:\/\/ple161.poznan.pl\/wp-content\/uploads\/2021\/11\/flaga2.gif","articleSection":["Aktualno\u015bci","Wydarzenia"],"inLanguage":"pl-PL"},{"@type":"WebPage","@id":"https:\/\/ple161.poznan.pl\/?p=9807","url":"https:\/\/ple161.poznan.pl\/?p=9807","name":"Dzie\u0144 Niepodleg\u0142o\u015bci - Przedszkole im. Ksi\u0119cia Przemys\u0142awa","isPartOf":{"@id":"https:\/\/www.przedszkole161.pl\/#website"},"primaryImageOfPage":{"@id":"https:\/\/ple161.poznan.pl\/?p=9807#primaryimage"},"image":{"@id":"https:\/\/ple161.poznan.pl\/?p=9807#primaryimage"},"thumbnailUrl":"https:\/\/ple161.poznan.pl\/wp-content\/uploads\/2021\/11\/flaga2.gif","datePublished":"2024-11-12T19:15:54+00:00","dateModified":"2024-11-12T19:16:12+00:00","author":{"@id":"https:\/\/www.przedszkole161.pl\/#\/schema\/person\/673325371d681555a8b67c870d21faac"},"breadcrumb":{"@id":"https:\/\/ple161.poznan.pl\/?p=9807#breadcrumb"},"inLanguage":"pl-PL","potentialAction":[{"@type":"ReadAction","target":["https:\/\/ple161.poznan.pl\/?p=9807"]}]},{"@type":"ImageObject","inLanguage":"pl-PL","@id":"https:\/\/ple161.poznan.pl\/?p=9807#primaryimage","url":"https:\/\/ple161.poznan.pl\/wp-content\/uploads\/2021\/11\/flaga2.gif","contentUrl":"https:\/\/ple161.poznan.pl\/wp-content\/uploads\/2021\/11\/flaga2.gif","width":348,"height":375},{"@type":"BreadcrumbList","@id":"https:\/\/ple161.poznan.pl\/?p=9807#breadcrumb","itemListElement":[{"@type":"ListItem","position":1,"name":"Strona g\u0142\u00f3wna","item":"https:\/\/www.przedszkole161.pl\/"},{"@type":"ListItem","position":2,"name":"Dzie\u0144 Niepodleg\u0142o\u015bci"}]},{"@type":"WebSite","@id":"https:\/\/www.przedszkole161.pl\/#website","url":"https:\/\/www.przedszkole161.pl\/","name":"Przedszkole im. Ksi\u0119cia Przemys\u0142awa 161","description":"","potentialAction":[{"@type":"SearchAction","target":{"@type":"EntryPoint","urlTemplate":"https:\/\/www.przedszkole161.pl\/?s={search_term_string}"},"query-input":{"@type":"PropertyValueSpecification","valueRequired":true,"valueName":"search_term_string"}}],"inLanguage":"pl-PL"},{"@type":"Person","@id":"https:\/\/www.przedszkole161.pl\/#\/schema\/person\/673325371d681555a8b67c870d21faac","name":"Magda Dulemba","image":{"@type":"ImageObject","inLanguage":"pl-PL","@id":"https:\/\/secure.gravatar.com\/avatar\/f6f4cc73208d68c67fc19e1f80620e23d66ef2a923cb26a6d726fbc6a55bbcbc?s=96&d=mm&r=g","url":"https:\/\/secure.gravatar.com\/avatar\/f6f4cc73208d68c67fc19e1f80620e23d66ef2a923cb26a6d726fbc6a55bbcbc?s=96&d=mm&r=g","contentUrl":"https:\/\/secure.gravatar.com\/avatar\/f6f4cc73208d68c67fc19e1f80620e23d66ef2a923cb26a6d726fbc6a55bbcbc?s=96&d=mm&r=g","caption":"Magda Dulemba"},"url":"https:\/\/ple161.poznan.pl\/?author=2"}]}},"_links":{"self":[{"href":"https:\/\/ple161.poznan.pl\/index.php?rest_route=\/wp\/v2\/posts\/9807","targetHints":{"allow":["GET"]}}],"collection":[{"href":"https:\/\/ple161.poznan.pl\/index.php?rest_route=\/wp\/v2\/posts"}],"about":[{"href":"https:\/\/ple161.poznan.pl\/index.php?rest_route=\/wp\/v2\/types\/post"}],"author":[{"embeddable":true,"href":"https:\/\/ple161.poznan.pl\/index.php?rest_route=\/wp\/v2\/users\/2"}],"replies":[{"embeddable":true,"href":"https:\/\/ple161.poznan.pl\/index.php?rest_route=%2Fwp%2Fv2%2Fcomments&post=9807"}],"version-history":[{"count":1,"href":"https:\/\/ple161.poznan.pl\/index.php?rest_route=\/wp\/v2\/posts\/9807\/revisions"}],"predecessor-version":[{"id":9808,"href":"https:\/\/ple161.poznan.pl\/index.php?rest_route=\/wp\/v2\/posts\/9807\/revisions\/9808"}],"wp:featuredmedia":[{"embeddable":true,"href":"https:\/\/ple161.poznan.pl\/index.php?rest_route=\/wp\/v2\/media\/6555"}],"wp:attachment":[{"href":"https:\/\/ple161.poznan.pl\/index.php?rest_route=%2Fwp%2Fv2%2Fmedia&parent=9807"}],"wp:term":[{"taxonomy":"category","embeddable":true,"href":"https:\/\/ple161.poznan.pl\/index.php?rest_route=%2Fwp%2Fv2%2Fcategories&post=9807"},{"taxonomy":"post_tag","embeddable":true,"href":"https:\/\/ple161.poznan.pl\/index.php?rest_route=%2Fwp%2Fv2%2Ftags&post=9807"}],"curies":[{"name":"wp","href":"https:\/\/api.w.org\/{rel}","templated":true}]}}