{"id":9728,"date":"2024-10-24T07:53:09","date_gmt":"2024-10-24T06:53:09","guid":{"rendered":"https:\/\/ple161.poznan.pl\/?p=9728"},"modified":"2024-10-31T07:59:32","modified_gmt":"2024-10-31T06:59:32","slug":"udzial-w-koncercie-muzycznym","status":"publish","type":"post","link":"https:\/\/ple161.poznan.pl\/?p=9728","title":{"rendered":"Udzia\u0142 w koncercie muzycznym"},"content":{"rendered":"<p>23.10.2024r. przedszkolaki z grupy IV i V\u00a0 wyruszy\u0142y na wycieczk\u0119 do Szko\u0142y Muzycznej. Celem wycieczki by\u0142o rozwijanie zainteresowa\u0144 muzycznych oraz wzbogacenie wiedzy na temat r\u00f3\u017cnorodnych instrument\u00f3w. Nasze przedszkolaki mia\u0142y doskona\u0142\u0105\u00a0 okazj\u0119 zobaczy\u0107 instrumenty, jak r\u00f3wnie\u017c pos\u0142ucha\u0107 ich barwy, d\u017awi\u0119k\u00f3w . Wszystkie dzieci w skupieniu i z wielkim zainteresowaniem s\u0142ucha\u0142y koncertu w wykonaniu niewiele od nich starszych koleg\u00f3w i kole\u017canek.<\/p>\n","protected":false},"excerpt":{"rendered":"<p>23.10.2024r. przedszkolaki z grupy IV i V\u00a0 wyruszy\u0142y na wycieczk\u0119 do Szko\u0142y Muzycznej. Celem wycieczki by\u0142o rozwijanie zainteresowa\u0144 muzycznych oraz wzbogacenie wiedzy na temat r\u00f3\u017cnorodnych instrument\u00f3w. Nasze przedszkolaki mia\u0142y doskona\u0142\u0105\u00a0 okazj\u0119 zobaczy\u0107 instrumenty, jak r\u00f3wnie\u017c pos\u0142ucha\u0107 ich barwy, d\u017awi\u0119k\u00f3w . Wszystkie dzieci w skupieniu i z wielkim zainteresowaniem s\u0142ucha\u0142y koncertu w wykonaniu niewiele od nich [&hellip;]<\/p>\n","protected":false},"author":2,"featured_media":2959,"comment_status":"closed","ping_status":"closed","sticky":false,"template":"","format":"standard","meta":{"ngg_post_thumbnail":0,"footnotes":""},"categories":[4,1],"tags":[],"class_list":["post-9728","post","type-post","status-publish","format-standard","has-post-thumbnail","hentry","category-aktualnosci","category-wydarzenia"],"yoast_head":"<!-- This site is optimized with the Yoast SEO plugin v27.4 - https:\/\/yoast.com\/product\/yoast-seo-wordpress\/ -->\n<title>Udzia\u0142 w koncercie muzycznym - Przedszkole im. Ksi\u0119cia Przemys\u0142awa<\/title>\n<meta name=\"robots\" content=\"noindex, follow\" \/>\n<meta property=\"og:locale\" content=\"pl_PL\" \/>\n<meta property=\"og:type\" content=\"article\" \/>\n<meta property=\"og:title\" content=\"Udzia\u0142 w koncercie muzycznym - Przedszkole im. Ksi\u0119cia Przemys\u0142awa\" \/>\n<meta property=\"og:description\" content=\"23.10.2024r. przedszkolaki z grupy IV i V\u00a0 wyruszy\u0142y na wycieczk\u0119 do Szko\u0142y Muzycznej. Celem wycieczki by\u0142o rozwijanie zainteresowa\u0144 muzycznych oraz wzbogacenie wiedzy na temat r\u00f3\u017cnorodnych instrument\u00f3w. Nasze przedszkolaki mia\u0142y doskona\u0142\u0105\u00a0 okazj\u0119 zobaczy\u0107 instrumenty, jak r\u00f3wnie\u017c pos\u0142ucha\u0107 ich barwy, d\u017awi\u0119k\u00f3w . Wszystkie dzieci w skupieniu i z wielkim zainteresowaniem s\u0142ucha\u0142y koncertu w wykonaniu niewiele od nich [&hellip;]\" \/>\n<meta property=\"og:url\" content=\"https:\/\/ple161.poznan.pl\/?p=9728\" \/>\n<meta property=\"og:site_name\" content=\"Przedszkole im. Ksi\u0119cia Przemys\u0142awa\" \/>\n<meta property=\"article:published_time\" content=\"2024-10-24T06:53:09+00:00\" \/>\n<meta property=\"article:modified_time\" content=\"2024-10-31T06:59:32+00:00\" \/>\n<meta property=\"og:image\" content=\"https:\/\/ple161.poznan.pl\/wp-content\/uploads\/2017\/09\/trabka.jpg\" \/>\n\t<meta property=\"og:image:width\" content=\"261\" \/>\n\t<meta property=\"og:image:height\" content=\"187\" \/>\n\t<meta property=\"og:image:type\" content=\"image\/jpeg\" \/>\n<meta name=\"author\" content=\"Magda Dulemba\" \/>\n<meta name=\"twitter:card\" content=\"summary_large_image\" \/>\n<meta name=\"twitter:label1\" content=\"Napisane przez\" \/>\n\t<meta name=\"twitter:data1\" content=\"Magda Dulemba\" \/>\n\t<meta name=\"twitter:label2\" content=\"Szacowany czas czytania\" \/>\n\t<meta name=\"twitter:data2\" content=\"1 minuta\" \/>\n<script type=\"application\/ld+json\" class=\"yoast-schema-graph\">{\"@context\":\"https:\\\/\\\/schema.org\",\"@graph\":[{\"@type\":\"Article\",\"@id\":\"https:\\\/\\\/ple161.poznan.pl\\\/?p=9728#article\",\"isPartOf\":{\"@id\":\"https:\\\/\\\/ple161.poznan.pl\\\/?p=9728\"},\"author\":{\"name\":\"Magda Dulemba\",\"@id\":\"https:\\\/\\\/www.przedszkole161.pl\\\/#\\\/schema\\\/person\\\/673325371d681555a8b67c870d21faac\"},\"headline\":\"Udzia\u0142 w koncercie muzycznym\",\"datePublished\":\"2024-10-24T06:53:09+00:00\",\"dateModified\":\"2024-10-31T06:59:32+00:00\",\"mainEntityOfPage\":{\"@id\":\"https:\\\/\\\/ple161.poznan.pl\\\/?p=9728\"},\"wordCount\":77,\"image\":{\"@id\":\"https:\\\/\\\/ple161.poznan.pl\\\/?p=9728#primaryimage\"},\"thumbnailUrl\":\"https:\\\/\\\/ple161.poznan.pl\\\/wp-content\\\/uploads\\\/2017\\\/09\\\/trabka.jpg\",\"articleSection\":[\"Aktualno\u015bci\",\"Wydarzenia\"],\"inLanguage\":\"pl-PL\"},{\"@type\":\"WebPage\",\"@id\":\"https:\\\/\\\/ple161.poznan.pl\\\/?p=9728\",\"url\":\"https:\\\/\\\/ple161.poznan.pl\\\/?p=9728\",\"name\":\"Udzia\u0142 w koncercie muzycznym - Przedszkole im. Ksi\u0119cia Przemys\u0142awa\",\"isPartOf\":{\"@id\":\"https:\\\/\\\/www.przedszkole161.pl\\\/#website\"},\"primaryImageOfPage\":{\"@id\":\"https:\\\/\\\/ple161.poznan.pl\\\/?p=9728#primaryimage\"},\"image\":{\"@id\":\"https:\\\/\\\/ple161.poznan.pl\\\/?p=9728#primaryimage\"},\"thumbnailUrl\":\"https:\\\/\\\/ple161.poznan.pl\\\/wp-content\\\/uploads\\\/2017\\\/09\\\/trabka.jpg\",\"datePublished\":\"2024-10-24T06:53:09+00:00\",\"dateModified\":\"2024-10-31T06:59:32+00:00\",\"author\":{\"@id\":\"https:\\\/\\\/www.przedszkole161.pl\\\/#\\\/schema\\\/person\\\/673325371d681555a8b67c870d21faac\"},\"breadcrumb\":{\"@id\":\"https:\\\/\\\/ple161.poznan.pl\\\/?p=9728#breadcrumb\"},\"inLanguage\":\"pl-PL\",\"potentialAction\":[{\"@type\":\"ReadAction\",\"target\":[\"https:\\\/\\\/ple161.poznan.pl\\\/?p=9728\"]}]},{\"@type\":\"ImageObject\",\"inLanguage\":\"pl-PL\",\"@id\":\"https:\\\/\\\/ple161.poznan.pl\\\/?p=9728#primaryimage\",\"url\":\"https:\\\/\\\/ple161.poznan.pl\\\/wp-content\\\/uploads\\\/2017\\\/09\\\/trabka.jpg\",\"contentUrl\":\"https:\\\/\\\/ple161.poznan.pl\\\/wp-content\\\/uploads\\\/2017\\\/09\\\/trabka.jpg\",\"width\":261,\"height\":187},{\"@type\":\"BreadcrumbList\",\"@id\":\"https:\\\/\\\/ple161.poznan.pl\\\/?p=9728#breadcrumb\",\"itemListElement\":[{\"@type\":\"ListItem\",\"position\":1,\"name\":\"Strona g\u0142\u00f3wna\",\"item\":\"https:\\\/\\\/www.przedszkole161.pl\\\/\"},{\"@type\":\"ListItem\",\"position\":2,\"name\":\"Udzia\u0142 w koncercie muzycznym\"}]},{\"@type\":\"WebSite\",\"@id\":\"https:\\\/\\\/www.przedszkole161.pl\\\/#website\",\"url\":\"https:\\\/\\\/www.przedszkole161.pl\\\/\",\"name\":\"Przedszkole im. Ksi\u0119cia Przemys\u0142awa 161\",\"description\":\"\",\"potentialAction\":[{\"@type\":\"SearchAction\",\"target\":{\"@type\":\"EntryPoint\",\"urlTemplate\":\"https:\\\/\\\/www.przedszkole161.pl\\\/?s={search_term_string}\"},\"query-input\":{\"@type\":\"PropertyValueSpecification\",\"valueRequired\":true,\"valueName\":\"search_term_string\"}}],\"inLanguage\":\"pl-PL\"},{\"@type\":\"Person\",\"@id\":\"https:\\\/\\\/www.przedszkole161.pl\\\/#\\\/schema\\\/person\\\/673325371d681555a8b67c870d21faac\",\"name\":\"Magda Dulemba\",\"image\":{\"@type\":\"ImageObject\",\"inLanguage\":\"pl-PL\",\"@id\":\"https:\\\/\\\/secure.gravatar.com\\\/avatar\\\/f6f4cc73208d68c67fc19e1f80620e23d66ef2a923cb26a6d726fbc6a55bbcbc?s=96&d=mm&r=g\",\"url\":\"https:\\\/\\\/secure.gravatar.com\\\/avatar\\\/f6f4cc73208d68c67fc19e1f80620e23d66ef2a923cb26a6d726fbc6a55bbcbc?s=96&d=mm&r=g\",\"contentUrl\":\"https:\\\/\\\/secure.gravatar.com\\\/avatar\\\/f6f4cc73208d68c67fc19e1f80620e23d66ef2a923cb26a6d726fbc6a55bbcbc?s=96&d=mm&r=g\",\"caption\":\"Magda Dulemba\"},\"url\":\"https:\\\/\\\/ple161.poznan.pl\\\/?author=2\"}]}<\/script>\n<!-- \/ Yoast SEO plugin. -->","yoast_head_json":{"title":"Udzia\u0142 w koncercie muzycznym - Przedszkole im. Ksi\u0119cia Przemys\u0142awa","robots":{"index":"noindex","follow":"follow"},"og_locale":"pl_PL","og_type":"article","og_title":"Udzia\u0142 w koncercie muzycznym - Przedszkole im. Ksi\u0119cia Przemys\u0142awa","og_description":"23.10.2024r. przedszkolaki z grupy IV i V\u00a0 wyruszy\u0142y na wycieczk\u0119 do Szko\u0142y Muzycznej. Celem wycieczki by\u0142o rozwijanie zainteresowa\u0144 muzycznych oraz wzbogacenie wiedzy na temat r\u00f3\u017cnorodnych instrument\u00f3w. Nasze przedszkolaki mia\u0142y doskona\u0142\u0105\u00a0 okazj\u0119 zobaczy\u0107 instrumenty, jak r\u00f3wnie\u017c pos\u0142ucha\u0107 ich barwy, d\u017awi\u0119k\u00f3w . Wszystkie dzieci w skupieniu i z wielkim zainteresowaniem s\u0142ucha\u0142y koncertu w wykonaniu niewiele od nich [&hellip;]","og_url":"https:\/\/ple161.poznan.pl\/?p=9728","og_site_name":"Przedszkole im. Ksi\u0119cia Przemys\u0142awa","article_published_time":"2024-10-24T06:53:09+00:00","article_modified_time":"2024-10-31T06:59:32+00:00","og_image":[{"width":261,"height":187,"url":"https:\/\/ple161.poznan.pl\/wp-content\/uploads\/2017\/09\/trabka.jpg","type":"image\/jpeg"}],"author":"Magda Dulemba","twitter_card":"summary_large_image","twitter_misc":{"Napisane przez":"Magda Dulemba","Szacowany czas czytania":"1 minuta"},"schema":{"@context":"https:\/\/schema.org","@graph":[{"@type":"Article","@id":"https:\/\/ple161.poznan.pl\/?p=9728#article","isPartOf":{"@id":"https:\/\/ple161.poznan.pl\/?p=9728"},"author":{"name":"Magda Dulemba","@id":"https:\/\/www.przedszkole161.pl\/#\/schema\/person\/673325371d681555a8b67c870d21faac"},"headline":"Udzia\u0142 w koncercie muzycznym","datePublished":"2024-10-24T06:53:09+00:00","dateModified":"2024-10-31T06:59:32+00:00","mainEntityOfPage":{"@id":"https:\/\/ple161.poznan.pl\/?p=9728"},"wordCount":77,"image":{"@id":"https:\/\/ple161.poznan.pl\/?p=9728#primaryimage"},"thumbnailUrl":"https:\/\/ple161.poznan.pl\/wp-content\/uploads\/2017\/09\/trabka.jpg","articleSection":["Aktualno\u015bci","Wydarzenia"],"inLanguage":"pl-PL"},{"@type":"WebPage","@id":"https:\/\/ple161.poznan.pl\/?p=9728","url":"https:\/\/ple161.poznan.pl\/?p=9728","name":"Udzia\u0142 w koncercie muzycznym - Przedszkole im. Ksi\u0119cia Przemys\u0142awa","isPartOf":{"@id":"https:\/\/www.przedszkole161.pl\/#website"},"primaryImageOfPage":{"@id":"https:\/\/ple161.poznan.pl\/?p=9728#primaryimage"},"image":{"@id":"https:\/\/ple161.poznan.pl\/?p=9728#primaryimage"},"thumbnailUrl":"https:\/\/ple161.poznan.pl\/wp-content\/uploads\/2017\/09\/trabka.jpg","datePublished":"2024-10-24T06:53:09+00:00","dateModified":"2024-10-31T06:59:32+00:00","author":{"@id":"https:\/\/www.przedszkole161.pl\/#\/schema\/person\/673325371d681555a8b67c870d21faac"},"breadcrumb":{"@id":"https:\/\/ple161.poznan.pl\/?p=9728#breadcrumb"},"inLanguage":"pl-PL","potentialAction":[{"@type":"ReadAction","target":["https:\/\/ple161.poznan.pl\/?p=9728"]}]},{"@type":"ImageObject","inLanguage":"pl-PL","@id":"https:\/\/ple161.poznan.pl\/?p=9728#primaryimage","url":"https:\/\/ple161.poznan.pl\/wp-content\/uploads\/2017\/09\/trabka.jpg","contentUrl":"https:\/\/ple161.poznan.pl\/wp-content\/uploads\/2017\/09\/trabka.jpg","width":261,"height":187},{"@type":"BreadcrumbList","@id":"https:\/\/ple161.poznan.pl\/?p=9728#breadcrumb","itemListElement":[{"@type":"ListItem","position":1,"name":"Strona g\u0142\u00f3wna","item":"https:\/\/www.przedszkole161.pl\/"},{"@type":"ListItem","position":2,"name":"Udzia\u0142 w koncercie muzycznym"}]},{"@type":"WebSite","@id":"https:\/\/www.przedszkole161.pl\/#website","url":"https:\/\/www.przedszkole161.pl\/","name":"Przedszkole im. Ksi\u0119cia Przemys\u0142awa 161","description":"","potentialAction":[{"@type":"SearchAction","target":{"@type":"EntryPoint","urlTemplate":"https:\/\/www.przedszkole161.pl\/?s={search_term_string}"},"query-input":{"@type":"PropertyValueSpecification","valueRequired":true,"valueName":"search_term_string"}}],"inLanguage":"pl-PL"},{"@type":"Person","@id":"https:\/\/www.przedszkole161.pl\/#\/schema\/person\/673325371d681555a8b67c870d21faac","name":"Magda Dulemba","image":{"@type":"ImageObject","inLanguage":"pl-PL","@id":"https:\/\/secure.gravatar.com\/avatar\/f6f4cc73208d68c67fc19e1f80620e23d66ef2a923cb26a6d726fbc6a55bbcbc?s=96&d=mm&r=g","url":"https:\/\/secure.gravatar.com\/avatar\/f6f4cc73208d68c67fc19e1f80620e23d66ef2a923cb26a6d726fbc6a55bbcbc?s=96&d=mm&r=g","contentUrl":"https:\/\/secure.gravatar.com\/avatar\/f6f4cc73208d68c67fc19e1f80620e23d66ef2a923cb26a6d726fbc6a55bbcbc?s=96&d=mm&r=g","caption":"Magda Dulemba"},"url":"https:\/\/ple161.poznan.pl\/?author=2"}]}},"_links":{"self":[{"href":"https:\/\/ple161.poznan.pl\/index.php?rest_route=\/wp\/v2\/posts\/9728","targetHints":{"allow":["GET"]}}],"collection":[{"href":"https:\/\/ple161.poznan.pl\/index.php?rest_route=\/wp\/v2\/posts"}],"about":[{"href":"https:\/\/ple161.poznan.pl\/index.php?rest_route=\/wp\/v2\/types\/post"}],"author":[{"embeddable":true,"href":"https:\/\/ple161.poznan.pl\/index.php?rest_route=\/wp\/v2\/users\/2"}],"replies":[{"embeddable":true,"href":"https:\/\/ple161.poznan.pl\/index.php?rest_route=%2Fwp%2Fv2%2Fcomments&post=9728"}],"version-history":[{"count":1,"href":"https:\/\/ple161.poznan.pl\/index.php?rest_route=\/wp\/v2\/posts\/9728\/revisions"}],"predecessor-version":[{"id":9729,"href":"https:\/\/ple161.poznan.pl\/index.php?rest_route=\/wp\/v2\/posts\/9728\/revisions\/9729"}],"wp:featuredmedia":[{"embeddable":true,"href":"https:\/\/ple161.poznan.pl\/index.php?rest_route=\/wp\/v2\/media\/2959"}],"wp:attachment":[{"href":"https:\/\/ple161.poznan.pl\/index.php?rest_route=%2Fwp%2Fv2%2Fmedia&parent=9728"}],"wp:term":[{"taxonomy":"category","embeddable":true,"href":"https:\/\/ple161.poznan.pl\/index.php?rest_route=%2Fwp%2Fv2%2Fcategories&post=9728"},{"taxonomy":"post_tag","embeddable":true,"href":"https:\/\/ple161.poznan.pl\/index.php?rest_route=%2Fwp%2Fv2%2Ftags&post=9728"}],"curies":[{"name":"wp","href":"https:\/\/api.w.org\/{rel}","templated":true}]}}