{"id":9651,"date":"2024-10-22T19:29:24","date_gmt":"2024-10-22T18:29:24","guid":{"rendered":"https:\/\/ple161.poznan.pl\/?p=9651"},"modified":"2024-10-22T19:29:24","modified_gmt":"2024-10-22T18:29:24","slug":"dogoterapia","status":"publish","type":"post","link":"https:\/\/ple161.poznan.pl\/?p=9651","title":{"rendered":"Dogoterapia"},"content":{"rendered":"<p>15 pa\u017adziernika nasze przedszkole odwiedzi\u0142 pies terapeutyczny\u00a0 wraz ze swoj\u0105 opiekunk\u0105 .<br \/>\nPrzedszkolaki zosta\u0142y zapoznane z pieskiem oraz dowiedzia\u0142y si\u0119 jak nale\u017cy zachowa\u0107 si\u0119 w obecno\u015bci psa, po czym ka\u017cdy przywita\u0142 si\u0119\u00a0 poprzez podanie \u0142apy lub przybicie pi\u0105tki.<br \/>\nOpiekunka psa przeprowadzi\u0142a zabawy edukacyjne z elementami dogoterapii, kt\u00f3rej celem jest wszechstronny rozw\u00f3j podopiecznych, dostarczanie pozytywnego bod\u017aca i satysfakcji z przebywania z psim przyjacielem. Dzieci ch\u0119tnie wsp\u00f3\u0142pracowa\u0142y podczas zabawy z psem.<br \/>\nPodczas praktycznych zaj\u0119\u0107 dzieci utrwali\u0142y swoj\u0105 wiedz\u0119 dotycz\u0105c\u0105 w\u0142a\u015bciwego opiekowania si\u0119 i traktowania czworono\u017cnych przyjaci\u00f3\u0142.<br \/>\nSerdecznie dzi\u0119kujemy za wizyt\u0119.<\/p>\n","protected":false},"excerpt":{"rendered":"<p>15 pa\u017adziernika nasze przedszkole odwiedzi\u0142 pies terapeutyczny\u00a0 wraz ze swoj\u0105 opiekunk\u0105 . Przedszkolaki zosta\u0142y zapoznane z pieskiem oraz dowiedzia\u0142y si\u0119 jak nale\u017cy zachowa\u0107 si\u0119 w obecno\u015bci psa, po czym ka\u017cdy przywita\u0142 si\u0119\u00a0 poprzez podanie \u0142apy lub przybicie pi\u0105tki. Opiekunka psa przeprowadzi\u0142a zabawy edukacyjne z elementami dogoterapii, kt\u00f3rej celem jest wszechstronny rozw\u00f3j podopiecznych, dostarczanie pozytywnego bod\u017aca [&hellip;]<\/p>\n","protected":false},"author":2,"featured_media":9653,"comment_status":"closed","ping_status":"closed","sticky":false,"template":"","format":"standard","meta":{"ngg_post_thumbnail":0,"footnotes":""},"categories":[4,1],"tags":[],"class_list":["post-9651","post","type-post","status-publish","format-standard","has-post-thumbnail","hentry","category-aktualnosci","category-wydarzenia"],"yoast_head":"<!-- This site is optimized with the Yoast SEO plugin v27.4 - https:\/\/yoast.com\/product\/yoast-seo-wordpress\/ -->\n<title>Dogoterapia - Przedszkole im. Ksi\u0119cia Przemys\u0142awa<\/title>\n<meta name=\"robots\" content=\"noindex, follow\" \/>\n<meta property=\"og:locale\" content=\"pl_PL\" \/>\n<meta property=\"og:type\" content=\"article\" \/>\n<meta property=\"og:title\" content=\"Dogoterapia - Przedszkole im. Ksi\u0119cia Przemys\u0142awa\" \/>\n<meta property=\"og:description\" content=\"15 pa\u017adziernika nasze przedszkole odwiedzi\u0142 pies terapeutyczny\u00a0 wraz ze swoj\u0105 opiekunk\u0105 . Przedszkolaki zosta\u0142y zapoznane z pieskiem oraz dowiedzia\u0142y si\u0119 jak nale\u017cy zachowa\u0107 si\u0119 w obecno\u015bci psa, po czym ka\u017cdy przywita\u0142 si\u0119\u00a0 poprzez podanie \u0142apy lub przybicie pi\u0105tki. Opiekunka psa przeprowadzi\u0142a zabawy edukacyjne z elementami dogoterapii, kt\u00f3rej celem jest wszechstronny rozw\u00f3j podopiecznych, dostarczanie pozytywnego bod\u017aca [&hellip;]\" \/>\n<meta property=\"og:url\" content=\"https:\/\/ple161.poznan.pl\/?p=9651\" \/>\n<meta property=\"og:site_name\" content=\"Przedszkole im. Ksi\u0119cia Przemys\u0142awa\" \/>\n<meta property=\"article:published_time\" content=\"2024-10-22T18:29:24+00:00\" \/>\n<meta property=\"og:image\" content=\"https:\/\/ple161.poznan.pl\/wp-content\/uploads\/2024\/10\/IMG_5245.jpg\" \/>\n\t<meta property=\"og:image:width\" content=\"308\" \/>\n\t<meta property=\"og:image:height\" content=\"320\" \/>\n\t<meta property=\"og:image:type\" content=\"image\/jpeg\" \/>\n<meta name=\"author\" content=\"Magda Dulemba\" \/>\n<meta name=\"twitter:card\" content=\"summary_large_image\" \/>\n<meta name=\"twitter:label1\" content=\"Napisane przez\" \/>\n\t<meta name=\"twitter:data1\" content=\"Magda Dulemba\" \/>\n\t<meta name=\"twitter:label2\" content=\"Szacowany czas czytania\" \/>\n\t<meta name=\"twitter:data2\" content=\"1 minuta\" \/>\n<script type=\"application\/ld+json\" class=\"yoast-schema-graph\">{\"@context\":\"https:\\\/\\\/schema.org\",\"@graph\":[{\"@type\":\"Article\",\"@id\":\"https:\\\/\\\/ple161.poznan.pl\\\/?p=9651#article\",\"isPartOf\":{\"@id\":\"https:\\\/\\\/ple161.poznan.pl\\\/?p=9651\"},\"author\":{\"name\":\"Magda Dulemba\",\"@id\":\"https:\\\/\\\/www.przedszkole161.pl\\\/#\\\/schema\\\/person\\\/673325371d681555a8b67c870d21faac\"},\"headline\":\"Dogoterapia\",\"datePublished\":\"2024-10-22T18:29:24+00:00\",\"mainEntityOfPage\":{\"@id\":\"https:\\\/\\\/ple161.poznan.pl\\\/?p=9651\"},\"wordCount\":107,\"image\":{\"@id\":\"https:\\\/\\\/ple161.poznan.pl\\\/?p=9651#primaryimage\"},\"thumbnailUrl\":\"https:\\\/\\\/ple161.poznan.pl\\\/wp-content\\\/uploads\\\/2024\\\/10\\\/IMG_5245.jpg\",\"articleSection\":[\"Aktualno\u015bci\",\"Wydarzenia\"],\"inLanguage\":\"pl-PL\"},{\"@type\":\"WebPage\",\"@id\":\"https:\\\/\\\/ple161.poznan.pl\\\/?p=9651\",\"url\":\"https:\\\/\\\/ple161.poznan.pl\\\/?p=9651\",\"name\":\"Dogoterapia - Przedszkole im. Ksi\u0119cia Przemys\u0142awa\",\"isPartOf\":{\"@id\":\"https:\\\/\\\/www.przedszkole161.pl\\\/#website\"},\"primaryImageOfPage\":{\"@id\":\"https:\\\/\\\/ple161.poznan.pl\\\/?p=9651#primaryimage\"},\"image\":{\"@id\":\"https:\\\/\\\/ple161.poznan.pl\\\/?p=9651#primaryimage\"},\"thumbnailUrl\":\"https:\\\/\\\/ple161.poznan.pl\\\/wp-content\\\/uploads\\\/2024\\\/10\\\/IMG_5245.jpg\",\"datePublished\":\"2024-10-22T18:29:24+00:00\",\"author\":{\"@id\":\"https:\\\/\\\/www.przedszkole161.pl\\\/#\\\/schema\\\/person\\\/673325371d681555a8b67c870d21faac\"},\"breadcrumb\":{\"@id\":\"https:\\\/\\\/ple161.poznan.pl\\\/?p=9651#breadcrumb\"},\"inLanguage\":\"pl-PL\",\"potentialAction\":[{\"@type\":\"ReadAction\",\"target\":[\"https:\\\/\\\/ple161.poznan.pl\\\/?p=9651\"]}]},{\"@type\":\"ImageObject\",\"inLanguage\":\"pl-PL\",\"@id\":\"https:\\\/\\\/ple161.poznan.pl\\\/?p=9651#primaryimage\",\"url\":\"https:\\\/\\\/ple161.poznan.pl\\\/wp-content\\\/uploads\\\/2024\\\/10\\\/IMG_5245.jpg\",\"contentUrl\":\"https:\\\/\\\/ple161.poznan.pl\\\/wp-content\\\/uploads\\\/2024\\\/10\\\/IMG_5245.jpg\",\"width\":308,\"height\":320},{\"@type\":\"BreadcrumbList\",\"@id\":\"https:\\\/\\\/ple161.poznan.pl\\\/?p=9651#breadcrumb\",\"itemListElement\":[{\"@type\":\"ListItem\",\"position\":1,\"name\":\"Strona g\u0142\u00f3wna\",\"item\":\"https:\\\/\\\/www.przedszkole161.pl\\\/\"},{\"@type\":\"ListItem\",\"position\":2,\"name\":\"Dogoterapia\"}]},{\"@type\":\"WebSite\",\"@id\":\"https:\\\/\\\/www.przedszkole161.pl\\\/#website\",\"url\":\"https:\\\/\\\/www.przedszkole161.pl\\\/\",\"name\":\"Przedszkole im. Ksi\u0119cia Przemys\u0142awa 161\",\"description\":\"\",\"potentialAction\":[{\"@type\":\"SearchAction\",\"target\":{\"@type\":\"EntryPoint\",\"urlTemplate\":\"https:\\\/\\\/www.przedszkole161.pl\\\/?s={search_term_string}\"},\"query-input\":{\"@type\":\"PropertyValueSpecification\",\"valueRequired\":true,\"valueName\":\"search_term_string\"}}],\"inLanguage\":\"pl-PL\"},{\"@type\":\"Person\",\"@id\":\"https:\\\/\\\/www.przedszkole161.pl\\\/#\\\/schema\\\/person\\\/673325371d681555a8b67c870d21faac\",\"name\":\"Magda Dulemba\",\"image\":{\"@type\":\"ImageObject\",\"inLanguage\":\"pl-PL\",\"@id\":\"https:\\\/\\\/secure.gravatar.com\\\/avatar\\\/f6f4cc73208d68c67fc19e1f80620e23d66ef2a923cb26a6d726fbc6a55bbcbc?s=96&d=mm&r=g\",\"url\":\"https:\\\/\\\/secure.gravatar.com\\\/avatar\\\/f6f4cc73208d68c67fc19e1f80620e23d66ef2a923cb26a6d726fbc6a55bbcbc?s=96&d=mm&r=g\",\"contentUrl\":\"https:\\\/\\\/secure.gravatar.com\\\/avatar\\\/f6f4cc73208d68c67fc19e1f80620e23d66ef2a923cb26a6d726fbc6a55bbcbc?s=96&d=mm&r=g\",\"caption\":\"Magda Dulemba\"},\"url\":\"https:\\\/\\\/ple161.poznan.pl\\\/?author=2\"}]}<\/script>\n<!-- \/ Yoast SEO plugin. -->","yoast_head_json":{"title":"Dogoterapia - Przedszkole im. Ksi\u0119cia Przemys\u0142awa","robots":{"index":"noindex","follow":"follow"},"og_locale":"pl_PL","og_type":"article","og_title":"Dogoterapia - Przedszkole im. Ksi\u0119cia Przemys\u0142awa","og_description":"15 pa\u017adziernika nasze przedszkole odwiedzi\u0142 pies terapeutyczny\u00a0 wraz ze swoj\u0105 opiekunk\u0105 . Przedszkolaki zosta\u0142y zapoznane z pieskiem oraz dowiedzia\u0142y si\u0119 jak nale\u017cy zachowa\u0107 si\u0119 w obecno\u015bci psa, po czym ka\u017cdy przywita\u0142 si\u0119\u00a0 poprzez podanie \u0142apy lub przybicie pi\u0105tki. Opiekunka psa przeprowadzi\u0142a zabawy edukacyjne z elementami dogoterapii, kt\u00f3rej celem jest wszechstronny rozw\u00f3j podopiecznych, dostarczanie pozytywnego bod\u017aca [&hellip;]","og_url":"https:\/\/ple161.poznan.pl\/?p=9651","og_site_name":"Przedszkole im. Ksi\u0119cia Przemys\u0142awa","article_published_time":"2024-10-22T18:29:24+00:00","og_image":[{"width":308,"height":320,"url":"https:\/\/ple161.poznan.pl\/wp-content\/uploads\/2024\/10\/IMG_5245.jpg","type":"image\/jpeg"}],"author":"Magda Dulemba","twitter_card":"summary_large_image","twitter_misc":{"Napisane przez":"Magda Dulemba","Szacowany czas czytania":"1 minuta"},"schema":{"@context":"https:\/\/schema.org","@graph":[{"@type":"Article","@id":"https:\/\/ple161.poznan.pl\/?p=9651#article","isPartOf":{"@id":"https:\/\/ple161.poznan.pl\/?p=9651"},"author":{"name":"Magda Dulemba","@id":"https:\/\/www.przedszkole161.pl\/#\/schema\/person\/673325371d681555a8b67c870d21faac"},"headline":"Dogoterapia","datePublished":"2024-10-22T18:29:24+00:00","mainEntityOfPage":{"@id":"https:\/\/ple161.poznan.pl\/?p=9651"},"wordCount":107,"image":{"@id":"https:\/\/ple161.poznan.pl\/?p=9651#primaryimage"},"thumbnailUrl":"https:\/\/ple161.poznan.pl\/wp-content\/uploads\/2024\/10\/IMG_5245.jpg","articleSection":["Aktualno\u015bci","Wydarzenia"],"inLanguage":"pl-PL"},{"@type":"WebPage","@id":"https:\/\/ple161.poznan.pl\/?p=9651","url":"https:\/\/ple161.poznan.pl\/?p=9651","name":"Dogoterapia - Przedszkole im. Ksi\u0119cia Przemys\u0142awa","isPartOf":{"@id":"https:\/\/www.przedszkole161.pl\/#website"},"primaryImageOfPage":{"@id":"https:\/\/ple161.poznan.pl\/?p=9651#primaryimage"},"image":{"@id":"https:\/\/ple161.poznan.pl\/?p=9651#primaryimage"},"thumbnailUrl":"https:\/\/ple161.poznan.pl\/wp-content\/uploads\/2024\/10\/IMG_5245.jpg","datePublished":"2024-10-22T18:29:24+00:00","author":{"@id":"https:\/\/www.przedszkole161.pl\/#\/schema\/person\/673325371d681555a8b67c870d21faac"},"breadcrumb":{"@id":"https:\/\/ple161.poznan.pl\/?p=9651#breadcrumb"},"inLanguage":"pl-PL","potentialAction":[{"@type":"ReadAction","target":["https:\/\/ple161.poznan.pl\/?p=9651"]}]},{"@type":"ImageObject","inLanguage":"pl-PL","@id":"https:\/\/ple161.poznan.pl\/?p=9651#primaryimage","url":"https:\/\/ple161.poznan.pl\/wp-content\/uploads\/2024\/10\/IMG_5245.jpg","contentUrl":"https:\/\/ple161.poznan.pl\/wp-content\/uploads\/2024\/10\/IMG_5245.jpg","width":308,"height":320},{"@type":"BreadcrumbList","@id":"https:\/\/ple161.poznan.pl\/?p=9651#breadcrumb","itemListElement":[{"@type":"ListItem","position":1,"name":"Strona g\u0142\u00f3wna","item":"https:\/\/www.przedszkole161.pl\/"},{"@type":"ListItem","position":2,"name":"Dogoterapia"}]},{"@type":"WebSite","@id":"https:\/\/www.przedszkole161.pl\/#website","url":"https:\/\/www.przedszkole161.pl\/","name":"Przedszkole im. Ksi\u0119cia Przemys\u0142awa 161","description":"","potentialAction":[{"@type":"SearchAction","target":{"@type":"EntryPoint","urlTemplate":"https:\/\/www.przedszkole161.pl\/?s={search_term_string}"},"query-input":{"@type":"PropertyValueSpecification","valueRequired":true,"valueName":"search_term_string"}}],"inLanguage":"pl-PL"},{"@type":"Person","@id":"https:\/\/www.przedszkole161.pl\/#\/schema\/person\/673325371d681555a8b67c870d21faac","name":"Magda Dulemba","image":{"@type":"ImageObject","inLanguage":"pl-PL","@id":"https:\/\/secure.gravatar.com\/avatar\/f6f4cc73208d68c67fc19e1f80620e23d66ef2a923cb26a6d726fbc6a55bbcbc?s=96&d=mm&r=g","url":"https:\/\/secure.gravatar.com\/avatar\/f6f4cc73208d68c67fc19e1f80620e23d66ef2a923cb26a6d726fbc6a55bbcbc?s=96&d=mm&r=g","contentUrl":"https:\/\/secure.gravatar.com\/avatar\/f6f4cc73208d68c67fc19e1f80620e23d66ef2a923cb26a6d726fbc6a55bbcbc?s=96&d=mm&r=g","caption":"Magda Dulemba"},"url":"https:\/\/ple161.poznan.pl\/?author=2"}]}},"_links":{"self":[{"href":"https:\/\/ple161.poznan.pl\/index.php?rest_route=\/wp\/v2\/posts\/9651","targetHints":{"allow":["GET"]}}],"collection":[{"href":"https:\/\/ple161.poznan.pl\/index.php?rest_route=\/wp\/v2\/posts"}],"about":[{"href":"https:\/\/ple161.poznan.pl\/index.php?rest_route=\/wp\/v2\/types\/post"}],"author":[{"embeddable":true,"href":"https:\/\/ple161.poznan.pl\/index.php?rest_route=\/wp\/v2\/users\/2"}],"replies":[{"embeddable":true,"href":"https:\/\/ple161.poznan.pl\/index.php?rest_route=%2Fwp%2Fv2%2Fcomments&post=9651"}],"version-history":[{"count":1,"href":"https:\/\/ple161.poznan.pl\/index.php?rest_route=\/wp\/v2\/posts\/9651\/revisions"}],"predecessor-version":[{"id":9652,"href":"https:\/\/ple161.poznan.pl\/index.php?rest_route=\/wp\/v2\/posts\/9651\/revisions\/9652"}],"wp:featuredmedia":[{"embeddable":true,"href":"https:\/\/ple161.poznan.pl\/index.php?rest_route=\/wp\/v2\/media\/9653"}],"wp:attachment":[{"href":"https:\/\/ple161.poznan.pl\/index.php?rest_route=%2Fwp%2Fv2%2Fmedia&parent=9651"}],"wp:term":[{"taxonomy":"category","embeddable":true,"href":"https:\/\/ple161.poznan.pl\/index.php?rest_route=%2Fwp%2Fv2%2Fcategories&post=9651"},{"taxonomy":"post_tag","embeddable":true,"href":"https:\/\/ple161.poznan.pl\/index.php?rest_route=%2Fwp%2Fv2%2Ftags&post=9651"}],"curies":[{"name":"wp","href":"https:\/\/api.w.org\/{rel}","templated":true}]}}