{"id":9628,"date":"2024-09-24T14:38:04","date_gmt":"2024-09-24T13:38:04","guid":{"rendered":"https:\/\/ple161.poznan.pl\/?p=9628"},"modified":"2024-09-26T14:44:58","modified_gmt":"2024-09-26T13:44:58","slug":"wizyta-u-strazakow-2","status":"publish","type":"post","link":"https:\/\/ple161.poznan.pl\/?p=9628","title":{"rendered":"Wizyta u stra\u017cak\u00f3w"},"content":{"rendered":"<p>Przedszkolaki z grupy V wzi\u0119\u0142y udzia\u0142 w zaj\u0119ciach edukacyjnych w sali &#8222;Ognik&#8221;, podczas kt\u00f3rych dowiedzia\u0142y si\u0119 jak prawid\u0142owo zaalarmowa\u0107 s\u0142u\u017cby ratownicze o zaistnia\u0142ym zagro\u017ceniu, jakie s\u0105 g\u0142\u00f3wne powody powstawania po\u017caru, jak si\u0119 zachowa\u0107, gdy go zauwa\u017cymy, a tak\u017ce jak bezpiecznie opu\u015bci\u0107 zagro\u017cone pomieszczenie.<\/p>\n<div class=\"main-text\">\n<p>Nasze przedszkolaki zapozna\u0142y si\u0119 z zawodem stra\u017caka, z zasadami post\u0119powania na wypadek powstania po\u017caru lub innego zagro\u017cenia oraz z bliska ogl\u0105da\u0142y prawdziwe wozy stra\u017cackie. Dowiedzia\u0142y si\u0119, \u017ce stra\u017cacy nie tylko gasz\u0105 po\u017cary, ale r\u00f3wnie\u017c pomagaj\u0105 w czasie powodzi, usuwaj\u0105 skutki wypadk\u00f3w samochodowych, sprz\u0105taj\u0105 po\u0142amane przez wichury drzewa i pomagaj\u0105 zej\u015b\u0107 z drzewa kotkom.<\/p>\n<p>Serdecznie dzi\u0119kujemy stra\u017cakom z Komendy Miejskiej Pa\u0144stwowej Stra\u017cy Po\u017carnej w Poznaniu, kt\u00f3ra si\u0119 znajduje przy ulicy Bobrza\u0144skiej<\/p>\n<p>za zorganizowanie tak wspania\u0142ego spotkania.<\/p>\n<\/div>\n","protected":false},"excerpt":{"rendered":"<p>Przedszkolaki z grupy V wzi\u0119\u0142y udzia\u0142 w zaj\u0119ciach edukacyjnych w sali &#8222;Ognik&#8221;, podczas kt\u00f3rych dowiedzia\u0142y si\u0119 jak prawid\u0142owo zaalarmowa\u0107 s\u0142u\u017cby ratownicze o zaistnia\u0142ym zagro\u017ceniu, jakie s\u0105 g\u0142\u00f3wne powody powstawania po\u017caru, jak si\u0119 zachowa\u0107, gdy go zauwa\u017cymy, a tak\u017ce jak bezpiecznie opu\u015bci\u0107 zagro\u017cone pomieszczenie. Nasze przedszkolaki zapozna\u0142y si\u0119 z zawodem stra\u017caka, z zasadami post\u0119powania na wypadek [&hellip;]<\/p>\n","protected":false},"author":2,"featured_media":4946,"comment_status":"closed","ping_status":"closed","sticky":false,"template":"","format":"standard","meta":{"ngg_post_thumbnail":0,"footnotes":""},"categories":[4,1],"tags":[],"class_list":["post-9628","post","type-post","status-publish","format-standard","has-post-thumbnail","hentry","category-aktualnosci","category-wydarzenia"],"yoast_head":"<!-- This site is optimized with the Yoast SEO plugin v27.4 - https:\/\/yoast.com\/product\/yoast-seo-wordpress\/ -->\n<title>Wizyta u stra\u017cak\u00f3w - Przedszkole im. Ksi\u0119cia Przemys\u0142awa<\/title>\n<meta name=\"robots\" content=\"noindex, follow\" \/>\n<meta property=\"og:locale\" content=\"pl_PL\" \/>\n<meta property=\"og:type\" content=\"article\" \/>\n<meta property=\"og:title\" content=\"Wizyta u stra\u017cak\u00f3w - Przedszkole im. Ksi\u0119cia Przemys\u0142awa\" \/>\n<meta property=\"og:description\" content=\"Przedszkolaki z grupy V wzi\u0119\u0142y udzia\u0142 w zaj\u0119ciach edukacyjnych w sali &#8222;Ognik&#8221;, podczas kt\u00f3rych dowiedzia\u0142y si\u0119 jak prawid\u0142owo zaalarmowa\u0107 s\u0142u\u017cby ratownicze o zaistnia\u0142ym zagro\u017ceniu, jakie s\u0105 g\u0142\u00f3wne powody powstawania po\u017caru, jak si\u0119 zachowa\u0107, gdy go zauwa\u017cymy, a tak\u017ce jak bezpiecznie opu\u015bci\u0107 zagro\u017cone pomieszczenie. Nasze przedszkolaki zapozna\u0142y si\u0119 z zawodem stra\u017caka, z zasadami post\u0119powania na wypadek [&hellip;]\" \/>\n<meta property=\"og:url\" content=\"https:\/\/www.przedszkole161.pl\/?p=9628\" \/>\n<meta property=\"og:site_name\" content=\"Przedszkole im. Ksi\u0119cia Przemys\u0142awa\" \/>\n<meta property=\"article:published_time\" content=\"2024-09-24T13:38:04+00:00\" \/>\n<meta property=\"article:modified_time\" content=\"2024-09-26T13:44:58+00:00\" \/>\n<meta property=\"og:image\" content=\"https:\/\/www.przedszkole161.pl\/wp-content\/uploads\/2020\/05\/stra\u017cak.png\" \/>\n\t<meta property=\"og:image:width\" content=\"361\" \/>\n\t<meta property=\"og:image:height\" content=\"441\" \/>\n\t<meta property=\"og:image:type\" content=\"image\/png\" \/>\n<meta name=\"author\" content=\"Magda Dulemba\" \/>\n<meta name=\"twitter:card\" content=\"summary_large_image\" \/>\n<meta name=\"twitter:label1\" content=\"Napisane przez\" \/>\n\t<meta name=\"twitter:data1\" content=\"Magda Dulemba\" \/>\n\t<meta name=\"twitter:label2\" content=\"Szacowany czas czytania\" \/>\n\t<meta name=\"twitter:data2\" content=\"1 minuta\" \/>\n<script type=\"application\/ld+json\" class=\"yoast-schema-graph\">{\"@context\":\"https:\\\/\\\/schema.org\",\"@graph\":[{\"@type\":\"Article\",\"@id\":\"https:\\\/\\\/www.przedszkole161.pl\\\/?p=9628#article\",\"isPartOf\":{\"@id\":\"https:\\\/\\\/www.przedszkole161.pl\\\/?p=9628\"},\"author\":{\"name\":\"Magda Dulemba\",\"@id\":\"https:\\\/\\\/www.przedszkole161.pl\\\/#\\\/schema\\\/person\\\/673325371d681555a8b67c870d21faac\"},\"headline\":\"Wizyta u stra\u017cak\u00f3w\",\"datePublished\":\"2024-09-24T13:38:04+00:00\",\"dateModified\":\"2024-09-26T13:44:58+00:00\",\"mainEntityOfPage\":{\"@id\":\"https:\\\/\\\/www.przedszkole161.pl\\\/?p=9628\"},\"wordCount\":161,\"image\":{\"@id\":\"https:\\\/\\\/www.przedszkole161.pl\\\/?p=9628#primaryimage\"},\"thumbnailUrl\":\"https:\\\/\\\/ple161.poznan.pl\\\/wp-content\\\/uploads\\\/2020\\\/05\\\/stra\u017cak.png\",\"articleSection\":[\"Aktualno\u015bci\",\"Wydarzenia\"],\"inLanguage\":\"pl-PL\"},{\"@type\":\"WebPage\",\"@id\":\"https:\\\/\\\/www.przedszkole161.pl\\\/?p=9628\",\"url\":\"https:\\\/\\\/www.przedszkole161.pl\\\/?p=9628\",\"name\":\"Wizyta u stra\u017cak\u00f3w - Przedszkole im. Ksi\u0119cia Przemys\u0142awa\",\"isPartOf\":{\"@id\":\"https:\\\/\\\/www.przedszkole161.pl\\\/#website\"},\"primaryImageOfPage\":{\"@id\":\"https:\\\/\\\/www.przedszkole161.pl\\\/?p=9628#primaryimage\"},\"image\":{\"@id\":\"https:\\\/\\\/www.przedszkole161.pl\\\/?p=9628#primaryimage\"},\"thumbnailUrl\":\"https:\\\/\\\/ple161.poznan.pl\\\/wp-content\\\/uploads\\\/2020\\\/05\\\/stra\u017cak.png\",\"datePublished\":\"2024-09-24T13:38:04+00:00\",\"dateModified\":\"2024-09-26T13:44:58+00:00\",\"author\":{\"@id\":\"https:\\\/\\\/www.przedszkole161.pl\\\/#\\\/schema\\\/person\\\/673325371d681555a8b67c870d21faac\"},\"breadcrumb\":{\"@id\":\"https:\\\/\\\/www.przedszkole161.pl\\\/?p=9628#breadcrumb\"},\"inLanguage\":\"pl-PL\",\"potentialAction\":[{\"@type\":\"ReadAction\",\"target\":[\"https:\\\/\\\/www.przedszkole161.pl\\\/?p=9628\"]}]},{\"@type\":\"ImageObject\",\"inLanguage\":\"pl-PL\",\"@id\":\"https:\\\/\\\/www.przedszkole161.pl\\\/?p=9628#primaryimage\",\"url\":\"https:\\\/\\\/ple161.poznan.pl\\\/wp-content\\\/uploads\\\/2020\\\/05\\\/stra\u017cak.png\",\"contentUrl\":\"https:\\\/\\\/ple161.poznan.pl\\\/wp-content\\\/uploads\\\/2020\\\/05\\\/stra\u017cak.png\",\"width\":361,\"height\":441},{\"@type\":\"BreadcrumbList\",\"@id\":\"https:\\\/\\\/www.przedszkole161.pl\\\/?p=9628#breadcrumb\",\"itemListElement\":[{\"@type\":\"ListItem\",\"position\":1,\"name\":\"Strona g\u0142\u00f3wna\",\"item\":\"https:\\\/\\\/www.przedszkole161.pl\\\/\"},{\"@type\":\"ListItem\",\"position\":2,\"name\":\"Wizyta u stra\u017cak\u00f3w\"}]},{\"@type\":\"WebSite\",\"@id\":\"https:\\\/\\\/www.przedszkole161.pl\\\/#website\",\"url\":\"https:\\\/\\\/www.przedszkole161.pl\\\/\",\"name\":\"Przedszkole im. Ksi\u0119cia Przemys\u0142awa 161\",\"description\":\"\",\"potentialAction\":[{\"@type\":\"SearchAction\",\"target\":{\"@type\":\"EntryPoint\",\"urlTemplate\":\"https:\\\/\\\/www.przedszkole161.pl\\\/?s={search_term_string}\"},\"query-input\":{\"@type\":\"PropertyValueSpecification\",\"valueRequired\":true,\"valueName\":\"search_term_string\"}}],\"inLanguage\":\"pl-PL\"},{\"@type\":\"Person\",\"@id\":\"https:\\\/\\\/www.przedszkole161.pl\\\/#\\\/schema\\\/person\\\/673325371d681555a8b67c870d21faac\",\"name\":\"Magda Dulemba\",\"image\":{\"@type\":\"ImageObject\",\"inLanguage\":\"pl-PL\",\"@id\":\"https:\\\/\\\/secure.gravatar.com\\\/avatar\\\/f6f4cc73208d68c67fc19e1f80620e23d66ef2a923cb26a6d726fbc6a55bbcbc?s=96&d=mm&r=g\",\"url\":\"https:\\\/\\\/secure.gravatar.com\\\/avatar\\\/f6f4cc73208d68c67fc19e1f80620e23d66ef2a923cb26a6d726fbc6a55bbcbc?s=96&d=mm&r=g\",\"contentUrl\":\"https:\\\/\\\/secure.gravatar.com\\\/avatar\\\/f6f4cc73208d68c67fc19e1f80620e23d66ef2a923cb26a6d726fbc6a55bbcbc?s=96&d=mm&r=g\",\"caption\":\"Magda Dulemba\"},\"url\":\"https:\\\/\\\/ple161.poznan.pl\\\/?author=2\"}]}<\/script>\n<!-- \/ Yoast SEO plugin. -->","yoast_head_json":{"title":"Wizyta u stra\u017cak\u00f3w - Przedszkole im. Ksi\u0119cia Przemys\u0142awa","robots":{"index":"noindex","follow":"follow"},"og_locale":"pl_PL","og_type":"article","og_title":"Wizyta u stra\u017cak\u00f3w - Przedszkole im. Ksi\u0119cia Przemys\u0142awa","og_description":"Przedszkolaki z grupy V wzi\u0119\u0142y udzia\u0142 w zaj\u0119ciach edukacyjnych w sali &#8222;Ognik&#8221;, podczas kt\u00f3rych dowiedzia\u0142y si\u0119 jak prawid\u0142owo zaalarmowa\u0107 s\u0142u\u017cby ratownicze o zaistnia\u0142ym zagro\u017ceniu, jakie s\u0105 g\u0142\u00f3wne powody powstawania po\u017caru, jak si\u0119 zachowa\u0107, gdy go zauwa\u017cymy, a tak\u017ce jak bezpiecznie opu\u015bci\u0107 zagro\u017cone pomieszczenie. Nasze przedszkolaki zapozna\u0142y si\u0119 z zawodem stra\u017caka, z zasadami post\u0119powania na wypadek [&hellip;]","og_url":"https:\/\/www.przedszkole161.pl\/?p=9628","og_site_name":"Przedszkole im. Ksi\u0119cia Przemys\u0142awa","article_published_time":"2024-09-24T13:38:04+00:00","article_modified_time":"2024-09-26T13:44:58+00:00","og_image":[{"width":361,"height":441,"url":"https:\/\/www.przedszkole161.pl\/wp-content\/uploads\/2020\/05\/stra\u017cak.png","type":"image\/png"}],"author":"Magda Dulemba","twitter_card":"summary_large_image","twitter_misc":{"Napisane przez":"Magda Dulemba","Szacowany czas czytania":"1 minuta"},"schema":{"@context":"https:\/\/schema.org","@graph":[{"@type":"Article","@id":"https:\/\/www.przedszkole161.pl\/?p=9628#article","isPartOf":{"@id":"https:\/\/www.przedszkole161.pl\/?p=9628"},"author":{"name":"Magda Dulemba","@id":"https:\/\/www.przedszkole161.pl\/#\/schema\/person\/673325371d681555a8b67c870d21faac"},"headline":"Wizyta u stra\u017cak\u00f3w","datePublished":"2024-09-24T13:38:04+00:00","dateModified":"2024-09-26T13:44:58+00:00","mainEntityOfPage":{"@id":"https:\/\/www.przedszkole161.pl\/?p=9628"},"wordCount":161,"image":{"@id":"https:\/\/www.przedszkole161.pl\/?p=9628#primaryimage"},"thumbnailUrl":"https:\/\/ple161.poznan.pl\/wp-content\/uploads\/2020\/05\/stra\u017cak.png","articleSection":["Aktualno\u015bci","Wydarzenia"],"inLanguage":"pl-PL"},{"@type":"WebPage","@id":"https:\/\/www.przedszkole161.pl\/?p=9628","url":"https:\/\/www.przedszkole161.pl\/?p=9628","name":"Wizyta u stra\u017cak\u00f3w - Przedszkole im. Ksi\u0119cia Przemys\u0142awa","isPartOf":{"@id":"https:\/\/www.przedszkole161.pl\/#website"},"primaryImageOfPage":{"@id":"https:\/\/www.przedszkole161.pl\/?p=9628#primaryimage"},"image":{"@id":"https:\/\/www.przedszkole161.pl\/?p=9628#primaryimage"},"thumbnailUrl":"https:\/\/ple161.poznan.pl\/wp-content\/uploads\/2020\/05\/stra\u017cak.png","datePublished":"2024-09-24T13:38:04+00:00","dateModified":"2024-09-26T13:44:58+00:00","author":{"@id":"https:\/\/www.przedszkole161.pl\/#\/schema\/person\/673325371d681555a8b67c870d21faac"},"breadcrumb":{"@id":"https:\/\/www.przedszkole161.pl\/?p=9628#breadcrumb"},"inLanguage":"pl-PL","potentialAction":[{"@type":"ReadAction","target":["https:\/\/www.przedszkole161.pl\/?p=9628"]}]},{"@type":"ImageObject","inLanguage":"pl-PL","@id":"https:\/\/www.przedszkole161.pl\/?p=9628#primaryimage","url":"https:\/\/ple161.poznan.pl\/wp-content\/uploads\/2020\/05\/stra\u017cak.png","contentUrl":"https:\/\/ple161.poznan.pl\/wp-content\/uploads\/2020\/05\/stra\u017cak.png","width":361,"height":441},{"@type":"BreadcrumbList","@id":"https:\/\/www.przedszkole161.pl\/?p=9628#breadcrumb","itemListElement":[{"@type":"ListItem","position":1,"name":"Strona g\u0142\u00f3wna","item":"https:\/\/www.przedszkole161.pl\/"},{"@type":"ListItem","position":2,"name":"Wizyta u stra\u017cak\u00f3w"}]},{"@type":"WebSite","@id":"https:\/\/www.przedszkole161.pl\/#website","url":"https:\/\/www.przedszkole161.pl\/","name":"Przedszkole im. Ksi\u0119cia Przemys\u0142awa 161","description":"","potentialAction":[{"@type":"SearchAction","target":{"@type":"EntryPoint","urlTemplate":"https:\/\/www.przedszkole161.pl\/?s={search_term_string}"},"query-input":{"@type":"PropertyValueSpecification","valueRequired":true,"valueName":"search_term_string"}}],"inLanguage":"pl-PL"},{"@type":"Person","@id":"https:\/\/www.przedszkole161.pl\/#\/schema\/person\/673325371d681555a8b67c870d21faac","name":"Magda Dulemba","image":{"@type":"ImageObject","inLanguage":"pl-PL","@id":"https:\/\/secure.gravatar.com\/avatar\/f6f4cc73208d68c67fc19e1f80620e23d66ef2a923cb26a6d726fbc6a55bbcbc?s=96&d=mm&r=g","url":"https:\/\/secure.gravatar.com\/avatar\/f6f4cc73208d68c67fc19e1f80620e23d66ef2a923cb26a6d726fbc6a55bbcbc?s=96&d=mm&r=g","contentUrl":"https:\/\/secure.gravatar.com\/avatar\/f6f4cc73208d68c67fc19e1f80620e23d66ef2a923cb26a6d726fbc6a55bbcbc?s=96&d=mm&r=g","caption":"Magda Dulemba"},"url":"https:\/\/ple161.poznan.pl\/?author=2"}]}},"_links":{"self":[{"href":"https:\/\/ple161.poznan.pl\/index.php?rest_route=\/wp\/v2\/posts\/9628","targetHints":{"allow":["GET"]}}],"collection":[{"href":"https:\/\/ple161.poznan.pl\/index.php?rest_route=\/wp\/v2\/posts"}],"about":[{"href":"https:\/\/ple161.poznan.pl\/index.php?rest_route=\/wp\/v2\/types\/post"}],"author":[{"embeddable":true,"href":"https:\/\/ple161.poznan.pl\/index.php?rest_route=\/wp\/v2\/users\/2"}],"replies":[{"embeddable":true,"href":"https:\/\/ple161.poznan.pl\/index.php?rest_route=%2Fwp%2Fv2%2Fcomments&post=9628"}],"version-history":[{"count":2,"href":"https:\/\/ple161.poznan.pl\/index.php?rest_route=\/wp\/v2\/posts\/9628\/revisions"}],"predecessor-version":[{"id":9630,"href":"https:\/\/ple161.poznan.pl\/index.php?rest_route=\/wp\/v2\/posts\/9628\/revisions\/9630"}],"wp:featuredmedia":[{"embeddable":true,"href":"https:\/\/ple161.poznan.pl\/index.php?rest_route=\/wp\/v2\/media\/4946"}],"wp:attachment":[{"href":"https:\/\/ple161.poznan.pl\/index.php?rest_route=%2Fwp%2Fv2%2Fmedia&parent=9628"}],"wp:term":[{"taxonomy":"category","embeddable":true,"href":"https:\/\/ple161.poznan.pl\/index.php?rest_route=%2Fwp%2Fv2%2Fcategories&post=9628"},{"taxonomy":"post_tag","embeddable":true,"href":"https:\/\/ple161.poznan.pl\/index.php?rest_route=%2Fwp%2Fv2%2Ftags&post=9628"}],"curies":[{"name":"wp","href":"https:\/\/api.w.org\/{rel}","templated":true}]}}