{"id":9625,"date":"2024-09-26T14:33:00","date_gmt":"2024-09-26T13:33:00","guid":{"rendered":"https:\/\/ple161.poznan.pl\/?p=9625"},"modified":"2024-09-26T14:33:00","modified_gmt":"2024-09-26T13:33:00","slug":"syty-poznan","status":"publish","type":"post","link":"https:\/\/ple161.poznan.pl\/?p=9625","title":{"rendered":"Syty Pozna\u0144"},"content":{"rendered":"<p>Serdecznie zapraszamy dzieci i rodzic\u00f3w do udzia\u0142u w akcji \u201eSyty Pozna\u0144\u201d. Jest to zbi\u00f3rka \u017cywno\u015bci z d\u0142ugim terminem wa\u017cno\u015bci dla organizacji charytatywnych wspieraj\u0105cych potrzebuj\u0105cych mieszka\u0144c\u00f3w Poznania. W naszym przedszkolu zbi\u00f3rka b\u0119dzie trwa\u0107 od<br \/>\n01.10.2024-31.10.2024r., mo\u017cna przynosi\u0107:<br \/>\n&#8211; konserwy rybne i mi\u0119sne, pasztety,<br \/>\n&#8211; przeciery i pasty pomidorowe,<br \/>\n-gotowe dania w s\u0142oikach (klopsiki, go\u0142\u0105bki, pulpety)<br \/>\n-such\u0105 fasol\u0119 i groch,<br \/>\n-cukier kaw\u0119 ziarnist\u0105 i mielon\u0105,<br \/>\n-s\u0142odycze i przek\u0105ski<br \/>\n-przyprawy<br \/>\n-s\u0142oiki i puszki (og\u00f3rki, papryka, kukurydza, fasola)<br \/>\n-gor\u0105ce kubki (zupy, kisiele, budynie)<br \/>\nWa\u017cne aby \u017cywno\u015b\u0107 posiada\u0142a d\u0142ugi termin przydatno\u015bci.<\/p>\n","protected":false},"excerpt":{"rendered":"<p>Serdecznie zapraszamy dzieci i rodzic\u00f3w do udzia\u0142u w akcji \u201eSyty Pozna\u0144\u201d. Jest to zbi\u00f3rka \u017cywno\u015bci z d\u0142ugim terminem wa\u017cno\u015bci dla organizacji charytatywnych wspieraj\u0105cych potrzebuj\u0105cych mieszka\u0144c\u00f3w Poznania. W naszym przedszkolu zbi\u00f3rka b\u0119dzie trwa\u0107 od 01.10.2024-31.10.2024r., mo\u017cna przynosi\u0107: &#8211; konserwy rybne i mi\u0119sne, pasztety, &#8211; przeciery i pasty pomidorowe, -gotowe dania w s\u0142oikach (klopsiki, go\u0142\u0105bki, pulpety) -such\u0105 [&hellip;]<\/p>\n","protected":false},"author":2,"featured_media":9626,"comment_status":"closed","ping_status":"closed","sticky":false,"template":"","format":"standard","meta":{"ngg_post_thumbnail":0,"footnotes":""},"categories":[4,1],"tags":[],"class_list":["post-9625","post","type-post","status-publish","format-standard","has-post-thumbnail","hentry","category-aktualnosci","category-wydarzenia"],"yoast_head":"<!-- This site is optimized with the Yoast SEO plugin v27.4 - https:\/\/yoast.com\/product\/yoast-seo-wordpress\/ -->\n<title>Syty Pozna\u0144 - Przedszkole im. Ksi\u0119cia Przemys\u0142awa<\/title>\n<meta name=\"robots\" content=\"noindex, follow\" \/>\n<meta property=\"og:locale\" content=\"pl_PL\" \/>\n<meta property=\"og:type\" content=\"article\" \/>\n<meta property=\"og:title\" content=\"Syty Pozna\u0144 - Przedszkole im. Ksi\u0119cia Przemys\u0142awa\" \/>\n<meta property=\"og:description\" content=\"Serdecznie zapraszamy dzieci i rodzic\u00f3w do udzia\u0142u w akcji \u201eSyty Pozna\u0144\u201d. Jest to zbi\u00f3rka \u017cywno\u015bci z d\u0142ugim terminem wa\u017cno\u015bci dla organizacji charytatywnych wspieraj\u0105cych potrzebuj\u0105cych mieszka\u0144c\u00f3w Poznania. W naszym przedszkolu zbi\u00f3rka b\u0119dzie trwa\u0107 od 01.10.2024-31.10.2024r., mo\u017cna przynosi\u0107: &#8211; konserwy rybne i mi\u0119sne, pasztety, &#8211; przeciery i pasty pomidorowe, -gotowe dania w s\u0142oikach (klopsiki, go\u0142\u0105bki, pulpety) -such\u0105 [&hellip;]\" \/>\n<meta property=\"og:url\" content=\"https:\/\/www.przedszkole161.pl\/?p=9625\" \/>\n<meta property=\"og:site_name\" content=\"Przedszkole im. Ksi\u0119cia Przemys\u0142awa\" \/>\n<meta property=\"article:published_time\" content=\"2024-09-26T13:33:00+00:00\" \/>\n<meta property=\"og:image\" content=\"https:\/\/www.przedszkole161.pl\/wp-content\/uploads\/2024\/09\/syty-poznan.png\" \/>\n\t<meta property=\"og:image:width\" content=\"150\" \/>\n\t<meta property=\"og:image:height\" content=\"150\" \/>\n\t<meta property=\"og:image:type\" content=\"image\/png\" \/>\n<meta name=\"author\" content=\"Magda Dulemba\" \/>\n<meta name=\"twitter:card\" content=\"summary_large_image\" \/>\n<meta name=\"twitter:label1\" content=\"Napisane przez\" \/>\n\t<meta name=\"twitter:data1\" content=\"Magda Dulemba\" \/>\n\t<meta name=\"twitter:label2\" content=\"Szacowany czas czytania\" \/>\n\t<meta name=\"twitter:data2\" content=\"1 minuta\" \/>\n<script type=\"application\/ld+json\" class=\"yoast-schema-graph\">{\"@context\":\"https:\\\/\\\/schema.org\",\"@graph\":[{\"@type\":\"Article\",\"@id\":\"https:\\\/\\\/www.przedszkole161.pl\\\/?p=9625#article\",\"isPartOf\":{\"@id\":\"https:\\\/\\\/www.przedszkole161.pl\\\/?p=9625\"},\"author\":{\"name\":\"Magda Dulemba\",\"@id\":\"https:\\\/\\\/www.przedszkole161.pl\\\/#\\\/schema\\\/person\\\/673325371d681555a8b67c870d21faac\"},\"headline\":\"Syty Pozna\u0144\",\"datePublished\":\"2024-09-26T13:33:00+00:00\",\"mainEntityOfPage\":{\"@id\":\"https:\\\/\\\/www.przedszkole161.pl\\\/?p=9625\"},\"wordCount\":115,\"image\":{\"@id\":\"https:\\\/\\\/www.przedszkole161.pl\\\/?p=9625#primaryimage\"},\"thumbnailUrl\":\"https:\\\/\\\/ple161.poznan.pl\\\/wp-content\\\/uploads\\\/2024\\\/09\\\/syty-poznan.png\",\"articleSection\":[\"Aktualno\u015bci\",\"Wydarzenia\"],\"inLanguage\":\"pl-PL\"},{\"@type\":\"WebPage\",\"@id\":\"https:\\\/\\\/www.przedszkole161.pl\\\/?p=9625\",\"url\":\"https:\\\/\\\/www.przedszkole161.pl\\\/?p=9625\",\"name\":\"Syty Pozna\u0144 - Przedszkole im. Ksi\u0119cia Przemys\u0142awa\",\"isPartOf\":{\"@id\":\"https:\\\/\\\/www.przedszkole161.pl\\\/#website\"},\"primaryImageOfPage\":{\"@id\":\"https:\\\/\\\/www.przedszkole161.pl\\\/?p=9625#primaryimage\"},\"image\":{\"@id\":\"https:\\\/\\\/www.przedszkole161.pl\\\/?p=9625#primaryimage\"},\"thumbnailUrl\":\"https:\\\/\\\/ple161.poznan.pl\\\/wp-content\\\/uploads\\\/2024\\\/09\\\/syty-poznan.png\",\"datePublished\":\"2024-09-26T13:33:00+00:00\",\"author\":{\"@id\":\"https:\\\/\\\/www.przedszkole161.pl\\\/#\\\/schema\\\/person\\\/673325371d681555a8b67c870d21faac\"},\"breadcrumb\":{\"@id\":\"https:\\\/\\\/www.przedszkole161.pl\\\/?p=9625#breadcrumb\"},\"inLanguage\":\"pl-PL\",\"potentialAction\":[{\"@type\":\"ReadAction\",\"target\":[\"https:\\\/\\\/www.przedszkole161.pl\\\/?p=9625\"]}]},{\"@type\":\"ImageObject\",\"inLanguage\":\"pl-PL\",\"@id\":\"https:\\\/\\\/www.przedszkole161.pl\\\/?p=9625#primaryimage\",\"url\":\"https:\\\/\\\/ple161.poznan.pl\\\/wp-content\\\/uploads\\\/2024\\\/09\\\/syty-poznan.png\",\"contentUrl\":\"https:\\\/\\\/ple161.poznan.pl\\\/wp-content\\\/uploads\\\/2024\\\/09\\\/syty-poznan.png\",\"width\":150,\"height\":150},{\"@type\":\"BreadcrumbList\",\"@id\":\"https:\\\/\\\/www.przedszkole161.pl\\\/?p=9625#breadcrumb\",\"itemListElement\":[{\"@type\":\"ListItem\",\"position\":1,\"name\":\"Strona g\u0142\u00f3wna\",\"item\":\"https:\\\/\\\/www.przedszkole161.pl\\\/\"},{\"@type\":\"ListItem\",\"position\":2,\"name\":\"Syty Pozna\u0144\"}]},{\"@type\":\"WebSite\",\"@id\":\"https:\\\/\\\/www.przedszkole161.pl\\\/#website\",\"url\":\"https:\\\/\\\/www.przedszkole161.pl\\\/\",\"name\":\"Przedszkole im. Ksi\u0119cia Przemys\u0142awa 161\",\"description\":\"\",\"potentialAction\":[{\"@type\":\"SearchAction\",\"target\":{\"@type\":\"EntryPoint\",\"urlTemplate\":\"https:\\\/\\\/www.przedszkole161.pl\\\/?s={search_term_string}\"},\"query-input\":{\"@type\":\"PropertyValueSpecification\",\"valueRequired\":true,\"valueName\":\"search_term_string\"}}],\"inLanguage\":\"pl-PL\"},{\"@type\":\"Person\",\"@id\":\"https:\\\/\\\/www.przedszkole161.pl\\\/#\\\/schema\\\/person\\\/673325371d681555a8b67c870d21faac\",\"name\":\"Magda Dulemba\",\"image\":{\"@type\":\"ImageObject\",\"inLanguage\":\"pl-PL\",\"@id\":\"https:\\\/\\\/secure.gravatar.com\\\/avatar\\\/f6f4cc73208d68c67fc19e1f80620e23d66ef2a923cb26a6d726fbc6a55bbcbc?s=96&d=mm&r=g\",\"url\":\"https:\\\/\\\/secure.gravatar.com\\\/avatar\\\/f6f4cc73208d68c67fc19e1f80620e23d66ef2a923cb26a6d726fbc6a55bbcbc?s=96&d=mm&r=g\",\"contentUrl\":\"https:\\\/\\\/secure.gravatar.com\\\/avatar\\\/f6f4cc73208d68c67fc19e1f80620e23d66ef2a923cb26a6d726fbc6a55bbcbc?s=96&d=mm&r=g\",\"caption\":\"Magda Dulemba\"},\"url\":\"https:\\\/\\\/ple161.poznan.pl\\\/?author=2\"}]}<\/script>\n<!-- \/ Yoast SEO plugin. -->","yoast_head_json":{"title":"Syty Pozna\u0144 - Przedszkole im. Ksi\u0119cia Przemys\u0142awa","robots":{"index":"noindex","follow":"follow"},"og_locale":"pl_PL","og_type":"article","og_title":"Syty Pozna\u0144 - Przedszkole im. Ksi\u0119cia Przemys\u0142awa","og_description":"Serdecznie zapraszamy dzieci i rodzic\u00f3w do udzia\u0142u w akcji \u201eSyty Pozna\u0144\u201d. Jest to zbi\u00f3rka \u017cywno\u015bci z d\u0142ugim terminem wa\u017cno\u015bci dla organizacji charytatywnych wspieraj\u0105cych potrzebuj\u0105cych mieszka\u0144c\u00f3w Poznania. W naszym przedszkolu zbi\u00f3rka b\u0119dzie trwa\u0107 od 01.10.2024-31.10.2024r., mo\u017cna przynosi\u0107: &#8211; konserwy rybne i mi\u0119sne, pasztety, &#8211; przeciery i pasty pomidorowe, -gotowe dania w s\u0142oikach (klopsiki, go\u0142\u0105bki, pulpety) -such\u0105 [&hellip;]","og_url":"https:\/\/www.przedszkole161.pl\/?p=9625","og_site_name":"Przedszkole im. Ksi\u0119cia Przemys\u0142awa","article_published_time":"2024-09-26T13:33:00+00:00","og_image":[{"width":150,"height":150,"url":"https:\/\/www.przedszkole161.pl\/wp-content\/uploads\/2024\/09\/syty-poznan.png","type":"image\/png"}],"author":"Magda Dulemba","twitter_card":"summary_large_image","twitter_misc":{"Napisane przez":"Magda Dulemba","Szacowany czas czytania":"1 minuta"},"schema":{"@context":"https:\/\/schema.org","@graph":[{"@type":"Article","@id":"https:\/\/www.przedszkole161.pl\/?p=9625#article","isPartOf":{"@id":"https:\/\/www.przedszkole161.pl\/?p=9625"},"author":{"name":"Magda Dulemba","@id":"https:\/\/www.przedszkole161.pl\/#\/schema\/person\/673325371d681555a8b67c870d21faac"},"headline":"Syty Pozna\u0144","datePublished":"2024-09-26T13:33:00+00:00","mainEntityOfPage":{"@id":"https:\/\/www.przedszkole161.pl\/?p=9625"},"wordCount":115,"image":{"@id":"https:\/\/www.przedszkole161.pl\/?p=9625#primaryimage"},"thumbnailUrl":"https:\/\/ple161.poznan.pl\/wp-content\/uploads\/2024\/09\/syty-poznan.png","articleSection":["Aktualno\u015bci","Wydarzenia"],"inLanguage":"pl-PL"},{"@type":"WebPage","@id":"https:\/\/www.przedszkole161.pl\/?p=9625","url":"https:\/\/www.przedszkole161.pl\/?p=9625","name":"Syty Pozna\u0144 - Przedszkole im. Ksi\u0119cia Przemys\u0142awa","isPartOf":{"@id":"https:\/\/www.przedszkole161.pl\/#website"},"primaryImageOfPage":{"@id":"https:\/\/www.przedszkole161.pl\/?p=9625#primaryimage"},"image":{"@id":"https:\/\/www.przedszkole161.pl\/?p=9625#primaryimage"},"thumbnailUrl":"https:\/\/ple161.poznan.pl\/wp-content\/uploads\/2024\/09\/syty-poznan.png","datePublished":"2024-09-26T13:33:00+00:00","author":{"@id":"https:\/\/www.przedszkole161.pl\/#\/schema\/person\/673325371d681555a8b67c870d21faac"},"breadcrumb":{"@id":"https:\/\/www.przedszkole161.pl\/?p=9625#breadcrumb"},"inLanguage":"pl-PL","potentialAction":[{"@type":"ReadAction","target":["https:\/\/www.przedszkole161.pl\/?p=9625"]}]},{"@type":"ImageObject","inLanguage":"pl-PL","@id":"https:\/\/www.przedszkole161.pl\/?p=9625#primaryimage","url":"https:\/\/ple161.poznan.pl\/wp-content\/uploads\/2024\/09\/syty-poznan.png","contentUrl":"https:\/\/ple161.poznan.pl\/wp-content\/uploads\/2024\/09\/syty-poznan.png","width":150,"height":150},{"@type":"BreadcrumbList","@id":"https:\/\/www.przedszkole161.pl\/?p=9625#breadcrumb","itemListElement":[{"@type":"ListItem","position":1,"name":"Strona g\u0142\u00f3wna","item":"https:\/\/www.przedszkole161.pl\/"},{"@type":"ListItem","position":2,"name":"Syty Pozna\u0144"}]},{"@type":"WebSite","@id":"https:\/\/www.przedszkole161.pl\/#website","url":"https:\/\/www.przedszkole161.pl\/","name":"Przedszkole im. Ksi\u0119cia Przemys\u0142awa 161","description":"","potentialAction":[{"@type":"SearchAction","target":{"@type":"EntryPoint","urlTemplate":"https:\/\/www.przedszkole161.pl\/?s={search_term_string}"},"query-input":{"@type":"PropertyValueSpecification","valueRequired":true,"valueName":"search_term_string"}}],"inLanguage":"pl-PL"},{"@type":"Person","@id":"https:\/\/www.przedszkole161.pl\/#\/schema\/person\/673325371d681555a8b67c870d21faac","name":"Magda Dulemba","image":{"@type":"ImageObject","inLanguage":"pl-PL","@id":"https:\/\/secure.gravatar.com\/avatar\/f6f4cc73208d68c67fc19e1f80620e23d66ef2a923cb26a6d726fbc6a55bbcbc?s=96&d=mm&r=g","url":"https:\/\/secure.gravatar.com\/avatar\/f6f4cc73208d68c67fc19e1f80620e23d66ef2a923cb26a6d726fbc6a55bbcbc?s=96&d=mm&r=g","contentUrl":"https:\/\/secure.gravatar.com\/avatar\/f6f4cc73208d68c67fc19e1f80620e23d66ef2a923cb26a6d726fbc6a55bbcbc?s=96&d=mm&r=g","caption":"Magda Dulemba"},"url":"https:\/\/ple161.poznan.pl\/?author=2"}]}},"_links":{"self":[{"href":"https:\/\/ple161.poznan.pl\/index.php?rest_route=\/wp\/v2\/posts\/9625","targetHints":{"allow":["GET"]}}],"collection":[{"href":"https:\/\/ple161.poznan.pl\/index.php?rest_route=\/wp\/v2\/posts"}],"about":[{"href":"https:\/\/ple161.poznan.pl\/index.php?rest_route=\/wp\/v2\/types\/post"}],"author":[{"embeddable":true,"href":"https:\/\/ple161.poznan.pl\/index.php?rest_route=\/wp\/v2\/users\/2"}],"replies":[{"embeddable":true,"href":"https:\/\/ple161.poznan.pl\/index.php?rest_route=%2Fwp%2Fv2%2Fcomments&post=9625"}],"version-history":[{"count":1,"href":"https:\/\/ple161.poznan.pl\/index.php?rest_route=\/wp\/v2\/posts\/9625\/revisions"}],"predecessor-version":[{"id":9627,"href":"https:\/\/ple161.poznan.pl\/index.php?rest_route=\/wp\/v2\/posts\/9625\/revisions\/9627"}],"wp:featuredmedia":[{"embeddable":true,"href":"https:\/\/ple161.poznan.pl\/index.php?rest_route=\/wp\/v2\/media\/9626"}],"wp:attachment":[{"href":"https:\/\/ple161.poznan.pl\/index.php?rest_route=%2Fwp%2Fv2%2Fmedia&parent=9625"}],"wp:term":[{"taxonomy":"category","embeddable":true,"href":"https:\/\/ple161.poznan.pl\/index.php?rest_route=%2Fwp%2Fv2%2Fcategories&post=9625"},{"taxonomy":"post_tag","embeddable":true,"href":"https:\/\/ple161.poznan.pl\/index.php?rest_route=%2Fwp%2Fv2%2Ftags&post=9625"}],"curies":[{"name":"wp","href":"https:\/\/api.w.org\/{rel}","templated":true}]}}