{"id":9609,"date":"2024-09-04T16:32:12","date_gmt":"2024-09-04T15:32:12","guid":{"rendered":"https:\/\/ple161.poznan.pl\/?p=9609"},"modified":"2024-09-25T05:39:50","modified_gmt":"2024-09-25T04:39:50","slug":"wydarzenia-we-wrzesniu-2","status":"publish","type":"post","link":"https:\/\/ple161.poznan.pl\/?p=9609","title":{"rendered":"Wydarzenia we wrze\u015bniu"},"content":{"rendered":"<table width=\"935\">\n<tbody>\n<tr>\n<td width=\"688\"><strong>\u00a0<\/strong><\/p>\n<p><strong>Dzie\u0144 Kropki<\/strong><\/td>\n<td width=\"248\"><strong>\u00a0<\/strong><\/p>\n<p><strong>13.09.2024<\/strong><\/td>\n<\/tr>\n<tr>\n<td width=\"688\"><strong>\u00a0<\/strong><\/p>\n<p><strong>Wyjazd do starego Zoo &#8211; gr III i IV<\/strong><\/td>\n<td width=\"248\"><strong>\u00a0<\/strong><\/p>\n<p><strong>16.09.2024<\/strong><\/td>\n<\/tr>\n<tr>\n<td width=\"688\"><strong> Spotkanie z pracownikami GOAP-u.<br \/>\nPogadanka na temat segregacji<br \/>\nodpad\u00f3w.<\/strong><\/p>\n<p><strong>Zaj\u0119cia sportowe Akademii Reissa dla dzieci, kt\u00f3rych rodzice wyrazili zgod\u0119.<\/strong><\/p>\n<p><strong>Powitanie\u00a0 Jesieni<\/strong><\/td>\n<td width=\"248\"><strong>19.09.2024<\/strong><\/p>\n<p>&nbsp;<\/p>\n<p><strong>19.09.2024<\/strong><\/p>\n<p><strong>20.09.2024<\/strong><\/td>\n<\/tr>\n<tr>\n<td width=\"688\">&nbsp;<\/p>\n<p><strong>Wycieczka do Stra\u017cy Po\u017carnej &#8211; gr V<\/strong><\/td>\n<td width=\"248\"><strong>\u00a0<\/strong><\/p>\n<p><strong>23.09.2024<\/strong><\/td>\n<\/tr>\n<tr>\n<td width=\"688\"><strong>Zaj\u0119cia sensoryczne<\/strong><\/p>\n<p><strong>Udzia\u0142 w zawodach sportowych na boisku Olimp grupa IV i V<\/strong><\/p>\n<p><strong>W\u0119\u017ce<\/strong><\/p>\n<p><strong>Zaj\u0119cia sportowe Akademii Reissa dla dzieci, kt\u00f3rych rodzice wyrazili zgod\u0119.<\/strong><\/p>\n<p><strong>Wycieczka z okazji Dnia Przedszkolaka na Stadion Gol\u0119cin &#8211; gr III, IV i V<\/strong><\/td>\n<td width=\"248\"><strong>24.092024<\/strong><\/p>\n<p><strong>26.09.2024<\/strong><\/p>\n<p><strong>26.09.2024<\/strong><\/p>\n<p><strong>26.09.2024.<\/strong><\/p>\n<p><strong>27.09.2024<\/strong><\/td>\n<\/tr>\n<tr>\n<td width=\"688\"><strong>\u00a0<\/strong><\/p>\n<p><strong>Dzie\u0144 Ch\u0142opaka<\/strong><\/td>\n<td width=\"248\"><strong>\u00a0<\/strong><\/p>\n<p><strong>30.09.2024<\/strong><\/td>\n<\/tr>\n<\/tbody>\n<\/table>\n","protected":false},"excerpt":{"rendered":"<p>\u00a0 Dzie\u0144 Kropki \u00a0 13.09.2024 \u00a0 Wyjazd do starego Zoo &#8211; gr III i IV \u00a0 16.09.2024 Spotkanie z pracownikami GOAP-u. Pogadanka na temat segregacji odpad\u00f3w. Zaj\u0119cia sportowe Akademii Reissa dla dzieci, kt\u00f3rych rodzice wyrazili zgod\u0119. Powitanie\u00a0 Jesieni 19.09.2024 &nbsp; 19.09.2024 20.09.2024 &nbsp; Wycieczka do Stra\u017cy Po\u017carnej &#8211; gr V \u00a0 23.09.2024 Zaj\u0119cia sensoryczne Udzia\u0142 [&hellip;]<\/p>\n","protected":false},"author":2,"featured_media":200,"comment_status":"closed","ping_status":"closed","sticky":false,"template":"","format":"standard","meta":{"ngg_post_thumbnail":0,"footnotes":""},"categories":[4,1],"tags":[],"class_list":["post-9609","post","type-post","status-publish","format-standard","has-post-thumbnail","hentry","category-aktualnosci","category-wydarzenia"],"yoast_head":"<!-- This site is optimized with the Yoast SEO plugin v27.4 - https:\/\/yoast.com\/product\/yoast-seo-wordpress\/ -->\n<title>Wydarzenia we wrze\u015bniu - Przedszkole im. Ksi\u0119cia Przemys\u0142awa<\/title>\n<meta name=\"robots\" content=\"noindex, follow\" \/>\n<meta property=\"og:locale\" content=\"pl_PL\" \/>\n<meta property=\"og:type\" content=\"article\" \/>\n<meta property=\"og:title\" content=\"Wydarzenia we wrze\u015bniu - Przedszkole im. Ksi\u0119cia Przemys\u0142awa\" \/>\n<meta property=\"og:description\" content=\"\u00a0 Dzie\u0144 Kropki \u00a0 13.09.2024 \u00a0 Wyjazd do starego Zoo &#8211; gr III i IV \u00a0 16.09.2024 Spotkanie z pracownikami GOAP-u. Pogadanka na temat segregacji odpad\u00f3w. Zaj\u0119cia sportowe Akademii Reissa dla dzieci, kt\u00f3rych rodzice wyrazili zgod\u0119. Powitanie\u00a0 Jesieni 19.09.2024 &nbsp; 19.09.2024 20.09.2024 &nbsp; Wycieczka do Stra\u017cy Po\u017carnej &#8211; gr V \u00a0 23.09.2024 Zaj\u0119cia sensoryczne Udzia\u0142 [&hellip;]\" \/>\n<meta property=\"og:url\" content=\"https:\/\/www.przedszkole161.pl\/?p=9609\" \/>\n<meta property=\"og:site_name\" content=\"Przedszkole im. Ksi\u0119cia Przemys\u0142awa\" \/>\n<meta property=\"article:published_time\" content=\"2024-09-04T15:32:12+00:00\" \/>\n<meta property=\"article:modified_time\" content=\"2024-09-25T04:39:50+00:00\" \/>\n<meta property=\"og:image\" content=\"https:\/\/www.przedszkole161.pl\/wp-content\/uploads\/2012\/09\/jesien.jpg\" \/>\n\t<meta property=\"og:image:width\" content=\"223\" \/>\n\t<meta property=\"og:image:height\" content=\"226\" \/>\n\t<meta property=\"og:image:type\" content=\"image\/jpeg\" \/>\n<meta name=\"author\" content=\"Magda Dulemba\" \/>\n<meta name=\"twitter:card\" content=\"summary_large_image\" \/>\n<meta name=\"twitter:label1\" content=\"Napisane przez\" \/>\n\t<meta name=\"twitter:data1\" content=\"Magda Dulemba\" \/>\n\t<meta name=\"twitter:label2\" content=\"Szacowany czas czytania\" \/>\n\t<meta name=\"twitter:data2\" content=\"1 minuta\" \/>\n<script type=\"application\/ld+json\" class=\"yoast-schema-graph\">{\"@context\":\"https:\\\/\\\/schema.org\",\"@graph\":[{\"@type\":\"Article\",\"@id\":\"https:\\\/\\\/www.przedszkole161.pl\\\/?p=9609#article\",\"isPartOf\":{\"@id\":\"https:\\\/\\\/www.przedszkole161.pl\\\/?p=9609\"},\"author\":{\"name\":\"Magda Dulemba\",\"@id\":\"https:\\\/\\\/www.przedszkole161.pl\\\/#\\\/schema\\\/person\\\/673325371d681555a8b67c870d21faac\"},\"headline\":\"Wydarzenia we wrze\u015bniu\",\"datePublished\":\"2024-09-04T15:32:12+00:00\",\"dateModified\":\"2024-09-25T04:39:50+00:00\",\"mainEntityOfPage\":{\"@id\":\"https:\\\/\\\/www.przedszkole161.pl\\\/?p=9609\"},\"wordCount\":96,\"image\":{\"@id\":\"https:\\\/\\\/www.przedszkole161.pl\\\/?p=9609#primaryimage\"},\"thumbnailUrl\":\"https:\\\/\\\/ple161.poznan.pl\\\/wp-content\\\/uploads\\\/2012\\\/09\\\/jesien.jpg\",\"articleSection\":[\"Aktualno\u015bci\",\"Wydarzenia\"],\"inLanguage\":\"pl-PL\"},{\"@type\":\"WebPage\",\"@id\":\"https:\\\/\\\/www.przedszkole161.pl\\\/?p=9609\",\"url\":\"https:\\\/\\\/www.przedszkole161.pl\\\/?p=9609\",\"name\":\"Wydarzenia we wrze\u015bniu - Przedszkole im. Ksi\u0119cia Przemys\u0142awa\",\"isPartOf\":{\"@id\":\"https:\\\/\\\/www.przedszkole161.pl\\\/#website\"},\"primaryImageOfPage\":{\"@id\":\"https:\\\/\\\/www.przedszkole161.pl\\\/?p=9609#primaryimage\"},\"image\":{\"@id\":\"https:\\\/\\\/www.przedszkole161.pl\\\/?p=9609#primaryimage\"},\"thumbnailUrl\":\"https:\\\/\\\/ple161.poznan.pl\\\/wp-content\\\/uploads\\\/2012\\\/09\\\/jesien.jpg\",\"datePublished\":\"2024-09-04T15:32:12+00:00\",\"dateModified\":\"2024-09-25T04:39:50+00:00\",\"author\":{\"@id\":\"https:\\\/\\\/www.przedszkole161.pl\\\/#\\\/schema\\\/person\\\/673325371d681555a8b67c870d21faac\"},\"breadcrumb\":{\"@id\":\"https:\\\/\\\/www.przedszkole161.pl\\\/?p=9609#breadcrumb\"},\"inLanguage\":\"pl-PL\",\"potentialAction\":[{\"@type\":\"ReadAction\",\"target\":[\"https:\\\/\\\/www.przedszkole161.pl\\\/?p=9609\"]}]},{\"@type\":\"ImageObject\",\"inLanguage\":\"pl-PL\",\"@id\":\"https:\\\/\\\/www.przedszkole161.pl\\\/?p=9609#primaryimage\",\"url\":\"https:\\\/\\\/ple161.poznan.pl\\\/wp-content\\\/uploads\\\/2012\\\/09\\\/jesien.jpg\",\"contentUrl\":\"https:\\\/\\\/ple161.poznan.pl\\\/wp-content\\\/uploads\\\/2012\\\/09\\\/jesien.jpg\",\"width\":223,\"height\":226},{\"@type\":\"BreadcrumbList\",\"@id\":\"https:\\\/\\\/www.przedszkole161.pl\\\/?p=9609#breadcrumb\",\"itemListElement\":[{\"@type\":\"ListItem\",\"position\":1,\"name\":\"Strona g\u0142\u00f3wna\",\"item\":\"https:\\\/\\\/www.przedszkole161.pl\\\/\"},{\"@type\":\"ListItem\",\"position\":2,\"name\":\"Wydarzenia we wrze\u015bniu\"}]},{\"@type\":\"WebSite\",\"@id\":\"https:\\\/\\\/www.przedszkole161.pl\\\/#website\",\"url\":\"https:\\\/\\\/www.przedszkole161.pl\\\/\",\"name\":\"Przedszkole im. Ksi\u0119cia Przemys\u0142awa 161\",\"description\":\"\",\"potentialAction\":[{\"@type\":\"SearchAction\",\"target\":{\"@type\":\"EntryPoint\",\"urlTemplate\":\"https:\\\/\\\/www.przedszkole161.pl\\\/?s={search_term_string}\"},\"query-input\":{\"@type\":\"PropertyValueSpecification\",\"valueRequired\":true,\"valueName\":\"search_term_string\"}}],\"inLanguage\":\"pl-PL\"},{\"@type\":\"Person\",\"@id\":\"https:\\\/\\\/www.przedszkole161.pl\\\/#\\\/schema\\\/person\\\/673325371d681555a8b67c870d21faac\",\"name\":\"Magda Dulemba\",\"image\":{\"@type\":\"ImageObject\",\"inLanguage\":\"pl-PL\",\"@id\":\"https:\\\/\\\/secure.gravatar.com\\\/avatar\\\/f6f4cc73208d68c67fc19e1f80620e23d66ef2a923cb26a6d726fbc6a55bbcbc?s=96&d=mm&r=g\",\"url\":\"https:\\\/\\\/secure.gravatar.com\\\/avatar\\\/f6f4cc73208d68c67fc19e1f80620e23d66ef2a923cb26a6d726fbc6a55bbcbc?s=96&d=mm&r=g\",\"contentUrl\":\"https:\\\/\\\/secure.gravatar.com\\\/avatar\\\/f6f4cc73208d68c67fc19e1f80620e23d66ef2a923cb26a6d726fbc6a55bbcbc?s=96&d=mm&r=g\",\"caption\":\"Magda Dulemba\"},\"url\":\"https:\\\/\\\/ple161.poznan.pl\\\/?author=2\"}]}<\/script>\n<!-- \/ Yoast SEO plugin. -->","yoast_head_json":{"title":"Wydarzenia we wrze\u015bniu - Przedszkole im. Ksi\u0119cia Przemys\u0142awa","robots":{"index":"noindex","follow":"follow"},"og_locale":"pl_PL","og_type":"article","og_title":"Wydarzenia we wrze\u015bniu - Przedszkole im. Ksi\u0119cia Przemys\u0142awa","og_description":"\u00a0 Dzie\u0144 Kropki \u00a0 13.09.2024 \u00a0 Wyjazd do starego Zoo &#8211; gr III i IV \u00a0 16.09.2024 Spotkanie z pracownikami GOAP-u. Pogadanka na temat segregacji odpad\u00f3w. Zaj\u0119cia sportowe Akademii Reissa dla dzieci, kt\u00f3rych rodzice wyrazili zgod\u0119. Powitanie\u00a0 Jesieni 19.09.2024 &nbsp; 19.09.2024 20.09.2024 &nbsp; Wycieczka do Stra\u017cy Po\u017carnej &#8211; gr V \u00a0 23.09.2024 Zaj\u0119cia sensoryczne Udzia\u0142 [&hellip;]","og_url":"https:\/\/www.przedszkole161.pl\/?p=9609","og_site_name":"Przedszkole im. Ksi\u0119cia Przemys\u0142awa","article_published_time":"2024-09-04T15:32:12+00:00","article_modified_time":"2024-09-25T04:39:50+00:00","og_image":[{"width":223,"height":226,"url":"https:\/\/www.przedszkole161.pl\/wp-content\/uploads\/2012\/09\/jesien.jpg","type":"image\/jpeg"}],"author":"Magda Dulemba","twitter_card":"summary_large_image","twitter_misc":{"Napisane przez":"Magda Dulemba","Szacowany czas czytania":"1 minuta"},"schema":{"@context":"https:\/\/schema.org","@graph":[{"@type":"Article","@id":"https:\/\/www.przedszkole161.pl\/?p=9609#article","isPartOf":{"@id":"https:\/\/www.przedszkole161.pl\/?p=9609"},"author":{"name":"Magda Dulemba","@id":"https:\/\/www.przedszkole161.pl\/#\/schema\/person\/673325371d681555a8b67c870d21faac"},"headline":"Wydarzenia we wrze\u015bniu","datePublished":"2024-09-04T15:32:12+00:00","dateModified":"2024-09-25T04:39:50+00:00","mainEntityOfPage":{"@id":"https:\/\/www.przedszkole161.pl\/?p=9609"},"wordCount":96,"image":{"@id":"https:\/\/www.przedszkole161.pl\/?p=9609#primaryimage"},"thumbnailUrl":"https:\/\/ple161.poznan.pl\/wp-content\/uploads\/2012\/09\/jesien.jpg","articleSection":["Aktualno\u015bci","Wydarzenia"],"inLanguage":"pl-PL"},{"@type":"WebPage","@id":"https:\/\/www.przedszkole161.pl\/?p=9609","url":"https:\/\/www.przedszkole161.pl\/?p=9609","name":"Wydarzenia we wrze\u015bniu - Przedszkole im. Ksi\u0119cia Przemys\u0142awa","isPartOf":{"@id":"https:\/\/www.przedszkole161.pl\/#website"},"primaryImageOfPage":{"@id":"https:\/\/www.przedszkole161.pl\/?p=9609#primaryimage"},"image":{"@id":"https:\/\/www.przedszkole161.pl\/?p=9609#primaryimage"},"thumbnailUrl":"https:\/\/ple161.poznan.pl\/wp-content\/uploads\/2012\/09\/jesien.jpg","datePublished":"2024-09-04T15:32:12+00:00","dateModified":"2024-09-25T04:39:50+00:00","author":{"@id":"https:\/\/www.przedszkole161.pl\/#\/schema\/person\/673325371d681555a8b67c870d21faac"},"breadcrumb":{"@id":"https:\/\/www.przedszkole161.pl\/?p=9609#breadcrumb"},"inLanguage":"pl-PL","potentialAction":[{"@type":"ReadAction","target":["https:\/\/www.przedszkole161.pl\/?p=9609"]}]},{"@type":"ImageObject","inLanguage":"pl-PL","@id":"https:\/\/www.przedszkole161.pl\/?p=9609#primaryimage","url":"https:\/\/ple161.poznan.pl\/wp-content\/uploads\/2012\/09\/jesien.jpg","contentUrl":"https:\/\/ple161.poznan.pl\/wp-content\/uploads\/2012\/09\/jesien.jpg","width":223,"height":226},{"@type":"BreadcrumbList","@id":"https:\/\/www.przedszkole161.pl\/?p=9609#breadcrumb","itemListElement":[{"@type":"ListItem","position":1,"name":"Strona g\u0142\u00f3wna","item":"https:\/\/www.przedszkole161.pl\/"},{"@type":"ListItem","position":2,"name":"Wydarzenia we wrze\u015bniu"}]},{"@type":"WebSite","@id":"https:\/\/www.przedszkole161.pl\/#website","url":"https:\/\/www.przedszkole161.pl\/","name":"Przedszkole im. Ksi\u0119cia Przemys\u0142awa 161","description":"","potentialAction":[{"@type":"SearchAction","target":{"@type":"EntryPoint","urlTemplate":"https:\/\/www.przedszkole161.pl\/?s={search_term_string}"},"query-input":{"@type":"PropertyValueSpecification","valueRequired":true,"valueName":"search_term_string"}}],"inLanguage":"pl-PL"},{"@type":"Person","@id":"https:\/\/www.przedszkole161.pl\/#\/schema\/person\/673325371d681555a8b67c870d21faac","name":"Magda Dulemba","image":{"@type":"ImageObject","inLanguage":"pl-PL","@id":"https:\/\/secure.gravatar.com\/avatar\/f6f4cc73208d68c67fc19e1f80620e23d66ef2a923cb26a6d726fbc6a55bbcbc?s=96&d=mm&r=g","url":"https:\/\/secure.gravatar.com\/avatar\/f6f4cc73208d68c67fc19e1f80620e23d66ef2a923cb26a6d726fbc6a55bbcbc?s=96&d=mm&r=g","contentUrl":"https:\/\/secure.gravatar.com\/avatar\/f6f4cc73208d68c67fc19e1f80620e23d66ef2a923cb26a6d726fbc6a55bbcbc?s=96&d=mm&r=g","caption":"Magda Dulemba"},"url":"https:\/\/ple161.poznan.pl\/?author=2"}]}},"_links":{"self":[{"href":"https:\/\/ple161.poznan.pl\/index.php?rest_route=\/wp\/v2\/posts\/9609","targetHints":{"allow":["GET"]}}],"collection":[{"href":"https:\/\/ple161.poznan.pl\/index.php?rest_route=\/wp\/v2\/posts"}],"about":[{"href":"https:\/\/ple161.poznan.pl\/index.php?rest_route=\/wp\/v2\/types\/post"}],"author":[{"embeddable":true,"href":"https:\/\/ple161.poznan.pl\/index.php?rest_route=\/wp\/v2\/users\/2"}],"replies":[{"embeddable":true,"href":"https:\/\/ple161.poznan.pl\/index.php?rest_route=%2Fwp%2Fv2%2Fcomments&post=9609"}],"version-history":[{"count":7,"href":"https:\/\/ple161.poznan.pl\/index.php?rest_route=\/wp\/v2\/posts\/9609\/revisions"}],"predecessor-version":[{"id":9624,"href":"https:\/\/ple161.poznan.pl\/index.php?rest_route=\/wp\/v2\/posts\/9609\/revisions\/9624"}],"wp:featuredmedia":[{"embeddable":true,"href":"https:\/\/ple161.poznan.pl\/index.php?rest_route=\/wp\/v2\/media\/200"}],"wp:attachment":[{"href":"https:\/\/ple161.poznan.pl\/index.php?rest_route=%2Fwp%2Fv2%2Fmedia&parent=9609"}],"wp:term":[{"taxonomy":"category","embeddable":true,"href":"https:\/\/ple161.poznan.pl\/index.php?rest_route=%2Fwp%2Fv2%2Fcategories&post=9609"},{"taxonomy":"post_tag","embeddable":true,"href":"https:\/\/ple161.poznan.pl\/index.php?rest_route=%2Fwp%2Fv2%2Ftags&post=9609"}],"curies":[{"name":"wp","href":"https:\/\/api.w.org\/{rel}","templated":true}]}}