{"id":9482,"date":"2024-06-07T08:52:10","date_gmt":"2024-06-07T07:52:10","guid":{"rendered":"https:\/\/ple161.poznan.pl\/?p=9482"},"modified":"2024-06-07T08:52:10","modified_gmt":"2024-06-07T07:52:10","slug":"wycieczka-do-chaty-u-kowala","status":"publish","type":"post","link":"https:\/\/ple161.poznan.pl\/?p=9482","title":{"rendered":"Wycieczka do Chaty u Kowala"},"content":{"rendered":"<p><span class=\"x193iq5w xeuugli x13faqbe x1vvkbs x1xmvt09 x1lliihq x1s928wv xhkezso x1gmr53x x1cpjm7i x1fgarty x1943h6x xudqn12 x3x7a5m x6prxxf xvq8zen xo1l8bm xzsf02u x1yc453h\">06.06.2024r. pojechali\u015bmy na wycieczk\u0119 do Agroturystyki \u201eStara chata u kowala\u201d w Kluczewie. Na miejscu czeka\u0142a na nas moc atrakcji. Opr\u00f3cz zabaw podw\u00f3rkowych nasze przedszkolaki mia\u0142y okazj\u0119 zobaczy\u0107 na \u017cywo zwierz\u0119ta wiejskie tj. krowa, koza czy kr\u00f3liki. Dzieci zwiedzi\u0142y r\u00f3wnie\u017c star\u0105 chat\u0119, w kt\u00f3rej znajdowa\u0142y si\u0119 m.in. r\u00f3\u017cne sprz\u0119ty i zabawki z dawnych czas\u00f3w. Atrakcj\u0105, kt\u00f3ra u dzieci budzi\u0142a wielkie zainteresowanie by\u0142 pokaz robienia mas\u0142a,\u00a0 dojenia krowy oraz wykuwania podkowy. Jechali\u015bmy\u00a0 na\u00a0 przyczepie traktora. Na koniec dzieci mog\u0142y zje\u015b\u0107 pyszne bu\u0142ki z kie\u0142bask\u0105. Wszyscy wr\u00f3cili\u015bmy zadowoleni i u\u015bmiechni\u0119ci a wycieczka na pewno na d\u0142ugo zostanie w naszej pami\u0119ci.<\/span><\/p>\n<p>&nbsp;<\/p>\n<p>&nbsp;<\/p>\n","protected":false},"excerpt":{"rendered":"<p>06.06.2024r. pojechali\u015bmy na wycieczk\u0119 do Agroturystyki \u201eStara chata u kowala\u201d w Kluczewie. Na miejscu czeka\u0142a na nas moc atrakcji. Opr\u00f3cz zabaw podw\u00f3rkowych nasze przedszkolaki mia\u0142y okazj\u0119 zobaczy\u0107 na \u017cywo zwierz\u0119ta wiejskie tj. krowa, koza czy kr\u00f3liki. Dzieci zwiedzi\u0142y r\u00f3wnie\u017c star\u0105 chat\u0119, w kt\u00f3rej znajdowa\u0142y si\u0119 m.in. r\u00f3\u017cne sprz\u0119ty i zabawki z dawnych czas\u00f3w. Atrakcj\u0105, kt\u00f3ra [&hellip;]<\/p>\n","protected":false},"author":2,"featured_media":646,"comment_status":"closed","ping_status":"closed","sticky":false,"template":"","format":"standard","meta":{"ngg_post_thumbnail":0,"footnotes":""},"categories":[4,1],"tags":[],"class_list":["post-9482","post","type-post","status-publish","format-standard","has-post-thumbnail","hentry","category-aktualnosci","category-wydarzenia"],"yoast_head":"<!-- This site is optimized with the Yoast SEO plugin v27.4 - https:\/\/yoast.com\/product\/yoast-seo-wordpress\/ -->\n<title>Wycieczka do Chaty u Kowala - Przedszkole im. Ksi\u0119cia Przemys\u0142awa<\/title>\n<meta name=\"robots\" content=\"noindex, follow\" \/>\n<meta property=\"og:locale\" content=\"pl_PL\" \/>\n<meta property=\"og:type\" content=\"article\" \/>\n<meta property=\"og:title\" content=\"Wycieczka do Chaty u Kowala - Przedszkole im. Ksi\u0119cia Przemys\u0142awa\" \/>\n<meta property=\"og:description\" content=\"06.06.2024r. pojechali\u015bmy na wycieczk\u0119 do Agroturystyki \u201eStara chata u kowala\u201d w Kluczewie. Na miejscu czeka\u0142a na nas moc atrakcji. Opr\u00f3cz zabaw podw\u00f3rkowych nasze przedszkolaki mia\u0142y okazj\u0119 zobaczy\u0107 na \u017cywo zwierz\u0119ta wiejskie tj. krowa, koza czy kr\u00f3liki. Dzieci zwiedzi\u0142y r\u00f3wnie\u017c star\u0105 chat\u0119, w kt\u00f3rej znajdowa\u0142y si\u0119 m.in. r\u00f3\u017cne sprz\u0119ty i zabawki z dawnych czas\u00f3w. Atrakcj\u0105, kt\u00f3ra [&hellip;]\" \/>\n<meta property=\"og:url\" content=\"https:\/\/www.przedszkole161.pl\/?p=9482\" \/>\n<meta property=\"og:site_name\" content=\"Przedszkole im. Ksi\u0119cia Przemys\u0142awa\" \/>\n<meta property=\"article:published_time\" content=\"2024-06-07T07:52:10+00:00\" \/>\n<meta property=\"og:image\" content=\"https:\/\/www.przedszkole161.pl\/wp-content\/uploads\/2014\/05\/images-4.jpeg\" \/>\n\t<meta property=\"og:image:width\" content=\"246\" \/>\n\t<meta property=\"og:image:height\" content=\"205\" \/>\n\t<meta property=\"og:image:type\" content=\"image\/jpeg\" \/>\n<meta name=\"author\" content=\"Magda Dulemba\" \/>\n<meta name=\"twitter:card\" content=\"summary_large_image\" \/>\n<meta name=\"twitter:label1\" content=\"Napisane przez\" \/>\n\t<meta name=\"twitter:data1\" content=\"Magda Dulemba\" \/>\n\t<meta name=\"twitter:label2\" content=\"Szacowany czas czytania\" \/>\n\t<meta name=\"twitter:data2\" content=\"1 minuta\" \/>\n<script type=\"application\/ld+json\" class=\"yoast-schema-graph\">{\"@context\":\"https:\\\/\\\/schema.org\",\"@graph\":[{\"@type\":\"Article\",\"@id\":\"https:\\\/\\\/www.przedszkole161.pl\\\/?p=9482#article\",\"isPartOf\":{\"@id\":\"https:\\\/\\\/www.przedszkole161.pl\\\/?p=9482\"},\"author\":{\"name\":\"Magda Dulemba\",\"@id\":\"https:\\\/\\\/www.przedszkole161.pl\\\/#\\\/schema\\\/person\\\/673325371d681555a8b67c870d21faac\"},\"headline\":\"Wycieczka do Chaty u Kowala\",\"datePublished\":\"2024-06-07T07:52:10+00:00\",\"mainEntityOfPage\":{\"@id\":\"https:\\\/\\\/www.przedszkole161.pl\\\/?p=9482\"},\"wordCount\":132,\"image\":{\"@id\":\"https:\\\/\\\/www.przedszkole161.pl\\\/?p=9482#primaryimage\"},\"thumbnailUrl\":\"https:\\\/\\\/ple161.poznan.pl\\\/wp-content\\\/uploads\\\/2014\\\/05\\\/images-4.jpeg\",\"articleSection\":[\"Aktualno\u015bci\",\"Wydarzenia\"],\"inLanguage\":\"pl-PL\"},{\"@type\":\"WebPage\",\"@id\":\"https:\\\/\\\/www.przedszkole161.pl\\\/?p=9482\",\"url\":\"https:\\\/\\\/www.przedszkole161.pl\\\/?p=9482\",\"name\":\"Wycieczka do Chaty u Kowala - Przedszkole im. Ksi\u0119cia Przemys\u0142awa\",\"isPartOf\":{\"@id\":\"https:\\\/\\\/www.przedszkole161.pl\\\/#website\"},\"primaryImageOfPage\":{\"@id\":\"https:\\\/\\\/www.przedszkole161.pl\\\/?p=9482#primaryimage\"},\"image\":{\"@id\":\"https:\\\/\\\/www.przedszkole161.pl\\\/?p=9482#primaryimage\"},\"thumbnailUrl\":\"https:\\\/\\\/ple161.poznan.pl\\\/wp-content\\\/uploads\\\/2014\\\/05\\\/images-4.jpeg\",\"datePublished\":\"2024-06-07T07:52:10+00:00\",\"author\":{\"@id\":\"https:\\\/\\\/www.przedszkole161.pl\\\/#\\\/schema\\\/person\\\/673325371d681555a8b67c870d21faac\"},\"breadcrumb\":{\"@id\":\"https:\\\/\\\/www.przedszkole161.pl\\\/?p=9482#breadcrumb\"},\"inLanguage\":\"pl-PL\",\"potentialAction\":[{\"@type\":\"ReadAction\",\"target\":[\"https:\\\/\\\/www.przedszkole161.pl\\\/?p=9482\"]}]},{\"@type\":\"ImageObject\",\"inLanguage\":\"pl-PL\",\"@id\":\"https:\\\/\\\/www.przedszkole161.pl\\\/?p=9482#primaryimage\",\"url\":\"https:\\\/\\\/ple161.poznan.pl\\\/wp-content\\\/uploads\\\/2014\\\/05\\\/images-4.jpeg\",\"contentUrl\":\"https:\\\/\\\/ple161.poznan.pl\\\/wp-content\\\/uploads\\\/2014\\\/05\\\/images-4.jpeg\",\"width\":246,\"height\":205},{\"@type\":\"BreadcrumbList\",\"@id\":\"https:\\\/\\\/www.przedszkole161.pl\\\/?p=9482#breadcrumb\",\"itemListElement\":[{\"@type\":\"ListItem\",\"position\":1,\"name\":\"Strona g\u0142\u00f3wna\",\"item\":\"https:\\\/\\\/www.przedszkole161.pl\\\/\"},{\"@type\":\"ListItem\",\"position\":2,\"name\":\"Wycieczka do Chaty u Kowala\"}]},{\"@type\":\"WebSite\",\"@id\":\"https:\\\/\\\/www.przedszkole161.pl\\\/#website\",\"url\":\"https:\\\/\\\/www.przedszkole161.pl\\\/\",\"name\":\"Przedszkole im. Ksi\u0119cia Przemys\u0142awa 161\",\"description\":\"\",\"potentialAction\":[{\"@type\":\"SearchAction\",\"target\":{\"@type\":\"EntryPoint\",\"urlTemplate\":\"https:\\\/\\\/www.przedszkole161.pl\\\/?s={search_term_string}\"},\"query-input\":{\"@type\":\"PropertyValueSpecification\",\"valueRequired\":true,\"valueName\":\"search_term_string\"}}],\"inLanguage\":\"pl-PL\"},{\"@type\":\"Person\",\"@id\":\"https:\\\/\\\/www.przedszkole161.pl\\\/#\\\/schema\\\/person\\\/673325371d681555a8b67c870d21faac\",\"name\":\"Magda Dulemba\",\"image\":{\"@type\":\"ImageObject\",\"inLanguage\":\"pl-PL\",\"@id\":\"https:\\\/\\\/secure.gravatar.com\\\/avatar\\\/f6f4cc73208d68c67fc19e1f80620e23d66ef2a923cb26a6d726fbc6a55bbcbc?s=96&d=mm&r=g\",\"url\":\"https:\\\/\\\/secure.gravatar.com\\\/avatar\\\/f6f4cc73208d68c67fc19e1f80620e23d66ef2a923cb26a6d726fbc6a55bbcbc?s=96&d=mm&r=g\",\"contentUrl\":\"https:\\\/\\\/secure.gravatar.com\\\/avatar\\\/f6f4cc73208d68c67fc19e1f80620e23d66ef2a923cb26a6d726fbc6a55bbcbc?s=96&d=mm&r=g\",\"caption\":\"Magda Dulemba\"},\"url\":\"https:\\\/\\\/ple161.poznan.pl\\\/?author=2\"}]}<\/script>\n<!-- \/ Yoast SEO plugin. -->","yoast_head_json":{"title":"Wycieczka do Chaty u Kowala - Przedszkole im. Ksi\u0119cia Przemys\u0142awa","robots":{"index":"noindex","follow":"follow"},"og_locale":"pl_PL","og_type":"article","og_title":"Wycieczka do Chaty u Kowala - Przedszkole im. Ksi\u0119cia Przemys\u0142awa","og_description":"06.06.2024r. pojechali\u015bmy na wycieczk\u0119 do Agroturystyki \u201eStara chata u kowala\u201d w Kluczewie. Na miejscu czeka\u0142a na nas moc atrakcji. Opr\u00f3cz zabaw podw\u00f3rkowych nasze przedszkolaki mia\u0142y okazj\u0119 zobaczy\u0107 na \u017cywo zwierz\u0119ta wiejskie tj. krowa, koza czy kr\u00f3liki. Dzieci zwiedzi\u0142y r\u00f3wnie\u017c star\u0105 chat\u0119, w kt\u00f3rej znajdowa\u0142y si\u0119 m.in. r\u00f3\u017cne sprz\u0119ty i zabawki z dawnych czas\u00f3w. Atrakcj\u0105, kt\u00f3ra [&hellip;]","og_url":"https:\/\/www.przedszkole161.pl\/?p=9482","og_site_name":"Przedszkole im. Ksi\u0119cia Przemys\u0142awa","article_published_time":"2024-06-07T07:52:10+00:00","og_image":[{"width":246,"height":205,"url":"https:\/\/www.przedszkole161.pl\/wp-content\/uploads\/2014\/05\/images-4.jpeg","type":"image\/jpeg"}],"author":"Magda Dulemba","twitter_card":"summary_large_image","twitter_misc":{"Napisane przez":"Magda Dulemba","Szacowany czas czytania":"1 minuta"},"schema":{"@context":"https:\/\/schema.org","@graph":[{"@type":"Article","@id":"https:\/\/www.przedszkole161.pl\/?p=9482#article","isPartOf":{"@id":"https:\/\/www.przedszkole161.pl\/?p=9482"},"author":{"name":"Magda Dulemba","@id":"https:\/\/www.przedszkole161.pl\/#\/schema\/person\/673325371d681555a8b67c870d21faac"},"headline":"Wycieczka do Chaty u Kowala","datePublished":"2024-06-07T07:52:10+00:00","mainEntityOfPage":{"@id":"https:\/\/www.przedszkole161.pl\/?p=9482"},"wordCount":132,"image":{"@id":"https:\/\/www.przedszkole161.pl\/?p=9482#primaryimage"},"thumbnailUrl":"https:\/\/ple161.poznan.pl\/wp-content\/uploads\/2014\/05\/images-4.jpeg","articleSection":["Aktualno\u015bci","Wydarzenia"],"inLanguage":"pl-PL"},{"@type":"WebPage","@id":"https:\/\/www.przedszkole161.pl\/?p=9482","url":"https:\/\/www.przedszkole161.pl\/?p=9482","name":"Wycieczka do Chaty u Kowala - Przedszkole im. Ksi\u0119cia Przemys\u0142awa","isPartOf":{"@id":"https:\/\/www.przedszkole161.pl\/#website"},"primaryImageOfPage":{"@id":"https:\/\/www.przedszkole161.pl\/?p=9482#primaryimage"},"image":{"@id":"https:\/\/www.przedszkole161.pl\/?p=9482#primaryimage"},"thumbnailUrl":"https:\/\/ple161.poznan.pl\/wp-content\/uploads\/2014\/05\/images-4.jpeg","datePublished":"2024-06-07T07:52:10+00:00","author":{"@id":"https:\/\/www.przedszkole161.pl\/#\/schema\/person\/673325371d681555a8b67c870d21faac"},"breadcrumb":{"@id":"https:\/\/www.przedszkole161.pl\/?p=9482#breadcrumb"},"inLanguage":"pl-PL","potentialAction":[{"@type":"ReadAction","target":["https:\/\/www.przedszkole161.pl\/?p=9482"]}]},{"@type":"ImageObject","inLanguage":"pl-PL","@id":"https:\/\/www.przedszkole161.pl\/?p=9482#primaryimage","url":"https:\/\/ple161.poznan.pl\/wp-content\/uploads\/2014\/05\/images-4.jpeg","contentUrl":"https:\/\/ple161.poznan.pl\/wp-content\/uploads\/2014\/05\/images-4.jpeg","width":246,"height":205},{"@type":"BreadcrumbList","@id":"https:\/\/www.przedszkole161.pl\/?p=9482#breadcrumb","itemListElement":[{"@type":"ListItem","position":1,"name":"Strona g\u0142\u00f3wna","item":"https:\/\/www.przedszkole161.pl\/"},{"@type":"ListItem","position":2,"name":"Wycieczka do Chaty u Kowala"}]},{"@type":"WebSite","@id":"https:\/\/www.przedszkole161.pl\/#website","url":"https:\/\/www.przedszkole161.pl\/","name":"Przedszkole im. Ksi\u0119cia Przemys\u0142awa 161","description":"","potentialAction":[{"@type":"SearchAction","target":{"@type":"EntryPoint","urlTemplate":"https:\/\/www.przedszkole161.pl\/?s={search_term_string}"},"query-input":{"@type":"PropertyValueSpecification","valueRequired":true,"valueName":"search_term_string"}}],"inLanguage":"pl-PL"},{"@type":"Person","@id":"https:\/\/www.przedszkole161.pl\/#\/schema\/person\/673325371d681555a8b67c870d21faac","name":"Magda Dulemba","image":{"@type":"ImageObject","inLanguage":"pl-PL","@id":"https:\/\/secure.gravatar.com\/avatar\/f6f4cc73208d68c67fc19e1f80620e23d66ef2a923cb26a6d726fbc6a55bbcbc?s=96&d=mm&r=g","url":"https:\/\/secure.gravatar.com\/avatar\/f6f4cc73208d68c67fc19e1f80620e23d66ef2a923cb26a6d726fbc6a55bbcbc?s=96&d=mm&r=g","contentUrl":"https:\/\/secure.gravatar.com\/avatar\/f6f4cc73208d68c67fc19e1f80620e23d66ef2a923cb26a6d726fbc6a55bbcbc?s=96&d=mm&r=g","caption":"Magda Dulemba"},"url":"https:\/\/ple161.poznan.pl\/?author=2"}]}},"_links":{"self":[{"href":"https:\/\/ple161.poznan.pl\/index.php?rest_route=\/wp\/v2\/posts\/9482","targetHints":{"allow":["GET"]}}],"collection":[{"href":"https:\/\/ple161.poznan.pl\/index.php?rest_route=\/wp\/v2\/posts"}],"about":[{"href":"https:\/\/ple161.poznan.pl\/index.php?rest_route=\/wp\/v2\/types\/post"}],"author":[{"embeddable":true,"href":"https:\/\/ple161.poznan.pl\/index.php?rest_route=\/wp\/v2\/users\/2"}],"replies":[{"embeddable":true,"href":"https:\/\/ple161.poznan.pl\/index.php?rest_route=%2Fwp%2Fv2%2Fcomments&post=9482"}],"version-history":[{"count":1,"href":"https:\/\/ple161.poznan.pl\/index.php?rest_route=\/wp\/v2\/posts\/9482\/revisions"}],"predecessor-version":[{"id":9483,"href":"https:\/\/ple161.poznan.pl\/index.php?rest_route=\/wp\/v2\/posts\/9482\/revisions\/9483"}],"wp:featuredmedia":[{"embeddable":true,"href":"https:\/\/ple161.poznan.pl\/index.php?rest_route=\/wp\/v2\/media\/646"}],"wp:attachment":[{"href":"https:\/\/ple161.poznan.pl\/index.php?rest_route=%2Fwp%2Fv2%2Fmedia&parent=9482"}],"wp:term":[{"taxonomy":"category","embeddable":true,"href":"https:\/\/ple161.poznan.pl\/index.php?rest_route=%2Fwp%2Fv2%2Fcategories&post=9482"},{"taxonomy":"post_tag","embeddable":true,"href":"https:\/\/ple161.poznan.pl\/index.php?rest_route=%2Fwp%2Fv2%2Ftags&post=9482"}],"curies":[{"name":"wp","href":"https:\/\/api.w.org\/{rel}","templated":true}]}}