{"id":9427,"date":"2024-05-12T20:32:19","date_gmt":"2024-05-12T19:32:19","guid":{"rendered":"https:\/\/ple161.poznan.pl\/?p=9427"},"modified":"2024-05-12T20:32:32","modified_gmt":"2024-05-12T19:32:32","slug":"wycieczka-grupy-ii-do-biblioteki","status":"publish","type":"post","link":"https:\/\/ple161.poznan.pl\/?p=9427","title":{"rendered":"Wycieczka grupy II do biblioteki"},"content":{"rendered":"<div dir=\"auto\">Dnia 10 maja 2024 r. przedszkolaki z grupy drugiej uda\u0142y si\u0119 na wycieczk\u0119 do Biblioteki Filologicznej w Poznaniu.Dzieci mia\u0142y okazj\u0119 przenie\u015b\u0107 si\u0119 do stolicy Francji, pozna\u0107 histori\u0119 powstania wie\u017cy Eiffla oraz zobaczy\u0107 pi\u0119kne widoki z tego miejsca. Nast\u0119pnie uda\u0142y si\u0119 wraz z opiekunami do k\u0105cika ksi\u0105\u017cek i gier edukacyjnych dla dzieci. Pracownik biblioteki pokaza\u0142 r\u00f3wnie\u017c najmniejsze oraz najstarsze ksi\u0105\u017cki jakie znajduj\u0105 si\u0119 w zbiorach biblioteki. Kolejn\u0105 niespodziank\u0105 by\u0142o zobaczenie zak\u0142adek z r\u00f3\u017cnych stron \u015bwiata. Na koniec dzieci otrzyma\u0142y ksi\u0105\u017ceczki interaktywne do nauki j\u0119zyka chi\u0144skiego.<\/div>\n<div dir=\"auto\">\n<div class=\"yj6qo\"><\/div>\n<div class=\"adL\"><\/div>\n<\/div>\n","protected":false},"excerpt":{"rendered":"<p>Dnia 10 maja 2024 r. przedszkolaki z grupy drugiej uda\u0142y si\u0119 na wycieczk\u0119 do Biblioteki Filologicznej w Poznaniu.Dzieci mia\u0142y okazj\u0119 przenie\u015b\u0107 si\u0119 do stolicy Francji, pozna\u0107 histori\u0119 powstania wie\u017cy Eiffla oraz zobaczy\u0107 pi\u0119kne widoki z tego miejsca. Nast\u0119pnie uda\u0142y si\u0119 wraz z opiekunami do k\u0105cika ksi\u0105\u017cek i gier edukacyjnych dla dzieci. Pracownik biblioteki pokaza\u0142 r\u00f3wnie\u017c [&hellip;]<\/p>\n","protected":false},"author":2,"featured_media":9428,"comment_status":"closed","ping_status":"closed","sticky":false,"template":"","format":"standard","meta":{"ngg_post_thumbnail":0,"footnotes":""},"categories":[4,1],"tags":[],"class_list":["post-9427","post","type-post","status-publish","format-standard","has-post-thumbnail","hentry","category-aktualnosci","category-wydarzenia"],"yoast_head":"<!-- This site is optimized with the Yoast SEO plugin v27.4 - https:\/\/yoast.com\/product\/yoast-seo-wordpress\/ -->\n<title>Wycieczka grupy II do biblioteki - Przedszkole im. Ksi\u0119cia Przemys\u0142awa<\/title>\n<meta name=\"robots\" content=\"noindex, follow\" \/>\n<meta property=\"og:locale\" content=\"pl_PL\" \/>\n<meta property=\"og:type\" content=\"article\" \/>\n<meta property=\"og:title\" content=\"Wycieczka grupy II do biblioteki - Przedszkole im. Ksi\u0119cia Przemys\u0142awa\" \/>\n<meta property=\"og:description\" content=\"Dnia 10 maja 2024 r. przedszkolaki z grupy drugiej uda\u0142y si\u0119 na wycieczk\u0119 do Biblioteki Filologicznej w Poznaniu.Dzieci mia\u0142y okazj\u0119 przenie\u015b\u0107 si\u0119 do stolicy Francji, pozna\u0107 histori\u0119 powstania wie\u017cy Eiffla oraz zobaczy\u0107 pi\u0119kne widoki z tego miejsca. Nast\u0119pnie uda\u0142y si\u0119 wraz z opiekunami do k\u0105cika ksi\u0105\u017cek i gier edukacyjnych dla dzieci. Pracownik biblioteki pokaza\u0142 r\u00f3wnie\u017c [&hellip;]\" \/>\n<meta property=\"og:url\" content=\"https:\/\/www.przedszkole161.pl\/?p=9427\" \/>\n<meta property=\"og:site_name\" content=\"Przedszkole im. Ksi\u0119cia Przemys\u0142awa\" \/>\n<meta property=\"article:published_time\" content=\"2024-05-12T19:32:19+00:00\" \/>\n<meta property=\"article:modified_time\" content=\"2024-05-12T19:32:32+00:00\" \/>\n<meta property=\"og:image\" content=\"https:\/\/www.przedszkole161.pl\/wp-content\/uploads\/2024\/05\/biblioteka-gif.jpg\" \/>\n\t<meta property=\"og:image:width\" content=\"267\" \/>\n\t<meta property=\"og:image:height\" content=\"189\" \/>\n\t<meta property=\"og:image:type\" content=\"image\/jpeg\" \/>\n<meta name=\"author\" content=\"Magda Dulemba\" \/>\n<meta name=\"twitter:card\" content=\"summary_large_image\" \/>\n<meta name=\"twitter:label1\" content=\"Napisane przez\" \/>\n\t<meta name=\"twitter:data1\" content=\"Magda Dulemba\" \/>\n\t<meta name=\"twitter:label2\" content=\"Szacowany czas czytania\" \/>\n\t<meta name=\"twitter:data2\" content=\"1 minuta\" \/>\n<script type=\"application\/ld+json\" class=\"yoast-schema-graph\">{\"@context\":\"https:\\\/\\\/schema.org\",\"@graph\":[{\"@type\":\"Article\",\"@id\":\"https:\\\/\\\/www.przedszkole161.pl\\\/?p=9427#article\",\"isPartOf\":{\"@id\":\"https:\\\/\\\/www.przedszkole161.pl\\\/?p=9427\"},\"author\":{\"name\":\"Magda Dulemba\",\"@id\":\"https:\\\/\\\/www.przedszkole161.pl\\\/#\\\/schema\\\/person\\\/673325371d681555a8b67c870d21faac\"},\"headline\":\"Wycieczka grupy II do biblioteki\",\"datePublished\":\"2024-05-12T19:32:19+00:00\",\"dateModified\":\"2024-05-12T19:32:32+00:00\",\"mainEntityOfPage\":{\"@id\":\"https:\\\/\\\/www.przedszkole161.pl\\\/?p=9427\"},\"wordCount\":105,\"image\":{\"@id\":\"https:\\\/\\\/www.przedszkole161.pl\\\/?p=9427#primaryimage\"},\"thumbnailUrl\":\"https:\\\/\\\/ple161.poznan.pl\\\/wp-content\\\/uploads\\\/2024\\\/05\\\/biblioteka-gif.jpg\",\"articleSection\":[\"Aktualno\u015bci\",\"Wydarzenia\"],\"inLanguage\":\"pl-PL\"},{\"@type\":\"WebPage\",\"@id\":\"https:\\\/\\\/www.przedszkole161.pl\\\/?p=9427\",\"url\":\"https:\\\/\\\/www.przedszkole161.pl\\\/?p=9427\",\"name\":\"Wycieczka grupy II do biblioteki - Przedszkole im. Ksi\u0119cia Przemys\u0142awa\",\"isPartOf\":{\"@id\":\"https:\\\/\\\/www.przedszkole161.pl\\\/#website\"},\"primaryImageOfPage\":{\"@id\":\"https:\\\/\\\/www.przedszkole161.pl\\\/?p=9427#primaryimage\"},\"image\":{\"@id\":\"https:\\\/\\\/www.przedszkole161.pl\\\/?p=9427#primaryimage\"},\"thumbnailUrl\":\"https:\\\/\\\/ple161.poznan.pl\\\/wp-content\\\/uploads\\\/2024\\\/05\\\/biblioteka-gif.jpg\",\"datePublished\":\"2024-05-12T19:32:19+00:00\",\"dateModified\":\"2024-05-12T19:32:32+00:00\",\"author\":{\"@id\":\"https:\\\/\\\/www.przedszkole161.pl\\\/#\\\/schema\\\/person\\\/673325371d681555a8b67c870d21faac\"},\"breadcrumb\":{\"@id\":\"https:\\\/\\\/www.przedszkole161.pl\\\/?p=9427#breadcrumb\"},\"inLanguage\":\"pl-PL\",\"potentialAction\":[{\"@type\":\"ReadAction\",\"target\":[\"https:\\\/\\\/www.przedszkole161.pl\\\/?p=9427\"]}]},{\"@type\":\"ImageObject\",\"inLanguage\":\"pl-PL\",\"@id\":\"https:\\\/\\\/www.przedszkole161.pl\\\/?p=9427#primaryimage\",\"url\":\"https:\\\/\\\/ple161.poznan.pl\\\/wp-content\\\/uploads\\\/2024\\\/05\\\/biblioteka-gif.jpg\",\"contentUrl\":\"https:\\\/\\\/ple161.poznan.pl\\\/wp-content\\\/uploads\\\/2024\\\/05\\\/biblioteka-gif.jpg\",\"width\":267,\"height\":189},{\"@type\":\"BreadcrumbList\",\"@id\":\"https:\\\/\\\/www.przedszkole161.pl\\\/?p=9427#breadcrumb\",\"itemListElement\":[{\"@type\":\"ListItem\",\"position\":1,\"name\":\"Strona g\u0142\u00f3wna\",\"item\":\"https:\\\/\\\/www.przedszkole161.pl\\\/\"},{\"@type\":\"ListItem\",\"position\":2,\"name\":\"Wycieczka grupy II do biblioteki\"}]},{\"@type\":\"WebSite\",\"@id\":\"https:\\\/\\\/www.przedszkole161.pl\\\/#website\",\"url\":\"https:\\\/\\\/www.przedszkole161.pl\\\/\",\"name\":\"Przedszkole im. Ksi\u0119cia Przemys\u0142awa 161\",\"description\":\"\",\"potentialAction\":[{\"@type\":\"SearchAction\",\"target\":{\"@type\":\"EntryPoint\",\"urlTemplate\":\"https:\\\/\\\/www.przedszkole161.pl\\\/?s={search_term_string}\"},\"query-input\":{\"@type\":\"PropertyValueSpecification\",\"valueRequired\":true,\"valueName\":\"search_term_string\"}}],\"inLanguage\":\"pl-PL\"},{\"@type\":\"Person\",\"@id\":\"https:\\\/\\\/www.przedszkole161.pl\\\/#\\\/schema\\\/person\\\/673325371d681555a8b67c870d21faac\",\"name\":\"Magda Dulemba\",\"image\":{\"@type\":\"ImageObject\",\"inLanguage\":\"pl-PL\",\"@id\":\"https:\\\/\\\/secure.gravatar.com\\\/avatar\\\/f6f4cc73208d68c67fc19e1f80620e23d66ef2a923cb26a6d726fbc6a55bbcbc?s=96&d=mm&r=g\",\"url\":\"https:\\\/\\\/secure.gravatar.com\\\/avatar\\\/f6f4cc73208d68c67fc19e1f80620e23d66ef2a923cb26a6d726fbc6a55bbcbc?s=96&d=mm&r=g\",\"contentUrl\":\"https:\\\/\\\/secure.gravatar.com\\\/avatar\\\/f6f4cc73208d68c67fc19e1f80620e23d66ef2a923cb26a6d726fbc6a55bbcbc?s=96&d=mm&r=g\",\"caption\":\"Magda Dulemba\"},\"url\":\"https:\\\/\\\/ple161.poznan.pl\\\/?author=2\"}]}<\/script>\n<!-- \/ Yoast SEO plugin. -->","yoast_head_json":{"title":"Wycieczka grupy II do biblioteki - Przedszkole im. Ksi\u0119cia Przemys\u0142awa","robots":{"index":"noindex","follow":"follow"},"og_locale":"pl_PL","og_type":"article","og_title":"Wycieczka grupy II do biblioteki - Przedszkole im. Ksi\u0119cia Przemys\u0142awa","og_description":"Dnia 10 maja 2024 r. przedszkolaki z grupy drugiej uda\u0142y si\u0119 na wycieczk\u0119 do Biblioteki Filologicznej w Poznaniu.Dzieci mia\u0142y okazj\u0119 przenie\u015b\u0107 si\u0119 do stolicy Francji, pozna\u0107 histori\u0119 powstania wie\u017cy Eiffla oraz zobaczy\u0107 pi\u0119kne widoki z tego miejsca. Nast\u0119pnie uda\u0142y si\u0119 wraz z opiekunami do k\u0105cika ksi\u0105\u017cek i gier edukacyjnych dla dzieci. Pracownik biblioteki pokaza\u0142 r\u00f3wnie\u017c [&hellip;]","og_url":"https:\/\/www.przedszkole161.pl\/?p=9427","og_site_name":"Przedszkole im. Ksi\u0119cia Przemys\u0142awa","article_published_time":"2024-05-12T19:32:19+00:00","article_modified_time":"2024-05-12T19:32:32+00:00","og_image":[{"width":267,"height":189,"url":"https:\/\/www.przedszkole161.pl\/wp-content\/uploads\/2024\/05\/biblioteka-gif.jpg","type":"image\/jpeg"}],"author":"Magda Dulemba","twitter_card":"summary_large_image","twitter_misc":{"Napisane przez":"Magda Dulemba","Szacowany czas czytania":"1 minuta"},"schema":{"@context":"https:\/\/schema.org","@graph":[{"@type":"Article","@id":"https:\/\/www.przedszkole161.pl\/?p=9427#article","isPartOf":{"@id":"https:\/\/www.przedszkole161.pl\/?p=9427"},"author":{"name":"Magda Dulemba","@id":"https:\/\/www.przedszkole161.pl\/#\/schema\/person\/673325371d681555a8b67c870d21faac"},"headline":"Wycieczka grupy II do biblioteki","datePublished":"2024-05-12T19:32:19+00:00","dateModified":"2024-05-12T19:32:32+00:00","mainEntityOfPage":{"@id":"https:\/\/www.przedszkole161.pl\/?p=9427"},"wordCount":105,"image":{"@id":"https:\/\/www.przedszkole161.pl\/?p=9427#primaryimage"},"thumbnailUrl":"https:\/\/ple161.poznan.pl\/wp-content\/uploads\/2024\/05\/biblioteka-gif.jpg","articleSection":["Aktualno\u015bci","Wydarzenia"],"inLanguage":"pl-PL"},{"@type":"WebPage","@id":"https:\/\/www.przedszkole161.pl\/?p=9427","url":"https:\/\/www.przedszkole161.pl\/?p=9427","name":"Wycieczka grupy II do biblioteki - Przedszkole im. Ksi\u0119cia Przemys\u0142awa","isPartOf":{"@id":"https:\/\/www.przedszkole161.pl\/#website"},"primaryImageOfPage":{"@id":"https:\/\/www.przedszkole161.pl\/?p=9427#primaryimage"},"image":{"@id":"https:\/\/www.przedszkole161.pl\/?p=9427#primaryimage"},"thumbnailUrl":"https:\/\/ple161.poznan.pl\/wp-content\/uploads\/2024\/05\/biblioteka-gif.jpg","datePublished":"2024-05-12T19:32:19+00:00","dateModified":"2024-05-12T19:32:32+00:00","author":{"@id":"https:\/\/www.przedszkole161.pl\/#\/schema\/person\/673325371d681555a8b67c870d21faac"},"breadcrumb":{"@id":"https:\/\/www.przedszkole161.pl\/?p=9427#breadcrumb"},"inLanguage":"pl-PL","potentialAction":[{"@type":"ReadAction","target":["https:\/\/www.przedszkole161.pl\/?p=9427"]}]},{"@type":"ImageObject","inLanguage":"pl-PL","@id":"https:\/\/www.przedszkole161.pl\/?p=9427#primaryimage","url":"https:\/\/ple161.poznan.pl\/wp-content\/uploads\/2024\/05\/biblioteka-gif.jpg","contentUrl":"https:\/\/ple161.poznan.pl\/wp-content\/uploads\/2024\/05\/biblioteka-gif.jpg","width":267,"height":189},{"@type":"BreadcrumbList","@id":"https:\/\/www.przedszkole161.pl\/?p=9427#breadcrumb","itemListElement":[{"@type":"ListItem","position":1,"name":"Strona g\u0142\u00f3wna","item":"https:\/\/www.przedszkole161.pl\/"},{"@type":"ListItem","position":2,"name":"Wycieczka grupy II do biblioteki"}]},{"@type":"WebSite","@id":"https:\/\/www.przedszkole161.pl\/#website","url":"https:\/\/www.przedszkole161.pl\/","name":"Przedszkole im. Ksi\u0119cia Przemys\u0142awa 161","description":"","potentialAction":[{"@type":"SearchAction","target":{"@type":"EntryPoint","urlTemplate":"https:\/\/www.przedszkole161.pl\/?s={search_term_string}"},"query-input":{"@type":"PropertyValueSpecification","valueRequired":true,"valueName":"search_term_string"}}],"inLanguage":"pl-PL"},{"@type":"Person","@id":"https:\/\/www.przedszkole161.pl\/#\/schema\/person\/673325371d681555a8b67c870d21faac","name":"Magda Dulemba","image":{"@type":"ImageObject","inLanguage":"pl-PL","@id":"https:\/\/secure.gravatar.com\/avatar\/f6f4cc73208d68c67fc19e1f80620e23d66ef2a923cb26a6d726fbc6a55bbcbc?s=96&d=mm&r=g","url":"https:\/\/secure.gravatar.com\/avatar\/f6f4cc73208d68c67fc19e1f80620e23d66ef2a923cb26a6d726fbc6a55bbcbc?s=96&d=mm&r=g","contentUrl":"https:\/\/secure.gravatar.com\/avatar\/f6f4cc73208d68c67fc19e1f80620e23d66ef2a923cb26a6d726fbc6a55bbcbc?s=96&d=mm&r=g","caption":"Magda Dulemba"},"url":"https:\/\/ple161.poznan.pl\/?author=2"}]}},"_links":{"self":[{"href":"https:\/\/ple161.poznan.pl\/index.php?rest_route=\/wp\/v2\/posts\/9427","targetHints":{"allow":["GET"]}}],"collection":[{"href":"https:\/\/ple161.poznan.pl\/index.php?rest_route=\/wp\/v2\/posts"}],"about":[{"href":"https:\/\/ple161.poznan.pl\/index.php?rest_route=\/wp\/v2\/types\/post"}],"author":[{"embeddable":true,"href":"https:\/\/ple161.poznan.pl\/index.php?rest_route=\/wp\/v2\/users\/2"}],"replies":[{"embeddable":true,"href":"https:\/\/ple161.poznan.pl\/index.php?rest_route=%2Fwp%2Fv2%2Fcomments&post=9427"}],"version-history":[{"count":2,"href":"https:\/\/ple161.poznan.pl\/index.php?rest_route=\/wp\/v2\/posts\/9427\/revisions"}],"predecessor-version":[{"id":9430,"href":"https:\/\/ple161.poznan.pl\/index.php?rest_route=\/wp\/v2\/posts\/9427\/revisions\/9430"}],"wp:featuredmedia":[{"embeddable":true,"href":"https:\/\/ple161.poznan.pl\/index.php?rest_route=\/wp\/v2\/media\/9428"}],"wp:attachment":[{"href":"https:\/\/ple161.poznan.pl\/index.php?rest_route=%2Fwp%2Fv2%2Fmedia&parent=9427"}],"wp:term":[{"taxonomy":"category","embeddable":true,"href":"https:\/\/ple161.poznan.pl\/index.php?rest_route=%2Fwp%2Fv2%2Fcategories&post=9427"},{"taxonomy":"post_tag","embeddable":true,"href":"https:\/\/ple161.poznan.pl\/index.php?rest_route=%2Fwp%2Fv2%2Ftags&post=9427"}],"curies":[{"name":"wp","href":"https:\/\/api.w.org\/{rel}","templated":true}]}}