{"id":9413,"date":"2024-04-27T20:16:02","date_gmt":"2024-04-27T19:16:02","guid":{"rendered":"https:\/\/ple161.poznan.pl\/?p=9413"},"modified":"2024-05-12T20:18:27","modified_gmt":"2024-05-12T19:18:27","slug":"dzien-ksiazki-4","status":"publish","type":"post","link":"https:\/\/ple161.poznan.pl\/?p=9413","title":{"rendered":"Dzie\u0144 Ksi\u0105\u017cki"},"content":{"rendered":"<p>,Kto czyta ksi\u0105\u017cki \u017cyje podw\u00f3jnie\u201d<\/p>\n<p>26 kwietnia w naszym przedszkolu jak i na ca\u0142ym \u015bwiecie obchodzili\u015bmy Mi\u0119dzynarodowy Dzie\u0144 Ksi\u0105\u017cki i Praw Autorskich. Jest to \u015bwi\u0119to wszystkich czytelnik\u00f3w i ludzi zwi\u0105zanych z ksi\u0105\u017ck\u0105 i pisaniem. W 1995 roku UNESCO og\u0142osi\u0142a 23 kwietnia \u2013\u015awiatowym Dniem Ksi\u0105\u017cki, a w Polsce to \u015bwi\u0119to obchodzimy od 1997 r. Podczas pi\u0105tkowych zaj\u0119\u0107 dzieci w poszczeg\u00f3lnych grupach dowiedzia\u0142y si\u0119<br \/>\njak powstaje ksi\u0105\u017cka, jak\u0105 drog\u0119 musi pokona\u0107 do momentu wydania , jaka jest jej budowa . Odby\u0142y si\u0119 te\u017c pogadanki odno\u015bnie czytelnictwa, korzy\u015bci p\u0142yn\u0105cych z czytania ,zabawy, prezentacje , ale g\u0142\u00f3wnym celem by\u0142o promowanie ksi\u0105\u017cek i czytelnictwa , kt\u00f3re jest \u017ar\u00f3d\u0142em warto\u015bci i wiedzy. Dzieci dowiedzia\u0142y si\u0119 gdzie ksi\u0105\u017ck\u0119 mo\u017cna kupi\u0107 , a gdzie wypo\u017cyczy\u0107. Przedszkolaki wykona\u0142y r\u00f3wnie\u017c pi\u0119kne<br \/>\nprace o tematyce zwi\u0105zanej z ksi\u0105\u017ck\u0105( by\u0142y to zak\u0142adki , projektowanie w\u0142asnej ksi\u0105\u017cki i wiele innych pomys\u0142\u00f3w).<\/p>\n<p>,,Nie trzeba wielkich mie\u0107 bibliotek , by przyjacielem ksi\u0105\u017cki zosta\u0107\u201d<\/p>\n","protected":false},"excerpt":{"rendered":"<p>,Kto czyta ksi\u0105\u017cki \u017cyje podw\u00f3jnie\u201d 26 kwietnia w naszym przedszkolu jak i na ca\u0142ym \u015bwiecie obchodzili\u015bmy Mi\u0119dzynarodowy Dzie\u0144 Ksi\u0105\u017cki i Praw Autorskich. Jest to \u015bwi\u0119to wszystkich czytelnik\u00f3w i ludzi zwi\u0105zanych z ksi\u0105\u017ck\u0105 i pisaniem. W 1995 roku UNESCO og\u0142osi\u0142a 23 kwietnia \u2013\u015awiatowym Dniem Ksi\u0105\u017cki, a w Polsce to \u015bwi\u0119to obchodzimy od 1997 r. Podczas pi\u0105tkowych [&hellip;]<\/p>\n","protected":false},"author":2,"featured_media":4093,"comment_status":"closed","ping_status":"closed","sticky":false,"template":"","format":"standard","meta":{"ngg_post_thumbnail":0,"footnotes":""},"categories":[4,1],"tags":[],"class_list":["post-9413","post","type-post","status-publish","format-standard","has-post-thumbnail","hentry","category-aktualnosci","category-wydarzenia"],"yoast_head":"<!-- This site is optimized with the Yoast SEO plugin v27.4 - https:\/\/yoast.com\/product\/yoast-seo-wordpress\/ -->\n<title>Dzie\u0144 Ksi\u0105\u017cki - Przedszkole im. Ksi\u0119cia Przemys\u0142awa<\/title>\n<meta name=\"robots\" content=\"noindex, follow\" \/>\n<meta property=\"og:locale\" content=\"pl_PL\" \/>\n<meta property=\"og:type\" content=\"article\" \/>\n<meta property=\"og:title\" content=\"Dzie\u0144 Ksi\u0105\u017cki - Przedszkole im. Ksi\u0119cia Przemys\u0142awa\" \/>\n<meta property=\"og:description\" content=\",Kto czyta ksi\u0105\u017cki \u017cyje podw\u00f3jnie\u201d 26 kwietnia w naszym przedszkolu jak i na ca\u0142ym \u015bwiecie obchodzili\u015bmy Mi\u0119dzynarodowy Dzie\u0144 Ksi\u0105\u017cki i Praw Autorskich. Jest to \u015bwi\u0119to wszystkich czytelnik\u00f3w i ludzi zwi\u0105zanych z ksi\u0105\u017ck\u0105 i pisaniem. W 1995 roku UNESCO og\u0142osi\u0142a 23 kwietnia \u2013\u015awiatowym Dniem Ksi\u0105\u017cki, a w Polsce to \u015bwi\u0119to obchodzimy od 1997 r. Podczas pi\u0105tkowych [&hellip;]\" \/>\n<meta property=\"og:url\" content=\"https:\/\/www.przedszkole161.pl\/?p=9413\" \/>\n<meta property=\"og:site_name\" content=\"Przedszkole im. Ksi\u0119cia Przemys\u0142awa\" \/>\n<meta property=\"article:published_time\" content=\"2024-04-27T19:16:02+00:00\" \/>\n<meta property=\"article:modified_time\" content=\"2024-05-12T19:18:27+00:00\" \/>\n<meta property=\"og:image\" content=\"https:\/\/www.przedszkole161.pl\/wp-content\/uploads\/2020\/02\/czytam.jpg\" \/>\n\t<meta property=\"og:image:width\" content=\"300\" \/>\n\t<meta property=\"og:image:height\" content=\"228\" \/>\n\t<meta property=\"og:image:type\" content=\"image\/jpeg\" \/>\n<meta name=\"author\" content=\"Magda Dulemba\" \/>\n<meta name=\"twitter:card\" content=\"summary_large_image\" \/>\n<meta name=\"twitter:label1\" content=\"Napisane przez\" \/>\n\t<meta name=\"twitter:data1\" content=\"Magda Dulemba\" \/>\n\t<meta name=\"twitter:label2\" content=\"Szacowany czas czytania\" \/>\n\t<meta name=\"twitter:data2\" content=\"2 minuty\" \/>\n<script type=\"application\/ld+json\" class=\"yoast-schema-graph\">{\"@context\":\"https:\\\/\\\/schema.org\",\"@graph\":[{\"@type\":\"Article\",\"@id\":\"https:\\\/\\\/www.przedszkole161.pl\\\/?p=9413#article\",\"isPartOf\":{\"@id\":\"https:\\\/\\\/www.przedszkole161.pl\\\/?p=9413\"},\"author\":{\"name\":\"Magda Dulemba\",\"@id\":\"https:\\\/\\\/www.przedszkole161.pl\\\/#\\\/schema\\\/person\\\/673325371d681555a8b67c870d21faac\"},\"headline\":\"Dzie\u0144 Ksi\u0105\u017cki\",\"datePublished\":\"2024-04-27T19:16:02+00:00\",\"dateModified\":\"2024-05-12T19:18:27+00:00\",\"mainEntityOfPage\":{\"@id\":\"https:\\\/\\\/www.przedszkole161.pl\\\/?p=9413\"},\"wordCount\":185,\"image\":{\"@id\":\"https:\\\/\\\/www.przedszkole161.pl\\\/?p=9413#primaryimage\"},\"thumbnailUrl\":\"https:\\\/\\\/ple161.poznan.pl\\\/wp-content\\\/uploads\\\/2020\\\/02\\\/czytam.jpg\",\"articleSection\":[\"Aktualno\u015bci\",\"Wydarzenia\"],\"inLanguage\":\"pl-PL\"},{\"@type\":\"WebPage\",\"@id\":\"https:\\\/\\\/www.przedszkole161.pl\\\/?p=9413\",\"url\":\"https:\\\/\\\/www.przedszkole161.pl\\\/?p=9413\",\"name\":\"Dzie\u0144 Ksi\u0105\u017cki - Przedszkole im. Ksi\u0119cia Przemys\u0142awa\",\"isPartOf\":{\"@id\":\"https:\\\/\\\/www.przedszkole161.pl\\\/#website\"},\"primaryImageOfPage\":{\"@id\":\"https:\\\/\\\/www.przedszkole161.pl\\\/?p=9413#primaryimage\"},\"image\":{\"@id\":\"https:\\\/\\\/www.przedszkole161.pl\\\/?p=9413#primaryimage\"},\"thumbnailUrl\":\"https:\\\/\\\/ple161.poznan.pl\\\/wp-content\\\/uploads\\\/2020\\\/02\\\/czytam.jpg\",\"datePublished\":\"2024-04-27T19:16:02+00:00\",\"dateModified\":\"2024-05-12T19:18:27+00:00\",\"author\":{\"@id\":\"https:\\\/\\\/www.przedszkole161.pl\\\/#\\\/schema\\\/person\\\/673325371d681555a8b67c870d21faac\"},\"breadcrumb\":{\"@id\":\"https:\\\/\\\/www.przedszkole161.pl\\\/?p=9413#breadcrumb\"},\"inLanguage\":\"pl-PL\",\"potentialAction\":[{\"@type\":\"ReadAction\",\"target\":[\"https:\\\/\\\/www.przedszkole161.pl\\\/?p=9413\"]}]},{\"@type\":\"ImageObject\",\"inLanguage\":\"pl-PL\",\"@id\":\"https:\\\/\\\/www.przedszkole161.pl\\\/?p=9413#primaryimage\",\"url\":\"https:\\\/\\\/ple161.poznan.pl\\\/wp-content\\\/uploads\\\/2020\\\/02\\\/czytam.jpg\",\"contentUrl\":\"https:\\\/\\\/ple161.poznan.pl\\\/wp-content\\\/uploads\\\/2020\\\/02\\\/czytam.jpg\",\"width\":300,\"height\":228},{\"@type\":\"BreadcrumbList\",\"@id\":\"https:\\\/\\\/www.przedszkole161.pl\\\/?p=9413#breadcrumb\",\"itemListElement\":[{\"@type\":\"ListItem\",\"position\":1,\"name\":\"Strona g\u0142\u00f3wna\",\"item\":\"https:\\\/\\\/www.przedszkole161.pl\\\/\"},{\"@type\":\"ListItem\",\"position\":2,\"name\":\"Dzie\u0144 Ksi\u0105\u017cki\"}]},{\"@type\":\"WebSite\",\"@id\":\"https:\\\/\\\/www.przedszkole161.pl\\\/#website\",\"url\":\"https:\\\/\\\/www.przedszkole161.pl\\\/\",\"name\":\"Przedszkole im. Ksi\u0119cia Przemys\u0142awa 161\",\"description\":\"\",\"potentialAction\":[{\"@type\":\"SearchAction\",\"target\":{\"@type\":\"EntryPoint\",\"urlTemplate\":\"https:\\\/\\\/www.przedszkole161.pl\\\/?s={search_term_string}\"},\"query-input\":{\"@type\":\"PropertyValueSpecification\",\"valueRequired\":true,\"valueName\":\"search_term_string\"}}],\"inLanguage\":\"pl-PL\"},{\"@type\":\"Person\",\"@id\":\"https:\\\/\\\/www.przedszkole161.pl\\\/#\\\/schema\\\/person\\\/673325371d681555a8b67c870d21faac\",\"name\":\"Magda Dulemba\",\"image\":{\"@type\":\"ImageObject\",\"inLanguage\":\"pl-PL\",\"@id\":\"https:\\\/\\\/secure.gravatar.com\\\/avatar\\\/f6f4cc73208d68c67fc19e1f80620e23d66ef2a923cb26a6d726fbc6a55bbcbc?s=96&d=mm&r=g\",\"url\":\"https:\\\/\\\/secure.gravatar.com\\\/avatar\\\/f6f4cc73208d68c67fc19e1f80620e23d66ef2a923cb26a6d726fbc6a55bbcbc?s=96&d=mm&r=g\",\"contentUrl\":\"https:\\\/\\\/secure.gravatar.com\\\/avatar\\\/f6f4cc73208d68c67fc19e1f80620e23d66ef2a923cb26a6d726fbc6a55bbcbc?s=96&d=mm&r=g\",\"caption\":\"Magda Dulemba\"},\"url\":\"https:\\\/\\\/ple161.poznan.pl\\\/?author=2\"}]}<\/script>\n<!-- \/ Yoast SEO plugin. -->","yoast_head_json":{"title":"Dzie\u0144 Ksi\u0105\u017cki - Przedszkole im. Ksi\u0119cia Przemys\u0142awa","robots":{"index":"noindex","follow":"follow"},"og_locale":"pl_PL","og_type":"article","og_title":"Dzie\u0144 Ksi\u0105\u017cki - Przedszkole im. Ksi\u0119cia Przemys\u0142awa","og_description":",Kto czyta ksi\u0105\u017cki \u017cyje podw\u00f3jnie\u201d 26 kwietnia w naszym przedszkolu jak i na ca\u0142ym \u015bwiecie obchodzili\u015bmy Mi\u0119dzynarodowy Dzie\u0144 Ksi\u0105\u017cki i Praw Autorskich. Jest to \u015bwi\u0119to wszystkich czytelnik\u00f3w i ludzi zwi\u0105zanych z ksi\u0105\u017ck\u0105 i pisaniem. W 1995 roku UNESCO og\u0142osi\u0142a 23 kwietnia \u2013\u015awiatowym Dniem Ksi\u0105\u017cki, a w Polsce to \u015bwi\u0119to obchodzimy od 1997 r. Podczas pi\u0105tkowych [&hellip;]","og_url":"https:\/\/www.przedszkole161.pl\/?p=9413","og_site_name":"Przedszkole im. Ksi\u0119cia Przemys\u0142awa","article_published_time":"2024-04-27T19:16:02+00:00","article_modified_time":"2024-05-12T19:18:27+00:00","og_image":[{"width":300,"height":228,"url":"https:\/\/www.przedszkole161.pl\/wp-content\/uploads\/2020\/02\/czytam.jpg","type":"image\/jpeg"}],"author":"Magda Dulemba","twitter_card":"summary_large_image","twitter_misc":{"Napisane przez":"Magda Dulemba","Szacowany czas czytania":"2 minuty"},"schema":{"@context":"https:\/\/schema.org","@graph":[{"@type":"Article","@id":"https:\/\/www.przedszkole161.pl\/?p=9413#article","isPartOf":{"@id":"https:\/\/www.przedszkole161.pl\/?p=9413"},"author":{"name":"Magda Dulemba","@id":"https:\/\/www.przedszkole161.pl\/#\/schema\/person\/673325371d681555a8b67c870d21faac"},"headline":"Dzie\u0144 Ksi\u0105\u017cki","datePublished":"2024-04-27T19:16:02+00:00","dateModified":"2024-05-12T19:18:27+00:00","mainEntityOfPage":{"@id":"https:\/\/www.przedszkole161.pl\/?p=9413"},"wordCount":185,"image":{"@id":"https:\/\/www.przedszkole161.pl\/?p=9413#primaryimage"},"thumbnailUrl":"https:\/\/ple161.poznan.pl\/wp-content\/uploads\/2020\/02\/czytam.jpg","articleSection":["Aktualno\u015bci","Wydarzenia"],"inLanguage":"pl-PL"},{"@type":"WebPage","@id":"https:\/\/www.przedszkole161.pl\/?p=9413","url":"https:\/\/www.przedszkole161.pl\/?p=9413","name":"Dzie\u0144 Ksi\u0105\u017cki - Przedszkole im. Ksi\u0119cia Przemys\u0142awa","isPartOf":{"@id":"https:\/\/www.przedszkole161.pl\/#website"},"primaryImageOfPage":{"@id":"https:\/\/www.przedszkole161.pl\/?p=9413#primaryimage"},"image":{"@id":"https:\/\/www.przedszkole161.pl\/?p=9413#primaryimage"},"thumbnailUrl":"https:\/\/ple161.poznan.pl\/wp-content\/uploads\/2020\/02\/czytam.jpg","datePublished":"2024-04-27T19:16:02+00:00","dateModified":"2024-05-12T19:18:27+00:00","author":{"@id":"https:\/\/www.przedszkole161.pl\/#\/schema\/person\/673325371d681555a8b67c870d21faac"},"breadcrumb":{"@id":"https:\/\/www.przedszkole161.pl\/?p=9413#breadcrumb"},"inLanguage":"pl-PL","potentialAction":[{"@type":"ReadAction","target":["https:\/\/www.przedszkole161.pl\/?p=9413"]}]},{"@type":"ImageObject","inLanguage":"pl-PL","@id":"https:\/\/www.przedszkole161.pl\/?p=9413#primaryimage","url":"https:\/\/ple161.poznan.pl\/wp-content\/uploads\/2020\/02\/czytam.jpg","contentUrl":"https:\/\/ple161.poznan.pl\/wp-content\/uploads\/2020\/02\/czytam.jpg","width":300,"height":228},{"@type":"BreadcrumbList","@id":"https:\/\/www.przedszkole161.pl\/?p=9413#breadcrumb","itemListElement":[{"@type":"ListItem","position":1,"name":"Strona g\u0142\u00f3wna","item":"https:\/\/www.przedszkole161.pl\/"},{"@type":"ListItem","position":2,"name":"Dzie\u0144 Ksi\u0105\u017cki"}]},{"@type":"WebSite","@id":"https:\/\/www.przedszkole161.pl\/#website","url":"https:\/\/www.przedszkole161.pl\/","name":"Przedszkole im. Ksi\u0119cia Przemys\u0142awa 161","description":"","potentialAction":[{"@type":"SearchAction","target":{"@type":"EntryPoint","urlTemplate":"https:\/\/www.przedszkole161.pl\/?s={search_term_string}"},"query-input":{"@type":"PropertyValueSpecification","valueRequired":true,"valueName":"search_term_string"}}],"inLanguage":"pl-PL"},{"@type":"Person","@id":"https:\/\/www.przedszkole161.pl\/#\/schema\/person\/673325371d681555a8b67c870d21faac","name":"Magda Dulemba","image":{"@type":"ImageObject","inLanguage":"pl-PL","@id":"https:\/\/secure.gravatar.com\/avatar\/f6f4cc73208d68c67fc19e1f80620e23d66ef2a923cb26a6d726fbc6a55bbcbc?s=96&d=mm&r=g","url":"https:\/\/secure.gravatar.com\/avatar\/f6f4cc73208d68c67fc19e1f80620e23d66ef2a923cb26a6d726fbc6a55bbcbc?s=96&d=mm&r=g","contentUrl":"https:\/\/secure.gravatar.com\/avatar\/f6f4cc73208d68c67fc19e1f80620e23d66ef2a923cb26a6d726fbc6a55bbcbc?s=96&d=mm&r=g","caption":"Magda Dulemba"},"url":"https:\/\/ple161.poznan.pl\/?author=2"}]}},"_links":{"self":[{"href":"https:\/\/ple161.poznan.pl\/index.php?rest_route=\/wp\/v2\/posts\/9413","targetHints":{"allow":["GET"]}}],"collection":[{"href":"https:\/\/ple161.poznan.pl\/index.php?rest_route=\/wp\/v2\/posts"}],"about":[{"href":"https:\/\/ple161.poznan.pl\/index.php?rest_route=\/wp\/v2\/types\/post"}],"author":[{"embeddable":true,"href":"https:\/\/ple161.poznan.pl\/index.php?rest_route=\/wp\/v2\/users\/2"}],"replies":[{"embeddable":true,"href":"https:\/\/ple161.poznan.pl\/index.php?rest_route=%2Fwp%2Fv2%2Fcomments&post=9413"}],"version-history":[{"count":1,"href":"https:\/\/ple161.poznan.pl\/index.php?rest_route=\/wp\/v2\/posts\/9413\/revisions"}],"predecessor-version":[{"id":9414,"href":"https:\/\/ple161.poznan.pl\/index.php?rest_route=\/wp\/v2\/posts\/9413\/revisions\/9414"}],"wp:featuredmedia":[{"embeddable":true,"href":"https:\/\/ple161.poznan.pl\/index.php?rest_route=\/wp\/v2\/media\/4093"}],"wp:attachment":[{"href":"https:\/\/ple161.poznan.pl\/index.php?rest_route=%2Fwp%2Fv2%2Fmedia&parent=9413"}],"wp:term":[{"taxonomy":"category","embeddable":true,"href":"https:\/\/ple161.poznan.pl\/index.php?rest_route=%2Fwp%2Fv2%2Fcategories&post=9413"},{"taxonomy":"post_tag","embeddable":true,"href":"https:\/\/ple161.poznan.pl\/index.php?rest_route=%2Fwp%2Fv2%2Ftags&post=9413"}],"curies":[{"name":"wp","href":"https:\/\/api.w.org\/{rel}","templated":true}]}}