{"id":9311,"date":"2024-04-14T17:28:40","date_gmt":"2024-04-14T16:28:40","guid":{"rendered":"https:\/\/ple161.poznan.pl\/?p=9311"},"modified":"2024-04-14T17:28:43","modified_gmt":"2024-04-14T16:28:43","slug":"program-edukacyjny-mamo-tato-co-wy-na-to","status":"publish","type":"post","link":"https:\/\/ple161.poznan.pl\/?p=9311","title":{"rendered":"Program edukacyjny,, Mamo, tato \u2013 co wy na to\u201d"},"content":{"rendered":"<p>Program edukacyjny,, Mamo, tato \u2013 co wy na to\u201d z Powiatowej Stacji Sanitarno \u2013 Epidemiologicznej w Poznaniu zosta\u0142 zrealizowany w grupie IV i V. G\u0142\u00f3wnym celem programu by\u0142o zwr\u00f3cenie uwagi rodzic\u00f3w dzieci na specyfik\u0119 ich rozwoju, istot\u0119 zmian fizycznych i psychicznych, kt\u00f3rych do\u015bwiadczaj\u0105, ze szczeg\u00f3lnym naciskiem na ich potrzeby, s\u0142abo\u015bci i kryzysy, uwra\u017cliwienie na potrzeby &#8222;ma\u0142ego&#8221; cz\u0142owiek oraz budowanie relacji pe\u0142nych wzajemnego szacunku i poczucia bezpiecze\u0144stwa. W ramach programu dzieci kszta\u0142towa\u0142y nawyki prozdrowotne, dowiedzia\u0142y si\u0119, jak wyra\u017ca\u0107 swoje emocje, jak radzi\u0107 sobie ze z\u0142o\u015bci\u0105, \u00a0rozwija\u0142y aktywno\u015b\u0107 fizyczn\u0105, rozwi\u0105zywa\u0142y zadania w broszurce informacyjnej otrzymanej z Powiatowej Stacji Sanitarno \u2013 Epidemiologicznej w Poznaniu. Zajmowali\u015bmy si\u0119 tematem higieny, zdrowego \u017cywienia a o prawid\u0142owy rozw\u00f3j mowy zadba\u0142a Pani Anna Jamry \u2013 logopeda, kt\u00f3ra przyj\u0119\u0142a zaproszenie do udzia\u0142u w programie. .<br \/>\nDzi\u0119kujemy serdecznie Rodzicom za w\u0142\u0105czenie si\u0119 w realizacj\u0119 programu.<\/p>\n","protected":false},"excerpt":{"rendered":"<p>Program edukacyjny,, Mamo, tato \u2013 co wy na to\u201d z Powiatowej Stacji Sanitarno \u2013 Epidemiologicznej w Poznaniu zosta\u0142 zrealizowany w grupie IV i V. G\u0142\u00f3wnym celem programu by\u0142o zwr\u00f3cenie uwagi rodzic\u00f3w dzieci na specyfik\u0119 ich rozwoju, istot\u0119 zmian fizycznych i psychicznych, kt\u00f3rych do\u015bwiadczaj\u0105, ze szczeg\u00f3lnym naciskiem na ich potrzeby, s\u0142abo\u015bci i kryzysy, uwra\u017cliwienie na potrzeby [&hellip;]<\/p>\n","protected":false},"author":2,"featured_media":9312,"comment_status":"closed","ping_status":"closed","sticky":false,"template":"","format":"standard","meta":{"ngg_post_thumbnail":0,"footnotes":""},"categories":[4,1],"tags":[],"class_list":["post-9311","post","type-post","status-publish","format-standard","has-post-thumbnail","hentry","category-aktualnosci","category-wydarzenia"],"yoast_head":"<!-- This site is optimized with the Yoast SEO plugin v27.4 - https:\/\/yoast.com\/product\/yoast-seo-wordpress\/ -->\n<title>Program edukacyjny,, Mamo, tato \u2013 co wy na to\u201d - Przedszkole im. Ksi\u0119cia Przemys\u0142awa<\/title>\n<meta name=\"robots\" content=\"noindex, follow\" \/>\n<meta property=\"og:locale\" content=\"pl_PL\" \/>\n<meta property=\"og:type\" content=\"article\" \/>\n<meta property=\"og:title\" content=\"Program edukacyjny,, Mamo, tato \u2013 co wy na to\u201d - Przedszkole im. Ksi\u0119cia Przemys\u0142awa\" \/>\n<meta property=\"og:description\" content=\"Program edukacyjny,, Mamo, tato \u2013 co wy na to\u201d z Powiatowej Stacji Sanitarno \u2013 Epidemiologicznej w Poznaniu zosta\u0142 zrealizowany w grupie IV i V. G\u0142\u00f3wnym celem programu by\u0142o zwr\u00f3cenie uwagi rodzic\u00f3w dzieci na specyfik\u0119 ich rozwoju, istot\u0119 zmian fizycznych i psychicznych, kt\u00f3rych do\u015bwiadczaj\u0105, ze szczeg\u00f3lnym naciskiem na ich potrzeby, s\u0142abo\u015bci i kryzysy, uwra\u017cliwienie na potrzeby [&hellip;]\" \/>\n<meta property=\"og:url\" content=\"https:\/\/www.przedszkole161.pl\/?p=9311\" \/>\n<meta property=\"og:site_name\" content=\"Przedszkole im. Ksi\u0119cia Przemys\u0142awa\" \/>\n<meta property=\"article:published_time\" content=\"2024-04-14T16:28:40+00:00\" \/>\n<meta property=\"article:modified_time\" content=\"2024-04-14T16:28:43+00:00\" \/>\n<meta property=\"og:image\" content=\"https:\/\/www.przedszkole161.pl\/wp-content\/uploads\/2024\/04\/mamo-tato-co-wy-na-to.png\" \/>\n\t<meta property=\"og:image:width\" content=\"1920\" \/>\n\t<meta property=\"og:image:height\" content=\"810\" \/>\n\t<meta property=\"og:image:type\" content=\"image\/png\" \/>\n<meta name=\"author\" content=\"Magda Dulemba\" \/>\n<meta name=\"twitter:card\" content=\"summary_large_image\" \/>\n<meta name=\"twitter:label1\" content=\"Napisane przez\" \/>\n\t<meta name=\"twitter:data1\" content=\"Magda Dulemba\" \/>\n\t<meta name=\"twitter:label2\" content=\"Szacowany czas czytania\" \/>\n\t<meta name=\"twitter:data2\" content=\"1 minuta\" \/>\n<script type=\"application\/ld+json\" class=\"yoast-schema-graph\">{\"@context\":\"https:\\\/\\\/schema.org\",\"@graph\":[{\"@type\":\"Article\",\"@id\":\"https:\\\/\\\/www.przedszkole161.pl\\\/?p=9311#article\",\"isPartOf\":{\"@id\":\"https:\\\/\\\/www.przedszkole161.pl\\\/?p=9311\"},\"author\":{\"name\":\"Magda Dulemba\",\"@id\":\"https:\\\/\\\/www.przedszkole161.pl\\\/#\\\/schema\\\/person\\\/673325371d681555a8b67c870d21faac\"},\"headline\":\"Program edukacyjny,, Mamo, tato \u2013 co wy na to\u201d\",\"datePublished\":\"2024-04-14T16:28:40+00:00\",\"dateModified\":\"2024-04-14T16:28:43+00:00\",\"mainEntityOfPage\":{\"@id\":\"https:\\\/\\\/www.przedszkole161.pl\\\/?p=9311\"},\"wordCount\":170,\"image\":{\"@id\":\"https:\\\/\\\/www.przedszkole161.pl\\\/?p=9311#primaryimage\"},\"thumbnailUrl\":\"https:\\\/\\\/ple161.poznan.pl\\\/wp-content\\\/uploads\\\/2024\\\/04\\\/mamo-tato-co-wy-na-to.png\",\"articleSection\":[\"Aktualno\u015bci\",\"Wydarzenia\"],\"inLanguage\":\"pl-PL\"},{\"@type\":\"WebPage\",\"@id\":\"https:\\\/\\\/www.przedszkole161.pl\\\/?p=9311\",\"url\":\"https:\\\/\\\/www.przedszkole161.pl\\\/?p=9311\",\"name\":\"Program edukacyjny,, Mamo, tato \u2013 co wy na to\u201d - Przedszkole im. Ksi\u0119cia Przemys\u0142awa\",\"isPartOf\":{\"@id\":\"https:\\\/\\\/www.przedszkole161.pl\\\/#website\"},\"primaryImageOfPage\":{\"@id\":\"https:\\\/\\\/www.przedszkole161.pl\\\/?p=9311#primaryimage\"},\"image\":{\"@id\":\"https:\\\/\\\/www.przedszkole161.pl\\\/?p=9311#primaryimage\"},\"thumbnailUrl\":\"https:\\\/\\\/ple161.poznan.pl\\\/wp-content\\\/uploads\\\/2024\\\/04\\\/mamo-tato-co-wy-na-to.png\",\"datePublished\":\"2024-04-14T16:28:40+00:00\",\"dateModified\":\"2024-04-14T16:28:43+00:00\",\"author\":{\"@id\":\"https:\\\/\\\/www.przedszkole161.pl\\\/#\\\/schema\\\/person\\\/673325371d681555a8b67c870d21faac\"},\"breadcrumb\":{\"@id\":\"https:\\\/\\\/www.przedszkole161.pl\\\/?p=9311#breadcrumb\"},\"inLanguage\":\"pl-PL\",\"potentialAction\":[{\"@type\":\"ReadAction\",\"target\":[\"https:\\\/\\\/www.przedszkole161.pl\\\/?p=9311\"]}]},{\"@type\":\"ImageObject\",\"inLanguage\":\"pl-PL\",\"@id\":\"https:\\\/\\\/www.przedszkole161.pl\\\/?p=9311#primaryimage\",\"url\":\"https:\\\/\\\/ple161.poznan.pl\\\/wp-content\\\/uploads\\\/2024\\\/04\\\/mamo-tato-co-wy-na-to.png\",\"contentUrl\":\"https:\\\/\\\/ple161.poznan.pl\\\/wp-content\\\/uploads\\\/2024\\\/04\\\/mamo-tato-co-wy-na-to.png\",\"width\":1920,\"height\":810},{\"@type\":\"BreadcrumbList\",\"@id\":\"https:\\\/\\\/www.przedszkole161.pl\\\/?p=9311#breadcrumb\",\"itemListElement\":[{\"@type\":\"ListItem\",\"position\":1,\"name\":\"Strona g\u0142\u00f3wna\",\"item\":\"https:\\\/\\\/www.przedszkole161.pl\\\/\"},{\"@type\":\"ListItem\",\"position\":2,\"name\":\"Program edukacyjny,, Mamo, tato \u2013 co wy na to\u201d\"}]},{\"@type\":\"WebSite\",\"@id\":\"https:\\\/\\\/www.przedszkole161.pl\\\/#website\",\"url\":\"https:\\\/\\\/www.przedszkole161.pl\\\/\",\"name\":\"Przedszkole im. Ksi\u0119cia Przemys\u0142awa 161\",\"description\":\"\",\"potentialAction\":[{\"@type\":\"SearchAction\",\"target\":{\"@type\":\"EntryPoint\",\"urlTemplate\":\"https:\\\/\\\/www.przedszkole161.pl\\\/?s={search_term_string}\"},\"query-input\":{\"@type\":\"PropertyValueSpecification\",\"valueRequired\":true,\"valueName\":\"search_term_string\"}}],\"inLanguage\":\"pl-PL\"},{\"@type\":\"Person\",\"@id\":\"https:\\\/\\\/www.przedszkole161.pl\\\/#\\\/schema\\\/person\\\/673325371d681555a8b67c870d21faac\",\"name\":\"Magda Dulemba\",\"image\":{\"@type\":\"ImageObject\",\"inLanguage\":\"pl-PL\",\"@id\":\"https:\\\/\\\/secure.gravatar.com\\\/avatar\\\/f6f4cc73208d68c67fc19e1f80620e23d66ef2a923cb26a6d726fbc6a55bbcbc?s=96&d=mm&r=g\",\"url\":\"https:\\\/\\\/secure.gravatar.com\\\/avatar\\\/f6f4cc73208d68c67fc19e1f80620e23d66ef2a923cb26a6d726fbc6a55bbcbc?s=96&d=mm&r=g\",\"contentUrl\":\"https:\\\/\\\/secure.gravatar.com\\\/avatar\\\/f6f4cc73208d68c67fc19e1f80620e23d66ef2a923cb26a6d726fbc6a55bbcbc?s=96&d=mm&r=g\",\"caption\":\"Magda Dulemba\"},\"url\":\"https:\\\/\\\/ple161.poznan.pl\\\/?author=2\"}]}<\/script>\n<!-- \/ Yoast SEO plugin. -->","yoast_head_json":{"title":"Program edukacyjny,, Mamo, tato \u2013 co wy na to\u201d - Przedszkole im. Ksi\u0119cia Przemys\u0142awa","robots":{"index":"noindex","follow":"follow"},"og_locale":"pl_PL","og_type":"article","og_title":"Program edukacyjny,, Mamo, tato \u2013 co wy na to\u201d - Przedszkole im. Ksi\u0119cia Przemys\u0142awa","og_description":"Program edukacyjny,, Mamo, tato \u2013 co wy na to\u201d z Powiatowej Stacji Sanitarno \u2013 Epidemiologicznej w Poznaniu zosta\u0142 zrealizowany w grupie IV i V. G\u0142\u00f3wnym celem programu by\u0142o zwr\u00f3cenie uwagi rodzic\u00f3w dzieci na specyfik\u0119 ich rozwoju, istot\u0119 zmian fizycznych i psychicznych, kt\u00f3rych do\u015bwiadczaj\u0105, ze szczeg\u00f3lnym naciskiem na ich potrzeby, s\u0142abo\u015bci i kryzysy, uwra\u017cliwienie na potrzeby [&hellip;]","og_url":"https:\/\/www.przedszkole161.pl\/?p=9311","og_site_name":"Przedszkole im. Ksi\u0119cia Przemys\u0142awa","article_published_time":"2024-04-14T16:28:40+00:00","article_modified_time":"2024-04-14T16:28:43+00:00","og_image":[{"width":1920,"height":810,"url":"https:\/\/www.przedszkole161.pl\/wp-content\/uploads\/2024\/04\/mamo-tato-co-wy-na-to.png","type":"image\/png"}],"author":"Magda Dulemba","twitter_card":"summary_large_image","twitter_misc":{"Napisane przez":"Magda Dulemba","Szacowany czas czytania":"1 minuta"},"schema":{"@context":"https:\/\/schema.org","@graph":[{"@type":"Article","@id":"https:\/\/www.przedszkole161.pl\/?p=9311#article","isPartOf":{"@id":"https:\/\/www.przedszkole161.pl\/?p=9311"},"author":{"name":"Magda Dulemba","@id":"https:\/\/www.przedszkole161.pl\/#\/schema\/person\/673325371d681555a8b67c870d21faac"},"headline":"Program edukacyjny,, Mamo, tato \u2013 co wy na to\u201d","datePublished":"2024-04-14T16:28:40+00:00","dateModified":"2024-04-14T16:28:43+00:00","mainEntityOfPage":{"@id":"https:\/\/www.przedszkole161.pl\/?p=9311"},"wordCount":170,"image":{"@id":"https:\/\/www.przedszkole161.pl\/?p=9311#primaryimage"},"thumbnailUrl":"https:\/\/ple161.poznan.pl\/wp-content\/uploads\/2024\/04\/mamo-tato-co-wy-na-to.png","articleSection":["Aktualno\u015bci","Wydarzenia"],"inLanguage":"pl-PL"},{"@type":"WebPage","@id":"https:\/\/www.przedszkole161.pl\/?p=9311","url":"https:\/\/www.przedszkole161.pl\/?p=9311","name":"Program edukacyjny,, Mamo, tato \u2013 co wy na to\u201d - Przedszkole im. Ksi\u0119cia Przemys\u0142awa","isPartOf":{"@id":"https:\/\/www.przedszkole161.pl\/#website"},"primaryImageOfPage":{"@id":"https:\/\/www.przedszkole161.pl\/?p=9311#primaryimage"},"image":{"@id":"https:\/\/www.przedszkole161.pl\/?p=9311#primaryimage"},"thumbnailUrl":"https:\/\/ple161.poznan.pl\/wp-content\/uploads\/2024\/04\/mamo-tato-co-wy-na-to.png","datePublished":"2024-04-14T16:28:40+00:00","dateModified":"2024-04-14T16:28:43+00:00","author":{"@id":"https:\/\/www.przedszkole161.pl\/#\/schema\/person\/673325371d681555a8b67c870d21faac"},"breadcrumb":{"@id":"https:\/\/www.przedszkole161.pl\/?p=9311#breadcrumb"},"inLanguage":"pl-PL","potentialAction":[{"@type":"ReadAction","target":["https:\/\/www.przedszkole161.pl\/?p=9311"]}]},{"@type":"ImageObject","inLanguage":"pl-PL","@id":"https:\/\/www.przedszkole161.pl\/?p=9311#primaryimage","url":"https:\/\/ple161.poznan.pl\/wp-content\/uploads\/2024\/04\/mamo-tato-co-wy-na-to.png","contentUrl":"https:\/\/ple161.poznan.pl\/wp-content\/uploads\/2024\/04\/mamo-tato-co-wy-na-to.png","width":1920,"height":810},{"@type":"BreadcrumbList","@id":"https:\/\/www.przedszkole161.pl\/?p=9311#breadcrumb","itemListElement":[{"@type":"ListItem","position":1,"name":"Strona g\u0142\u00f3wna","item":"https:\/\/www.przedszkole161.pl\/"},{"@type":"ListItem","position":2,"name":"Program edukacyjny,, Mamo, tato \u2013 co wy na to\u201d"}]},{"@type":"WebSite","@id":"https:\/\/www.przedszkole161.pl\/#website","url":"https:\/\/www.przedszkole161.pl\/","name":"Przedszkole im. Ksi\u0119cia Przemys\u0142awa 161","description":"","potentialAction":[{"@type":"SearchAction","target":{"@type":"EntryPoint","urlTemplate":"https:\/\/www.przedszkole161.pl\/?s={search_term_string}"},"query-input":{"@type":"PropertyValueSpecification","valueRequired":true,"valueName":"search_term_string"}}],"inLanguage":"pl-PL"},{"@type":"Person","@id":"https:\/\/www.przedszkole161.pl\/#\/schema\/person\/673325371d681555a8b67c870d21faac","name":"Magda Dulemba","image":{"@type":"ImageObject","inLanguage":"pl-PL","@id":"https:\/\/secure.gravatar.com\/avatar\/f6f4cc73208d68c67fc19e1f80620e23d66ef2a923cb26a6d726fbc6a55bbcbc?s=96&d=mm&r=g","url":"https:\/\/secure.gravatar.com\/avatar\/f6f4cc73208d68c67fc19e1f80620e23d66ef2a923cb26a6d726fbc6a55bbcbc?s=96&d=mm&r=g","contentUrl":"https:\/\/secure.gravatar.com\/avatar\/f6f4cc73208d68c67fc19e1f80620e23d66ef2a923cb26a6d726fbc6a55bbcbc?s=96&d=mm&r=g","caption":"Magda Dulemba"},"url":"https:\/\/ple161.poznan.pl\/?author=2"}]}},"_links":{"self":[{"href":"https:\/\/ple161.poznan.pl\/index.php?rest_route=\/wp\/v2\/posts\/9311","targetHints":{"allow":["GET"]}}],"collection":[{"href":"https:\/\/ple161.poznan.pl\/index.php?rest_route=\/wp\/v2\/posts"}],"about":[{"href":"https:\/\/ple161.poznan.pl\/index.php?rest_route=\/wp\/v2\/types\/post"}],"author":[{"embeddable":true,"href":"https:\/\/ple161.poznan.pl\/index.php?rest_route=\/wp\/v2\/users\/2"}],"replies":[{"embeddable":true,"href":"https:\/\/ple161.poznan.pl\/index.php?rest_route=%2Fwp%2Fv2%2Fcomments&post=9311"}],"version-history":[{"count":1,"href":"https:\/\/ple161.poznan.pl\/index.php?rest_route=\/wp\/v2\/posts\/9311\/revisions"}],"predecessor-version":[{"id":9313,"href":"https:\/\/ple161.poznan.pl\/index.php?rest_route=\/wp\/v2\/posts\/9311\/revisions\/9313"}],"wp:featuredmedia":[{"embeddable":true,"href":"https:\/\/ple161.poznan.pl\/index.php?rest_route=\/wp\/v2\/media\/9312"}],"wp:attachment":[{"href":"https:\/\/ple161.poznan.pl\/index.php?rest_route=%2Fwp%2Fv2%2Fmedia&parent=9311"}],"wp:term":[{"taxonomy":"category","embeddable":true,"href":"https:\/\/ple161.poznan.pl\/index.php?rest_route=%2Fwp%2Fv2%2Fcategories&post=9311"},{"taxonomy":"post_tag","embeddable":true,"href":"https:\/\/ple161.poznan.pl\/index.php?rest_route=%2Fwp%2Fv2%2Ftags&post=9311"}],"curies":[{"name":"wp","href":"https:\/\/api.w.org\/{rel}","templated":true}]}}