{"id":9307,"date":"2024-04-05T04:45:02","date_gmt":"2024-04-05T03:45:02","guid":{"rendered":"https:\/\/ple161.poznan.pl\/?p=9307"},"modified":"2024-04-09T04:54:55","modified_gmt":"2024-04-09T03:54:55","slug":"dzien-wody-4","status":"publish","type":"post","link":"https:\/\/ple161.poznan.pl\/?p=9307","title":{"rendered":"Dzie\u0144 Wody"},"content":{"rendered":"<p>4 kwietnia w naszym przedszkolu obchodzili\u015bmy\u00a0 Dzie\u0144 Wody. W tym dniu wszystkie dzieci przysz\u0142y ubrane na niebiesko i wsp\u00f3lnie odkrywali\u015bmy tajemnice wody i jej\u00a0 znaczenie dla \u017cycia ludzi, zwierz\u0105t i ro\u015blin. Poznali\u015bmy w\u0119dr\u00f3wk\u0119 kropel wody i dowiedzieli\u015bmy si\u0119 sk\u0105d si\u0119 bierze deszcz. W czasie zabaw badawczych bli\u017cej przyjrzeli\u015bmy si\u0119 wodzie. Eksperymentowali\u015bmy z wod\u0105, badali\u015bmy rozpuszczalno\u015b\u0107\u00a0 r\u00f3\u017cnych substancji w wodzie oraz\u00a0 bawili\u015bmy\u00a0 si\u0119 w co p\u0142ywa, a co tonie. Rozwi\u0105zywali\u015bmy zagadki, rozpoznawali\u015bmy odg\u0142osy deszczu, strumyka, burzy, morza, ulewy, zamieniali\u015bmy si\u0119 w krople wody oraz zrobili\u015bmy prace plastyczne w kt\u00f3rych g\u0142\u00f3wnym bohaterem by\u0142a kropla wody. Ten dzie\u0144 u\u015bwiadomi\u0142 nam jak wa\u017cn\u0105 rol\u0119 odgrywa woda w \u017cyciu cz\u0142owieka i dlaczego oraz w jaki spos\u00f3b nale\u017cy oszcz\u0119dza\u0107 wod\u0119.<\/p>\n","protected":false},"excerpt":{"rendered":"<p>4 kwietnia w naszym przedszkolu obchodzili\u015bmy\u00a0 Dzie\u0144 Wody. W tym dniu wszystkie dzieci przysz\u0142y ubrane na niebiesko i wsp\u00f3lnie odkrywali\u015bmy tajemnice wody i jej\u00a0 znaczenie dla \u017cycia ludzi, zwierz\u0105t i ro\u015blin. Poznali\u015bmy w\u0119dr\u00f3wk\u0119 kropel wody i dowiedzieli\u015bmy si\u0119 sk\u0105d si\u0119 bierze deszcz. W czasie zabaw badawczych bli\u017cej przyjrzeli\u015bmy si\u0119 wodzie. Eksperymentowali\u015bmy z wod\u0105, badali\u015bmy rozpuszczalno\u015b\u0107\u00a0 [&hellip;]<\/p>\n","protected":false},"author":2,"featured_media":1187,"comment_status":"closed","ping_status":"closed","sticky":false,"template":"","format":"standard","meta":{"ngg_post_thumbnail":0,"footnotes":""},"categories":[4,1],"tags":[],"class_list":["post-9307","post","type-post","status-publish","format-standard","has-post-thumbnail","hentry","category-aktualnosci","category-wydarzenia"],"yoast_head":"<!-- This site is optimized with the Yoast SEO plugin v27.4 - https:\/\/yoast.com\/product\/yoast-seo-wordpress\/ -->\n<title>Dzie\u0144 Wody - Przedszkole im. Ksi\u0119cia Przemys\u0142awa<\/title>\n<meta name=\"robots\" content=\"noindex, follow\" \/>\n<meta property=\"og:locale\" content=\"pl_PL\" \/>\n<meta property=\"og:type\" content=\"article\" \/>\n<meta property=\"og:title\" content=\"Dzie\u0144 Wody - Przedszkole im. Ksi\u0119cia Przemys\u0142awa\" \/>\n<meta property=\"og:description\" content=\"4 kwietnia w naszym przedszkolu obchodzili\u015bmy\u00a0 Dzie\u0144 Wody. W tym dniu wszystkie dzieci przysz\u0142y ubrane na niebiesko i wsp\u00f3lnie odkrywali\u015bmy tajemnice wody i jej\u00a0 znaczenie dla \u017cycia ludzi, zwierz\u0105t i ro\u015blin. Poznali\u015bmy w\u0119dr\u00f3wk\u0119 kropel wody i dowiedzieli\u015bmy si\u0119 sk\u0105d si\u0119 bierze deszcz. W czasie zabaw badawczych bli\u017cej przyjrzeli\u015bmy si\u0119 wodzie. Eksperymentowali\u015bmy z wod\u0105, badali\u015bmy rozpuszczalno\u015b\u0107\u00a0 [&hellip;]\" \/>\n<meta property=\"og:url\" content=\"https:\/\/www.przedszkole161.pl\/?p=9307\" \/>\n<meta property=\"og:site_name\" content=\"Przedszkole im. Ksi\u0119cia Przemys\u0142awa\" \/>\n<meta property=\"article:published_time\" content=\"2024-04-05T03:45:02+00:00\" \/>\n<meta property=\"article:modified_time\" content=\"2024-04-09T03:54:55+00:00\" \/>\n<meta property=\"og:image\" content=\"https:\/\/www.przedszkole161.pl\/wp-content\/uploads\/2015\/03\/zdj\u0119cie-e1429559182733.jpg\" \/>\n\t<meta property=\"og:image:width\" content=\"1936\" \/>\n\t<meta property=\"og:image:height\" content=\"2592\" \/>\n\t<meta property=\"og:image:type\" content=\"image\/jpeg\" \/>\n<meta name=\"author\" content=\"Magda Dulemba\" \/>\n<meta name=\"twitter:card\" content=\"summary_large_image\" \/>\n<meta name=\"twitter:label1\" content=\"Napisane przez\" \/>\n\t<meta name=\"twitter:data1\" content=\"Magda Dulemba\" \/>\n\t<meta name=\"twitter:label2\" content=\"Szacowany czas czytania\" \/>\n\t<meta name=\"twitter:data2\" content=\"1 minuta\" \/>\n<script type=\"application\/ld+json\" class=\"yoast-schema-graph\">{\"@context\":\"https:\\\/\\\/schema.org\",\"@graph\":[{\"@type\":\"Article\",\"@id\":\"https:\\\/\\\/www.przedszkole161.pl\\\/?p=9307#article\",\"isPartOf\":{\"@id\":\"https:\\\/\\\/www.przedszkole161.pl\\\/?p=9307\"},\"author\":{\"name\":\"Magda Dulemba\",\"@id\":\"https:\\\/\\\/www.przedszkole161.pl\\\/#\\\/schema\\\/person\\\/673325371d681555a8b67c870d21faac\"},\"headline\":\"Dzie\u0144 Wody\",\"datePublished\":\"2024-04-05T03:45:02+00:00\",\"dateModified\":\"2024-04-09T03:54:55+00:00\",\"mainEntityOfPage\":{\"@id\":\"https:\\\/\\\/www.przedszkole161.pl\\\/?p=9307\"},\"wordCount\":148,\"image\":{\"@id\":\"https:\\\/\\\/www.przedszkole161.pl\\\/?p=9307#primaryimage\"},\"thumbnailUrl\":\"https:\\\/\\\/ple161.poznan.pl\\\/wp-content\\\/uploads\\\/2015\\\/03\\\/zdj\u0119cie-e1429559182733.jpg\",\"articleSection\":[\"Aktualno\u015bci\",\"Wydarzenia\"],\"inLanguage\":\"pl-PL\"},{\"@type\":\"WebPage\",\"@id\":\"https:\\\/\\\/www.przedszkole161.pl\\\/?p=9307\",\"url\":\"https:\\\/\\\/www.przedszkole161.pl\\\/?p=9307\",\"name\":\"Dzie\u0144 Wody - Przedszkole im. Ksi\u0119cia Przemys\u0142awa\",\"isPartOf\":{\"@id\":\"https:\\\/\\\/www.przedszkole161.pl\\\/#website\"},\"primaryImageOfPage\":{\"@id\":\"https:\\\/\\\/www.przedszkole161.pl\\\/?p=9307#primaryimage\"},\"image\":{\"@id\":\"https:\\\/\\\/www.przedszkole161.pl\\\/?p=9307#primaryimage\"},\"thumbnailUrl\":\"https:\\\/\\\/ple161.poznan.pl\\\/wp-content\\\/uploads\\\/2015\\\/03\\\/zdj\u0119cie-e1429559182733.jpg\",\"datePublished\":\"2024-04-05T03:45:02+00:00\",\"dateModified\":\"2024-04-09T03:54:55+00:00\",\"author\":{\"@id\":\"https:\\\/\\\/www.przedszkole161.pl\\\/#\\\/schema\\\/person\\\/673325371d681555a8b67c870d21faac\"},\"breadcrumb\":{\"@id\":\"https:\\\/\\\/www.przedszkole161.pl\\\/?p=9307#breadcrumb\"},\"inLanguage\":\"pl-PL\",\"potentialAction\":[{\"@type\":\"ReadAction\",\"target\":[\"https:\\\/\\\/www.przedszkole161.pl\\\/?p=9307\"]}]},{\"@type\":\"ImageObject\",\"inLanguage\":\"pl-PL\",\"@id\":\"https:\\\/\\\/www.przedszkole161.pl\\\/?p=9307#primaryimage\",\"url\":\"https:\\\/\\\/ple161.poznan.pl\\\/wp-content\\\/uploads\\\/2015\\\/03\\\/zdj\u0119cie-e1429559182733.jpg\",\"contentUrl\":\"https:\\\/\\\/ple161.poznan.pl\\\/wp-content\\\/uploads\\\/2015\\\/03\\\/zdj\u0119cie-e1429559182733.jpg\",\"width\":1936,\"height\":2592},{\"@type\":\"BreadcrumbList\",\"@id\":\"https:\\\/\\\/www.przedszkole161.pl\\\/?p=9307#breadcrumb\",\"itemListElement\":[{\"@type\":\"ListItem\",\"position\":1,\"name\":\"Strona g\u0142\u00f3wna\",\"item\":\"https:\\\/\\\/www.przedszkole161.pl\\\/\"},{\"@type\":\"ListItem\",\"position\":2,\"name\":\"Dzie\u0144 Wody\"}]},{\"@type\":\"WebSite\",\"@id\":\"https:\\\/\\\/www.przedszkole161.pl\\\/#website\",\"url\":\"https:\\\/\\\/www.przedszkole161.pl\\\/\",\"name\":\"Przedszkole im. Ksi\u0119cia Przemys\u0142awa 161\",\"description\":\"\",\"potentialAction\":[{\"@type\":\"SearchAction\",\"target\":{\"@type\":\"EntryPoint\",\"urlTemplate\":\"https:\\\/\\\/www.przedszkole161.pl\\\/?s={search_term_string}\"},\"query-input\":{\"@type\":\"PropertyValueSpecification\",\"valueRequired\":true,\"valueName\":\"search_term_string\"}}],\"inLanguage\":\"pl-PL\"},{\"@type\":\"Person\",\"@id\":\"https:\\\/\\\/www.przedszkole161.pl\\\/#\\\/schema\\\/person\\\/673325371d681555a8b67c870d21faac\",\"name\":\"Magda Dulemba\",\"image\":{\"@type\":\"ImageObject\",\"inLanguage\":\"pl-PL\",\"@id\":\"https:\\\/\\\/secure.gravatar.com\\\/avatar\\\/f6f4cc73208d68c67fc19e1f80620e23d66ef2a923cb26a6d726fbc6a55bbcbc?s=96&d=mm&r=g\",\"url\":\"https:\\\/\\\/secure.gravatar.com\\\/avatar\\\/f6f4cc73208d68c67fc19e1f80620e23d66ef2a923cb26a6d726fbc6a55bbcbc?s=96&d=mm&r=g\",\"contentUrl\":\"https:\\\/\\\/secure.gravatar.com\\\/avatar\\\/f6f4cc73208d68c67fc19e1f80620e23d66ef2a923cb26a6d726fbc6a55bbcbc?s=96&d=mm&r=g\",\"caption\":\"Magda Dulemba\"},\"url\":\"https:\\\/\\\/ple161.poznan.pl\\\/?author=2\"}]}<\/script>\n<!-- \/ Yoast SEO plugin. -->","yoast_head_json":{"title":"Dzie\u0144 Wody - Przedszkole im. Ksi\u0119cia Przemys\u0142awa","robots":{"index":"noindex","follow":"follow"},"og_locale":"pl_PL","og_type":"article","og_title":"Dzie\u0144 Wody - Przedszkole im. Ksi\u0119cia Przemys\u0142awa","og_description":"4 kwietnia w naszym przedszkolu obchodzili\u015bmy\u00a0 Dzie\u0144 Wody. W tym dniu wszystkie dzieci przysz\u0142y ubrane na niebiesko i wsp\u00f3lnie odkrywali\u015bmy tajemnice wody i jej\u00a0 znaczenie dla \u017cycia ludzi, zwierz\u0105t i ro\u015blin. Poznali\u015bmy w\u0119dr\u00f3wk\u0119 kropel wody i dowiedzieli\u015bmy si\u0119 sk\u0105d si\u0119 bierze deszcz. W czasie zabaw badawczych bli\u017cej przyjrzeli\u015bmy si\u0119 wodzie. Eksperymentowali\u015bmy z wod\u0105, badali\u015bmy rozpuszczalno\u015b\u0107\u00a0 [&hellip;]","og_url":"https:\/\/www.przedszkole161.pl\/?p=9307","og_site_name":"Przedszkole im. Ksi\u0119cia Przemys\u0142awa","article_published_time":"2024-04-05T03:45:02+00:00","article_modified_time":"2024-04-09T03:54:55+00:00","og_image":[{"width":1936,"height":2592,"url":"https:\/\/www.przedszkole161.pl\/wp-content\/uploads\/2015\/03\/zdj\u0119cie-e1429559182733.jpg","type":"image\/jpeg"}],"author":"Magda Dulemba","twitter_card":"summary_large_image","twitter_misc":{"Napisane przez":"Magda Dulemba","Szacowany czas czytania":"1 minuta"},"schema":{"@context":"https:\/\/schema.org","@graph":[{"@type":"Article","@id":"https:\/\/www.przedszkole161.pl\/?p=9307#article","isPartOf":{"@id":"https:\/\/www.przedszkole161.pl\/?p=9307"},"author":{"name":"Magda Dulemba","@id":"https:\/\/www.przedszkole161.pl\/#\/schema\/person\/673325371d681555a8b67c870d21faac"},"headline":"Dzie\u0144 Wody","datePublished":"2024-04-05T03:45:02+00:00","dateModified":"2024-04-09T03:54:55+00:00","mainEntityOfPage":{"@id":"https:\/\/www.przedszkole161.pl\/?p=9307"},"wordCount":148,"image":{"@id":"https:\/\/www.przedszkole161.pl\/?p=9307#primaryimage"},"thumbnailUrl":"https:\/\/ple161.poznan.pl\/wp-content\/uploads\/2015\/03\/zdj\u0119cie-e1429559182733.jpg","articleSection":["Aktualno\u015bci","Wydarzenia"],"inLanguage":"pl-PL"},{"@type":"WebPage","@id":"https:\/\/www.przedszkole161.pl\/?p=9307","url":"https:\/\/www.przedszkole161.pl\/?p=9307","name":"Dzie\u0144 Wody - Przedszkole im. Ksi\u0119cia Przemys\u0142awa","isPartOf":{"@id":"https:\/\/www.przedszkole161.pl\/#website"},"primaryImageOfPage":{"@id":"https:\/\/www.przedszkole161.pl\/?p=9307#primaryimage"},"image":{"@id":"https:\/\/www.przedszkole161.pl\/?p=9307#primaryimage"},"thumbnailUrl":"https:\/\/ple161.poznan.pl\/wp-content\/uploads\/2015\/03\/zdj\u0119cie-e1429559182733.jpg","datePublished":"2024-04-05T03:45:02+00:00","dateModified":"2024-04-09T03:54:55+00:00","author":{"@id":"https:\/\/www.przedszkole161.pl\/#\/schema\/person\/673325371d681555a8b67c870d21faac"},"breadcrumb":{"@id":"https:\/\/www.przedszkole161.pl\/?p=9307#breadcrumb"},"inLanguage":"pl-PL","potentialAction":[{"@type":"ReadAction","target":["https:\/\/www.przedszkole161.pl\/?p=9307"]}]},{"@type":"ImageObject","inLanguage":"pl-PL","@id":"https:\/\/www.przedszkole161.pl\/?p=9307#primaryimage","url":"https:\/\/ple161.poznan.pl\/wp-content\/uploads\/2015\/03\/zdj\u0119cie-e1429559182733.jpg","contentUrl":"https:\/\/ple161.poznan.pl\/wp-content\/uploads\/2015\/03\/zdj\u0119cie-e1429559182733.jpg","width":1936,"height":2592},{"@type":"BreadcrumbList","@id":"https:\/\/www.przedszkole161.pl\/?p=9307#breadcrumb","itemListElement":[{"@type":"ListItem","position":1,"name":"Strona g\u0142\u00f3wna","item":"https:\/\/www.przedszkole161.pl\/"},{"@type":"ListItem","position":2,"name":"Dzie\u0144 Wody"}]},{"@type":"WebSite","@id":"https:\/\/www.przedszkole161.pl\/#website","url":"https:\/\/www.przedszkole161.pl\/","name":"Przedszkole im. Ksi\u0119cia Przemys\u0142awa 161","description":"","potentialAction":[{"@type":"SearchAction","target":{"@type":"EntryPoint","urlTemplate":"https:\/\/www.przedszkole161.pl\/?s={search_term_string}"},"query-input":{"@type":"PropertyValueSpecification","valueRequired":true,"valueName":"search_term_string"}}],"inLanguage":"pl-PL"},{"@type":"Person","@id":"https:\/\/www.przedszkole161.pl\/#\/schema\/person\/673325371d681555a8b67c870d21faac","name":"Magda Dulemba","image":{"@type":"ImageObject","inLanguage":"pl-PL","@id":"https:\/\/secure.gravatar.com\/avatar\/f6f4cc73208d68c67fc19e1f80620e23d66ef2a923cb26a6d726fbc6a55bbcbc?s=96&d=mm&r=g","url":"https:\/\/secure.gravatar.com\/avatar\/f6f4cc73208d68c67fc19e1f80620e23d66ef2a923cb26a6d726fbc6a55bbcbc?s=96&d=mm&r=g","contentUrl":"https:\/\/secure.gravatar.com\/avatar\/f6f4cc73208d68c67fc19e1f80620e23d66ef2a923cb26a6d726fbc6a55bbcbc?s=96&d=mm&r=g","caption":"Magda Dulemba"},"url":"https:\/\/ple161.poznan.pl\/?author=2"}]}},"_links":{"self":[{"href":"https:\/\/ple161.poznan.pl\/index.php?rest_route=\/wp\/v2\/posts\/9307","targetHints":{"allow":["GET"]}}],"collection":[{"href":"https:\/\/ple161.poznan.pl\/index.php?rest_route=\/wp\/v2\/posts"}],"about":[{"href":"https:\/\/ple161.poznan.pl\/index.php?rest_route=\/wp\/v2\/types\/post"}],"author":[{"embeddable":true,"href":"https:\/\/ple161.poznan.pl\/index.php?rest_route=\/wp\/v2\/users\/2"}],"replies":[{"embeddable":true,"href":"https:\/\/ple161.poznan.pl\/index.php?rest_route=%2Fwp%2Fv2%2Fcomments&post=9307"}],"version-history":[{"count":1,"href":"https:\/\/ple161.poznan.pl\/index.php?rest_route=\/wp\/v2\/posts\/9307\/revisions"}],"predecessor-version":[{"id":9308,"href":"https:\/\/ple161.poznan.pl\/index.php?rest_route=\/wp\/v2\/posts\/9307\/revisions\/9308"}],"wp:featuredmedia":[{"embeddable":true,"href":"https:\/\/ple161.poznan.pl\/index.php?rest_route=\/wp\/v2\/media\/1187"}],"wp:attachment":[{"href":"https:\/\/ple161.poznan.pl\/index.php?rest_route=%2Fwp%2Fv2%2Fmedia&parent=9307"}],"wp:term":[{"taxonomy":"category","embeddable":true,"href":"https:\/\/ple161.poznan.pl\/index.php?rest_route=%2Fwp%2Fv2%2Fcategories&post=9307"},{"taxonomy":"post_tag","embeddable":true,"href":"https:\/\/ple161.poznan.pl\/index.php?rest_route=%2Fwp%2Fv2%2Ftags&post=9307"}],"curies":[{"name":"wp","href":"https:\/\/api.w.org\/{rel}","templated":true}]}}