{"id":9284,"date":"2024-04-02T11:37:45","date_gmt":"2024-04-02T10:37:45","guid":{"rendered":"https:\/\/ple161.poznan.pl\/?p=9284"},"modified":"2024-04-02T11:40:40","modified_gmt":"2024-04-02T10:40:40","slug":"wydarzenia-w-kwietniu-2","status":"publish","type":"post","link":"https:\/\/ple161.poznan.pl\/?p=9284","title":{"rendered":"Wydarzenia w kwietniu"},"content":{"rendered":"<p><strong>WYDARZENIA W KWIETNIU:<\/strong><\/p>\n<p>&nbsp;<\/p>\n<table style=\"height: 236px;\" width=\"610\">\n<tbody>\n<tr>\n<td width=\"612\"><strong>\u00a0\u00a0\u00a0\u00a0\u00a0\u00a0\u00a0\u00a0\u00a0\u00a0\u00a0\u00a0\u00a0\u00a0 WYDARZENIE<\/strong><\/td>\n<td width=\"239\"><strong>\u00a0\u00a0\u00a0 TERMIN<\/strong><\/td>\n<\/tr>\n<tr>\n<td width=\"612\">\u00a0Dzie\u0144 Wody<\/td>\n<td width=\"239\">\u00a004.04.2024r.<\/td>\n<\/tr>\n<tr>\n<td width=\"612\">Warsztaty techniczno-konstruktorskie Knock Knock<\/td>\n<td width=\"239\">\u00a018.04.2024r.<\/td>\n<\/tr>\n<tr>\n<td width=\"612\">\u00a0Dzie\u0144 Ziemi<\/td>\n<td width=\"239\">\u00a022.04.2024r.<\/td>\n<\/tr>\n<tr>\n<td width=\"612\">Dzie\u0144 Biblioteki, Dzie\u0144 Ksi\u0105\u017cki<\/td>\n<td width=\"239\">\u00a026.04.2024r.<\/td>\n<\/tr>\n<tr>\n<td width=\"612\">Dzie\u0144 Czekolady<\/td>\n<td width=\"239\">\u00a029.04.2024r.<\/td>\n<\/tr>\n<tr>\n<td width=\"612\">Wyj\u015bcie do teatru gr. III , IV, V<\/td>\n<td width=\"239\">29.04.2024r. godz. 10.00<\/td>\n<\/tr>\n<tr>\n<td width=\"612\">Warsztaty sensoryczne<\/td>\n<td width=\"239\">30.04.2024r.<\/td>\n<\/tr>\n<\/tbody>\n<\/table>\n","protected":false},"excerpt":{"rendered":"<p>WYDARZENIA W KWIETNIU: &nbsp; \u00a0\u00a0\u00a0\u00a0\u00a0\u00a0\u00a0\u00a0\u00a0\u00a0\u00a0\u00a0\u00a0\u00a0 WYDARZENIE \u00a0\u00a0\u00a0 TERMIN \u00a0Dzie\u0144 Wody \u00a004.04.2024r. Warsztaty techniczno-konstruktorskie Knock Knock \u00a018.04.2024r. \u00a0Dzie\u0144 Ziemi \u00a022.04.2024r. Dzie\u0144 Biblioteki, Dzie\u0144 Ksi\u0105\u017cki \u00a026.04.2024r. Dzie\u0144 Czekolady \u00a029.04.2024r. Wyj\u015bcie do teatru gr. III , IV, V 29.04.2024r. godz. 10.00 Warsztaty sensoryczne 30.04.2024r.<\/p>\n","protected":false},"author":2,"featured_media":7037,"comment_status":"closed","ping_status":"closed","sticky":false,"template":"","format":"standard","meta":{"ngg_post_thumbnail":0,"footnotes":""},"categories":[4,1],"tags":[],"class_list":["post-9284","post","type-post","status-publish","format-standard","has-post-thumbnail","hentry","category-aktualnosci","category-wydarzenia"],"yoast_head":"<!-- This site is optimized with the Yoast SEO plugin v27.4 - https:\/\/yoast.com\/product\/yoast-seo-wordpress\/ -->\n<title>Wydarzenia w kwietniu - Przedszkole im. Ksi\u0119cia Przemys\u0142awa<\/title>\n<meta name=\"robots\" content=\"noindex, follow\" \/>\n<meta property=\"og:locale\" content=\"pl_PL\" \/>\n<meta property=\"og:type\" content=\"article\" \/>\n<meta property=\"og:title\" content=\"Wydarzenia w kwietniu - Przedszkole im. Ksi\u0119cia Przemys\u0142awa\" \/>\n<meta property=\"og:description\" content=\"WYDARZENIA W KWIETNIU: &nbsp; \u00a0\u00a0\u00a0\u00a0\u00a0\u00a0\u00a0\u00a0\u00a0\u00a0\u00a0\u00a0\u00a0\u00a0 WYDARZENIE \u00a0\u00a0\u00a0 TERMIN \u00a0Dzie\u0144 Wody \u00a004.04.2024r. Warsztaty techniczno-konstruktorskie Knock Knock \u00a018.04.2024r. \u00a0Dzie\u0144 Ziemi \u00a022.04.2024r. Dzie\u0144 Biblioteki, Dzie\u0144 Ksi\u0105\u017cki \u00a026.04.2024r. Dzie\u0144 Czekolady \u00a029.04.2024r. Wyj\u015bcie do teatru gr. III , IV, V 29.04.2024r. godz. 10.00 Warsztaty sensoryczne 30.04.2024r.\" \/>\n<meta property=\"og:url\" content=\"https:\/\/www.przedszkole161.pl\/?p=9284\" \/>\n<meta property=\"og:site_name\" content=\"Przedszkole im. Ksi\u0119cia Przemys\u0142awa\" \/>\n<meta property=\"article:published_time\" content=\"2024-04-02T10:37:45+00:00\" \/>\n<meta property=\"article:modified_time\" content=\"2024-04-02T10:40:40+00:00\" \/>\n<meta property=\"og:image\" content=\"https:\/\/www.przedszkole161.pl\/wp-content\/uploads\/2022\/03\/kwiecien.gif\" \/>\n\t<meta property=\"og:image:width\" content=\"254\" \/>\n\t<meta property=\"og:image:height\" content=\"224\" \/>\n\t<meta property=\"og:image:type\" content=\"image\/gif\" \/>\n<meta name=\"author\" content=\"Magda Dulemba\" \/>\n<meta name=\"twitter:card\" content=\"summary_large_image\" \/>\n<meta name=\"twitter:label1\" content=\"Napisane przez\" \/>\n\t<meta name=\"twitter:data1\" content=\"Magda Dulemba\" \/>\n\t<meta name=\"twitter:label2\" content=\"Szacowany czas czytania\" \/>\n\t<meta name=\"twitter:data2\" content=\"1 minuta\" \/>\n<script type=\"application\/ld+json\" class=\"yoast-schema-graph\">{\"@context\":\"https:\\\/\\\/schema.org\",\"@graph\":[{\"@type\":\"Article\",\"@id\":\"https:\\\/\\\/www.przedszkole161.pl\\\/?p=9284#article\",\"isPartOf\":{\"@id\":\"https:\\\/\\\/www.przedszkole161.pl\\\/?p=9284\"},\"author\":{\"name\":\"Magda Dulemba\",\"@id\":\"https:\\\/\\\/www.przedszkole161.pl\\\/#\\\/schema\\\/person\\\/673325371d681555a8b67c870d21faac\"},\"headline\":\"Wydarzenia w kwietniu\",\"datePublished\":\"2024-04-02T10:37:45+00:00\",\"dateModified\":\"2024-04-02T10:40:40+00:00\",\"mainEntityOfPage\":{\"@id\":\"https:\\\/\\\/www.przedszkole161.pl\\\/?p=9284\"},\"wordCount\":42,\"image\":{\"@id\":\"https:\\\/\\\/www.przedszkole161.pl\\\/?p=9284#primaryimage\"},\"thumbnailUrl\":\"https:\\\/\\\/ple161.poznan.pl\\\/wp-content\\\/uploads\\\/2022\\\/03\\\/kwiecien.gif\",\"articleSection\":[\"Aktualno\u015bci\",\"Wydarzenia\"],\"inLanguage\":\"pl-PL\"},{\"@type\":\"WebPage\",\"@id\":\"https:\\\/\\\/www.przedszkole161.pl\\\/?p=9284\",\"url\":\"https:\\\/\\\/www.przedszkole161.pl\\\/?p=9284\",\"name\":\"Wydarzenia w kwietniu - Przedszkole im. Ksi\u0119cia Przemys\u0142awa\",\"isPartOf\":{\"@id\":\"https:\\\/\\\/www.przedszkole161.pl\\\/#website\"},\"primaryImageOfPage\":{\"@id\":\"https:\\\/\\\/www.przedszkole161.pl\\\/?p=9284#primaryimage\"},\"image\":{\"@id\":\"https:\\\/\\\/www.przedszkole161.pl\\\/?p=9284#primaryimage\"},\"thumbnailUrl\":\"https:\\\/\\\/ple161.poznan.pl\\\/wp-content\\\/uploads\\\/2022\\\/03\\\/kwiecien.gif\",\"datePublished\":\"2024-04-02T10:37:45+00:00\",\"dateModified\":\"2024-04-02T10:40:40+00:00\",\"author\":{\"@id\":\"https:\\\/\\\/www.przedszkole161.pl\\\/#\\\/schema\\\/person\\\/673325371d681555a8b67c870d21faac\"},\"breadcrumb\":{\"@id\":\"https:\\\/\\\/www.przedszkole161.pl\\\/?p=9284#breadcrumb\"},\"inLanguage\":\"pl-PL\",\"potentialAction\":[{\"@type\":\"ReadAction\",\"target\":[\"https:\\\/\\\/www.przedszkole161.pl\\\/?p=9284\"]}]},{\"@type\":\"ImageObject\",\"inLanguage\":\"pl-PL\",\"@id\":\"https:\\\/\\\/www.przedszkole161.pl\\\/?p=9284#primaryimage\",\"url\":\"https:\\\/\\\/ple161.poznan.pl\\\/wp-content\\\/uploads\\\/2022\\\/03\\\/kwiecien.gif\",\"contentUrl\":\"https:\\\/\\\/ple161.poznan.pl\\\/wp-content\\\/uploads\\\/2022\\\/03\\\/kwiecien.gif\",\"width\":254,\"height\":224},{\"@type\":\"BreadcrumbList\",\"@id\":\"https:\\\/\\\/www.przedszkole161.pl\\\/?p=9284#breadcrumb\",\"itemListElement\":[{\"@type\":\"ListItem\",\"position\":1,\"name\":\"Strona g\u0142\u00f3wna\",\"item\":\"https:\\\/\\\/www.przedszkole161.pl\\\/\"},{\"@type\":\"ListItem\",\"position\":2,\"name\":\"Wydarzenia w kwietniu\"}]},{\"@type\":\"WebSite\",\"@id\":\"https:\\\/\\\/www.przedszkole161.pl\\\/#website\",\"url\":\"https:\\\/\\\/www.przedszkole161.pl\\\/\",\"name\":\"Przedszkole im. Ksi\u0119cia Przemys\u0142awa 161\",\"description\":\"\",\"potentialAction\":[{\"@type\":\"SearchAction\",\"target\":{\"@type\":\"EntryPoint\",\"urlTemplate\":\"https:\\\/\\\/www.przedszkole161.pl\\\/?s={search_term_string}\"},\"query-input\":{\"@type\":\"PropertyValueSpecification\",\"valueRequired\":true,\"valueName\":\"search_term_string\"}}],\"inLanguage\":\"pl-PL\"},{\"@type\":\"Person\",\"@id\":\"https:\\\/\\\/www.przedszkole161.pl\\\/#\\\/schema\\\/person\\\/673325371d681555a8b67c870d21faac\",\"name\":\"Magda Dulemba\",\"image\":{\"@type\":\"ImageObject\",\"inLanguage\":\"pl-PL\",\"@id\":\"https:\\\/\\\/secure.gravatar.com\\\/avatar\\\/f6f4cc73208d68c67fc19e1f80620e23d66ef2a923cb26a6d726fbc6a55bbcbc?s=96&d=mm&r=g\",\"url\":\"https:\\\/\\\/secure.gravatar.com\\\/avatar\\\/f6f4cc73208d68c67fc19e1f80620e23d66ef2a923cb26a6d726fbc6a55bbcbc?s=96&d=mm&r=g\",\"contentUrl\":\"https:\\\/\\\/secure.gravatar.com\\\/avatar\\\/f6f4cc73208d68c67fc19e1f80620e23d66ef2a923cb26a6d726fbc6a55bbcbc?s=96&d=mm&r=g\",\"caption\":\"Magda Dulemba\"},\"url\":\"https:\\\/\\\/ple161.poznan.pl\\\/?author=2\"}]}<\/script>\n<!-- \/ Yoast SEO plugin. -->","yoast_head_json":{"title":"Wydarzenia w kwietniu - Przedszkole im. Ksi\u0119cia Przemys\u0142awa","robots":{"index":"noindex","follow":"follow"},"og_locale":"pl_PL","og_type":"article","og_title":"Wydarzenia w kwietniu - Przedszkole im. Ksi\u0119cia Przemys\u0142awa","og_description":"WYDARZENIA W KWIETNIU: &nbsp; \u00a0\u00a0\u00a0\u00a0\u00a0\u00a0\u00a0\u00a0\u00a0\u00a0\u00a0\u00a0\u00a0\u00a0 WYDARZENIE \u00a0\u00a0\u00a0 TERMIN \u00a0Dzie\u0144 Wody \u00a004.04.2024r. Warsztaty techniczno-konstruktorskie Knock Knock \u00a018.04.2024r. \u00a0Dzie\u0144 Ziemi \u00a022.04.2024r. Dzie\u0144 Biblioteki, Dzie\u0144 Ksi\u0105\u017cki \u00a026.04.2024r. Dzie\u0144 Czekolady \u00a029.04.2024r. Wyj\u015bcie do teatru gr. III , IV, V 29.04.2024r. godz. 10.00 Warsztaty sensoryczne 30.04.2024r.","og_url":"https:\/\/www.przedszkole161.pl\/?p=9284","og_site_name":"Przedszkole im. Ksi\u0119cia Przemys\u0142awa","article_published_time":"2024-04-02T10:37:45+00:00","article_modified_time":"2024-04-02T10:40:40+00:00","og_image":[{"width":254,"height":224,"url":"https:\/\/www.przedszkole161.pl\/wp-content\/uploads\/2022\/03\/kwiecien.gif","type":"image\/gif"}],"author":"Magda Dulemba","twitter_card":"summary_large_image","twitter_misc":{"Napisane przez":"Magda Dulemba","Szacowany czas czytania":"1 minuta"},"schema":{"@context":"https:\/\/schema.org","@graph":[{"@type":"Article","@id":"https:\/\/www.przedszkole161.pl\/?p=9284#article","isPartOf":{"@id":"https:\/\/www.przedszkole161.pl\/?p=9284"},"author":{"name":"Magda Dulemba","@id":"https:\/\/www.przedszkole161.pl\/#\/schema\/person\/673325371d681555a8b67c870d21faac"},"headline":"Wydarzenia w kwietniu","datePublished":"2024-04-02T10:37:45+00:00","dateModified":"2024-04-02T10:40:40+00:00","mainEntityOfPage":{"@id":"https:\/\/www.przedszkole161.pl\/?p=9284"},"wordCount":42,"image":{"@id":"https:\/\/www.przedszkole161.pl\/?p=9284#primaryimage"},"thumbnailUrl":"https:\/\/ple161.poznan.pl\/wp-content\/uploads\/2022\/03\/kwiecien.gif","articleSection":["Aktualno\u015bci","Wydarzenia"],"inLanguage":"pl-PL"},{"@type":"WebPage","@id":"https:\/\/www.przedszkole161.pl\/?p=9284","url":"https:\/\/www.przedszkole161.pl\/?p=9284","name":"Wydarzenia w kwietniu - Przedszkole im. Ksi\u0119cia Przemys\u0142awa","isPartOf":{"@id":"https:\/\/www.przedszkole161.pl\/#website"},"primaryImageOfPage":{"@id":"https:\/\/www.przedszkole161.pl\/?p=9284#primaryimage"},"image":{"@id":"https:\/\/www.przedszkole161.pl\/?p=9284#primaryimage"},"thumbnailUrl":"https:\/\/ple161.poznan.pl\/wp-content\/uploads\/2022\/03\/kwiecien.gif","datePublished":"2024-04-02T10:37:45+00:00","dateModified":"2024-04-02T10:40:40+00:00","author":{"@id":"https:\/\/www.przedszkole161.pl\/#\/schema\/person\/673325371d681555a8b67c870d21faac"},"breadcrumb":{"@id":"https:\/\/www.przedszkole161.pl\/?p=9284#breadcrumb"},"inLanguage":"pl-PL","potentialAction":[{"@type":"ReadAction","target":["https:\/\/www.przedszkole161.pl\/?p=9284"]}]},{"@type":"ImageObject","inLanguage":"pl-PL","@id":"https:\/\/www.przedszkole161.pl\/?p=9284#primaryimage","url":"https:\/\/ple161.poznan.pl\/wp-content\/uploads\/2022\/03\/kwiecien.gif","contentUrl":"https:\/\/ple161.poznan.pl\/wp-content\/uploads\/2022\/03\/kwiecien.gif","width":254,"height":224},{"@type":"BreadcrumbList","@id":"https:\/\/www.przedszkole161.pl\/?p=9284#breadcrumb","itemListElement":[{"@type":"ListItem","position":1,"name":"Strona g\u0142\u00f3wna","item":"https:\/\/www.przedszkole161.pl\/"},{"@type":"ListItem","position":2,"name":"Wydarzenia w kwietniu"}]},{"@type":"WebSite","@id":"https:\/\/www.przedszkole161.pl\/#website","url":"https:\/\/www.przedszkole161.pl\/","name":"Przedszkole im. Ksi\u0119cia Przemys\u0142awa 161","description":"","potentialAction":[{"@type":"SearchAction","target":{"@type":"EntryPoint","urlTemplate":"https:\/\/www.przedszkole161.pl\/?s={search_term_string}"},"query-input":{"@type":"PropertyValueSpecification","valueRequired":true,"valueName":"search_term_string"}}],"inLanguage":"pl-PL"},{"@type":"Person","@id":"https:\/\/www.przedszkole161.pl\/#\/schema\/person\/673325371d681555a8b67c870d21faac","name":"Magda Dulemba","image":{"@type":"ImageObject","inLanguage":"pl-PL","@id":"https:\/\/secure.gravatar.com\/avatar\/f6f4cc73208d68c67fc19e1f80620e23d66ef2a923cb26a6d726fbc6a55bbcbc?s=96&d=mm&r=g","url":"https:\/\/secure.gravatar.com\/avatar\/f6f4cc73208d68c67fc19e1f80620e23d66ef2a923cb26a6d726fbc6a55bbcbc?s=96&d=mm&r=g","contentUrl":"https:\/\/secure.gravatar.com\/avatar\/f6f4cc73208d68c67fc19e1f80620e23d66ef2a923cb26a6d726fbc6a55bbcbc?s=96&d=mm&r=g","caption":"Magda Dulemba"},"url":"https:\/\/ple161.poznan.pl\/?author=2"}]}},"_links":{"self":[{"href":"https:\/\/ple161.poznan.pl\/index.php?rest_route=\/wp\/v2\/posts\/9284","targetHints":{"allow":["GET"]}}],"collection":[{"href":"https:\/\/ple161.poznan.pl\/index.php?rest_route=\/wp\/v2\/posts"}],"about":[{"href":"https:\/\/ple161.poznan.pl\/index.php?rest_route=\/wp\/v2\/types\/post"}],"author":[{"embeddable":true,"href":"https:\/\/ple161.poznan.pl\/index.php?rest_route=\/wp\/v2\/users\/2"}],"replies":[{"embeddable":true,"href":"https:\/\/ple161.poznan.pl\/index.php?rest_route=%2Fwp%2Fv2%2Fcomments&post=9284"}],"version-history":[{"count":5,"href":"https:\/\/ple161.poznan.pl\/index.php?rest_route=\/wp\/v2\/posts\/9284\/revisions"}],"predecessor-version":[{"id":9289,"href":"https:\/\/ple161.poznan.pl\/index.php?rest_route=\/wp\/v2\/posts\/9284\/revisions\/9289"}],"wp:featuredmedia":[{"embeddable":true,"href":"https:\/\/ple161.poznan.pl\/index.php?rest_route=\/wp\/v2\/media\/7037"}],"wp:attachment":[{"href":"https:\/\/ple161.poznan.pl\/index.php?rest_route=%2Fwp%2Fv2%2Fmedia&parent=9284"}],"wp:term":[{"taxonomy":"category","embeddable":true,"href":"https:\/\/ple161.poznan.pl\/index.php?rest_route=%2Fwp%2Fv2%2Fcategories&post=9284"},{"taxonomy":"post_tag","embeddable":true,"href":"https:\/\/ple161.poznan.pl\/index.php?rest_route=%2Fwp%2Fv2%2Ftags&post=9284"}],"curies":[{"name":"wp","href":"https:\/\/api.w.org\/{rel}","templated":true}]}}