{"id":9254,"date":"2024-03-27T11:01:15","date_gmt":"2024-03-27T10:01:15","guid":{"rendered":"https:\/\/ple161.poznan.pl\/?p=9254"},"modified":"2024-03-27T11:01:24","modified_gmt":"2024-03-27T10:01:24","slug":"wyniki-konkursu-logopedyczno-jezykowego","status":"publish","type":"post","link":"https:\/\/ple161.poznan.pl\/?p=9254","title":{"rendered":"Wyniki konkursu logopedyczno-j\u0119zykowego"},"content":{"rendered":"<p>27 marca odby\u0142 si\u0119 konkurs logopedyczno-j\u0119zykowy.<br \/>\nWzi\u0119li w nim udzia\u0142: Antoni T., Franciszek Cz., Amelia C., Daniel K., Antonina S., Gabriela S., Zofia Cz., Franciszek.J<br \/>\nDzieci wspaniale wyrecytowa\u0142y bardzo trudne wiersze. Wykaza\u0142y si\u0119 doskona\u0142\u0105 pami\u0119ci\u0105 oraz poprawno\u015bci\u0105 j\u0119zykow\u0105.<br \/>\nSerdecznie dzi\u0119kujemy Rodzicom za przygotowanie Dzieci do wzi\u0119cia udzia\u0142u w konkursie.<\/p>\n","protected":false},"excerpt":{"rendered":"<p>27 marca odby\u0142 si\u0119 konkurs logopedyczno-j\u0119zykowy. Wzi\u0119li w nim udzia\u0142: Antoni T., Franciszek Cz., Amelia C., Daniel K., Antonina S., Gabriela S., Zofia Cz., Franciszek.J Dzieci wspaniale wyrecytowa\u0142y bardzo trudne wiersze. Wykaza\u0142y si\u0119 doskona\u0142\u0105 pami\u0119ci\u0105 oraz poprawno\u015bci\u0105 j\u0119zykow\u0105. Serdecznie dzi\u0119kujemy Rodzicom za przygotowanie Dzieci do wzi\u0119cia udzia\u0142u w konkursie.<\/p>\n","protected":false},"author":2,"featured_media":0,"comment_status":"closed","ping_status":"closed","sticky":false,"template":"","format":"standard","meta":{"ngg_post_thumbnail":0,"footnotes":""},"categories":[4,1],"tags":[],"class_list":["post-9254","post","type-post","status-publish","format-standard","hentry","category-aktualnosci","category-wydarzenia"],"yoast_head":"<!-- This site is optimized with the Yoast SEO plugin v27.4 - https:\/\/yoast.com\/product\/yoast-seo-wordpress\/ -->\n<title>Wyniki konkursu logopedyczno-j\u0119zykowego - Przedszkole im. Ksi\u0119cia Przemys\u0142awa<\/title>\n<meta name=\"robots\" content=\"noindex, follow\" \/>\n<meta property=\"og:locale\" content=\"pl_PL\" \/>\n<meta property=\"og:type\" content=\"article\" \/>\n<meta property=\"og:title\" content=\"Wyniki konkursu logopedyczno-j\u0119zykowego - Przedszkole im. Ksi\u0119cia Przemys\u0142awa\" \/>\n<meta property=\"og:description\" content=\"27 marca odby\u0142 si\u0119 konkurs logopedyczno-j\u0119zykowy. Wzi\u0119li w nim udzia\u0142: Antoni T., Franciszek Cz., Amelia C., Daniel K., Antonina S., Gabriela S., Zofia Cz., Franciszek.J Dzieci wspaniale wyrecytowa\u0142y bardzo trudne wiersze. Wykaza\u0142y si\u0119 doskona\u0142\u0105 pami\u0119ci\u0105 oraz poprawno\u015bci\u0105 j\u0119zykow\u0105. Serdecznie dzi\u0119kujemy Rodzicom za przygotowanie Dzieci do wzi\u0119cia udzia\u0142u w konkursie.\" \/>\n<meta property=\"og:url\" content=\"https:\/\/www.przedszkole161.pl\/?p=9254\" \/>\n<meta property=\"og:site_name\" content=\"Przedszkole im. Ksi\u0119cia Przemys\u0142awa\" \/>\n<meta property=\"article:published_time\" content=\"2024-03-27T10:01:15+00:00\" \/>\n<meta property=\"article:modified_time\" content=\"2024-03-27T10:01:24+00:00\" \/>\n<meta name=\"author\" content=\"Magda Dulemba\" \/>\n<meta name=\"twitter:card\" content=\"summary_large_image\" \/>\n<meta name=\"twitter:label1\" content=\"Napisane przez\" \/>\n\t<meta name=\"twitter:data1\" content=\"Magda Dulemba\" \/>\n\t<meta name=\"twitter:label2\" content=\"Szacowany czas czytania\" \/>\n\t<meta name=\"twitter:data2\" content=\"1 minuta\" \/>\n<script type=\"application\/ld+json\" class=\"yoast-schema-graph\">{\"@context\":\"https:\\\/\\\/schema.org\",\"@graph\":[{\"@type\":\"Article\",\"@id\":\"https:\\\/\\\/www.przedszkole161.pl\\\/?p=9254#article\",\"isPartOf\":{\"@id\":\"https:\\\/\\\/www.przedszkole161.pl\\\/?p=9254\"},\"author\":{\"name\":\"Magda Dulemba\",\"@id\":\"https:\\\/\\\/www.przedszkole161.pl\\\/#\\\/schema\\\/person\\\/673325371d681555a8b67c870d21faac\"},\"headline\":\"Wyniki konkursu logopedyczno-j\u0119zykowego\",\"datePublished\":\"2024-03-27T10:01:15+00:00\",\"dateModified\":\"2024-03-27T10:01:24+00:00\",\"mainEntityOfPage\":{\"@id\":\"https:\\\/\\\/www.przedszkole161.pl\\\/?p=9254\"},\"wordCount\":63,\"articleSection\":[\"Aktualno\u015bci\",\"Wydarzenia\"],\"inLanguage\":\"pl-PL\"},{\"@type\":\"WebPage\",\"@id\":\"https:\\\/\\\/www.przedszkole161.pl\\\/?p=9254\",\"url\":\"https:\\\/\\\/www.przedszkole161.pl\\\/?p=9254\",\"name\":\"Wyniki konkursu logopedyczno-j\u0119zykowego - Przedszkole im. Ksi\u0119cia Przemys\u0142awa\",\"isPartOf\":{\"@id\":\"https:\\\/\\\/www.przedszkole161.pl\\\/#website\"},\"datePublished\":\"2024-03-27T10:01:15+00:00\",\"dateModified\":\"2024-03-27T10:01:24+00:00\",\"author\":{\"@id\":\"https:\\\/\\\/www.przedszkole161.pl\\\/#\\\/schema\\\/person\\\/673325371d681555a8b67c870d21faac\"},\"breadcrumb\":{\"@id\":\"https:\\\/\\\/www.przedszkole161.pl\\\/?p=9254#breadcrumb\"},\"inLanguage\":\"pl-PL\",\"potentialAction\":[{\"@type\":\"ReadAction\",\"target\":[\"https:\\\/\\\/www.przedszkole161.pl\\\/?p=9254\"]}]},{\"@type\":\"BreadcrumbList\",\"@id\":\"https:\\\/\\\/www.przedszkole161.pl\\\/?p=9254#breadcrumb\",\"itemListElement\":[{\"@type\":\"ListItem\",\"position\":1,\"name\":\"Strona g\u0142\u00f3wna\",\"item\":\"https:\\\/\\\/www.przedszkole161.pl\\\/\"},{\"@type\":\"ListItem\",\"position\":2,\"name\":\"Wyniki konkursu logopedyczno-j\u0119zykowego\"}]},{\"@type\":\"WebSite\",\"@id\":\"https:\\\/\\\/www.przedszkole161.pl\\\/#website\",\"url\":\"https:\\\/\\\/www.przedszkole161.pl\\\/\",\"name\":\"Przedszkole im. Ksi\u0119cia Przemys\u0142awa 161\",\"description\":\"\",\"potentialAction\":[{\"@type\":\"SearchAction\",\"target\":{\"@type\":\"EntryPoint\",\"urlTemplate\":\"https:\\\/\\\/www.przedszkole161.pl\\\/?s={search_term_string}\"},\"query-input\":{\"@type\":\"PropertyValueSpecification\",\"valueRequired\":true,\"valueName\":\"search_term_string\"}}],\"inLanguage\":\"pl-PL\"},{\"@type\":\"Person\",\"@id\":\"https:\\\/\\\/www.przedszkole161.pl\\\/#\\\/schema\\\/person\\\/673325371d681555a8b67c870d21faac\",\"name\":\"Magda Dulemba\",\"image\":{\"@type\":\"ImageObject\",\"inLanguage\":\"pl-PL\",\"@id\":\"https:\\\/\\\/secure.gravatar.com\\\/avatar\\\/f6f4cc73208d68c67fc19e1f80620e23d66ef2a923cb26a6d726fbc6a55bbcbc?s=96&d=mm&r=g\",\"url\":\"https:\\\/\\\/secure.gravatar.com\\\/avatar\\\/f6f4cc73208d68c67fc19e1f80620e23d66ef2a923cb26a6d726fbc6a55bbcbc?s=96&d=mm&r=g\",\"contentUrl\":\"https:\\\/\\\/secure.gravatar.com\\\/avatar\\\/f6f4cc73208d68c67fc19e1f80620e23d66ef2a923cb26a6d726fbc6a55bbcbc?s=96&d=mm&r=g\",\"caption\":\"Magda Dulemba\"},\"url\":\"https:\\\/\\\/ple161.poznan.pl\\\/?author=2\"}]}<\/script>\n<!-- \/ Yoast SEO plugin. -->","yoast_head_json":{"title":"Wyniki konkursu logopedyczno-j\u0119zykowego - Przedszkole im. Ksi\u0119cia Przemys\u0142awa","robots":{"index":"noindex","follow":"follow"},"og_locale":"pl_PL","og_type":"article","og_title":"Wyniki konkursu logopedyczno-j\u0119zykowego - Przedszkole im. Ksi\u0119cia Przemys\u0142awa","og_description":"27 marca odby\u0142 si\u0119 konkurs logopedyczno-j\u0119zykowy. Wzi\u0119li w nim udzia\u0142: Antoni T., Franciszek Cz., Amelia C., Daniel K., Antonina S., Gabriela S., Zofia Cz., Franciszek.J Dzieci wspaniale wyrecytowa\u0142y bardzo trudne wiersze. Wykaza\u0142y si\u0119 doskona\u0142\u0105 pami\u0119ci\u0105 oraz poprawno\u015bci\u0105 j\u0119zykow\u0105. Serdecznie dzi\u0119kujemy Rodzicom za przygotowanie Dzieci do wzi\u0119cia udzia\u0142u w konkursie.","og_url":"https:\/\/www.przedszkole161.pl\/?p=9254","og_site_name":"Przedszkole im. Ksi\u0119cia Przemys\u0142awa","article_published_time":"2024-03-27T10:01:15+00:00","article_modified_time":"2024-03-27T10:01:24+00:00","author":"Magda Dulemba","twitter_card":"summary_large_image","twitter_misc":{"Napisane przez":"Magda Dulemba","Szacowany czas czytania":"1 minuta"},"schema":{"@context":"https:\/\/schema.org","@graph":[{"@type":"Article","@id":"https:\/\/www.przedszkole161.pl\/?p=9254#article","isPartOf":{"@id":"https:\/\/www.przedszkole161.pl\/?p=9254"},"author":{"name":"Magda Dulemba","@id":"https:\/\/www.przedszkole161.pl\/#\/schema\/person\/673325371d681555a8b67c870d21faac"},"headline":"Wyniki konkursu logopedyczno-j\u0119zykowego","datePublished":"2024-03-27T10:01:15+00:00","dateModified":"2024-03-27T10:01:24+00:00","mainEntityOfPage":{"@id":"https:\/\/www.przedszkole161.pl\/?p=9254"},"wordCount":63,"articleSection":["Aktualno\u015bci","Wydarzenia"],"inLanguage":"pl-PL"},{"@type":"WebPage","@id":"https:\/\/www.przedszkole161.pl\/?p=9254","url":"https:\/\/www.przedszkole161.pl\/?p=9254","name":"Wyniki konkursu logopedyczno-j\u0119zykowego - Przedszkole im. Ksi\u0119cia Przemys\u0142awa","isPartOf":{"@id":"https:\/\/www.przedszkole161.pl\/#website"},"datePublished":"2024-03-27T10:01:15+00:00","dateModified":"2024-03-27T10:01:24+00:00","author":{"@id":"https:\/\/www.przedszkole161.pl\/#\/schema\/person\/673325371d681555a8b67c870d21faac"},"breadcrumb":{"@id":"https:\/\/www.przedszkole161.pl\/?p=9254#breadcrumb"},"inLanguage":"pl-PL","potentialAction":[{"@type":"ReadAction","target":["https:\/\/www.przedszkole161.pl\/?p=9254"]}]},{"@type":"BreadcrumbList","@id":"https:\/\/www.przedszkole161.pl\/?p=9254#breadcrumb","itemListElement":[{"@type":"ListItem","position":1,"name":"Strona g\u0142\u00f3wna","item":"https:\/\/www.przedszkole161.pl\/"},{"@type":"ListItem","position":2,"name":"Wyniki konkursu logopedyczno-j\u0119zykowego"}]},{"@type":"WebSite","@id":"https:\/\/www.przedszkole161.pl\/#website","url":"https:\/\/www.przedszkole161.pl\/","name":"Przedszkole im. Ksi\u0119cia Przemys\u0142awa 161","description":"","potentialAction":[{"@type":"SearchAction","target":{"@type":"EntryPoint","urlTemplate":"https:\/\/www.przedszkole161.pl\/?s={search_term_string}"},"query-input":{"@type":"PropertyValueSpecification","valueRequired":true,"valueName":"search_term_string"}}],"inLanguage":"pl-PL"},{"@type":"Person","@id":"https:\/\/www.przedszkole161.pl\/#\/schema\/person\/673325371d681555a8b67c870d21faac","name":"Magda Dulemba","image":{"@type":"ImageObject","inLanguage":"pl-PL","@id":"https:\/\/secure.gravatar.com\/avatar\/f6f4cc73208d68c67fc19e1f80620e23d66ef2a923cb26a6d726fbc6a55bbcbc?s=96&d=mm&r=g","url":"https:\/\/secure.gravatar.com\/avatar\/f6f4cc73208d68c67fc19e1f80620e23d66ef2a923cb26a6d726fbc6a55bbcbc?s=96&d=mm&r=g","contentUrl":"https:\/\/secure.gravatar.com\/avatar\/f6f4cc73208d68c67fc19e1f80620e23d66ef2a923cb26a6d726fbc6a55bbcbc?s=96&d=mm&r=g","caption":"Magda Dulemba"},"url":"https:\/\/ple161.poznan.pl\/?author=2"}]}},"_links":{"self":[{"href":"https:\/\/ple161.poznan.pl\/index.php?rest_route=\/wp\/v2\/posts\/9254","targetHints":{"allow":["GET"]}}],"collection":[{"href":"https:\/\/ple161.poznan.pl\/index.php?rest_route=\/wp\/v2\/posts"}],"about":[{"href":"https:\/\/ple161.poznan.pl\/index.php?rest_route=\/wp\/v2\/types\/post"}],"author":[{"embeddable":true,"href":"https:\/\/ple161.poznan.pl\/index.php?rest_route=\/wp\/v2\/users\/2"}],"replies":[{"embeddable":true,"href":"https:\/\/ple161.poznan.pl\/index.php?rest_route=%2Fwp%2Fv2%2Fcomments&post=9254"}],"version-history":[{"count":1,"href":"https:\/\/ple161.poznan.pl\/index.php?rest_route=\/wp\/v2\/posts\/9254\/revisions"}],"predecessor-version":[{"id":9256,"href":"https:\/\/ple161.poznan.pl\/index.php?rest_route=\/wp\/v2\/posts\/9254\/revisions\/9256"}],"wp:attachment":[{"href":"https:\/\/ple161.poznan.pl\/index.php?rest_route=%2Fwp%2Fv2%2Fmedia&parent=9254"}],"wp:term":[{"taxonomy":"category","embeddable":true,"href":"https:\/\/ple161.poznan.pl\/index.php?rest_route=%2Fwp%2Fv2%2Fcategories&post=9254"},{"taxonomy":"post_tag","embeddable":true,"href":"https:\/\/ple161.poznan.pl\/index.php?rest_route=%2Fwp%2Fv2%2Ftags&post=9254"}],"curies":[{"name":"wp","href":"https:\/\/api.w.org\/{rel}","templated":true}]}}