{"id":9234,"date":"2024-03-19T09:24:28","date_gmt":"2024-03-19T08:24:28","guid":{"rendered":"https:\/\/ple161.poznan.pl\/?p=9234"},"modified":"2024-03-22T09:30:20","modified_gmt":"2024-03-22T08:30:20","slug":"dzien-kolorowych-skarpetek","status":"publish","type":"post","link":"https:\/\/ple161.poznan.pl\/?p=9234","title":{"rendered":"Dzie\u0144 kolorowych skarpetek"},"content":{"rendered":"<p>18 marca w naszym przedszkolu obchodzili\u015bmy Dzie\u0144 Kolorowych Skarpetek. Dlaczego kolorowe skarpetki? \u00a0Zesp\u00f3\u0142 Downa to zbi\u00f3r wad wrodzonych spowodowany obecno\u015bci\u0105 dodatkowego chromosomu 21. Chromosomy te maj\u0105 kszta\u0142t podobny do skarpetek, dlatego sta\u0142y si\u0119 symbolem akcji, kt\u00f3ra ma zach\u0119ci\u0107 ludzi do rozmowy na temat r\u00f3\u017cnorodno\u015bci, wyj\u0105tkowo\u015bci, integracji i akceptacji.<\/p>\n<p>Nasze przedszkolaki tak\u017ce solidaryzuj\u0105 si\u0119 z tymi osobami, Dzi\u015b, za\u0142o\u017cyli\u015bmy kolorowe skarpetki, by \u017cycie tych os\u00f3b by\u0142o przyjemne i nie brakowa\u0142o im powod\u00f3w do rado\u015bci.<\/p>\n<p>&nbsp;<\/p>\n","protected":false},"excerpt":{"rendered":"<p>18 marca w naszym przedszkolu obchodzili\u015bmy Dzie\u0144 Kolorowych Skarpetek. Dlaczego kolorowe skarpetki? \u00a0Zesp\u00f3\u0142 Downa to zbi\u00f3r wad wrodzonych spowodowany obecno\u015bci\u0105 dodatkowego chromosomu 21. Chromosomy te maj\u0105 kszta\u0142t podobny do skarpetek, dlatego sta\u0142y si\u0119 symbolem akcji, kt\u00f3ra ma zach\u0119ci\u0107 ludzi do rozmowy na temat r\u00f3\u017cnorodno\u015bci, wyj\u0105tkowo\u015bci, integracji i akceptacji. Nasze przedszkolaki tak\u017ce solidaryzuj\u0105 si\u0119 z tymi [&hellip;]<\/p>\n","protected":false},"author":2,"featured_media":6979,"comment_status":"closed","ping_status":"closed","sticky":false,"template":"","format":"standard","meta":{"ngg_post_thumbnail":0,"footnotes":""},"categories":[4,1],"tags":[],"class_list":["post-9234","post","type-post","status-publish","format-standard","has-post-thumbnail","hentry","category-aktualnosci","category-wydarzenia"],"yoast_head":"<!-- This site is optimized with the Yoast SEO plugin v27.4 - https:\/\/yoast.com\/product\/yoast-seo-wordpress\/ -->\n<title>Dzie\u0144 kolorowych skarpetek - Przedszkole im. Ksi\u0119cia Przemys\u0142awa<\/title>\n<meta name=\"robots\" content=\"noindex, follow\" \/>\n<meta property=\"og:locale\" content=\"pl_PL\" \/>\n<meta property=\"og:type\" content=\"article\" \/>\n<meta property=\"og:title\" content=\"Dzie\u0144 kolorowych skarpetek - Przedszkole im. Ksi\u0119cia Przemys\u0142awa\" \/>\n<meta property=\"og:description\" content=\"18 marca w naszym przedszkolu obchodzili\u015bmy Dzie\u0144 Kolorowych Skarpetek. Dlaczego kolorowe skarpetki? \u00a0Zesp\u00f3\u0142 Downa to zbi\u00f3r wad wrodzonych spowodowany obecno\u015bci\u0105 dodatkowego chromosomu 21. Chromosomy te maj\u0105 kszta\u0142t podobny do skarpetek, dlatego sta\u0142y si\u0119 symbolem akcji, kt\u00f3ra ma zach\u0119ci\u0107 ludzi do rozmowy na temat r\u00f3\u017cnorodno\u015bci, wyj\u0105tkowo\u015bci, integracji i akceptacji. Nasze przedszkolaki tak\u017ce solidaryzuj\u0105 si\u0119 z tymi [&hellip;]\" \/>\n<meta property=\"og:url\" content=\"https:\/\/www.przedszkole161.pl\/?p=9234\" \/>\n<meta property=\"og:site_name\" content=\"Przedszkole im. Ksi\u0119cia Przemys\u0142awa\" \/>\n<meta property=\"article:published_time\" content=\"2024-03-19T08:24:28+00:00\" \/>\n<meta property=\"article:modified_time\" content=\"2024-03-22T08:30:20+00:00\" \/>\n<meta property=\"og:image\" content=\"https:\/\/www.przedszkole161.pl\/wp-content\/uploads\/2022\/03\/skarpetki.jpg\" \/>\n\t<meta property=\"og:image:width\" content=\"889\" \/>\n\t<meta property=\"og:image:height\" content=\"1177\" \/>\n\t<meta property=\"og:image:type\" content=\"image\/jpeg\" \/>\n<meta name=\"author\" content=\"Magda Dulemba\" \/>\n<meta name=\"twitter:card\" content=\"summary_large_image\" \/>\n<meta name=\"twitter:label1\" content=\"Napisane przez\" \/>\n\t<meta name=\"twitter:data1\" content=\"Magda Dulemba\" \/>\n\t<meta name=\"twitter:label2\" content=\"Szacowany czas czytania\" \/>\n\t<meta name=\"twitter:data2\" content=\"1 minuta\" \/>\n<script type=\"application\/ld+json\" class=\"yoast-schema-graph\">{\"@context\":\"https:\\\/\\\/schema.org\",\"@graph\":[{\"@type\":\"Article\",\"@id\":\"https:\\\/\\\/www.przedszkole161.pl\\\/?p=9234#article\",\"isPartOf\":{\"@id\":\"https:\\\/\\\/www.przedszkole161.pl\\\/?p=9234\"},\"author\":{\"name\":\"Magda Dulemba\",\"@id\":\"https:\\\/\\\/www.przedszkole161.pl\\\/#\\\/schema\\\/person\\\/673325371d681555a8b67c870d21faac\"},\"headline\":\"Dzie\u0144 kolorowych skarpetek\",\"datePublished\":\"2024-03-19T08:24:28+00:00\",\"dateModified\":\"2024-03-22T08:30:20+00:00\",\"mainEntityOfPage\":{\"@id\":\"https:\\\/\\\/www.przedszkole161.pl\\\/?p=9234\"},\"wordCount\":95,\"image\":{\"@id\":\"https:\\\/\\\/www.przedszkole161.pl\\\/?p=9234#primaryimage\"},\"thumbnailUrl\":\"https:\\\/\\\/ple161.poznan.pl\\\/wp-content\\\/uploads\\\/2022\\\/03\\\/skarpetki.jpg\",\"articleSection\":[\"Aktualno\u015bci\",\"Wydarzenia\"],\"inLanguage\":\"pl-PL\"},{\"@type\":\"WebPage\",\"@id\":\"https:\\\/\\\/www.przedszkole161.pl\\\/?p=9234\",\"url\":\"https:\\\/\\\/www.przedszkole161.pl\\\/?p=9234\",\"name\":\"Dzie\u0144 kolorowych skarpetek - Przedszkole im. Ksi\u0119cia Przemys\u0142awa\",\"isPartOf\":{\"@id\":\"https:\\\/\\\/www.przedszkole161.pl\\\/#website\"},\"primaryImageOfPage\":{\"@id\":\"https:\\\/\\\/www.przedszkole161.pl\\\/?p=9234#primaryimage\"},\"image\":{\"@id\":\"https:\\\/\\\/www.przedszkole161.pl\\\/?p=9234#primaryimage\"},\"thumbnailUrl\":\"https:\\\/\\\/ple161.poznan.pl\\\/wp-content\\\/uploads\\\/2022\\\/03\\\/skarpetki.jpg\",\"datePublished\":\"2024-03-19T08:24:28+00:00\",\"dateModified\":\"2024-03-22T08:30:20+00:00\",\"author\":{\"@id\":\"https:\\\/\\\/www.przedszkole161.pl\\\/#\\\/schema\\\/person\\\/673325371d681555a8b67c870d21faac\"},\"breadcrumb\":{\"@id\":\"https:\\\/\\\/www.przedszkole161.pl\\\/?p=9234#breadcrumb\"},\"inLanguage\":\"pl-PL\",\"potentialAction\":[{\"@type\":\"ReadAction\",\"target\":[\"https:\\\/\\\/www.przedszkole161.pl\\\/?p=9234\"]}]},{\"@type\":\"ImageObject\",\"inLanguage\":\"pl-PL\",\"@id\":\"https:\\\/\\\/www.przedszkole161.pl\\\/?p=9234#primaryimage\",\"url\":\"https:\\\/\\\/ple161.poznan.pl\\\/wp-content\\\/uploads\\\/2022\\\/03\\\/skarpetki.jpg\",\"contentUrl\":\"https:\\\/\\\/ple161.poznan.pl\\\/wp-content\\\/uploads\\\/2022\\\/03\\\/skarpetki.jpg\",\"width\":889,\"height\":1177},{\"@type\":\"BreadcrumbList\",\"@id\":\"https:\\\/\\\/www.przedszkole161.pl\\\/?p=9234#breadcrumb\",\"itemListElement\":[{\"@type\":\"ListItem\",\"position\":1,\"name\":\"Strona g\u0142\u00f3wna\",\"item\":\"https:\\\/\\\/www.przedszkole161.pl\\\/\"},{\"@type\":\"ListItem\",\"position\":2,\"name\":\"Dzie\u0144 kolorowych skarpetek\"}]},{\"@type\":\"WebSite\",\"@id\":\"https:\\\/\\\/www.przedszkole161.pl\\\/#website\",\"url\":\"https:\\\/\\\/www.przedszkole161.pl\\\/\",\"name\":\"Przedszkole im. Ksi\u0119cia Przemys\u0142awa 161\",\"description\":\"\",\"potentialAction\":[{\"@type\":\"SearchAction\",\"target\":{\"@type\":\"EntryPoint\",\"urlTemplate\":\"https:\\\/\\\/www.przedszkole161.pl\\\/?s={search_term_string}\"},\"query-input\":{\"@type\":\"PropertyValueSpecification\",\"valueRequired\":true,\"valueName\":\"search_term_string\"}}],\"inLanguage\":\"pl-PL\"},{\"@type\":\"Person\",\"@id\":\"https:\\\/\\\/www.przedszkole161.pl\\\/#\\\/schema\\\/person\\\/673325371d681555a8b67c870d21faac\",\"name\":\"Magda Dulemba\",\"image\":{\"@type\":\"ImageObject\",\"inLanguage\":\"pl-PL\",\"@id\":\"https:\\\/\\\/secure.gravatar.com\\\/avatar\\\/f6f4cc73208d68c67fc19e1f80620e23d66ef2a923cb26a6d726fbc6a55bbcbc?s=96&d=mm&r=g\",\"url\":\"https:\\\/\\\/secure.gravatar.com\\\/avatar\\\/f6f4cc73208d68c67fc19e1f80620e23d66ef2a923cb26a6d726fbc6a55bbcbc?s=96&d=mm&r=g\",\"contentUrl\":\"https:\\\/\\\/secure.gravatar.com\\\/avatar\\\/f6f4cc73208d68c67fc19e1f80620e23d66ef2a923cb26a6d726fbc6a55bbcbc?s=96&d=mm&r=g\",\"caption\":\"Magda Dulemba\"},\"url\":\"https:\\\/\\\/ple161.poznan.pl\\\/?author=2\"}]}<\/script>\n<!-- \/ Yoast SEO plugin. -->","yoast_head_json":{"title":"Dzie\u0144 kolorowych skarpetek - Przedszkole im. Ksi\u0119cia Przemys\u0142awa","robots":{"index":"noindex","follow":"follow"},"og_locale":"pl_PL","og_type":"article","og_title":"Dzie\u0144 kolorowych skarpetek - Przedszkole im. Ksi\u0119cia Przemys\u0142awa","og_description":"18 marca w naszym przedszkolu obchodzili\u015bmy Dzie\u0144 Kolorowych Skarpetek. Dlaczego kolorowe skarpetki? \u00a0Zesp\u00f3\u0142 Downa to zbi\u00f3r wad wrodzonych spowodowany obecno\u015bci\u0105 dodatkowego chromosomu 21. Chromosomy te maj\u0105 kszta\u0142t podobny do skarpetek, dlatego sta\u0142y si\u0119 symbolem akcji, kt\u00f3ra ma zach\u0119ci\u0107 ludzi do rozmowy na temat r\u00f3\u017cnorodno\u015bci, wyj\u0105tkowo\u015bci, integracji i akceptacji. Nasze przedszkolaki tak\u017ce solidaryzuj\u0105 si\u0119 z tymi [&hellip;]","og_url":"https:\/\/www.przedszkole161.pl\/?p=9234","og_site_name":"Przedszkole im. Ksi\u0119cia Przemys\u0142awa","article_published_time":"2024-03-19T08:24:28+00:00","article_modified_time":"2024-03-22T08:30:20+00:00","og_image":[{"width":889,"height":1177,"url":"https:\/\/www.przedszkole161.pl\/wp-content\/uploads\/2022\/03\/skarpetki.jpg","type":"image\/jpeg"}],"author":"Magda Dulemba","twitter_card":"summary_large_image","twitter_misc":{"Napisane przez":"Magda Dulemba","Szacowany czas czytania":"1 minuta"},"schema":{"@context":"https:\/\/schema.org","@graph":[{"@type":"Article","@id":"https:\/\/www.przedszkole161.pl\/?p=9234#article","isPartOf":{"@id":"https:\/\/www.przedszkole161.pl\/?p=9234"},"author":{"name":"Magda Dulemba","@id":"https:\/\/www.przedszkole161.pl\/#\/schema\/person\/673325371d681555a8b67c870d21faac"},"headline":"Dzie\u0144 kolorowych skarpetek","datePublished":"2024-03-19T08:24:28+00:00","dateModified":"2024-03-22T08:30:20+00:00","mainEntityOfPage":{"@id":"https:\/\/www.przedszkole161.pl\/?p=9234"},"wordCount":95,"image":{"@id":"https:\/\/www.przedszkole161.pl\/?p=9234#primaryimage"},"thumbnailUrl":"https:\/\/ple161.poznan.pl\/wp-content\/uploads\/2022\/03\/skarpetki.jpg","articleSection":["Aktualno\u015bci","Wydarzenia"],"inLanguage":"pl-PL"},{"@type":"WebPage","@id":"https:\/\/www.przedszkole161.pl\/?p=9234","url":"https:\/\/www.przedszkole161.pl\/?p=9234","name":"Dzie\u0144 kolorowych skarpetek - Przedszkole im. Ksi\u0119cia Przemys\u0142awa","isPartOf":{"@id":"https:\/\/www.przedszkole161.pl\/#website"},"primaryImageOfPage":{"@id":"https:\/\/www.przedszkole161.pl\/?p=9234#primaryimage"},"image":{"@id":"https:\/\/www.przedszkole161.pl\/?p=9234#primaryimage"},"thumbnailUrl":"https:\/\/ple161.poznan.pl\/wp-content\/uploads\/2022\/03\/skarpetki.jpg","datePublished":"2024-03-19T08:24:28+00:00","dateModified":"2024-03-22T08:30:20+00:00","author":{"@id":"https:\/\/www.przedszkole161.pl\/#\/schema\/person\/673325371d681555a8b67c870d21faac"},"breadcrumb":{"@id":"https:\/\/www.przedszkole161.pl\/?p=9234#breadcrumb"},"inLanguage":"pl-PL","potentialAction":[{"@type":"ReadAction","target":["https:\/\/www.przedszkole161.pl\/?p=9234"]}]},{"@type":"ImageObject","inLanguage":"pl-PL","@id":"https:\/\/www.przedszkole161.pl\/?p=9234#primaryimage","url":"https:\/\/ple161.poznan.pl\/wp-content\/uploads\/2022\/03\/skarpetki.jpg","contentUrl":"https:\/\/ple161.poznan.pl\/wp-content\/uploads\/2022\/03\/skarpetki.jpg","width":889,"height":1177},{"@type":"BreadcrumbList","@id":"https:\/\/www.przedszkole161.pl\/?p=9234#breadcrumb","itemListElement":[{"@type":"ListItem","position":1,"name":"Strona g\u0142\u00f3wna","item":"https:\/\/www.przedszkole161.pl\/"},{"@type":"ListItem","position":2,"name":"Dzie\u0144 kolorowych skarpetek"}]},{"@type":"WebSite","@id":"https:\/\/www.przedszkole161.pl\/#website","url":"https:\/\/www.przedszkole161.pl\/","name":"Przedszkole im. Ksi\u0119cia Przemys\u0142awa 161","description":"","potentialAction":[{"@type":"SearchAction","target":{"@type":"EntryPoint","urlTemplate":"https:\/\/www.przedszkole161.pl\/?s={search_term_string}"},"query-input":{"@type":"PropertyValueSpecification","valueRequired":true,"valueName":"search_term_string"}}],"inLanguage":"pl-PL"},{"@type":"Person","@id":"https:\/\/www.przedszkole161.pl\/#\/schema\/person\/673325371d681555a8b67c870d21faac","name":"Magda Dulemba","image":{"@type":"ImageObject","inLanguage":"pl-PL","@id":"https:\/\/secure.gravatar.com\/avatar\/f6f4cc73208d68c67fc19e1f80620e23d66ef2a923cb26a6d726fbc6a55bbcbc?s=96&d=mm&r=g","url":"https:\/\/secure.gravatar.com\/avatar\/f6f4cc73208d68c67fc19e1f80620e23d66ef2a923cb26a6d726fbc6a55bbcbc?s=96&d=mm&r=g","contentUrl":"https:\/\/secure.gravatar.com\/avatar\/f6f4cc73208d68c67fc19e1f80620e23d66ef2a923cb26a6d726fbc6a55bbcbc?s=96&d=mm&r=g","caption":"Magda Dulemba"},"url":"https:\/\/ple161.poznan.pl\/?author=2"}]}},"_links":{"self":[{"href":"https:\/\/ple161.poznan.pl\/index.php?rest_route=\/wp\/v2\/posts\/9234","targetHints":{"allow":["GET"]}}],"collection":[{"href":"https:\/\/ple161.poznan.pl\/index.php?rest_route=\/wp\/v2\/posts"}],"about":[{"href":"https:\/\/ple161.poznan.pl\/index.php?rest_route=\/wp\/v2\/types\/post"}],"author":[{"embeddable":true,"href":"https:\/\/ple161.poznan.pl\/index.php?rest_route=\/wp\/v2\/users\/2"}],"replies":[{"embeddable":true,"href":"https:\/\/ple161.poznan.pl\/index.php?rest_route=%2Fwp%2Fv2%2Fcomments&post=9234"}],"version-history":[{"count":1,"href":"https:\/\/ple161.poznan.pl\/index.php?rest_route=\/wp\/v2\/posts\/9234\/revisions"}],"predecessor-version":[{"id":9235,"href":"https:\/\/ple161.poznan.pl\/index.php?rest_route=\/wp\/v2\/posts\/9234\/revisions\/9235"}],"wp:featuredmedia":[{"embeddable":true,"href":"https:\/\/ple161.poznan.pl\/index.php?rest_route=\/wp\/v2\/media\/6979"}],"wp:attachment":[{"href":"https:\/\/ple161.poznan.pl\/index.php?rest_route=%2Fwp%2Fv2%2Fmedia&parent=9234"}],"wp:term":[{"taxonomy":"category","embeddable":true,"href":"https:\/\/ple161.poznan.pl\/index.php?rest_route=%2Fwp%2Fv2%2Fcategories&post=9234"},{"taxonomy":"post_tag","embeddable":true,"href":"https:\/\/ple161.poznan.pl\/index.php?rest_route=%2Fwp%2Fv2%2Ftags&post=9234"}],"curies":[{"name":"wp","href":"https:\/\/api.w.org\/{rel}","templated":true}]}}