{"id":9065,"date":"2024-01-18T20:56:05","date_gmt":"2024-01-18T19:56:05","guid":{"rendered":"https:\/\/ple161.poznan.pl\/?p=9065"},"modified":"2024-01-22T21:02:32","modified_gmt":"2024-01-22T20:02:32","slug":"spotkanie-z-fretka","status":"publish","type":"post","link":"https:\/\/ple161.poznan.pl\/?p=9065","title":{"rendered":"Spotkanie z Fretk\u0105"},"content":{"rendered":"<p>17 stycznia nasze przedszkole odwiedzi\u0142 wyj\u0105tkowy go\u015b\u0107 \u2013 zwierz\u0105tko fretka. By\u0142o to kolejne ju\u017c spotkanie z cyklu ,,Odlotowe zwierzaki\u201d. Przedszkolaki pozna\u0142y wiele ciekawych informacji na temat \u017cycia i zwyczaj\u00f3w fretki, jej ulubionych smako\u0142yk\u00f3w. Dowiedzia\u0142y si\u0119, \u017ce s\u0105 to zwierz\u0105tka bardzo ciekawskie i ruchliwe,<\/p>\n","protected":false},"excerpt":{"rendered":"<p>17 stycznia nasze przedszkole odwiedzi\u0142 wyj\u0105tkowy go\u015b\u0107 \u2013 zwierz\u0105tko fretka. By\u0142o to kolejne ju\u017c spotkanie z cyklu ,,Odlotowe zwierzaki\u201d. Przedszkolaki pozna\u0142y wiele ciekawych informacji na temat \u017cycia i zwyczaj\u00f3w fretki, jej ulubionych smako\u0142yk\u00f3w. Dowiedzia\u0142y si\u0119, \u017ce s\u0105 to zwierz\u0105tka bardzo ciekawskie i ruchliwe,<\/p>\n","protected":false},"author":2,"featured_media":9066,"comment_status":"closed","ping_status":"closed","sticky":false,"template":"","format":"standard","meta":{"ngg_post_thumbnail":0,"footnotes":""},"categories":[4,1],"tags":[],"class_list":["post-9065","post","type-post","status-publish","format-standard","has-post-thumbnail","hentry","category-aktualnosci","category-wydarzenia"],"yoast_head":"<!-- This site is optimized with the Yoast SEO plugin v27.4 - https:\/\/yoast.com\/product\/yoast-seo-wordpress\/ -->\n<title>Spotkanie z Fretk\u0105 - Przedszkole im. Ksi\u0119cia Przemys\u0142awa<\/title>\n<meta name=\"robots\" content=\"noindex, follow\" \/>\n<meta property=\"og:locale\" content=\"pl_PL\" \/>\n<meta property=\"og:type\" content=\"article\" \/>\n<meta property=\"og:title\" content=\"Spotkanie z Fretk\u0105 - Przedszkole im. Ksi\u0119cia Przemys\u0142awa\" \/>\n<meta property=\"og:description\" content=\"17 stycznia nasze przedszkole odwiedzi\u0142 wyj\u0105tkowy go\u015b\u0107 \u2013 zwierz\u0105tko fretka. By\u0142o to kolejne ju\u017c spotkanie z cyklu ,,Odlotowe zwierzaki\u201d. Przedszkolaki pozna\u0142y wiele ciekawych informacji na temat \u017cycia i zwyczaj\u00f3w fretki, jej ulubionych smako\u0142yk\u00f3w. Dowiedzia\u0142y si\u0119, \u017ce s\u0105 to zwierz\u0105tka bardzo ciekawskie i ruchliwe,\" \/>\n<meta property=\"og:url\" content=\"https:\/\/www.przedszkole161.pl\/?p=9065\" \/>\n<meta property=\"og:site_name\" content=\"Przedszkole im. Ksi\u0119cia Przemys\u0142awa\" \/>\n<meta property=\"article:published_time\" content=\"2024-01-18T19:56:05+00:00\" \/>\n<meta property=\"article:modified_time\" content=\"2024-01-22T20:02:32+00:00\" \/>\n<meta property=\"og:image\" content=\"https:\/\/www.przedszkole161.pl\/wp-content\/uploads\/2024\/01\/IMG_4940.jpg\" \/>\n\t<meta property=\"og:image:width\" content=\"485\" \/>\n\t<meta property=\"og:image:height\" content=\"640\" \/>\n\t<meta property=\"og:image:type\" content=\"image\/jpeg\" \/>\n<meta name=\"author\" content=\"Magda Dulemba\" \/>\n<meta name=\"twitter:card\" content=\"summary_large_image\" \/>\n<meta name=\"twitter:label1\" content=\"Napisane przez\" \/>\n\t<meta name=\"twitter:data1\" content=\"Magda Dulemba\" \/>\n\t<meta name=\"twitter:label2\" content=\"Szacowany czas czytania\" \/>\n\t<meta name=\"twitter:data2\" content=\"1 minuta\" \/>\n<script type=\"application\/ld+json\" class=\"yoast-schema-graph\">{\"@context\":\"https:\\\/\\\/schema.org\",\"@graph\":[{\"@type\":\"Article\",\"@id\":\"https:\\\/\\\/www.przedszkole161.pl\\\/?p=9065#article\",\"isPartOf\":{\"@id\":\"https:\\\/\\\/www.przedszkole161.pl\\\/?p=9065\"},\"author\":{\"name\":\"Magda Dulemba\",\"@id\":\"https:\\\/\\\/www.przedszkole161.pl\\\/#\\\/schema\\\/person\\\/673325371d681555a8b67c870d21faac\"},\"headline\":\"Spotkanie z Fretk\u0105\",\"datePublished\":\"2024-01-18T19:56:05+00:00\",\"dateModified\":\"2024-01-22T20:02:32+00:00\",\"mainEntityOfPage\":{\"@id\":\"https:\\\/\\\/www.przedszkole161.pl\\\/?p=9065\"},\"wordCount\":53,\"image\":{\"@id\":\"https:\\\/\\\/www.przedszkole161.pl\\\/?p=9065#primaryimage\"},\"thumbnailUrl\":\"https:\\\/\\\/ple161.poznan.pl\\\/wp-content\\\/uploads\\\/2024\\\/01\\\/IMG_4940.jpg\",\"articleSection\":[\"Aktualno\u015bci\",\"Wydarzenia\"],\"inLanguage\":\"pl-PL\"},{\"@type\":\"WebPage\",\"@id\":\"https:\\\/\\\/www.przedszkole161.pl\\\/?p=9065\",\"url\":\"https:\\\/\\\/www.przedszkole161.pl\\\/?p=9065\",\"name\":\"Spotkanie z Fretk\u0105 - Przedszkole im. Ksi\u0119cia Przemys\u0142awa\",\"isPartOf\":{\"@id\":\"https:\\\/\\\/www.przedszkole161.pl\\\/#website\"},\"primaryImageOfPage\":{\"@id\":\"https:\\\/\\\/www.przedszkole161.pl\\\/?p=9065#primaryimage\"},\"image\":{\"@id\":\"https:\\\/\\\/www.przedszkole161.pl\\\/?p=9065#primaryimage\"},\"thumbnailUrl\":\"https:\\\/\\\/ple161.poznan.pl\\\/wp-content\\\/uploads\\\/2024\\\/01\\\/IMG_4940.jpg\",\"datePublished\":\"2024-01-18T19:56:05+00:00\",\"dateModified\":\"2024-01-22T20:02:32+00:00\",\"author\":{\"@id\":\"https:\\\/\\\/www.przedszkole161.pl\\\/#\\\/schema\\\/person\\\/673325371d681555a8b67c870d21faac\"},\"breadcrumb\":{\"@id\":\"https:\\\/\\\/www.przedszkole161.pl\\\/?p=9065#breadcrumb\"},\"inLanguage\":\"pl-PL\",\"potentialAction\":[{\"@type\":\"ReadAction\",\"target\":[\"https:\\\/\\\/www.przedszkole161.pl\\\/?p=9065\"]}]},{\"@type\":\"ImageObject\",\"inLanguage\":\"pl-PL\",\"@id\":\"https:\\\/\\\/www.przedszkole161.pl\\\/?p=9065#primaryimage\",\"url\":\"https:\\\/\\\/ple161.poznan.pl\\\/wp-content\\\/uploads\\\/2024\\\/01\\\/IMG_4940.jpg\",\"contentUrl\":\"https:\\\/\\\/ple161.poznan.pl\\\/wp-content\\\/uploads\\\/2024\\\/01\\\/IMG_4940.jpg\",\"width\":485,\"height\":640},{\"@type\":\"BreadcrumbList\",\"@id\":\"https:\\\/\\\/www.przedszkole161.pl\\\/?p=9065#breadcrumb\",\"itemListElement\":[{\"@type\":\"ListItem\",\"position\":1,\"name\":\"Strona g\u0142\u00f3wna\",\"item\":\"https:\\\/\\\/www.przedszkole161.pl\\\/\"},{\"@type\":\"ListItem\",\"position\":2,\"name\":\"Spotkanie z Fretk\u0105\"}]},{\"@type\":\"WebSite\",\"@id\":\"https:\\\/\\\/www.przedszkole161.pl\\\/#website\",\"url\":\"https:\\\/\\\/www.przedszkole161.pl\\\/\",\"name\":\"Przedszkole im. Ksi\u0119cia Przemys\u0142awa 161\",\"description\":\"\",\"potentialAction\":[{\"@type\":\"SearchAction\",\"target\":{\"@type\":\"EntryPoint\",\"urlTemplate\":\"https:\\\/\\\/www.przedszkole161.pl\\\/?s={search_term_string}\"},\"query-input\":{\"@type\":\"PropertyValueSpecification\",\"valueRequired\":true,\"valueName\":\"search_term_string\"}}],\"inLanguage\":\"pl-PL\"},{\"@type\":\"Person\",\"@id\":\"https:\\\/\\\/www.przedszkole161.pl\\\/#\\\/schema\\\/person\\\/673325371d681555a8b67c870d21faac\",\"name\":\"Magda Dulemba\",\"image\":{\"@type\":\"ImageObject\",\"inLanguage\":\"pl-PL\",\"@id\":\"https:\\\/\\\/secure.gravatar.com\\\/avatar\\\/f6f4cc73208d68c67fc19e1f80620e23d66ef2a923cb26a6d726fbc6a55bbcbc?s=96&d=mm&r=g\",\"url\":\"https:\\\/\\\/secure.gravatar.com\\\/avatar\\\/f6f4cc73208d68c67fc19e1f80620e23d66ef2a923cb26a6d726fbc6a55bbcbc?s=96&d=mm&r=g\",\"contentUrl\":\"https:\\\/\\\/secure.gravatar.com\\\/avatar\\\/f6f4cc73208d68c67fc19e1f80620e23d66ef2a923cb26a6d726fbc6a55bbcbc?s=96&d=mm&r=g\",\"caption\":\"Magda Dulemba\"},\"url\":\"https:\\\/\\\/ple161.poznan.pl\\\/?author=2\"}]}<\/script>\n<!-- \/ Yoast SEO plugin. -->","yoast_head_json":{"title":"Spotkanie z Fretk\u0105 - Przedszkole im. Ksi\u0119cia Przemys\u0142awa","robots":{"index":"noindex","follow":"follow"},"og_locale":"pl_PL","og_type":"article","og_title":"Spotkanie z Fretk\u0105 - Przedszkole im. Ksi\u0119cia Przemys\u0142awa","og_description":"17 stycznia nasze przedszkole odwiedzi\u0142 wyj\u0105tkowy go\u015b\u0107 \u2013 zwierz\u0105tko fretka. By\u0142o to kolejne ju\u017c spotkanie z cyklu ,,Odlotowe zwierzaki\u201d. Przedszkolaki pozna\u0142y wiele ciekawych informacji na temat \u017cycia i zwyczaj\u00f3w fretki, jej ulubionych smako\u0142yk\u00f3w. Dowiedzia\u0142y si\u0119, \u017ce s\u0105 to zwierz\u0105tka bardzo ciekawskie i ruchliwe,","og_url":"https:\/\/www.przedszkole161.pl\/?p=9065","og_site_name":"Przedszkole im. Ksi\u0119cia Przemys\u0142awa","article_published_time":"2024-01-18T19:56:05+00:00","article_modified_time":"2024-01-22T20:02:32+00:00","og_image":[{"width":485,"height":640,"url":"https:\/\/www.przedszkole161.pl\/wp-content\/uploads\/2024\/01\/IMG_4940.jpg","type":"image\/jpeg"}],"author":"Magda Dulemba","twitter_card":"summary_large_image","twitter_misc":{"Napisane przez":"Magda Dulemba","Szacowany czas czytania":"1 minuta"},"schema":{"@context":"https:\/\/schema.org","@graph":[{"@type":"Article","@id":"https:\/\/www.przedszkole161.pl\/?p=9065#article","isPartOf":{"@id":"https:\/\/www.przedszkole161.pl\/?p=9065"},"author":{"name":"Magda Dulemba","@id":"https:\/\/www.przedszkole161.pl\/#\/schema\/person\/673325371d681555a8b67c870d21faac"},"headline":"Spotkanie z Fretk\u0105","datePublished":"2024-01-18T19:56:05+00:00","dateModified":"2024-01-22T20:02:32+00:00","mainEntityOfPage":{"@id":"https:\/\/www.przedszkole161.pl\/?p=9065"},"wordCount":53,"image":{"@id":"https:\/\/www.przedszkole161.pl\/?p=9065#primaryimage"},"thumbnailUrl":"https:\/\/ple161.poznan.pl\/wp-content\/uploads\/2024\/01\/IMG_4940.jpg","articleSection":["Aktualno\u015bci","Wydarzenia"],"inLanguage":"pl-PL"},{"@type":"WebPage","@id":"https:\/\/www.przedszkole161.pl\/?p=9065","url":"https:\/\/www.przedszkole161.pl\/?p=9065","name":"Spotkanie z Fretk\u0105 - Przedszkole im. Ksi\u0119cia Przemys\u0142awa","isPartOf":{"@id":"https:\/\/www.przedszkole161.pl\/#website"},"primaryImageOfPage":{"@id":"https:\/\/www.przedszkole161.pl\/?p=9065#primaryimage"},"image":{"@id":"https:\/\/www.przedszkole161.pl\/?p=9065#primaryimage"},"thumbnailUrl":"https:\/\/ple161.poznan.pl\/wp-content\/uploads\/2024\/01\/IMG_4940.jpg","datePublished":"2024-01-18T19:56:05+00:00","dateModified":"2024-01-22T20:02:32+00:00","author":{"@id":"https:\/\/www.przedszkole161.pl\/#\/schema\/person\/673325371d681555a8b67c870d21faac"},"breadcrumb":{"@id":"https:\/\/www.przedszkole161.pl\/?p=9065#breadcrumb"},"inLanguage":"pl-PL","potentialAction":[{"@type":"ReadAction","target":["https:\/\/www.przedszkole161.pl\/?p=9065"]}]},{"@type":"ImageObject","inLanguage":"pl-PL","@id":"https:\/\/www.przedszkole161.pl\/?p=9065#primaryimage","url":"https:\/\/ple161.poznan.pl\/wp-content\/uploads\/2024\/01\/IMG_4940.jpg","contentUrl":"https:\/\/ple161.poznan.pl\/wp-content\/uploads\/2024\/01\/IMG_4940.jpg","width":485,"height":640},{"@type":"BreadcrumbList","@id":"https:\/\/www.przedszkole161.pl\/?p=9065#breadcrumb","itemListElement":[{"@type":"ListItem","position":1,"name":"Strona g\u0142\u00f3wna","item":"https:\/\/www.przedszkole161.pl\/"},{"@type":"ListItem","position":2,"name":"Spotkanie z Fretk\u0105"}]},{"@type":"WebSite","@id":"https:\/\/www.przedszkole161.pl\/#website","url":"https:\/\/www.przedszkole161.pl\/","name":"Przedszkole im. Ksi\u0119cia Przemys\u0142awa 161","description":"","potentialAction":[{"@type":"SearchAction","target":{"@type":"EntryPoint","urlTemplate":"https:\/\/www.przedszkole161.pl\/?s={search_term_string}"},"query-input":{"@type":"PropertyValueSpecification","valueRequired":true,"valueName":"search_term_string"}}],"inLanguage":"pl-PL"},{"@type":"Person","@id":"https:\/\/www.przedszkole161.pl\/#\/schema\/person\/673325371d681555a8b67c870d21faac","name":"Magda Dulemba","image":{"@type":"ImageObject","inLanguage":"pl-PL","@id":"https:\/\/secure.gravatar.com\/avatar\/f6f4cc73208d68c67fc19e1f80620e23d66ef2a923cb26a6d726fbc6a55bbcbc?s=96&d=mm&r=g","url":"https:\/\/secure.gravatar.com\/avatar\/f6f4cc73208d68c67fc19e1f80620e23d66ef2a923cb26a6d726fbc6a55bbcbc?s=96&d=mm&r=g","contentUrl":"https:\/\/secure.gravatar.com\/avatar\/f6f4cc73208d68c67fc19e1f80620e23d66ef2a923cb26a6d726fbc6a55bbcbc?s=96&d=mm&r=g","caption":"Magda Dulemba"},"url":"https:\/\/ple161.poznan.pl\/?author=2"}]}},"_links":{"self":[{"href":"https:\/\/ple161.poznan.pl\/index.php?rest_route=\/wp\/v2\/posts\/9065","targetHints":{"allow":["GET"]}}],"collection":[{"href":"https:\/\/ple161.poznan.pl\/index.php?rest_route=\/wp\/v2\/posts"}],"about":[{"href":"https:\/\/ple161.poznan.pl\/index.php?rest_route=\/wp\/v2\/types\/post"}],"author":[{"embeddable":true,"href":"https:\/\/ple161.poznan.pl\/index.php?rest_route=\/wp\/v2\/users\/2"}],"replies":[{"embeddable":true,"href":"https:\/\/ple161.poznan.pl\/index.php?rest_route=%2Fwp%2Fv2%2Fcomments&post=9065"}],"version-history":[{"count":1,"href":"https:\/\/ple161.poznan.pl\/index.php?rest_route=\/wp\/v2\/posts\/9065\/revisions"}],"predecessor-version":[{"id":9067,"href":"https:\/\/ple161.poznan.pl\/index.php?rest_route=\/wp\/v2\/posts\/9065\/revisions\/9067"}],"wp:featuredmedia":[{"embeddable":true,"href":"https:\/\/ple161.poznan.pl\/index.php?rest_route=\/wp\/v2\/media\/9066"}],"wp:attachment":[{"href":"https:\/\/ple161.poznan.pl\/index.php?rest_route=%2Fwp%2Fv2%2Fmedia&parent=9065"}],"wp:term":[{"taxonomy":"category","embeddable":true,"href":"https:\/\/ple161.poznan.pl\/index.php?rest_route=%2Fwp%2Fv2%2Fcategories&post=9065"},{"taxonomy":"post_tag","embeddable":true,"href":"https:\/\/ple161.poznan.pl\/index.php?rest_route=%2Fwp%2Fv2%2Ftags&post=9065"}],"curies":[{"name":"wp","href":"https:\/\/api.w.org\/{rel}","templated":true}]}}