{"id":9033,"date":"2023-12-22T15:30:02","date_gmt":"2023-12-22T14:30:02","guid":{"rendered":"https:\/\/ple161.poznan.pl\/?p=9033"},"modified":"2023-12-27T15:44:39","modified_gmt":"2023-12-27T14:44:39","slug":"9033","status":"publish","type":"post","link":"https:\/\/ple161.poznan.pl\/?p=9033","title":{"rendered":""},"content":{"rendered":"<p>21 grudnia\u00a0 \u017cegnali\u015bmy Jesie\u0144, a witali\u015bmy Zim\u0119. Pani Jesie\u0144 przypomnia\u0142a wszystkim jakie s\u0105 jej atrybuty oraz jakie s\u0105 jej charakterystyczne cechy, po\u017cegna\u0142a nas ta\u0144cem i piosenk\u0105 ust\u0119puj\u0105c miejsca nowej porze roku.\u00a0 Pani Zima przywita\u0142a wszystkich przedszkolak\u00f3w wspania\u0142\u0105 muzyczn\u0105 improwizacj\u0105 zapraszaj\u0105c do wsp\u00f3lnych zimowych zabaw. By\u0142y wiersze, piosenki, zagadki.\u00a0 W posta\u0107 Pani Zimy i Pani Jesieni\u00a0 wcieli\u0142y si\u0119 perfekcyjnie nasze panie Sylwia i Renata.\u00a0 Pani Zima przybli\u017cy\u0142a dzieciom\u00a0 informacje dotycz\u0105ce ,,zimowych\u201d zmian w przyrodzie i szczeg\u00f3ln\u0105 uwag\u0119 zwr\u00f3ci\u0142a na bezpiecze\u0144stwo podczas zabaw na \u015bniegu i lodzie.<\/p>\n","protected":false},"excerpt":{"rendered":"<p>21 grudnia\u00a0 \u017cegnali\u015bmy Jesie\u0144, a witali\u015bmy Zim\u0119. Pani Jesie\u0144 przypomnia\u0142a wszystkim jakie s\u0105 jej atrybuty oraz jakie s\u0105 jej charakterystyczne cechy, po\u017cegna\u0142a nas ta\u0144cem i piosenk\u0105 ust\u0119puj\u0105c miejsca nowej porze roku.\u00a0 Pani Zima przywita\u0142a wszystkich przedszkolak\u00f3w wspania\u0142\u0105 muzyczn\u0105 improwizacj\u0105 zapraszaj\u0105c do wsp\u00f3lnych zimowych zabaw. By\u0142y wiersze, piosenki, zagadki.\u00a0 W posta\u0107 Pani Zimy i Pani Jesieni\u00a0 [&hellip;]<\/p>\n","protected":false},"author":2,"featured_media":9034,"comment_status":"closed","ping_status":"closed","sticky":false,"template":"","format":"standard","meta":{"ngg_post_thumbnail":0,"footnotes":""},"categories":[4,1],"tags":[],"class_list":["post-9033","post","type-post","status-publish","format-standard","has-post-thumbnail","hentry","category-aktualnosci","category-wydarzenia"],"yoast_head":"<!-- This site is optimized with the Yoast SEO plugin v27.4 - https:\/\/yoast.com\/product\/yoast-seo-wordpress\/ -->\n<title>- Przedszkole im. Ksi\u0119cia Przemys\u0142awa<\/title>\n<meta name=\"robots\" content=\"noindex, follow\" \/>\n<meta property=\"og:locale\" content=\"pl_PL\" \/>\n<meta property=\"og:type\" content=\"article\" \/>\n<meta property=\"og:title\" content=\"- Przedszkole im. Ksi\u0119cia Przemys\u0142awa\" \/>\n<meta property=\"og:description\" content=\"21 grudnia\u00a0 \u017cegnali\u015bmy Jesie\u0144, a witali\u015bmy Zim\u0119. Pani Jesie\u0144 przypomnia\u0142a wszystkim jakie s\u0105 jej atrybuty oraz jakie s\u0105 jej charakterystyczne cechy, po\u017cegna\u0142a nas ta\u0144cem i piosenk\u0105 ust\u0119puj\u0105c miejsca nowej porze roku.\u00a0 Pani Zima przywita\u0142a wszystkich przedszkolak\u00f3w wspania\u0142\u0105 muzyczn\u0105 improwizacj\u0105 zapraszaj\u0105c do wsp\u00f3lnych zimowych zabaw. By\u0142y wiersze, piosenki, zagadki.\u00a0 W posta\u0107 Pani Zimy i Pani Jesieni\u00a0 [&hellip;]\" \/>\n<meta property=\"og:url\" content=\"https:\/\/www.przedszkole161.pl\/?p=9033\" \/>\n<meta property=\"og:site_name\" content=\"Przedszkole im. Ksi\u0119cia Przemys\u0142awa\" \/>\n<meta property=\"article:published_time\" content=\"2023-12-22T14:30:02+00:00\" \/>\n<meta property=\"article:modified_time\" content=\"2023-12-27T14:44:39+00:00\" \/>\n<meta property=\"og:image\" content=\"https:\/\/www.przedszkole161.pl\/wp-content\/uploads\/2023\/12\/IMG_4713.jpg\" \/>\n\t<meta property=\"og:image:width\" content=\"640\" \/>\n\t<meta property=\"og:image:height\" content=\"493\" \/>\n\t<meta property=\"og:image:type\" content=\"image\/jpeg\" \/>\n<meta name=\"author\" content=\"Magda Dulemba\" \/>\n<meta name=\"twitter:card\" content=\"summary_large_image\" \/>\n<meta name=\"twitter:label1\" content=\"Napisane przez\" \/>\n\t<meta name=\"twitter:data1\" content=\"Magda Dulemba\" \/>\n\t<meta name=\"twitter:label2\" content=\"Szacowany czas czytania\" \/>\n\t<meta name=\"twitter:data2\" content=\"1 minuta\" \/>\n<script type=\"application\/ld+json\" class=\"yoast-schema-graph\">{\"@context\":\"https:\\\/\\\/schema.org\",\"@graph\":[{\"@type\":\"Article\",\"@id\":\"https:\\\/\\\/www.przedszkole161.pl\\\/?p=9033#article\",\"isPartOf\":{\"@id\":\"https:\\\/\\\/www.przedszkole161.pl\\\/?p=9033\"},\"author\":{\"name\":\"Magda Dulemba\",\"@id\":\"https:\\\/\\\/www.przedszkole161.pl\\\/#\\\/schema\\\/person\\\/673325371d681555a8b67c870d21faac\"},\"headline\":\"Brak tytu\u0142u\",\"datePublished\":\"2023-12-22T14:30:02+00:00\",\"dateModified\":\"2023-12-27T14:44:39+00:00\",\"mainEntityOfPage\":{\"@id\":\"https:\\\/\\\/www.przedszkole161.pl\\\/?p=9033\"},\"wordCount\":105,\"image\":{\"@id\":\"https:\\\/\\\/www.przedszkole161.pl\\\/?p=9033#primaryimage\"},\"thumbnailUrl\":\"https:\\\/\\\/ple161.poznan.pl\\\/wp-content\\\/uploads\\\/2023\\\/12\\\/IMG_4713.jpg\",\"articleSection\":[\"Aktualno\u015bci\",\"Wydarzenia\"],\"inLanguage\":\"pl-PL\"},{\"@type\":\"WebPage\",\"@id\":\"https:\\\/\\\/www.przedszkole161.pl\\\/?p=9033\",\"url\":\"https:\\\/\\\/www.przedszkole161.pl\\\/?p=9033\",\"name\":\"- Przedszkole im. Ksi\u0119cia Przemys\u0142awa\",\"isPartOf\":{\"@id\":\"https:\\\/\\\/www.przedszkole161.pl\\\/#website\"},\"primaryImageOfPage\":{\"@id\":\"https:\\\/\\\/www.przedszkole161.pl\\\/?p=9033#primaryimage\"},\"image\":{\"@id\":\"https:\\\/\\\/www.przedszkole161.pl\\\/?p=9033#primaryimage\"},\"thumbnailUrl\":\"https:\\\/\\\/ple161.poznan.pl\\\/wp-content\\\/uploads\\\/2023\\\/12\\\/IMG_4713.jpg\",\"datePublished\":\"2023-12-22T14:30:02+00:00\",\"dateModified\":\"2023-12-27T14:44:39+00:00\",\"author\":{\"@id\":\"https:\\\/\\\/www.przedszkole161.pl\\\/#\\\/schema\\\/person\\\/673325371d681555a8b67c870d21faac\"},\"inLanguage\":\"pl-PL\",\"potentialAction\":[{\"@type\":\"ReadAction\",\"target\":[\"https:\\\/\\\/www.przedszkole161.pl\\\/?p=9033\"]}]},{\"@type\":\"ImageObject\",\"inLanguage\":\"pl-PL\",\"@id\":\"https:\\\/\\\/www.przedszkole161.pl\\\/?p=9033#primaryimage\",\"url\":\"https:\\\/\\\/ple161.poznan.pl\\\/wp-content\\\/uploads\\\/2023\\\/12\\\/IMG_4713.jpg\",\"contentUrl\":\"https:\\\/\\\/ple161.poznan.pl\\\/wp-content\\\/uploads\\\/2023\\\/12\\\/IMG_4713.jpg\",\"width\":640,\"height\":493},{\"@type\":\"WebSite\",\"@id\":\"https:\\\/\\\/www.przedszkole161.pl\\\/#website\",\"url\":\"https:\\\/\\\/www.przedszkole161.pl\\\/\",\"name\":\"Przedszkole im. Ksi\u0119cia Przemys\u0142awa 161\",\"description\":\"\",\"potentialAction\":[{\"@type\":\"SearchAction\",\"target\":{\"@type\":\"EntryPoint\",\"urlTemplate\":\"https:\\\/\\\/www.przedszkole161.pl\\\/?s={search_term_string}\"},\"query-input\":{\"@type\":\"PropertyValueSpecification\",\"valueRequired\":true,\"valueName\":\"search_term_string\"}}],\"inLanguage\":\"pl-PL\"},{\"@type\":\"Person\",\"@id\":\"https:\\\/\\\/www.przedszkole161.pl\\\/#\\\/schema\\\/person\\\/673325371d681555a8b67c870d21faac\",\"name\":\"Magda Dulemba\",\"image\":{\"@type\":\"ImageObject\",\"inLanguage\":\"pl-PL\",\"@id\":\"https:\\\/\\\/secure.gravatar.com\\\/avatar\\\/f6f4cc73208d68c67fc19e1f80620e23d66ef2a923cb26a6d726fbc6a55bbcbc?s=96&d=mm&r=g\",\"url\":\"https:\\\/\\\/secure.gravatar.com\\\/avatar\\\/f6f4cc73208d68c67fc19e1f80620e23d66ef2a923cb26a6d726fbc6a55bbcbc?s=96&d=mm&r=g\",\"contentUrl\":\"https:\\\/\\\/secure.gravatar.com\\\/avatar\\\/f6f4cc73208d68c67fc19e1f80620e23d66ef2a923cb26a6d726fbc6a55bbcbc?s=96&d=mm&r=g\",\"caption\":\"Magda Dulemba\"},\"url\":\"https:\\\/\\\/ple161.poznan.pl\\\/?author=2\"}]}<\/script>\n<!-- \/ Yoast SEO plugin. -->","yoast_head_json":{"title":"- Przedszkole im. Ksi\u0119cia Przemys\u0142awa","robots":{"index":"noindex","follow":"follow"},"og_locale":"pl_PL","og_type":"article","og_title":"- Przedszkole im. Ksi\u0119cia Przemys\u0142awa","og_description":"21 grudnia\u00a0 \u017cegnali\u015bmy Jesie\u0144, a witali\u015bmy Zim\u0119. Pani Jesie\u0144 przypomnia\u0142a wszystkim jakie s\u0105 jej atrybuty oraz jakie s\u0105 jej charakterystyczne cechy, po\u017cegna\u0142a nas ta\u0144cem i piosenk\u0105 ust\u0119puj\u0105c miejsca nowej porze roku.\u00a0 Pani Zima przywita\u0142a wszystkich przedszkolak\u00f3w wspania\u0142\u0105 muzyczn\u0105 improwizacj\u0105 zapraszaj\u0105c do wsp\u00f3lnych zimowych zabaw. By\u0142y wiersze, piosenki, zagadki.\u00a0 W posta\u0107 Pani Zimy i Pani Jesieni\u00a0 [&hellip;]","og_url":"https:\/\/www.przedszkole161.pl\/?p=9033","og_site_name":"Przedszkole im. Ksi\u0119cia Przemys\u0142awa","article_published_time":"2023-12-22T14:30:02+00:00","article_modified_time":"2023-12-27T14:44:39+00:00","og_image":[{"width":640,"height":493,"url":"https:\/\/www.przedszkole161.pl\/wp-content\/uploads\/2023\/12\/IMG_4713.jpg","type":"image\/jpeg"}],"author":"Magda Dulemba","twitter_card":"summary_large_image","twitter_misc":{"Napisane przez":"Magda Dulemba","Szacowany czas czytania":"1 minuta"},"schema":{"@context":"https:\/\/schema.org","@graph":[{"@type":"Article","@id":"https:\/\/www.przedszkole161.pl\/?p=9033#article","isPartOf":{"@id":"https:\/\/www.przedszkole161.pl\/?p=9033"},"author":{"name":"Magda Dulemba","@id":"https:\/\/www.przedszkole161.pl\/#\/schema\/person\/673325371d681555a8b67c870d21faac"},"headline":"Brak tytu\u0142u","datePublished":"2023-12-22T14:30:02+00:00","dateModified":"2023-12-27T14:44:39+00:00","mainEntityOfPage":{"@id":"https:\/\/www.przedszkole161.pl\/?p=9033"},"wordCount":105,"image":{"@id":"https:\/\/www.przedszkole161.pl\/?p=9033#primaryimage"},"thumbnailUrl":"https:\/\/ple161.poznan.pl\/wp-content\/uploads\/2023\/12\/IMG_4713.jpg","articleSection":["Aktualno\u015bci","Wydarzenia"],"inLanguage":"pl-PL"},{"@type":"WebPage","@id":"https:\/\/www.przedszkole161.pl\/?p=9033","url":"https:\/\/www.przedszkole161.pl\/?p=9033","name":"- Przedszkole im. Ksi\u0119cia Przemys\u0142awa","isPartOf":{"@id":"https:\/\/www.przedszkole161.pl\/#website"},"primaryImageOfPage":{"@id":"https:\/\/www.przedszkole161.pl\/?p=9033#primaryimage"},"image":{"@id":"https:\/\/www.przedszkole161.pl\/?p=9033#primaryimage"},"thumbnailUrl":"https:\/\/ple161.poznan.pl\/wp-content\/uploads\/2023\/12\/IMG_4713.jpg","datePublished":"2023-12-22T14:30:02+00:00","dateModified":"2023-12-27T14:44:39+00:00","author":{"@id":"https:\/\/www.przedszkole161.pl\/#\/schema\/person\/673325371d681555a8b67c870d21faac"},"inLanguage":"pl-PL","potentialAction":[{"@type":"ReadAction","target":["https:\/\/www.przedszkole161.pl\/?p=9033"]}]},{"@type":"ImageObject","inLanguage":"pl-PL","@id":"https:\/\/www.przedszkole161.pl\/?p=9033#primaryimage","url":"https:\/\/ple161.poznan.pl\/wp-content\/uploads\/2023\/12\/IMG_4713.jpg","contentUrl":"https:\/\/ple161.poznan.pl\/wp-content\/uploads\/2023\/12\/IMG_4713.jpg","width":640,"height":493},{"@type":"WebSite","@id":"https:\/\/www.przedszkole161.pl\/#website","url":"https:\/\/www.przedszkole161.pl\/","name":"Przedszkole im. Ksi\u0119cia Przemys\u0142awa 161","description":"","potentialAction":[{"@type":"SearchAction","target":{"@type":"EntryPoint","urlTemplate":"https:\/\/www.przedszkole161.pl\/?s={search_term_string}"},"query-input":{"@type":"PropertyValueSpecification","valueRequired":true,"valueName":"search_term_string"}}],"inLanguage":"pl-PL"},{"@type":"Person","@id":"https:\/\/www.przedszkole161.pl\/#\/schema\/person\/673325371d681555a8b67c870d21faac","name":"Magda Dulemba","image":{"@type":"ImageObject","inLanguage":"pl-PL","@id":"https:\/\/secure.gravatar.com\/avatar\/f6f4cc73208d68c67fc19e1f80620e23d66ef2a923cb26a6d726fbc6a55bbcbc?s=96&d=mm&r=g","url":"https:\/\/secure.gravatar.com\/avatar\/f6f4cc73208d68c67fc19e1f80620e23d66ef2a923cb26a6d726fbc6a55bbcbc?s=96&d=mm&r=g","contentUrl":"https:\/\/secure.gravatar.com\/avatar\/f6f4cc73208d68c67fc19e1f80620e23d66ef2a923cb26a6d726fbc6a55bbcbc?s=96&d=mm&r=g","caption":"Magda Dulemba"},"url":"https:\/\/ple161.poznan.pl\/?author=2"}]}},"_links":{"self":[{"href":"https:\/\/ple161.poznan.pl\/index.php?rest_route=\/wp\/v2\/posts\/9033","targetHints":{"allow":["GET"]}}],"collection":[{"href":"https:\/\/ple161.poznan.pl\/index.php?rest_route=\/wp\/v2\/posts"}],"about":[{"href":"https:\/\/ple161.poznan.pl\/index.php?rest_route=\/wp\/v2\/types\/post"}],"author":[{"embeddable":true,"href":"https:\/\/ple161.poznan.pl\/index.php?rest_route=\/wp\/v2\/users\/2"}],"replies":[{"embeddable":true,"href":"https:\/\/ple161.poznan.pl\/index.php?rest_route=%2Fwp%2Fv2%2Fcomments&post=9033"}],"version-history":[{"count":1,"href":"https:\/\/ple161.poznan.pl\/index.php?rest_route=\/wp\/v2\/posts\/9033\/revisions"}],"predecessor-version":[{"id":9035,"href":"https:\/\/ple161.poznan.pl\/index.php?rest_route=\/wp\/v2\/posts\/9033\/revisions\/9035"}],"wp:featuredmedia":[{"embeddable":true,"href":"https:\/\/ple161.poznan.pl\/index.php?rest_route=\/wp\/v2\/media\/9034"}],"wp:attachment":[{"href":"https:\/\/ple161.poznan.pl\/index.php?rest_route=%2Fwp%2Fv2%2Fmedia&parent=9033"}],"wp:term":[{"taxonomy":"category","embeddable":true,"href":"https:\/\/ple161.poznan.pl\/index.php?rest_route=%2Fwp%2Fv2%2Fcategories&post=9033"},{"taxonomy":"post_tag","embeddable":true,"href":"https:\/\/ple161.poznan.pl\/index.php?rest_route=%2Fwp%2Fv2%2Ftags&post=9033"}],"curies":[{"name":"wp","href":"https:\/\/api.w.org\/{rel}","templated":true}]}}