{"id":8999,"date":"2023-12-17T23:38:06","date_gmt":"2023-12-17T22:38:06","guid":{"rendered":"https:\/\/ple161.poznan.pl\/?p=8999"},"modified":"2023-12-17T23:38:06","modified_gmt":"2023-12-17T22:38:06","slug":"spotkanie-z-lesnikiem-3","status":"publish","type":"post","link":"https:\/\/ple161.poznan.pl\/?p=8999","title":{"rendered":"Spotkanie z Le\u015bnikiem"},"content":{"rendered":"<p align=\"left\"><span lang=\"pl-PL\">12 grudnia nasze przedszkole odwiedzi\u0142 niezwyk\u0142y go\u015b\u0107 Pan<\/span><span lang=\"pl-PL\">i<\/span><span lang=\"pl-PL\"> Le\u015bniczy<\/span><span lang=\"pl-PL\"> z Nadle\u015bnictwa Babki.\u00a0<\/span><span lang=\"pl-PL\">Celem spotkania by\u0142o u\u015bwiadomienie roli drzew\u00a0<\/span><span lang=\"pl-PL\">i zwierz\u0105t mieszkaj\u0105cych w\u00a0<\/span><span lang=\"pl-PL\">lesie\u00a0<\/span><span lang=\"pl-PL\">i ich znaczenia w cz\u0142owieka.\u00a0<\/span><span lang=\"pl-PL\">Pan le\u015bnik<\/span><span lang=\"pl-PL\">\u00a0<\/span><span lang=\"pl-PL\">opowiada\u0142<\/span><span lang=\"pl-PL\">a\u00a0<\/span><span lang=\"pl-PL\">o swojej pracy . Om\u00f3wi\u0142a<\/span><span lang=\"pl-PL\">\u00a0zasady bezpiecznego zachowania si\u0119 w lesie, zaznaczy\u0142<\/span><span lang=\"pl-PL\">a<\/span><span lang=\"pl-PL\">\u00a0te\u017c,\u00a0<\/span><span lang=\"pl-PL\">to\u00a0<\/span><span lang=\"pl-PL\">\u017ce cz\u0142owiek przebywaj\u0105c w lesie jest jego go\u015bciem i musi szanowa\u0107 zwyczaje gospodarzy, czyli zwierz\u0105t w nim przebywaj\u0105cych. Dzieci utrwali\u0142y nazwy i wygl\u0105d oaz pozna\u0142y tropy\u00a0 zwierz\u0105t \u017cyj\u0105cych w lesie.\u00a0 <\/span><span lang=\"pl-PL\">Spotkanie przebiega\u0142o w radosnej atmosferze, a dzieci zadawa\u0142y bardzo du\u017co p<\/span><span lang=\"pl-PL\">y<\/span><span lang=\"pl-PL\">ta\u0144\u00a0<\/span><span lang=\"pl-PL\">zwi\u0105zanych<\/span><span lang=\"pl-PL\">\u00a0z praca le\u015bnika, oraz \u017cyciem zwierz\u0105t w lesie.<\/span><\/p>\n","protected":false},"excerpt":{"rendered":"<p>12 grudnia nasze przedszkole odwiedzi\u0142 niezwyk\u0142y go\u015b\u0107 Pani Le\u015bniczy z Nadle\u015bnictwa Babki.\u00a0Celem spotkania by\u0142o u\u015bwiadomienie roli drzew\u00a0i zwierz\u0105t mieszkaj\u0105cych w\u00a0lesie\u00a0i ich znaczenia w cz\u0142owieka.\u00a0Pan le\u015bnik\u00a0opowiada\u0142a\u00a0o swojej pracy . Om\u00f3wi\u0142a\u00a0zasady bezpiecznego zachowania si\u0119 w lesie, zaznaczy\u0142a\u00a0te\u017c,\u00a0to\u00a0\u017ce cz\u0142owiek przebywaj\u0105c w lesie jest jego go\u015bciem i musi szanowa\u0107 zwyczaje gospodarzy, czyli zwierz\u0105t w nim przebywaj\u0105cych. Dzieci utrwali\u0142y nazwy [&hellip;]<\/p>\n","protected":false},"author":2,"featured_media":3994,"comment_status":"closed","ping_status":"closed","sticky":false,"template":"","format":"standard","meta":{"ngg_post_thumbnail":0,"footnotes":""},"categories":[4,1],"tags":[],"class_list":["post-8999","post","type-post","status-publish","format-standard","has-post-thumbnail","hentry","category-aktualnosci","category-wydarzenia"],"yoast_head":"<!-- This site is optimized with the Yoast SEO plugin v27.4 - https:\/\/yoast.com\/product\/yoast-seo-wordpress\/ -->\n<title>Spotkanie z Le\u015bnikiem - Przedszkole im. Ksi\u0119cia Przemys\u0142awa<\/title>\n<meta name=\"robots\" content=\"noindex, follow\" \/>\n<meta property=\"og:locale\" content=\"pl_PL\" \/>\n<meta property=\"og:type\" content=\"article\" \/>\n<meta property=\"og:title\" content=\"Spotkanie z Le\u015bnikiem - Przedszkole im. Ksi\u0119cia Przemys\u0142awa\" \/>\n<meta property=\"og:description\" content=\"12 grudnia nasze przedszkole odwiedzi\u0142 niezwyk\u0142y go\u015b\u0107 Pani Le\u015bniczy z Nadle\u015bnictwa Babki.\u00a0Celem spotkania by\u0142o u\u015bwiadomienie roli drzew\u00a0i zwierz\u0105t mieszkaj\u0105cych w\u00a0lesie\u00a0i ich znaczenia w cz\u0142owieka.\u00a0Pan le\u015bnik\u00a0opowiada\u0142a\u00a0o swojej pracy . Om\u00f3wi\u0142a\u00a0zasady bezpiecznego zachowania si\u0119 w lesie, zaznaczy\u0142a\u00a0te\u017c,\u00a0to\u00a0\u017ce cz\u0142owiek przebywaj\u0105c w lesie jest jego go\u015bciem i musi szanowa\u0107 zwyczaje gospodarzy, czyli zwierz\u0105t w nim przebywaj\u0105cych. Dzieci utrwali\u0142y nazwy [&hellip;]\" \/>\n<meta property=\"og:url\" content=\"https:\/\/www.przedszkole161.pl\/?p=8999\" \/>\n<meta property=\"og:site_name\" content=\"Przedszkole im. Ksi\u0119cia Przemys\u0142awa\" \/>\n<meta property=\"article:published_time\" content=\"2023-12-17T22:38:06+00:00\" \/>\n<meta property=\"og:image\" content=\"https:\/\/www.przedszkole161.pl\/wp-content\/uploads\/2019\/12\/choinka_1.jpg\" \/>\n\t<meta property=\"og:image:width\" content=\"640\" \/>\n\t<meta property=\"og:image:height\" content=\"765\" \/>\n\t<meta property=\"og:image:type\" content=\"image\/jpeg\" \/>\n<meta name=\"author\" content=\"Magda Dulemba\" \/>\n<meta name=\"twitter:card\" content=\"summary_large_image\" \/>\n<meta name=\"twitter:label1\" content=\"Napisane przez\" \/>\n\t<meta name=\"twitter:data1\" content=\"Magda Dulemba\" \/>\n\t<meta name=\"twitter:label2\" content=\"Szacowany czas czytania\" \/>\n\t<meta name=\"twitter:data2\" content=\"1 minuta\" \/>\n<script type=\"application\/ld+json\" class=\"yoast-schema-graph\">{\"@context\":\"https:\\\/\\\/schema.org\",\"@graph\":[{\"@type\":\"Article\",\"@id\":\"https:\\\/\\\/www.przedszkole161.pl\\\/?p=8999#article\",\"isPartOf\":{\"@id\":\"https:\\\/\\\/www.przedszkole161.pl\\\/?p=8999\"},\"author\":{\"name\":\"Magda Dulemba\",\"@id\":\"https:\\\/\\\/www.przedszkole161.pl\\\/#\\\/schema\\\/person\\\/673325371d681555a8b67c870d21faac\"},\"headline\":\"Spotkanie z Le\u015bnikiem\",\"datePublished\":\"2023-12-17T22:38:06+00:00\",\"mainEntityOfPage\":{\"@id\":\"https:\\\/\\\/www.przedszkole161.pl\\\/?p=8999\"},\"wordCount\":129,\"image\":{\"@id\":\"https:\\\/\\\/www.przedszkole161.pl\\\/?p=8999#primaryimage\"},\"thumbnailUrl\":\"https:\\\/\\\/ple161.poznan.pl\\\/wp-content\\\/uploads\\\/2019\\\/12\\\/choinka_1.jpg\",\"articleSection\":[\"Aktualno\u015bci\",\"Wydarzenia\"],\"inLanguage\":\"pl-PL\"},{\"@type\":\"WebPage\",\"@id\":\"https:\\\/\\\/www.przedszkole161.pl\\\/?p=8999\",\"url\":\"https:\\\/\\\/www.przedszkole161.pl\\\/?p=8999\",\"name\":\"Spotkanie z Le\u015bnikiem - Przedszkole im. Ksi\u0119cia Przemys\u0142awa\",\"isPartOf\":{\"@id\":\"https:\\\/\\\/www.przedszkole161.pl\\\/#website\"},\"primaryImageOfPage\":{\"@id\":\"https:\\\/\\\/www.przedszkole161.pl\\\/?p=8999#primaryimage\"},\"image\":{\"@id\":\"https:\\\/\\\/www.przedszkole161.pl\\\/?p=8999#primaryimage\"},\"thumbnailUrl\":\"https:\\\/\\\/ple161.poznan.pl\\\/wp-content\\\/uploads\\\/2019\\\/12\\\/choinka_1.jpg\",\"datePublished\":\"2023-12-17T22:38:06+00:00\",\"author\":{\"@id\":\"https:\\\/\\\/www.przedszkole161.pl\\\/#\\\/schema\\\/person\\\/673325371d681555a8b67c870d21faac\"},\"breadcrumb\":{\"@id\":\"https:\\\/\\\/www.przedszkole161.pl\\\/?p=8999#breadcrumb\"},\"inLanguage\":\"pl-PL\",\"potentialAction\":[{\"@type\":\"ReadAction\",\"target\":[\"https:\\\/\\\/www.przedszkole161.pl\\\/?p=8999\"]}]},{\"@type\":\"ImageObject\",\"inLanguage\":\"pl-PL\",\"@id\":\"https:\\\/\\\/www.przedszkole161.pl\\\/?p=8999#primaryimage\",\"url\":\"https:\\\/\\\/ple161.poznan.pl\\\/wp-content\\\/uploads\\\/2019\\\/12\\\/choinka_1.jpg\",\"contentUrl\":\"https:\\\/\\\/ple161.poznan.pl\\\/wp-content\\\/uploads\\\/2019\\\/12\\\/choinka_1.jpg\",\"width\":640,\"height\":765,\"caption\":\"Studioaufnahme einer frischen dichten Nordmanntanne auf wei\u00dfem Hintergrund ohne Schatten\"},{\"@type\":\"BreadcrumbList\",\"@id\":\"https:\\\/\\\/www.przedszkole161.pl\\\/?p=8999#breadcrumb\",\"itemListElement\":[{\"@type\":\"ListItem\",\"position\":1,\"name\":\"Strona g\u0142\u00f3wna\",\"item\":\"https:\\\/\\\/www.przedszkole161.pl\\\/\"},{\"@type\":\"ListItem\",\"position\":2,\"name\":\"Spotkanie z Le\u015bnikiem\"}]},{\"@type\":\"WebSite\",\"@id\":\"https:\\\/\\\/www.przedszkole161.pl\\\/#website\",\"url\":\"https:\\\/\\\/www.przedszkole161.pl\\\/\",\"name\":\"Przedszkole im. Ksi\u0119cia Przemys\u0142awa 161\",\"description\":\"\",\"potentialAction\":[{\"@type\":\"SearchAction\",\"target\":{\"@type\":\"EntryPoint\",\"urlTemplate\":\"https:\\\/\\\/www.przedszkole161.pl\\\/?s={search_term_string}\"},\"query-input\":{\"@type\":\"PropertyValueSpecification\",\"valueRequired\":true,\"valueName\":\"search_term_string\"}}],\"inLanguage\":\"pl-PL\"},{\"@type\":\"Person\",\"@id\":\"https:\\\/\\\/www.przedszkole161.pl\\\/#\\\/schema\\\/person\\\/673325371d681555a8b67c870d21faac\",\"name\":\"Magda Dulemba\",\"image\":{\"@type\":\"ImageObject\",\"inLanguage\":\"pl-PL\",\"@id\":\"https:\\\/\\\/secure.gravatar.com\\\/avatar\\\/f6f4cc73208d68c67fc19e1f80620e23d66ef2a923cb26a6d726fbc6a55bbcbc?s=96&d=mm&r=g\",\"url\":\"https:\\\/\\\/secure.gravatar.com\\\/avatar\\\/f6f4cc73208d68c67fc19e1f80620e23d66ef2a923cb26a6d726fbc6a55bbcbc?s=96&d=mm&r=g\",\"contentUrl\":\"https:\\\/\\\/secure.gravatar.com\\\/avatar\\\/f6f4cc73208d68c67fc19e1f80620e23d66ef2a923cb26a6d726fbc6a55bbcbc?s=96&d=mm&r=g\",\"caption\":\"Magda Dulemba\"},\"url\":\"https:\\\/\\\/ple161.poznan.pl\\\/?author=2\"}]}<\/script>\n<!-- \/ Yoast SEO plugin. -->","yoast_head_json":{"title":"Spotkanie z Le\u015bnikiem - Przedszkole im. Ksi\u0119cia Przemys\u0142awa","robots":{"index":"noindex","follow":"follow"},"og_locale":"pl_PL","og_type":"article","og_title":"Spotkanie z Le\u015bnikiem - Przedszkole im. Ksi\u0119cia Przemys\u0142awa","og_description":"12 grudnia nasze przedszkole odwiedzi\u0142 niezwyk\u0142y go\u015b\u0107 Pani Le\u015bniczy z Nadle\u015bnictwa Babki.\u00a0Celem spotkania by\u0142o u\u015bwiadomienie roli drzew\u00a0i zwierz\u0105t mieszkaj\u0105cych w\u00a0lesie\u00a0i ich znaczenia w cz\u0142owieka.\u00a0Pan le\u015bnik\u00a0opowiada\u0142a\u00a0o swojej pracy . Om\u00f3wi\u0142a\u00a0zasady bezpiecznego zachowania si\u0119 w lesie, zaznaczy\u0142a\u00a0te\u017c,\u00a0to\u00a0\u017ce cz\u0142owiek przebywaj\u0105c w lesie jest jego go\u015bciem i musi szanowa\u0107 zwyczaje gospodarzy, czyli zwierz\u0105t w nim przebywaj\u0105cych. Dzieci utrwali\u0142y nazwy [&hellip;]","og_url":"https:\/\/www.przedszkole161.pl\/?p=8999","og_site_name":"Przedszkole im. Ksi\u0119cia Przemys\u0142awa","article_published_time":"2023-12-17T22:38:06+00:00","og_image":[{"width":640,"height":765,"url":"https:\/\/www.przedszkole161.pl\/wp-content\/uploads\/2019\/12\/choinka_1.jpg","type":"image\/jpeg"}],"author":"Magda Dulemba","twitter_card":"summary_large_image","twitter_misc":{"Napisane przez":"Magda Dulemba","Szacowany czas czytania":"1 minuta"},"schema":{"@context":"https:\/\/schema.org","@graph":[{"@type":"Article","@id":"https:\/\/www.przedszkole161.pl\/?p=8999#article","isPartOf":{"@id":"https:\/\/www.przedszkole161.pl\/?p=8999"},"author":{"name":"Magda Dulemba","@id":"https:\/\/www.przedszkole161.pl\/#\/schema\/person\/673325371d681555a8b67c870d21faac"},"headline":"Spotkanie z Le\u015bnikiem","datePublished":"2023-12-17T22:38:06+00:00","mainEntityOfPage":{"@id":"https:\/\/www.przedszkole161.pl\/?p=8999"},"wordCount":129,"image":{"@id":"https:\/\/www.przedszkole161.pl\/?p=8999#primaryimage"},"thumbnailUrl":"https:\/\/ple161.poznan.pl\/wp-content\/uploads\/2019\/12\/choinka_1.jpg","articleSection":["Aktualno\u015bci","Wydarzenia"],"inLanguage":"pl-PL"},{"@type":"WebPage","@id":"https:\/\/www.przedszkole161.pl\/?p=8999","url":"https:\/\/www.przedszkole161.pl\/?p=8999","name":"Spotkanie z Le\u015bnikiem - Przedszkole im. Ksi\u0119cia Przemys\u0142awa","isPartOf":{"@id":"https:\/\/www.przedszkole161.pl\/#website"},"primaryImageOfPage":{"@id":"https:\/\/www.przedszkole161.pl\/?p=8999#primaryimage"},"image":{"@id":"https:\/\/www.przedszkole161.pl\/?p=8999#primaryimage"},"thumbnailUrl":"https:\/\/ple161.poznan.pl\/wp-content\/uploads\/2019\/12\/choinka_1.jpg","datePublished":"2023-12-17T22:38:06+00:00","author":{"@id":"https:\/\/www.przedszkole161.pl\/#\/schema\/person\/673325371d681555a8b67c870d21faac"},"breadcrumb":{"@id":"https:\/\/www.przedszkole161.pl\/?p=8999#breadcrumb"},"inLanguage":"pl-PL","potentialAction":[{"@type":"ReadAction","target":["https:\/\/www.przedszkole161.pl\/?p=8999"]}]},{"@type":"ImageObject","inLanguage":"pl-PL","@id":"https:\/\/www.przedszkole161.pl\/?p=8999#primaryimage","url":"https:\/\/ple161.poznan.pl\/wp-content\/uploads\/2019\/12\/choinka_1.jpg","contentUrl":"https:\/\/ple161.poznan.pl\/wp-content\/uploads\/2019\/12\/choinka_1.jpg","width":640,"height":765,"caption":"Studioaufnahme einer frischen dichten Nordmanntanne auf wei\u00dfem Hintergrund ohne Schatten"},{"@type":"BreadcrumbList","@id":"https:\/\/www.przedszkole161.pl\/?p=8999#breadcrumb","itemListElement":[{"@type":"ListItem","position":1,"name":"Strona g\u0142\u00f3wna","item":"https:\/\/www.przedszkole161.pl\/"},{"@type":"ListItem","position":2,"name":"Spotkanie z Le\u015bnikiem"}]},{"@type":"WebSite","@id":"https:\/\/www.przedszkole161.pl\/#website","url":"https:\/\/www.przedszkole161.pl\/","name":"Przedszkole im. Ksi\u0119cia Przemys\u0142awa 161","description":"","potentialAction":[{"@type":"SearchAction","target":{"@type":"EntryPoint","urlTemplate":"https:\/\/www.przedszkole161.pl\/?s={search_term_string}"},"query-input":{"@type":"PropertyValueSpecification","valueRequired":true,"valueName":"search_term_string"}}],"inLanguage":"pl-PL"},{"@type":"Person","@id":"https:\/\/www.przedszkole161.pl\/#\/schema\/person\/673325371d681555a8b67c870d21faac","name":"Magda Dulemba","image":{"@type":"ImageObject","inLanguage":"pl-PL","@id":"https:\/\/secure.gravatar.com\/avatar\/f6f4cc73208d68c67fc19e1f80620e23d66ef2a923cb26a6d726fbc6a55bbcbc?s=96&d=mm&r=g","url":"https:\/\/secure.gravatar.com\/avatar\/f6f4cc73208d68c67fc19e1f80620e23d66ef2a923cb26a6d726fbc6a55bbcbc?s=96&d=mm&r=g","contentUrl":"https:\/\/secure.gravatar.com\/avatar\/f6f4cc73208d68c67fc19e1f80620e23d66ef2a923cb26a6d726fbc6a55bbcbc?s=96&d=mm&r=g","caption":"Magda Dulemba"},"url":"https:\/\/ple161.poznan.pl\/?author=2"}]}},"_links":{"self":[{"href":"https:\/\/ple161.poznan.pl\/index.php?rest_route=\/wp\/v2\/posts\/8999","targetHints":{"allow":["GET"]}}],"collection":[{"href":"https:\/\/ple161.poznan.pl\/index.php?rest_route=\/wp\/v2\/posts"}],"about":[{"href":"https:\/\/ple161.poznan.pl\/index.php?rest_route=\/wp\/v2\/types\/post"}],"author":[{"embeddable":true,"href":"https:\/\/ple161.poznan.pl\/index.php?rest_route=\/wp\/v2\/users\/2"}],"replies":[{"embeddable":true,"href":"https:\/\/ple161.poznan.pl\/index.php?rest_route=%2Fwp%2Fv2%2Fcomments&post=8999"}],"version-history":[{"count":1,"href":"https:\/\/ple161.poznan.pl\/index.php?rest_route=\/wp\/v2\/posts\/8999\/revisions"}],"predecessor-version":[{"id":9000,"href":"https:\/\/ple161.poznan.pl\/index.php?rest_route=\/wp\/v2\/posts\/8999\/revisions\/9000"}],"wp:featuredmedia":[{"embeddable":true,"href":"https:\/\/ple161.poznan.pl\/index.php?rest_route=\/wp\/v2\/media\/3994"}],"wp:attachment":[{"href":"https:\/\/ple161.poznan.pl\/index.php?rest_route=%2Fwp%2Fv2%2Fmedia&parent=8999"}],"wp:term":[{"taxonomy":"category","embeddable":true,"href":"https:\/\/ple161.poznan.pl\/index.php?rest_route=%2Fwp%2Fv2%2Fcategories&post=8999"},{"taxonomy":"post_tag","embeddable":true,"href":"https:\/\/ple161.poznan.pl\/index.php?rest_route=%2Fwp%2Fv2%2Ftags&post=8999"}],"curies":[{"name":"wp","href":"https:\/\/api.w.org\/{rel}","templated":true}]}}