{"id":8808,"date":"2023-11-10T05:56:34","date_gmt":"2023-11-10T04:56:34","guid":{"rendered":"https:\/\/ple161.poznan.pl\/?p=8808"},"modified":"2023-11-10T05:56:34","modified_gmt":"2023-11-10T04:56:34","slug":"dzien-postaci-z-bajek-3","status":"publish","type":"post","link":"https:\/\/ple161.poznan.pl\/?p=8808","title":{"rendered":"Dzie\u0144 postaci z bajek"},"content":{"rendered":"<p>9 listopada w naszym przedszkolu obchodzili\u015bmy dzie\u0144 bajkowych postaci. Bajki towarzysz\u0105 nam od najm\u0142odszych lat, rozweselaj\u0105 i bawi\u0105, ale te\u017c wychowuj\u0105. Przedszkolaki przebra\u0142y si\u0119 za swoich ulubionych bajkowych bohater\u00f3w, bawi\u0142y si\u0119 przy muzyce, kolorowa\u0142y bajkowe obrazki, rozwi\u0105zywa\u0142y bajkowe zagadki. Ten dzie\u0144 to doskona\u0142a okazja do rozwijania zainteresowa\u0144 czytelniczych w\u015br\u00f3d dzieci. Warto\u015bciowe ksi\u0105\u017cki kszta\u0142c\u0105 w dzieciach odpowiednie postawy moralne, rozwijaj\u0105 dzieci\u0119c\u0105 fantazj\u0119, pami\u0119\u0107, bogac\u0105 s\u0142ownictwo.<\/p>\n","protected":false},"excerpt":{"rendered":"<p>9 listopada w naszym przedszkolu obchodzili\u015bmy dzie\u0144 bajkowych postaci. Bajki towarzysz\u0105 nam od najm\u0142odszych lat, rozweselaj\u0105 i bawi\u0105, ale te\u017c wychowuj\u0105. Przedszkolaki przebra\u0142y si\u0119 za swoich ulubionych bajkowych bohater\u00f3w, bawi\u0142y si\u0119 przy muzyce, kolorowa\u0142y bajkowe obrazki, rozwi\u0105zywa\u0142y bajkowe zagadki. Ten dzie\u0144 to doskona\u0142a okazja do rozwijania zainteresowa\u0144 czytelniczych w\u015br\u00f3d dzieci. Warto\u015bciowe ksi\u0105\u017cki kszta\u0142c\u0105 w dzieciach [&hellip;]<\/p>\n","protected":false},"author":2,"featured_media":3499,"comment_status":"closed","ping_status":"closed","sticky":false,"template":"","format":"standard","meta":{"ngg_post_thumbnail":0,"footnotes":""},"categories":[4,1],"tags":[],"class_list":["post-8808","post","type-post","status-publish","format-standard","has-post-thumbnail","hentry","category-aktualnosci","category-wydarzenia"],"yoast_head":"<!-- This site is optimized with the Yoast SEO plugin v27.4 - https:\/\/yoast.com\/product\/yoast-seo-wordpress\/ -->\n<title>Dzie\u0144 postaci z bajek - Przedszkole im. Ksi\u0119cia Przemys\u0142awa<\/title>\n<meta name=\"robots\" content=\"noindex, follow\" \/>\n<meta property=\"og:locale\" content=\"pl_PL\" \/>\n<meta property=\"og:type\" content=\"article\" \/>\n<meta property=\"og:title\" content=\"Dzie\u0144 postaci z bajek - Przedszkole im. Ksi\u0119cia Przemys\u0142awa\" \/>\n<meta property=\"og:description\" content=\"9 listopada w naszym przedszkolu obchodzili\u015bmy dzie\u0144 bajkowych postaci. Bajki towarzysz\u0105 nam od najm\u0142odszych lat, rozweselaj\u0105 i bawi\u0105, ale te\u017c wychowuj\u0105. Przedszkolaki przebra\u0142y si\u0119 za swoich ulubionych bajkowych bohater\u00f3w, bawi\u0142y si\u0119 przy muzyce, kolorowa\u0142y bajkowe obrazki, rozwi\u0105zywa\u0142y bajkowe zagadki. Ten dzie\u0144 to doskona\u0142a okazja do rozwijania zainteresowa\u0144 czytelniczych w\u015br\u00f3d dzieci. Warto\u015bciowe ksi\u0105\u017cki kszta\u0142c\u0105 w dzieciach [&hellip;]\" \/>\n<meta property=\"og:url\" content=\"https:\/\/www.przedszkole161.pl\/?p=8808\" \/>\n<meta property=\"og:site_name\" content=\"Przedszkole im. Ksi\u0119cia Przemys\u0142awa\" \/>\n<meta property=\"article:published_time\" content=\"2023-11-10T04:56:34+00:00\" \/>\n<meta property=\"og:image\" content=\"https:\/\/www.przedszkole161.pl\/wp-content\/uploads\/2019\/01\/karnawal.jpg\" \/>\n\t<meta property=\"og:image:width\" content=\"600\" \/>\n\t<meta property=\"og:image:height\" content=\"450\" \/>\n\t<meta property=\"og:image:type\" content=\"image\/jpeg\" \/>\n<meta name=\"author\" content=\"Magda Dulemba\" \/>\n<meta name=\"twitter:card\" content=\"summary_large_image\" \/>\n<meta name=\"twitter:label1\" content=\"Napisane przez\" \/>\n\t<meta name=\"twitter:data1\" content=\"Magda Dulemba\" \/>\n\t<meta name=\"twitter:label2\" content=\"Szacowany czas czytania\" \/>\n\t<meta name=\"twitter:data2\" content=\"1 minuta\" \/>\n<script type=\"application\/ld+json\" class=\"yoast-schema-graph\">{\"@context\":\"https:\\\/\\\/schema.org\",\"@graph\":[{\"@type\":\"Article\",\"@id\":\"https:\\\/\\\/www.przedszkole161.pl\\\/?p=8808#article\",\"isPartOf\":{\"@id\":\"https:\\\/\\\/www.przedszkole161.pl\\\/?p=8808\"},\"author\":{\"name\":\"Magda Dulemba\",\"@id\":\"https:\\\/\\\/www.przedszkole161.pl\\\/#\\\/schema\\\/person\\\/673325371d681555a8b67c870d21faac\"},\"headline\":\"Dzie\u0144 postaci z bajek\",\"datePublished\":\"2023-11-10T04:56:34+00:00\",\"mainEntityOfPage\":{\"@id\":\"https:\\\/\\\/www.przedszkole161.pl\\\/?p=8808\"},\"wordCount\":83,\"image\":{\"@id\":\"https:\\\/\\\/www.przedszkole161.pl\\\/?p=8808#primaryimage\"},\"thumbnailUrl\":\"https:\\\/\\\/ple161.poznan.pl\\\/wp-content\\\/uploads\\\/2019\\\/01\\\/karnawal.jpg\",\"articleSection\":[\"Aktualno\u015bci\",\"Wydarzenia\"],\"inLanguage\":\"pl-PL\"},{\"@type\":\"WebPage\",\"@id\":\"https:\\\/\\\/www.przedszkole161.pl\\\/?p=8808\",\"url\":\"https:\\\/\\\/www.przedszkole161.pl\\\/?p=8808\",\"name\":\"Dzie\u0144 postaci z bajek - Przedszkole im. Ksi\u0119cia Przemys\u0142awa\",\"isPartOf\":{\"@id\":\"https:\\\/\\\/www.przedszkole161.pl\\\/#website\"},\"primaryImageOfPage\":{\"@id\":\"https:\\\/\\\/www.przedszkole161.pl\\\/?p=8808#primaryimage\"},\"image\":{\"@id\":\"https:\\\/\\\/www.przedszkole161.pl\\\/?p=8808#primaryimage\"},\"thumbnailUrl\":\"https:\\\/\\\/ple161.poznan.pl\\\/wp-content\\\/uploads\\\/2019\\\/01\\\/karnawal.jpg\",\"datePublished\":\"2023-11-10T04:56:34+00:00\",\"author\":{\"@id\":\"https:\\\/\\\/www.przedszkole161.pl\\\/#\\\/schema\\\/person\\\/673325371d681555a8b67c870d21faac\"},\"breadcrumb\":{\"@id\":\"https:\\\/\\\/www.przedszkole161.pl\\\/?p=8808#breadcrumb\"},\"inLanguage\":\"pl-PL\",\"potentialAction\":[{\"@type\":\"ReadAction\",\"target\":[\"https:\\\/\\\/www.przedszkole161.pl\\\/?p=8808\"]}]},{\"@type\":\"ImageObject\",\"inLanguage\":\"pl-PL\",\"@id\":\"https:\\\/\\\/www.przedszkole161.pl\\\/?p=8808#primaryimage\",\"url\":\"https:\\\/\\\/ple161.poznan.pl\\\/wp-content\\\/uploads\\\/2019\\\/01\\\/karnawal.jpg\",\"contentUrl\":\"https:\\\/\\\/ple161.poznan.pl\\\/wp-content\\\/uploads\\\/2019\\\/01\\\/karnawal.jpg\",\"width\":600,\"height\":450},{\"@type\":\"BreadcrumbList\",\"@id\":\"https:\\\/\\\/www.przedszkole161.pl\\\/?p=8808#breadcrumb\",\"itemListElement\":[{\"@type\":\"ListItem\",\"position\":1,\"name\":\"Strona g\u0142\u00f3wna\",\"item\":\"https:\\\/\\\/www.przedszkole161.pl\\\/\"},{\"@type\":\"ListItem\",\"position\":2,\"name\":\"Dzie\u0144 postaci z bajek\"}]},{\"@type\":\"WebSite\",\"@id\":\"https:\\\/\\\/www.przedszkole161.pl\\\/#website\",\"url\":\"https:\\\/\\\/www.przedszkole161.pl\\\/\",\"name\":\"Przedszkole im. Ksi\u0119cia Przemys\u0142awa 161\",\"description\":\"\",\"potentialAction\":[{\"@type\":\"SearchAction\",\"target\":{\"@type\":\"EntryPoint\",\"urlTemplate\":\"https:\\\/\\\/www.przedszkole161.pl\\\/?s={search_term_string}\"},\"query-input\":{\"@type\":\"PropertyValueSpecification\",\"valueRequired\":true,\"valueName\":\"search_term_string\"}}],\"inLanguage\":\"pl-PL\"},{\"@type\":\"Person\",\"@id\":\"https:\\\/\\\/www.przedszkole161.pl\\\/#\\\/schema\\\/person\\\/673325371d681555a8b67c870d21faac\",\"name\":\"Magda Dulemba\",\"image\":{\"@type\":\"ImageObject\",\"inLanguage\":\"pl-PL\",\"@id\":\"https:\\\/\\\/secure.gravatar.com\\\/avatar\\\/f6f4cc73208d68c67fc19e1f80620e23d66ef2a923cb26a6d726fbc6a55bbcbc?s=96&d=mm&r=g\",\"url\":\"https:\\\/\\\/secure.gravatar.com\\\/avatar\\\/f6f4cc73208d68c67fc19e1f80620e23d66ef2a923cb26a6d726fbc6a55bbcbc?s=96&d=mm&r=g\",\"contentUrl\":\"https:\\\/\\\/secure.gravatar.com\\\/avatar\\\/f6f4cc73208d68c67fc19e1f80620e23d66ef2a923cb26a6d726fbc6a55bbcbc?s=96&d=mm&r=g\",\"caption\":\"Magda Dulemba\"},\"url\":\"https:\\\/\\\/ple161.poznan.pl\\\/?author=2\"}]}<\/script>\n<!-- \/ Yoast SEO plugin. -->","yoast_head_json":{"title":"Dzie\u0144 postaci z bajek - Przedszkole im. Ksi\u0119cia Przemys\u0142awa","robots":{"index":"noindex","follow":"follow"},"og_locale":"pl_PL","og_type":"article","og_title":"Dzie\u0144 postaci z bajek - Przedszkole im. Ksi\u0119cia Przemys\u0142awa","og_description":"9 listopada w naszym przedszkolu obchodzili\u015bmy dzie\u0144 bajkowych postaci. Bajki towarzysz\u0105 nam od najm\u0142odszych lat, rozweselaj\u0105 i bawi\u0105, ale te\u017c wychowuj\u0105. Przedszkolaki przebra\u0142y si\u0119 za swoich ulubionych bajkowych bohater\u00f3w, bawi\u0142y si\u0119 przy muzyce, kolorowa\u0142y bajkowe obrazki, rozwi\u0105zywa\u0142y bajkowe zagadki. Ten dzie\u0144 to doskona\u0142a okazja do rozwijania zainteresowa\u0144 czytelniczych w\u015br\u00f3d dzieci. Warto\u015bciowe ksi\u0105\u017cki kszta\u0142c\u0105 w dzieciach [&hellip;]","og_url":"https:\/\/www.przedszkole161.pl\/?p=8808","og_site_name":"Przedszkole im. Ksi\u0119cia Przemys\u0142awa","article_published_time":"2023-11-10T04:56:34+00:00","og_image":[{"width":600,"height":450,"url":"https:\/\/www.przedszkole161.pl\/wp-content\/uploads\/2019\/01\/karnawal.jpg","type":"image\/jpeg"}],"author":"Magda Dulemba","twitter_card":"summary_large_image","twitter_misc":{"Napisane przez":"Magda Dulemba","Szacowany czas czytania":"1 minuta"},"schema":{"@context":"https:\/\/schema.org","@graph":[{"@type":"Article","@id":"https:\/\/www.przedszkole161.pl\/?p=8808#article","isPartOf":{"@id":"https:\/\/www.przedszkole161.pl\/?p=8808"},"author":{"name":"Magda Dulemba","@id":"https:\/\/www.przedszkole161.pl\/#\/schema\/person\/673325371d681555a8b67c870d21faac"},"headline":"Dzie\u0144 postaci z bajek","datePublished":"2023-11-10T04:56:34+00:00","mainEntityOfPage":{"@id":"https:\/\/www.przedszkole161.pl\/?p=8808"},"wordCount":83,"image":{"@id":"https:\/\/www.przedszkole161.pl\/?p=8808#primaryimage"},"thumbnailUrl":"https:\/\/ple161.poznan.pl\/wp-content\/uploads\/2019\/01\/karnawal.jpg","articleSection":["Aktualno\u015bci","Wydarzenia"],"inLanguage":"pl-PL"},{"@type":"WebPage","@id":"https:\/\/www.przedszkole161.pl\/?p=8808","url":"https:\/\/www.przedszkole161.pl\/?p=8808","name":"Dzie\u0144 postaci z bajek - Przedszkole im. Ksi\u0119cia Przemys\u0142awa","isPartOf":{"@id":"https:\/\/www.przedszkole161.pl\/#website"},"primaryImageOfPage":{"@id":"https:\/\/www.przedszkole161.pl\/?p=8808#primaryimage"},"image":{"@id":"https:\/\/www.przedszkole161.pl\/?p=8808#primaryimage"},"thumbnailUrl":"https:\/\/ple161.poznan.pl\/wp-content\/uploads\/2019\/01\/karnawal.jpg","datePublished":"2023-11-10T04:56:34+00:00","author":{"@id":"https:\/\/www.przedszkole161.pl\/#\/schema\/person\/673325371d681555a8b67c870d21faac"},"breadcrumb":{"@id":"https:\/\/www.przedszkole161.pl\/?p=8808#breadcrumb"},"inLanguage":"pl-PL","potentialAction":[{"@type":"ReadAction","target":["https:\/\/www.przedszkole161.pl\/?p=8808"]}]},{"@type":"ImageObject","inLanguage":"pl-PL","@id":"https:\/\/www.przedszkole161.pl\/?p=8808#primaryimage","url":"https:\/\/ple161.poznan.pl\/wp-content\/uploads\/2019\/01\/karnawal.jpg","contentUrl":"https:\/\/ple161.poznan.pl\/wp-content\/uploads\/2019\/01\/karnawal.jpg","width":600,"height":450},{"@type":"BreadcrumbList","@id":"https:\/\/www.przedszkole161.pl\/?p=8808#breadcrumb","itemListElement":[{"@type":"ListItem","position":1,"name":"Strona g\u0142\u00f3wna","item":"https:\/\/www.przedszkole161.pl\/"},{"@type":"ListItem","position":2,"name":"Dzie\u0144 postaci z bajek"}]},{"@type":"WebSite","@id":"https:\/\/www.przedszkole161.pl\/#website","url":"https:\/\/www.przedszkole161.pl\/","name":"Przedszkole im. Ksi\u0119cia Przemys\u0142awa 161","description":"","potentialAction":[{"@type":"SearchAction","target":{"@type":"EntryPoint","urlTemplate":"https:\/\/www.przedszkole161.pl\/?s={search_term_string}"},"query-input":{"@type":"PropertyValueSpecification","valueRequired":true,"valueName":"search_term_string"}}],"inLanguage":"pl-PL"},{"@type":"Person","@id":"https:\/\/www.przedszkole161.pl\/#\/schema\/person\/673325371d681555a8b67c870d21faac","name":"Magda Dulemba","image":{"@type":"ImageObject","inLanguage":"pl-PL","@id":"https:\/\/secure.gravatar.com\/avatar\/f6f4cc73208d68c67fc19e1f80620e23d66ef2a923cb26a6d726fbc6a55bbcbc?s=96&d=mm&r=g","url":"https:\/\/secure.gravatar.com\/avatar\/f6f4cc73208d68c67fc19e1f80620e23d66ef2a923cb26a6d726fbc6a55bbcbc?s=96&d=mm&r=g","contentUrl":"https:\/\/secure.gravatar.com\/avatar\/f6f4cc73208d68c67fc19e1f80620e23d66ef2a923cb26a6d726fbc6a55bbcbc?s=96&d=mm&r=g","caption":"Magda Dulemba"},"url":"https:\/\/ple161.poznan.pl\/?author=2"}]}},"_links":{"self":[{"href":"https:\/\/ple161.poznan.pl\/index.php?rest_route=\/wp\/v2\/posts\/8808","targetHints":{"allow":["GET"]}}],"collection":[{"href":"https:\/\/ple161.poznan.pl\/index.php?rest_route=\/wp\/v2\/posts"}],"about":[{"href":"https:\/\/ple161.poznan.pl\/index.php?rest_route=\/wp\/v2\/types\/post"}],"author":[{"embeddable":true,"href":"https:\/\/ple161.poznan.pl\/index.php?rest_route=\/wp\/v2\/users\/2"}],"replies":[{"embeddable":true,"href":"https:\/\/ple161.poznan.pl\/index.php?rest_route=%2Fwp%2Fv2%2Fcomments&post=8808"}],"version-history":[{"count":1,"href":"https:\/\/ple161.poznan.pl\/index.php?rest_route=\/wp\/v2\/posts\/8808\/revisions"}],"predecessor-version":[{"id":8809,"href":"https:\/\/ple161.poznan.pl\/index.php?rest_route=\/wp\/v2\/posts\/8808\/revisions\/8809"}],"wp:featuredmedia":[{"embeddable":true,"href":"https:\/\/ple161.poznan.pl\/index.php?rest_route=\/wp\/v2\/media\/3499"}],"wp:attachment":[{"href":"https:\/\/ple161.poznan.pl\/index.php?rest_route=%2Fwp%2Fv2%2Fmedia&parent=8808"}],"wp:term":[{"taxonomy":"category","embeddable":true,"href":"https:\/\/ple161.poznan.pl\/index.php?rest_route=%2Fwp%2Fv2%2Fcategories&post=8808"},{"taxonomy":"post_tag","embeddable":true,"href":"https:\/\/ple161.poznan.pl\/index.php?rest_route=%2Fwp%2Fv2%2Ftags&post=8808"}],"curies":[{"name":"wp","href":"https:\/\/api.w.org\/{rel}","templated":true}]}}