{"id":8791,"date":"2023-11-02T05:54:26","date_gmt":"2023-11-02T04:54:26","guid":{"rendered":"https:\/\/ple161.poznan.pl\/?p=8791"},"modified":"2023-11-02T05:54:49","modified_gmt":"2023-11-02T04:54:49","slug":"wycieczka-do-teatru","status":"publish","type":"post","link":"https:\/\/ple161.poznan.pl\/?p=8791","title":{"rendered":"Wycieczka do teatru"},"content":{"rendered":"<p>27 pa\u017adziernika\u00a0 dzieci z grupy 3,4 i 5 wzi\u0119\u0142y udzia\u0142 w przedstawieniu teatralnym pt. ,,Shrek\u201d,\u00a0 Wspania\u0142a ba\u015b\u0144 o tolerancji i przyja\u017ani. B\u0142yskotliwe dialogi,\u00a0 niebanalny humor, \u015bwietne postacie oraz gra aktor\u00f3w sprawi\u0142a, \u017ce b\u0119dziemy o nich my\u015ble\u0107 z u\u015bmiechem. Dzi\u0119kujemy za wspania\u0142e doznanie kulturalne.<\/p>\n<div id=\"bwg_container1_0\" class=\"bwg_container bwg_thumbnail bwg_image_browser\" data-right-click-protection=\"0\" data-bwg=\"0\" data-current-url=\"https:\/\/przedszkolepodlipami.pl\/index.php\/2019\/10\/28\/teatr-profilaktyczny\/\" data-lightbox-url=\"https:\/\/przedszkolepodlipami.pl\/wp-admin\/admin-ajax.php?action=GalleryBox&amp;current_view=0&amp;gallery_id=271&amp;tag=0&amp;theme_id=1&amp;shortcode_id=702&amp;sort_by=order&amp;order_by=asc&amp;current_url=https%3A%2F%2Fprzedszkolepodlipami.pl%2Findex.php%2F2019%2F10%2F28%2Fteatr-profilaktyczny%2F\" data-gallery-id=\"271\" data-popup-width=\"800\" data-popup-height=\"500\" data-buttons-position=\"bottom\">\n<div id=\"bwg_container2_0\">\n<div id=\"ajax_loading_0\" class=\"bwg_loading_div_1 bwg-hidden\">\n<div class=\"bwg_loading_div_2\">\n<div class=\"bwg_loading_div_3\">\n<div id=\"loading_div_0\" class=\"bwg_spider_ajax_loading\"><\/div>\n<\/div>\n<\/div>\n<\/div>\n<form id=\"gal_front_form_0\" class=\"\" action=\"https:\/\/przedszkolepodlipami.pl\/index.php\/2019\/10\/28\/teatr-profilaktyczny\/#\" method=\"post\" data-current=\"0\" data-shortcode-id=\"702\" data-gallery-type=\"image_browser\" data-gallery-id=\"271\" data-tag=\"0\" data-album-id=\"0\" data-theme-id=\"1\" data-ajax-url=\"https:\/\/przedszkolepodlipami.pl\/wp-admin\/admin-ajax.php?action=bwg_frontend_data\">\n<div id=\"bwg_container3_0\" class=\"bwg-background bwg-background-0\">\n<div id=\"bwg_image_browser_0\" class=\"image_browser_images_conteiner_0 bwg-container\" data-params=\"{&quot;is_pro&quot;:false,&quot;image_right_click&quot;:&quot;0&quot;,&quot;gallery_id&quot;:&quot;271&quot;}\" data-lightbox-url=\"https:\/\/przedszkolepodlipami.pl\/wp-admin\/admin-ajax.php?action=GalleryBox&amp;current_view=0&amp;gallery_id=271&amp;tag=0&amp;theme_id=1&amp;shortcode_id=702&amp;sort_by=order&amp;order_by=asc&amp;current_url=https%3A%2F%2Fprzedszkolepodlipami.pl%2Findex.php%2F2019%2F10%2F28%2Fteatr-profilaktyczny%2F\">\n<div class=\"image_browser_images_0\"><\/div>\n<\/div>\n<\/div>\n<\/form>\n<\/div>\n<\/div>\n","protected":false},"excerpt":{"rendered":"<p>27 pa\u017adziernika\u00a0 dzieci z grupy 3,4 i 5 wzi\u0119\u0142y udzia\u0142 w przedstawieniu teatralnym pt. ,,Shrek\u201d,\u00a0 Wspania\u0142a ba\u015b\u0144 o tolerancji i przyja\u017ani. B\u0142yskotliwe dialogi,\u00a0 niebanalny humor, \u015bwietne postacie oraz gra aktor\u00f3w sprawi\u0142a, \u017ce b\u0119dziemy o nich my\u015ble\u0107 z u\u015bmiechem. Dzi\u0119kujemy za wspania\u0142e doznanie kulturalne.<\/p>\n","protected":false},"author":2,"featured_media":8792,"comment_status":"closed","ping_status":"closed","sticky":false,"template":"","format":"standard","meta":{"ngg_post_thumbnail":0,"footnotes":""},"categories":[4,1],"tags":[],"class_list":["post-8791","post","type-post","status-publish","format-standard","has-post-thumbnail","hentry","category-aktualnosci","category-wydarzenia"],"yoast_head":"<!-- This site is optimized with the Yoast SEO plugin v27.4 - https:\/\/yoast.com\/product\/yoast-seo-wordpress\/ -->\n<title>Wycieczka do teatru - Przedszkole im. Ksi\u0119cia Przemys\u0142awa<\/title>\n<meta name=\"robots\" content=\"noindex, follow\" \/>\n<meta property=\"og:locale\" content=\"pl_PL\" \/>\n<meta property=\"og:type\" content=\"article\" \/>\n<meta property=\"og:title\" content=\"Wycieczka do teatru - Przedszkole im. Ksi\u0119cia Przemys\u0142awa\" \/>\n<meta property=\"og:description\" content=\"27 pa\u017adziernika\u00a0 dzieci z grupy 3,4 i 5 wzi\u0119\u0142y udzia\u0142 w przedstawieniu teatralnym pt. ,,Shrek\u201d,\u00a0 Wspania\u0142a ba\u015b\u0144 o tolerancji i przyja\u017ani. B\u0142yskotliwe dialogi,\u00a0 niebanalny humor, \u015bwietne postacie oraz gra aktor\u00f3w sprawi\u0142a, \u017ce b\u0119dziemy o nich my\u015ble\u0107 z u\u015bmiechem. Dzi\u0119kujemy za wspania\u0142e doznanie kulturalne.\" \/>\n<meta property=\"og:url\" content=\"https:\/\/www.przedszkole161.pl\/?p=8791\" \/>\n<meta property=\"og:site_name\" content=\"Przedszkole im. Ksi\u0119cia Przemys\u0142awa\" \/>\n<meta property=\"article:published_time\" content=\"2023-11-02T04:54:26+00:00\" \/>\n<meta property=\"article:modified_time\" content=\"2023-11-02T04:54:49+00:00\" \/>\n<meta property=\"og:image\" content=\"https:\/\/www.przedszkole161.pl\/wp-content\/uploads\/2023\/11\/IMG_4332.jpg\" \/>\n\t<meta property=\"og:image:width\" content=\"640\" \/>\n\t<meta property=\"og:image:height\" content=\"480\" \/>\n\t<meta property=\"og:image:type\" content=\"image\/jpeg\" \/>\n<meta name=\"author\" content=\"Magda Dulemba\" \/>\n<meta name=\"twitter:card\" content=\"summary_large_image\" \/>\n<meta name=\"twitter:label1\" content=\"Napisane przez\" \/>\n\t<meta name=\"twitter:data1\" content=\"Magda Dulemba\" \/>\n\t<meta name=\"twitter:label2\" content=\"Szacowany czas czytania\" \/>\n\t<meta name=\"twitter:data2\" content=\"1 minuta\" \/>\n<script type=\"application\/ld+json\" class=\"yoast-schema-graph\">{\"@context\":\"https:\\\/\\\/schema.org\",\"@graph\":[{\"@type\":\"Article\",\"@id\":\"https:\\\/\\\/www.przedszkole161.pl\\\/?p=8791#article\",\"isPartOf\":{\"@id\":\"https:\\\/\\\/www.przedszkole161.pl\\\/?p=8791\"},\"author\":{\"name\":\"Magda Dulemba\",\"@id\":\"https:\\\/\\\/www.przedszkole161.pl\\\/#\\\/schema\\\/person\\\/673325371d681555a8b67c870d21faac\"},\"headline\":\"Wycieczka do teatru\",\"datePublished\":\"2023-11-02T04:54:26+00:00\",\"dateModified\":\"2023-11-02T04:54:49+00:00\",\"mainEntityOfPage\":{\"@id\":\"https:\\\/\\\/www.przedszkole161.pl\\\/?p=8791\"},\"wordCount\":55,\"image\":{\"@id\":\"https:\\\/\\\/www.przedszkole161.pl\\\/?p=8791#primaryimage\"},\"thumbnailUrl\":\"https:\\\/\\\/ple161.poznan.pl\\\/wp-content\\\/uploads\\\/2023\\\/11\\\/IMG_4332.jpg\",\"articleSection\":[\"Aktualno\u015bci\",\"Wydarzenia\"],\"inLanguage\":\"pl-PL\"},{\"@type\":\"WebPage\",\"@id\":\"https:\\\/\\\/www.przedszkole161.pl\\\/?p=8791\",\"url\":\"https:\\\/\\\/www.przedszkole161.pl\\\/?p=8791\",\"name\":\"Wycieczka do teatru - Przedszkole im. Ksi\u0119cia Przemys\u0142awa\",\"isPartOf\":{\"@id\":\"https:\\\/\\\/www.przedszkole161.pl\\\/#website\"},\"primaryImageOfPage\":{\"@id\":\"https:\\\/\\\/www.przedszkole161.pl\\\/?p=8791#primaryimage\"},\"image\":{\"@id\":\"https:\\\/\\\/www.przedszkole161.pl\\\/?p=8791#primaryimage\"},\"thumbnailUrl\":\"https:\\\/\\\/ple161.poznan.pl\\\/wp-content\\\/uploads\\\/2023\\\/11\\\/IMG_4332.jpg\",\"datePublished\":\"2023-11-02T04:54:26+00:00\",\"dateModified\":\"2023-11-02T04:54:49+00:00\",\"author\":{\"@id\":\"https:\\\/\\\/www.przedszkole161.pl\\\/#\\\/schema\\\/person\\\/673325371d681555a8b67c870d21faac\"},\"breadcrumb\":{\"@id\":\"https:\\\/\\\/www.przedszkole161.pl\\\/?p=8791#breadcrumb\"},\"inLanguage\":\"pl-PL\",\"potentialAction\":[{\"@type\":\"ReadAction\",\"target\":[\"https:\\\/\\\/www.przedszkole161.pl\\\/?p=8791\"]}]},{\"@type\":\"ImageObject\",\"inLanguage\":\"pl-PL\",\"@id\":\"https:\\\/\\\/www.przedszkole161.pl\\\/?p=8791#primaryimage\",\"url\":\"https:\\\/\\\/ple161.poznan.pl\\\/wp-content\\\/uploads\\\/2023\\\/11\\\/IMG_4332.jpg\",\"contentUrl\":\"https:\\\/\\\/ple161.poznan.pl\\\/wp-content\\\/uploads\\\/2023\\\/11\\\/IMG_4332.jpg\",\"width\":640,\"height\":480},{\"@type\":\"BreadcrumbList\",\"@id\":\"https:\\\/\\\/www.przedszkole161.pl\\\/?p=8791#breadcrumb\",\"itemListElement\":[{\"@type\":\"ListItem\",\"position\":1,\"name\":\"Strona g\u0142\u00f3wna\",\"item\":\"https:\\\/\\\/www.przedszkole161.pl\\\/\"},{\"@type\":\"ListItem\",\"position\":2,\"name\":\"Wycieczka do teatru\"}]},{\"@type\":\"WebSite\",\"@id\":\"https:\\\/\\\/www.przedszkole161.pl\\\/#website\",\"url\":\"https:\\\/\\\/www.przedszkole161.pl\\\/\",\"name\":\"Przedszkole im. Ksi\u0119cia Przemys\u0142awa 161\",\"description\":\"\",\"potentialAction\":[{\"@type\":\"SearchAction\",\"target\":{\"@type\":\"EntryPoint\",\"urlTemplate\":\"https:\\\/\\\/www.przedszkole161.pl\\\/?s={search_term_string}\"},\"query-input\":{\"@type\":\"PropertyValueSpecification\",\"valueRequired\":true,\"valueName\":\"search_term_string\"}}],\"inLanguage\":\"pl-PL\"},{\"@type\":\"Person\",\"@id\":\"https:\\\/\\\/www.przedszkole161.pl\\\/#\\\/schema\\\/person\\\/673325371d681555a8b67c870d21faac\",\"name\":\"Magda Dulemba\",\"image\":{\"@type\":\"ImageObject\",\"inLanguage\":\"pl-PL\",\"@id\":\"https:\\\/\\\/secure.gravatar.com\\\/avatar\\\/f6f4cc73208d68c67fc19e1f80620e23d66ef2a923cb26a6d726fbc6a55bbcbc?s=96&d=mm&r=g\",\"url\":\"https:\\\/\\\/secure.gravatar.com\\\/avatar\\\/f6f4cc73208d68c67fc19e1f80620e23d66ef2a923cb26a6d726fbc6a55bbcbc?s=96&d=mm&r=g\",\"contentUrl\":\"https:\\\/\\\/secure.gravatar.com\\\/avatar\\\/f6f4cc73208d68c67fc19e1f80620e23d66ef2a923cb26a6d726fbc6a55bbcbc?s=96&d=mm&r=g\",\"caption\":\"Magda Dulemba\"},\"url\":\"https:\\\/\\\/ple161.poznan.pl\\\/?author=2\"}]}<\/script>\n<!-- \/ Yoast SEO plugin. -->","yoast_head_json":{"title":"Wycieczka do teatru - Przedszkole im. Ksi\u0119cia Przemys\u0142awa","robots":{"index":"noindex","follow":"follow"},"og_locale":"pl_PL","og_type":"article","og_title":"Wycieczka do teatru - Przedszkole im. Ksi\u0119cia Przemys\u0142awa","og_description":"27 pa\u017adziernika\u00a0 dzieci z grupy 3,4 i 5 wzi\u0119\u0142y udzia\u0142 w przedstawieniu teatralnym pt. ,,Shrek\u201d,\u00a0 Wspania\u0142a ba\u015b\u0144 o tolerancji i przyja\u017ani. B\u0142yskotliwe dialogi,\u00a0 niebanalny humor, \u015bwietne postacie oraz gra aktor\u00f3w sprawi\u0142a, \u017ce b\u0119dziemy o nich my\u015ble\u0107 z u\u015bmiechem. Dzi\u0119kujemy za wspania\u0142e doznanie kulturalne.","og_url":"https:\/\/www.przedszkole161.pl\/?p=8791","og_site_name":"Przedszkole im. Ksi\u0119cia Przemys\u0142awa","article_published_time":"2023-11-02T04:54:26+00:00","article_modified_time":"2023-11-02T04:54:49+00:00","og_image":[{"width":640,"height":480,"url":"https:\/\/www.przedszkole161.pl\/wp-content\/uploads\/2023\/11\/IMG_4332.jpg","type":"image\/jpeg"}],"author":"Magda Dulemba","twitter_card":"summary_large_image","twitter_misc":{"Napisane przez":"Magda Dulemba","Szacowany czas czytania":"1 minuta"},"schema":{"@context":"https:\/\/schema.org","@graph":[{"@type":"Article","@id":"https:\/\/www.przedszkole161.pl\/?p=8791#article","isPartOf":{"@id":"https:\/\/www.przedszkole161.pl\/?p=8791"},"author":{"name":"Magda Dulemba","@id":"https:\/\/www.przedszkole161.pl\/#\/schema\/person\/673325371d681555a8b67c870d21faac"},"headline":"Wycieczka do teatru","datePublished":"2023-11-02T04:54:26+00:00","dateModified":"2023-11-02T04:54:49+00:00","mainEntityOfPage":{"@id":"https:\/\/www.przedszkole161.pl\/?p=8791"},"wordCount":55,"image":{"@id":"https:\/\/www.przedszkole161.pl\/?p=8791#primaryimage"},"thumbnailUrl":"https:\/\/ple161.poznan.pl\/wp-content\/uploads\/2023\/11\/IMG_4332.jpg","articleSection":["Aktualno\u015bci","Wydarzenia"],"inLanguage":"pl-PL"},{"@type":"WebPage","@id":"https:\/\/www.przedszkole161.pl\/?p=8791","url":"https:\/\/www.przedszkole161.pl\/?p=8791","name":"Wycieczka do teatru - Przedszkole im. Ksi\u0119cia Przemys\u0142awa","isPartOf":{"@id":"https:\/\/www.przedszkole161.pl\/#website"},"primaryImageOfPage":{"@id":"https:\/\/www.przedszkole161.pl\/?p=8791#primaryimage"},"image":{"@id":"https:\/\/www.przedszkole161.pl\/?p=8791#primaryimage"},"thumbnailUrl":"https:\/\/ple161.poznan.pl\/wp-content\/uploads\/2023\/11\/IMG_4332.jpg","datePublished":"2023-11-02T04:54:26+00:00","dateModified":"2023-11-02T04:54:49+00:00","author":{"@id":"https:\/\/www.przedszkole161.pl\/#\/schema\/person\/673325371d681555a8b67c870d21faac"},"breadcrumb":{"@id":"https:\/\/www.przedszkole161.pl\/?p=8791#breadcrumb"},"inLanguage":"pl-PL","potentialAction":[{"@type":"ReadAction","target":["https:\/\/www.przedszkole161.pl\/?p=8791"]}]},{"@type":"ImageObject","inLanguage":"pl-PL","@id":"https:\/\/www.przedszkole161.pl\/?p=8791#primaryimage","url":"https:\/\/ple161.poznan.pl\/wp-content\/uploads\/2023\/11\/IMG_4332.jpg","contentUrl":"https:\/\/ple161.poznan.pl\/wp-content\/uploads\/2023\/11\/IMG_4332.jpg","width":640,"height":480},{"@type":"BreadcrumbList","@id":"https:\/\/www.przedszkole161.pl\/?p=8791#breadcrumb","itemListElement":[{"@type":"ListItem","position":1,"name":"Strona g\u0142\u00f3wna","item":"https:\/\/www.przedszkole161.pl\/"},{"@type":"ListItem","position":2,"name":"Wycieczka do teatru"}]},{"@type":"WebSite","@id":"https:\/\/www.przedszkole161.pl\/#website","url":"https:\/\/www.przedszkole161.pl\/","name":"Przedszkole im. Ksi\u0119cia Przemys\u0142awa 161","description":"","potentialAction":[{"@type":"SearchAction","target":{"@type":"EntryPoint","urlTemplate":"https:\/\/www.przedszkole161.pl\/?s={search_term_string}"},"query-input":{"@type":"PropertyValueSpecification","valueRequired":true,"valueName":"search_term_string"}}],"inLanguage":"pl-PL"},{"@type":"Person","@id":"https:\/\/www.przedszkole161.pl\/#\/schema\/person\/673325371d681555a8b67c870d21faac","name":"Magda Dulemba","image":{"@type":"ImageObject","inLanguage":"pl-PL","@id":"https:\/\/secure.gravatar.com\/avatar\/f6f4cc73208d68c67fc19e1f80620e23d66ef2a923cb26a6d726fbc6a55bbcbc?s=96&d=mm&r=g","url":"https:\/\/secure.gravatar.com\/avatar\/f6f4cc73208d68c67fc19e1f80620e23d66ef2a923cb26a6d726fbc6a55bbcbc?s=96&d=mm&r=g","contentUrl":"https:\/\/secure.gravatar.com\/avatar\/f6f4cc73208d68c67fc19e1f80620e23d66ef2a923cb26a6d726fbc6a55bbcbc?s=96&d=mm&r=g","caption":"Magda Dulemba"},"url":"https:\/\/ple161.poznan.pl\/?author=2"}]}},"_links":{"self":[{"href":"https:\/\/ple161.poznan.pl\/index.php?rest_route=\/wp\/v2\/posts\/8791","targetHints":{"allow":["GET"]}}],"collection":[{"href":"https:\/\/ple161.poznan.pl\/index.php?rest_route=\/wp\/v2\/posts"}],"about":[{"href":"https:\/\/ple161.poznan.pl\/index.php?rest_route=\/wp\/v2\/types\/post"}],"author":[{"embeddable":true,"href":"https:\/\/ple161.poznan.pl\/index.php?rest_route=\/wp\/v2\/users\/2"}],"replies":[{"embeddable":true,"href":"https:\/\/ple161.poznan.pl\/index.php?rest_route=%2Fwp%2Fv2%2Fcomments&post=8791"}],"version-history":[{"count":1,"href":"https:\/\/ple161.poznan.pl\/index.php?rest_route=\/wp\/v2\/posts\/8791\/revisions"}],"predecessor-version":[{"id":8793,"href":"https:\/\/ple161.poznan.pl\/index.php?rest_route=\/wp\/v2\/posts\/8791\/revisions\/8793"}],"wp:featuredmedia":[{"embeddable":true,"href":"https:\/\/ple161.poznan.pl\/index.php?rest_route=\/wp\/v2\/media\/8792"}],"wp:attachment":[{"href":"https:\/\/ple161.poznan.pl\/index.php?rest_route=%2Fwp%2Fv2%2Fmedia&parent=8791"}],"wp:term":[{"taxonomy":"category","embeddable":true,"href":"https:\/\/ple161.poznan.pl\/index.php?rest_route=%2Fwp%2Fv2%2Fcategories&post=8791"},{"taxonomy":"post_tag","embeddable":true,"href":"https:\/\/ple161.poznan.pl\/index.php?rest_route=%2Fwp%2Fv2%2Ftags&post=8791"}],"curies":[{"name":"wp","href":"https:\/\/api.w.org\/{rel}","templated":true}]}}