{"id":8765,"date":"2023-10-24T10:28:48","date_gmt":"2023-10-24T09:28:48","guid":{"rendered":"https:\/\/ple161.poznan.pl\/?p=8765"},"modified":"2023-10-26T11:15:25","modified_gmt":"2023-10-26T10:15:25","slug":"plebiscyt-edukacyjny-przedszkole-i-nauczyciel-roku","status":"publish","type":"post","link":"https:\/\/ple161.poznan.pl\/?p=8765","title":{"rendered":"Plebiscyt Edukacyjny &#8222;Przedszkole i nauczyciel roku&#8221;"},"content":{"rendered":"<h1 class=\"entry-title fusion-post-title\">Plebiscyt Edukacyjny \u2013 Przedszkole i\u00a0Nauczyciel Roku 2023<\/h1>\n<div class=\"post-content\">\n<div class=\"fusion-fullwidth fullwidth-box fusion-builder-row-1 fusion-flex-container nonhundred-percent-fullwidth non-hundred-percent-height-scrolling\">\n<div class=\"fusion-builder-row fusion-row fusion-flex-align-items-flex-start\">\n<div class=\"fusion-layout-column fusion_builder_column fusion-builder-column-0 fusion_builder_column_1_1 1_1 fusion-flex-column\">\n<div class=\"fusion-column-wrapper fusion-flex-justify-content-flex-start fusion-content-layout-column\">\n<div class=\"fusion-text fusion-text-1\">\n<p>Drodzy Rodzice<\/p>\n<p>Jeste\u015bmy bardzo szcz\u0119\u015bliwe, \u017ce nasze przedszkole zosta\u0142o zg\u0142oszone przez Rodzic\u00f3w dzieci do nagrody w ramach Plebiscytu Edukacyjnego PRZEDSZKOLE ROKU oraz NAUCZYCIEL ROKU 2023, kt\u00f3ry w naszym wojew\u00f3dztwie prowadzi Gazeta G\u0142os Wielkopolski.<\/p>\n<p>Nominacj\u0119 w kategorii nauczycieli otrzyma\u0142a nasza Kole\u017canka Magdalena Walczak\u2013 Rutkowska nauczycielka grupy II<\/p>\n<p>Serdecznie dzi\u0119kujemy Pa\u0144stwu, bo\u00a0to\u00a0dzi\u0119ki Wam otrzymali\u015bmy to\u00a0wyr\u00f3\u017cnienie, po\u00a0kt\u00f3rym\u00a0na\u00a0naszych twarzach zago\u015bci\u0142 u\u015bmiech, a\u00a0w\u00a0sercach rozkwit\u0142a\u00a0 wdzi\u0119czno\u015b\u0107 oraz\u00a0przekonanie, \u017ce\u00a0to\u00a0co\u00a0robimy ma\u00a0sens.<\/p>\n<p>G\u0142osowanie w plebiscycie rozpocz\u0119\u0142o si\u0119 ju\u017c od\u00a0 24 pa\u017adziernika. Wszystkie informacje o akcji znajduj\u0105 si\u0119 w poni\u017cszych linach:<\/p>\n<p><a href=\"https:\/\/gloswielkopolski.pl\/plebiscyt-edukacyjny-2023\/pp\/2002793\">Przedszkole Roku<\/a><\/p>\n<p><a href=\"https:\/\/gloswielkopolski.pl\/plebiscyt-edukacyjny-2023\/pp\/2002665\">Nauczyciel Roku<\/a><\/p>\n<p>Zapraszamy do g\u0142osowania<\/p>\n<\/div>\n<\/div>\n<\/div>\n<\/div>\n<\/div>\n<\/div>\n","protected":false},"excerpt":{"rendered":"<p>Plebiscyt Edukacyjny \u2013 Przedszkole i\u00a0Nauczyciel Roku 2023 Drodzy Rodzice Jeste\u015bmy bardzo szcz\u0119\u015bliwe, \u017ce nasze przedszkole zosta\u0142o zg\u0142oszone przez Rodzic\u00f3w dzieci do nagrody w ramach Plebiscytu Edukacyjnego PRZEDSZKOLE ROKU oraz NAUCZYCIEL ROKU 2023, kt\u00f3ry w naszym wojew\u00f3dztwie prowadzi Gazeta G\u0142os Wielkopolski. Nominacj\u0119 w kategorii nauczycieli otrzyma\u0142a nasza Kole\u017canka Magdalena Walczak\u2013 Rutkowska nauczycielka grupy II Serdecznie dzi\u0119kujemy [&hellip;]<\/p>\n","protected":false},"author":2,"featured_media":4831,"comment_status":"closed","ping_status":"closed","sticky":false,"template":"","format":"standard","meta":{"ngg_post_thumbnail":0,"footnotes":""},"categories":[4,1],"tags":[],"class_list":["post-8765","post","type-post","status-publish","format-standard","has-post-thumbnail","hentry","category-aktualnosci","category-wydarzenia"],"yoast_head":"<!-- This site is optimized with the Yoast SEO plugin v27.4 - https:\/\/yoast.com\/product\/yoast-seo-wordpress\/ -->\n<title>Plebiscyt Edukacyjny &quot;Przedszkole i nauczyciel roku&quot; - Przedszkole im. Ksi\u0119cia Przemys\u0142awa<\/title>\n<meta name=\"robots\" content=\"noindex, follow\" \/>\n<meta property=\"og:locale\" content=\"pl_PL\" \/>\n<meta property=\"og:type\" content=\"article\" \/>\n<meta property=\"og:title\" content=\"Plebiscyt Edukacyjny &quot;Przedszkole i nauczyciel roku&quot; - Przedszkole im. Ksi\u0119cia Przemys\u0142awa\" \/>\n<meta property=\"og:description\" content=\"Plebiscyt Edukacyjny \u2013 Przedszkole i\u00a0Nauczyciel Roku 2023 Drodzy Rodzice Jeste\u015bmy bardzo szcz\u0119\u015bliwe, \u017ce nasze przedszkole zosta\u0142o zg\u0142oszone przez Rodzic\u00f3w dzieci do nagrody w ramach Plebiscytu Edukacyjnego PRZEDSZKOLE ROKU oraz NAUCZYCIEL ROKU 2023, kt\u00f3ry w naszym wojew\u00f3dztwie prowadzi Gazeta G\u0142os Wielkopolski. Nominacj\u0119 w kategorii nauczycieli otrzyma\u0142a nasza Kole\u017canka Magdalena Walczak\u2013 Rutkowska nauczycielka grupy II Serdecznie dzi\u0119kujemy [&hellip;]\" \/>\n<meta property=\"og:url\" content=\"https:\/\/www.przedszkole161.pl\/?p=8765\" \/>\n<meta property=\"og:site_name\" content=\"Przedszkole im. Ksi\u0119cia Przemys\u0142awa\" \/>\n<meta property=\"article:published_time\" content=\"2023-10-24T09:28:48+00:00\" \/>\n<meta property=\"article:modified_time\" content=\"2023-10-26T10:15:25+00:00\" \/>\n<meta property=\"og:image\" content=\"https:\/\/www.przedszkole161.pl\/wp-content\/uploads\/2020\/04\/1-rodzice.gif\" \/>\n\t<meta property=\"og:image:width\" content=\"313\" \/>\n\t<meta property=\"og:image:height\" content=\"226\" \/>\n\t<meta property=\"og:image:type\" content=\"image\/gif\" \/>\n<meta name=\"author\" content=\"Magda Dulemba\" \/>\n<meta name=\"twitter:card\" content=\"summary_large_image\" \/>\n<meta name=\"twitter:label1\" content=\"Napisane przez\" \/>\n\t<meta name=\"twitter:data1\" content=\"Magda Dulemba\" \/>\n\t<meta name=\"twitter:label2\" content=\"Szacowany czas czytania\" \/>\n\t<meta name=\"twitter:data2\" content=\"1 minuta\" \/>\n<script type=\"application\/ld+json\" class=\"yoast-schema-graph\">{\"@context\":\"https:\\\/\\\/schema.org\",\"@graph\":[{\"@type\":\"Article\",\"@id\":\"https:\\\/\\\/www.przedszkole161.pl\\\/?p=8765#article\",\"isPartOf\":{\"@id\":\"https:\\\/\\\/www.przedszkole161.pl\\\/?p=8765\"},\"author\":{\"name\":\"Magda Dulemba\",\"@id\":\"https:\\\/\\\/www.przedszkole161.pl\\\/#\\\/schema\\\/person\\\/673325371d681555a8b67c870d21faac\"},\"headline\":\"Plebiscyt Edukacyjny &#8222;Przedszkole i nauczyciel roku&#8221;\",\"datePublished\":\"2023-10-24T09:28:48+00:00\",\"dateModified\":\"2023-10-26T10:15:25+00:00\",\"mainEntityOfPage\":{\"@id\":\"https:\\\/\\\/www.przedszkole161.pl\\\/?p=8765\"},\"wordCount\":136,\"image\":{\"@id\":\"https:\\\/\\\/www.przedszkole161.pl\\\/?p=8765#primaryimage\"},\"thumbnailUrl\":\"https:\\\/\\\/ple161.poznan.pl\\\/wp-content\\\/uploads\\\/2020\\\/04\\\/1-rodzice.gif\",\"articleSection\":[\"Aktualno\u015bci\",\"Wydarzenia\"],\"inLanguage\":\"pl-PL\"},{\"@type\":\"WebPage\",\"@id\":\"https:\\\/\\\/www.przedszkole161.pl\\\/?p=8765\",\"url\":\"https:\\\/\\\/www.przedszkole161.pl\\\/?p=8765\",\"name\":\"Plebiscyt Edukacyjny \\\"Przedszkole i nauczyciel roku\\\" - Przedszkole im. Ksi\u0119cia Przemys\u0142awa\",\"isPartOf\":{\"@id\":\"https:\\\/\\\/www.przedszkole161.pl\\\/#website\"},\"primaryImageOfPage\":{\"@id\":\"https:\\\/\\\/www.przedszkole161.pl\\\/?p=8765#primaryimage\"},\"image\":{\"@id\":\"https:\\\/\\\/www.przedszkole161.pl\\\/?p=8765#primaryimage\"},\"thumbnailUrl\":\"https:\\\/\\\/ple161.poznan.pl\\\/wp-content\\\/uploads\\\/2020\\\/04\\\/1-rodzice.gif\",\"datePublished\":\"2023-10-24T09:28:48+00:00\",\"dateModified\":\"2023-10-26T10:15:25+00:00\",\"author\":{\"@id\":\"https:\\\/\\\/www.przedszkole161.pl\\\/#\\\/schema\\\/person\\\/673325371d681555a8b67c870d21faac\"},\"breadcrumb\":{\"@id\":\"https:\\\/\\\/www.przedszkole161.pl\\\/?p=8765#breadcrumb\"},\"inLanguage\":\"pl-PL\",\"potentialAction\":[{\"@type\":\"ReadAction\",\"target\":[\"https:\\\/\\\/www.przedszkole161.pl\\\/?p=8765\"]}]},{\"@type\":\"ImageObject\",\"inLanguage\":\"pl-PL\",\"@id\":\"https:\\\/\\\/www.przedszkole161.pl\\\/?p=8765#primaryimage\",\"url\":\"https:\\\/\\\/ple161.poznan.pl\\\/wp-content\\\/uploads\\\/2020\\\/04\\\/1-rodzice.gif\",\"contentUrl\":\"https:\\\/\\\/ple161.poznan.pl\\\/wp-content\\\/uploads\\\/2020\\\/04\\\/1-rodzice.gif\",\"width\":313,\"height\":226},{\"@type\":\"BreadcrumbList\",\"@id\":\"https:\\\/\\\/www.przedszkole161.pl\\\/?p=8765#breadcrumb\",\"itemListElement\":[{\"@type\":\"ListItem\",\"position\":1,\"name\":\"Strona g\u0142\u00f3wna\",\"item\":\"https:\\\/\\\/www.przedszkole161.pl\\\/\"},{\"@type\":\"ListItem\",\"position\":2,\"name\":\"Plebiscyt Edukacyjny &#8222;Przedszkole i nauczyciel roku&#8221;\"}]},{\"@type\":\"WebSite\",\"@id\":\"https:\\\/\\\/www.przedszkole161.pl\\\/#website\",\"url\":\"https:\\\/\\\/www.przedszkole161.pl\\\/\",\"name\":\"Przedszkole im. Ksi\u0119cia Przemys\u0142awa 161\",\"description\":\"\",\"potentialAction\":[{\"@type\":\"SearchAction\",\"target\":{\"@type\":\"EntryPoint\",\"urlTemplate\":\"https:\\\/\\\/www.przedszkole161.pl\\\/?s={search_term_string}\"},\"query-input\":{\"@type\":\"PropertyValueSpecification\",\"valueRequired\":true,\"valueName\":\"search_term_string\"}}],\"inLanguage\":\"pl-PL\"},{\"@type\":\"Person\",\"@id\":\"https:\\\/\\\/www.przedszkole161.pl\\\/#\\\/schema\\\/person\\\/673325371d681555a8b67c870d21faac\",\"name\":\"Magda Dulemba\",\"image\":{\"@type\":\"ImageObject\",\"inLanguage\":\"pl-PL\",\"@id\":\"https:\\\/\\\/secure.gravatar.com\\\/avatar\\\/f6f4cc73208d68c67fc19e1f80620e23d66ef2a923cb26a6d726fbc6a55bbcbc?s=96&d=mm&r=g\",\"url\":\"https:\\\/\\\/secure.gravatar.com\\\/avatar\\\/f6f4cc73208d68c67fc19e1f80620e23d66ef2a923cb26a6d726fbc6a55bbcbc?s=96&d=mm&r=g\",\"contentUrl\":\"https:\\\/\\\/secure.gravatar.com\\\/avatar\\\/f6f4cc73208d68c67fc19e1f80620e23d66ef2a923cb26a6d726fbc6a55bbcbc?s=96&d=mm&r=g\",\"caption\":\"Magda Dulemba\"},\"url\":\"https:\\\/\\\/ple161.poznan.pl\\\/?author=2\"}]}<\/script>\n<!-- \/ Yoast SEO plugin. -->","yoast_head_json":{"title":"Plebiscyt Edukacyjny \"Przedszkole i nauczyciel roku\" - Przedszkole im. Ksi\u0119cia Przemys\u0142awa","robots":{"index":"noindex","follow":"follow"},"og_locale":"pl_PL","og_type":"article","og_title":"Plebiscyt Edukacyjny \"Przedszkole i nauczyciel roku\" - Przedszkole im. Ksi\u0119cia Przemys\u0142awa","og_description":"Plebiscyt Edukacyjny \u2013 Przedszkole i\u00a0Nauczyciel Roku 2023 Drodzy Rodzice Jeste\u015bmy bardzo szcz\u0119\u015bliwe, \u017ce nasze przedszkole zosta\u0142o zg\u0142oszone przez Rodzic\u00f3w dzieci do nagrody w ramach Plebiscytu Edukacyjnego PRZEDSZKOLE ROKU oraz NAUCZYCIEL ROKU 2023, kt\u00f3ry w naszym wojew\u00f3dztwie prowadzi Gazeta G\u0142os Wielkopolski. Nominacj\u0119 w kategorii nauczycieli otrzyma\u0142a nasza Kole\u017canka Magdalena Walczak\u2013 Rutkowska nauczycielka grupy II Serdecznie dzi\u0119kujemy [&hellip;]","og_url":"https:\/\/www.przedszkole161.pl\/?p=8765","og_site_name":"Przedszkole im. Ksi\u0119cia Przemys\u0142awa","article_published_time":"2023-10-24T09:28:48+00:00","article_modified_time":"2023-10-26T10:15:25+00:00","og_image":[{"width":313,"height":226,"url":"https:\/\/www.przedszkole161.pl\/wp-content\/uploads\/2020\/04\/1-rodzice.gif","type":"image\/gif"}],"author":"Magda Dulemba","twitter_card":"summary_large_image","twitter_misc":{"Napisane przez":"Magda Dulemba","Szacowany czas czytania":"1 minuta"},"schema":{"@context":"https:\/\/schema.org","@graph":[{"@type":"Article","@id":"https:\/\/www.przedszkole161.pl\/?p=8765#article","isPartOf":{"@id":"https:\/\/www.przedszkole161.pl\/?p=8765"},"author":{"name":"Magda Dulemba","@id":"https:\/\/www.przedszkole161.pl\/#\/schema\/person\/673325371d681555a8b67c870d21faac"},"headline":"Plebiscyt Edukacyjny &#8222;Przedszkole i nauczyciel roku&#8221;","datePublished":"2023-10-24T09:28:48+00:00","dateModified":"2023-10-26T10:15:25+00:00","mainEntityOfPage":{"@id":"https:\/\/www.przedszkole161.pl\/?p=8765"},"wordCount":136,"image":{"@id":"https:\/\/www.przedszkole161.pl\/?p=8765#primaryimage"},"thumbnailUrl":"https:\/\/ple161.poznan.pl\/wp-content\/uploads\/2020\/04\/1-rodzice.gif","articleSection":["Aktualno\u015bci","Wydarzenia"],"inLanguage":"pl-PL"},{"@type":"WebPage","@id":"https:\/\/www.przedszkole161.pl\/?p=8765","url":"https:\/\/www.przedszkole161.pl\/?p=8765","name":"Plebiscyt Edukacyjny \"Przedszkole i nauczyciel roku\" - Przedszkole im. Ksi\u0119cia Przemys\u0142awa","isPartOf":{"@id":"https:\/\/www.przedszkole161.pl\/#website"},"primaryImageOfPage":{"@id":"https:\/\/www.przedszkole161.pl\/?p=8765#primaryimage"},"image":{"@id":"https:\/\/www.przedszkole161.pl\/?p=8765#primaryimage"},"thumbnailUrl":"https:\/\/ple161.poznan.pl\/wp-content\/uploads\/2020\/04\/1-rodzice.gif","datePublished":"2023-10-24T09:28:48+00:00","dateModified":"2023-10-26T10:15:25+00:00","author":{"@id":"https:\/\/www.przedszkole161.pl\/#\/schema\/person\/673325371d681555a8b67c870d21faac"},"breadcrumb":{"@id":"https:\/\/www.przedszkole161.pl\/?p=8765#breadcrumb"},"inLanguage":"pl-PL","potentialAction":[{"@type":"ReadAction","target":["https:\/\/www.przedszkole161.pl\/?p=8765"]}]},{"@type":"ImageObject","inLanguage":"pl-PL","@id":"https:\/\/www.przedszkole161.pl\/?p=8765#primaryimage","url":"https:\/\/ple161.poznan.pl\/wp-content\/uploads\/2020\/04\/1-rodzice.gif","contentUrl":"https:\/\/ple161.poznan.pl\/wp-content\/uploads\/2020\/04\/1-rodzice.gif","width":313,"height":226},{"@type":"BreadcrumbList","@id":"https:\/\/www.przedszkole161.pl\/?p=8765#breadcrumb","itemListElement":[{"@type":"ListItem","position":1,"name":"Strona g\u0142\u00f3wna","item":"https:\/\/www.przedszkole161.pl\/"},{"@type":"ListItem","position":2,"name":"Plebiscyt Edukacyjny &#8222;Przedszkole i nauczyciel roku&#8221;"}]},{"@type":"WebSite","@id":"https:\/\/www.przedszkole161.pl\/#website","url":"https:\/\/www.przedszkole161.pl\/","name":"Przedszkole im. Ksi\u0119cia Przemys\u0142awa 161","description":"","potentialAction":[{"@type":"SearchAction","target":{"@type":"EntryPoint","urlTemplate":"https:\/\/www.przedszkole161.pl\/?s={search_term_string}"},"query-input":{"@type":"PropertyValueSpecification","valueRequired":true,"valueName":"search_term_string"}}],"inLanguage":"pl-PL"},{"@type":"Person","@id":"https:\/\/www.przedszkole161.pl\/#\/schema\/person\/673325371d681555a8b67c870d21faac","name":"Magda Dulemba","image":{"@type":"ImageObject","inLanguage":"pl-PL","@id":"https:\/\/secure.gravatar.com\/avatar\/f6f4cc73208d68c67fc19e1f80620e23d66ef2a923cb26a6d726fbc6a55bbcbc?s=96&d=mm&r=g","url":"https:\/\/secure.gravatar.com\/avatar\/f6f4cc73208d68c67fc19e1f80620e23d66ef2a923cb26a6d726fbc6a55bbcbc?s=96&d=mm&r=g","contentUrl":"https:\/\/secure.gravatar.com\/avatar\/f6f4cc73208d68c67fc19e1f80620e23d66ef2a923cb26a6d726fbc6a55bbcbc?s=96&d=mm&r=g","caption":"Magda Dulemba"},"url":"https:\/\/ple161.poznan.pl\/?author=2"}]}},"_links":{"self":[{"href":"https:\/\/ple161.poznan.pl\/index.php?rest_route=\/wp\/v2\/posts\/8765","targetHints":{"allow":["GET"]}}],"collection":[{"href":"https:\/\/ple161.poznan.pl\/index.php?rest_route=\/wp\/v2\/posts"}],"about":[{"href":"https:\/\/ple161.poznan.pl\/index.php?rest_route=\/wp\/v2\/types\/post"}],"author":[{"embeddable":true,"href":"https:\/\/ple161.poznan.pl\/index.php?rest_route=\/wp\/v2\/users\/2"}],"replies":[{"embeddable":true,"href":"https:\/\/ple161.poznan.pl\/index.php?rest_route=%2Fwp%2Fv2%2Fcomments&post=8765"}],"version-history":[{"count":2,"href":"https:\/\/ple161.poznan.pl\/index.php?rest_route=\/wp\/v2\/posts\/8765\/revisions"}],"predecessor-version":[{"id":8767,"href":"https:\/\/ple161.poznan.pl\/index.php?rest_route=\/wp\/v2\/posts\/8765\/revisions\/8767"}],"wp:featuredmedia":[{"embeddable":true,"href":"https:\/\/ple161.poznan.pl\/index.php?rest_route=\/wp\/v2\/media\/4831"}],"wp:attachment":[{"href":"https:\/\/ple161.poznan.pl\/index.php?rest_route=%2Fwp%2Fv2%2Fmedia&parent=8765"}],"wp:term":[{"taxonomy":"category","embeddable":true,"href":"https:\/\/ple161.poznan.pl\/index.php?rest_route=%2Fwp%2Fv2%2Fcategories&post=8765"},{"taxonomy":"post_tag","embeddable":true,"href":"https:\/\/ple161.poznan.pl\/index.php?rest_route=%2Fwp%2Fv2%2Ftags&post=8765"}],"curies":[{"name":"wp","href":"https:\/\/api.w.org\/{rel}","templated":true}]}}