{"id":8729,"date":"2023-10-19T12:56:46","date_gmt":"2023-10-19T11:56:46","guid":{"rendered":"https:\/\/ple161.poznan.pl\/?p=8729"},"modified":"2023-10-19T14:56:27","modified_gmt":"2023-10-19T13:56:27","slug":"teatr-lalek-z-niepelnosprawnoscia-intelektualna-oraz-ruchowa","status":"publish","type":"post","link":"https:\/\/ple161.poznan.pl\/?p=8729","title":{"rendered":"Teatr lalek z niepe\u0142nosprawno\u015bci\u0105 intelektualn\u0105 oraz ruchow\u0105"},"content":{"rendered":"<p>Grupa IV i V mia\u0142y wielk\u0105 przyjemno\u015b\u0107 ogl\u0105dn\u0105\u0107 etiud\u0119 teatraln\u0105 Teatru lalek z niepe\u0142nosprawno\u015bci\u0105 intelektualn\u0105 i ruchow\u0105.<\/p>\n<p>Dzieci pozna\u0142y Ul\u0119 \u2013 osob\u0119 z zespo\u0142em Downa, kt\u00f3ra spotyka Franka swojego r\u00f3wie\u015bnika.<\/p>\n<p>Przedszkolaki z zainteresowaniem obserwowa\u0142y przedstawienie a potem aktywnie uczestniczyli w rozmowie z aktorem.<\/p>\n<p>Projekt zosta\u0142 sfinansowany ZE \u015aRODK\u00d3W NARODOWEGO INSTYTUTU WOLNO\u015aCI<br \/>\nCENTRUM ROZWOJU SPO\u0141ECZE\u0143STWA OBYWATELSKIEGO.<\/p>\n<p>Dzi\u0119kujemy\u00a0 za to , \u017ce nasze przedszkolaki mog\u0142y wzi\u0105\u0107 udzia\u0142 w tym ciekawym projekcie edukacyjnym.<\/p>\n<p>&nbsp;<\/p>\n","protected":false},"excerpt":{"rendered":"<p>Grupa IV i V mia\u0142y wielk\u0105 przyjemno\u015b\u0107 ogl\u0105dn\u0105\u0107 etiud\u0119 teatraln\u0105 Teatru lalek z niepe\u0142nosprawno\u015bci\u0105 intelektualn\u0105 i ruchow\u0105. Dzieci pozna\u0142y Ul\u0119 \u2013 osob\u0119 z zespo\u0142em Downa, kt\u00f3ra spotyka Franka swojego r\u00f3wie\u015bnika. Przedszkolaki z zainteresowaniem obserwowa\u0142y przedstawienie a potem aktywnie uczestniczyli w rozmowie z aktorem. Projekt zosta\u0142 sfinansowany ZE \u015aRODK\u00d3W NARODOWEGO INSTYTUTU WOLNO\u015aCI CENTRUM ROZWOJU SPO\u0141ECZE\u0143STWA OBYWATELSKIEGO. [&hellip;]<\/p>\n","protected":false},"author":2,"featured_media":8730,"comment_status":"closed","ping_status":"closed","sticky":false,"template":"","format":"standard","meta":{"ngg_post_thumbnail":0,"footnotes":""},"categories":[4,1],"tags":[],"class_list":["post-8729","post","type-post","status-publish","format-standard","has-post-thumbnail","hentry","category-aktualnosci","category-wydarzenia"],"yoast_head":"<!-- This site is optimized with the Yoast SEO plugin v27.4 - https:\/\/yoast.com\/product\/yoast-seo-wordpress\/ -->\n<title>Teatr lalek z niepe\u0142nosprawno\u015bci\u0105 intelektualn\u0105 oraz ruchow\u0105 - Przedszkole im. Ksi\u0119cia Przemys\u0142awa<\/title>\n<meta name=\"robots\" content=\"noindex, follow\" \/>\n<meta property=\"og:locale\" content=\"pl_PL\" \/>\n<meta property=\"og:type\" content=\"article\" \/>\n<meta property=\"og:title\" content=\"Teatr lalek z niepe\u0142nosprawno\u015bci\u0105 intelektualn\u0105 oraz ruchow\u0105 - Przedszkole im. Ksi\u0119cia Przemys\u0142awa\" \/>\n<meta property=\"og:description\" content=\"Grupa IV i V mia\u0142y wielk\u0105 przyjemno\u015b\u0107 ogl\u0105dn\u0105\u0107 etiud\u0119 teatraln\u0105 Teatru lalek z niepe\u0142nosprawno\u015bci\u0105 intelektualn\u0105 i ruchow\u0105. Dzieci pozna\u0142y Ul\u0119 \u2013 osob\u0119 z zespo\u0142em Downa, kt\u00f3ra spotyka Franka swojego r\u00f3wie\u015bnika. Przedszkolaki z zainteresowaniem obserwowa\u0142y przedstawienie a potem aktywnie uczestniczyli w rozmowie z aktorem. Projekt zosta\u0142 sfinansowany ZE \u015aRODK\u00d3W NARODOWEGO INSTYTUTU WOLNO\u015aCI CENTRUM ROZWOJU SPO\u0141ECZE\u0143STWA OBYWATELSKIEGO. [&hellip;]\" \/>\n<meta property=\"og:url\" content=\"https:\/\/www.przedszkole161.pl\/?p=8729\" \/>\n<meta property=\"og:site_name\" content=\"Przedszkole im. Ksi\u0119cia Przemys\u0142awa\" \/>\n<meta property=\"article:published_time\" content=\"2023-10-19T11:56:46+00:00\" \/>\n<meta property=\"article:modified_time\" content=\"2023-10-19T13:56:27+00:00\" \/>\n<meta property=\"og:image\" content=\"https:\/\/www.przedszkole161.pl\/wp-content\/uploads\/2023\/10\/IMG_4202-scaled.jpg\" \/>\n\t<meta property=\"og:image:width\" content=\"2560\" \/>\n\t<meta property=\"og:image:height\" content=\"1920\" \/>\n\t<meta property=\"og:image:type\" content=\"image\/jpeg\" \/>\n<meta name=\"author\" content=\"Magda Dulemba\" \/>\n<meta name=\"twitter:card\" content=\"summary_large_image\" \/>\n<meta name=\"twitter:label1\" content=\"Napisane przez\" \/>\n\t<meta name=\"twitter:data1\" content=\"Magda Dulemba\" \/>\n\t<meta name=\"twitter:label2\" content=\"Szacowany czas czytania\" \/>\n\t<meta name=\"twitter:data2\" content=\"1 minuta\" \/>\n<script type=\"application\/ld+json\" class=\"yoast-schema-graph\">{\"@context\":\"https:\\\/\\\/schema.org\",\"@graph\":[{\"@type\":\"Article\",\"@id\":\"https:\\\/\\\/www.przedszkole161.pl\\\/?p=8729#article\",\"isPartOf\":{\"@id\":\"https:\\\/\\\/www.przedszkole161.pl\\\/?p=8729\"},\"author\":{\"name\":\"Magda Dulemba\",\"@id\":\"https:\\\/\\\/www.przedszkole161.pl\\\/#\\\/schema\\\/person\\\/673325371d681555a8b67c870d21faac\"},\"headline\":\"Teatr lalek z niepe\u0142nosprawno\u015bci\u0105 intelektualn\u0105 oraz ruchow\u0105\",\"datePublished\":\"2023-10-19T11:56:46+00:00\",\"dateModified\":\"2023-10-19T13:56:27+00:00\",\"mainEntityOfPage\":{\"@id\":\"https:\\\/\\\/www.przedszkole161.pl\\\/?p=8729\"},\"wordCount\":94,\"image\":{\"@id\":\"https:\\\/\\\/www.przedszkole161.pl\\\/?p=8729#primaryimage\"},\"thumbnailUrl\":\"https:\\\/\\\/ple161.poznan.pl\\\/wp-content\\\/uploads\\\/2023\\\/10\\\/IMG_4202-scaled.jpg\",\"articleSection\":[\"Aktualno\u015bci\",\"Wydarzenia\"],\"inLanguage\":\"pl-PL\"},{\"@type\":\"WebPage\",\"@id\":\"https:\\\/\\\/www.przedszkole161.pl\\\/?p=8729\",\"url\":\"https:\\\/\\\/www.przedszkole161.pl\\\/?p=8729\",\"name\":\"Teatr lalek z niepe\u0142nosprawno\u015bci\u0105 intelektualn\u0105 oraz ruchow\u0105 - Przedszkole im. Ksi\u0119cia Przemys\u0142awa\",\"isPartOf\":{\"@id\":\"https:\\\/\\\/www.przedszkole161.pl\\\/#website\"},\"primaryImageOfPage\":{\"@id\":\"https:\\\/\\\/www.przedszkole161.pl\\\/?p=8729#primaryimage\"},\"image\":{\"@id\":\"https:\\\/\\\/www.przedszkole161.pl\\\/?p=8729#primaryimage\"},\"thumbnailUrl\":\"https:\\\/\\\/ple161.poznan.pl\\\/wp-content\\\/uploads\\\/2023\\\/10\\\/IMG_4202-scaled.jpg\",\"datePublished\":\"2023-10-19T11:56:46+00:00\",\"dateModified\":\"2023-10-19T13:56:27+00:00\",\"author\":{\"@id\":\"https:\\\/\\\/www.przedszkole161.pl\\\/#\\\/schema\\\/person\\\/673325371d681555a8b67c870d21faac\"},\"breadcrumb\":{\"@id\":\"https:\\\/\\\/www.przedszkole161.pl\\\/?p=8729#breadcrumb\"},\"inLanguage\":\"pl-PL\",\"potentialAction\":[{\"@type\":\"ReadAction\",\"target\":[\"https:\\\/\\\/www.przedszkole161.pl\\\/?p=8729\"]}]},{\"@type\":\"ImageObject\",\"inLanguage\":\"pl-PL\",\"@id\":\"https:\\\/\\\/www.przedszkole161.pl\\\/?p=8729#primaryimage\",\"url\":\"https:\\\/\\\/ple161.poznan.pl\\\/wp-content\\\/uploads\\\/2023\\\/10\\\/IMG_4202-scaled.jpg\",\"contentUrl\":\"https:\\\/\\\/ple161.poznan.pl\\\/wp-content\\\/uploads\\\/2023\\\/10\\\/IMG_4202-scaled.jpg\",\"width\":2560,\"height\":1920},{\"@type\":\"BreadcrumbList\",\"@id\":\"https:\\\/\\\/www.przedszkole161.pl\\\/?p=8729#breadcrumb\",\"itemListElement\":[{\"@type\":\"ListItem\",\"position\":1,\"name\":\"Strona g\u0142\u00f3wna\",\"item\":\"https:\\\/\\\/www.przedszkole161.pl\\\/\"},{\"@type\":\"ListItem\",\"position\":2,\"name\":\"Teatr lalek z niepe\u0142nosprawno\u015bci\u0105 intelektualn\u0105 oraz ruchow\u0105\"}]},{\"@type\":\"WebSite\",\"@id\":\"https:\\\/\\\/www.przedszkole161.pl\\\/#website\",\"url\":\"https:\\\/\\\/www.przedszkole161.pl\\\/\",\"name\":\"Przedszkole im. Ksi\u0119cia Przemys\u0142awa 161\",\"description\":\"\",\"potentialAction\":[{\"@type\":\"SearchAction\",\"target\":{\"@type\":\"EntryPoint\",\"urlTemplate\":\"https:\\\/\\\/www.przedszkole161.pl\\\/?s={search_term_string}\"},\"query-input\":{\"@type\":\"PropertyValueSpecification\",\"valueRequired\":true,\"valueName\":\"search_term_string\"}}],\"inLanguage\":\"pl-PL\"},{\"@type\":\"Person\",\"@id\":\"https:\\\/\\\/www.przedszkole161.pl\\\/#\\\/schema\\\/person\\\/673325371d681555a8b67c870d21faac\",\"name\":\"Magda Dulemba\",\"image\":{\"@type\":\"ImageObject\",\"inLanguage\":\"pl-PL\",\"@id\":\"https:\\\/\\\/secure.gravatar.com\\\/avatar\\\/f6f4cc73208d68c67fc19e1f80620e23d66ef2a923cb26a6d726fbc6a55bbcbc?s=96&d=mm&r=g\",\"url\":\"https:\\\/\\\/secure.gravatar.com\\\/avatar\\\/f6f4cc73208d68c67fc19e1f80620e23d66ef2a923cb26a6d726fbc6a55bbcbc?s=96&d=mm&r=g\",\"contentUrl\":\"https:\\\/\\\/secure.gravatar.com\\\/avatar\\\/f6f4cc73208d68c67fc19e1f80620e23d66ef2a923cb26a6d726fbc6a55bbcbc?s=96&d=mm&r=g\",\"caption\":\"Magda Dulemba\"},\"url\":\"https:\\\/\\\/ple161.poznan.pl\\\/?author=2\"}]}<\/script>\n<!-- \/ Yoast SEO plugin. -->","yoast_head_json":{"title":"Teatr lalek z niepe\u0142nosprawno\u015bci\u0105 intelektualn\u0105 oraz ruchow\u0105 - Przedszkole im. Ksi\u0119cia Przemys\u0142awa","robots":{"index":"noindex","follow":"follow"},"og_locale":"pl_PL","og_type":"article","og_title":"Teatr lalek z niepe\u0142nosprawno\u015bci\u0105 intelektualn\u0105 oraz ruchow\u0105 - Przedszkole im. Ksi\u0119cia Przemys\u0142awa","og_description":"Grupa IV i V mia\u0142y wielk\u0105 przyjemno\u015b\u0107 ogl\u0105dn\u0105\u0107 etiud\u0119 teatraln\u0105 Teatru lalek z niepe\u0142nosprawno\u015bci\u0105 intelektualn\u0105 i ruchow\u0105. Dzieci pozna\u0142y Ul\u0119 \u2013 osob\u0119 z zespo\u0142em Downa, kt\u00f3ra spotyka Franka swojego r\u00f3wie\u015bnika. Przedszkolaki z zainteresowaniem obserwowa\u0142y przedstawienie a potem aktywnie uczestniczyli w rozmowie z aktorem. Projekt zosta\u0142 sfinansowany ZE \u015aRODK\u00d3W NARODOWEGO INSTYTUTU WOLNO\u015aCI CENTRUM ROZWOJU SPO\u0141ECZE\u0143STWA OBYWATELSKIEGO. [&hellip;]","og_url":"https:\/\/www.przedszkole161.pl\/?p=8729","og_site_name":"Przedszkole im. Ksi\u0119cia Przemys\u0142awa","article_published_time":"2023-10-19T11:56:46+00:00","article_modified_time":"2023-10-19T13:56:27+00:00","og_image":[{"width":2560,"height":1920,"url":"https:\/\/www.przedszkole161.pl\/wp-content\/uploads\/2023\/10\/IMG_4202-scaled.jpg","type":"image\/jpeg"}],"author":"Magda Dulemba","twitter_card":"summary_large_image","twitter_misc":{"Napisane przez":"Magda Dulemba","Szacowany czas czytania":"1 minuta"},"schema":{"@context":"https:\/\/schema.org","@graph":[{"@type":"Article","@id":"https:\/\/www.przedszkole161.pl\/?p=8729#article","isPartOf":{"@id":"https:\/\/www.przedszkole161.pl\/?p=8729"},"author":{"name":"Magda Dulemba","@id":"https:\/\/www.przedszkole161.pl\/#\/schema\/person\/673325371d681555a8b67c870d21faac"},"headline":"Teatr lalek z niepe\u0142nosprawno\u015bci\u0105 intelektualn\u0105 oraz ruchow\u0105","datePublished":"2023-10-19T11:56:46+00:00","dateModified":"2023-10-19T13:56:27+00:00","mainEntityOfPage":{"@id":"https:\/\/www.przedszkole161.pl\/?p=8729"},"wordCount":94,"image":{"@id":"https:\/\/www.przedszkole161.pl\/?p=8729#primaryimage"},"thumbnailUrl":"https:\/\/ple161.poznan.pl\/wp-content\/uploads\/2023\/10\/IMG_4202-scaled.jpg","articleSection":["Aktualno\u015bci","Wydarzenia"],"inLanguage":"pl-PL"},{"@type":"WebPage","@id":"https:\/\/www.przedszkole161.pl\/?p=8729","url":"https:\/\/www.przedszkole161.pl\/?p=8729","name":"Teatr lalek z niepe\u0142nosprawno\u015bci\u0105 intelektualn\u0105 oraz ruchow\u0105 - Przedszkole im. Ksi\u0119cia Przemys\u0142awa","isPartOf":{"@id":"https:\/\/www.przedszkole161.pl\/#website"},"primaryImageOfPage":{"@id":"https:\/\/www.przedszkole161.pl\/?p=8729#primaryimage"},"image":{"@id":"https:\/\/www.przedszkole161.pl\/?p=8729#primaryimage"},"thumbnailUrl":"https:\/\/ple161.poznan.pl\/wp-content\/uploads\/2023\/10\/IMG_4202-scaled.jpg","datePublished":"2023-10-19T11:56:46+00:00","dateModified":"2023-10-19T13:56:27+00:00","author":{"@id":"https:\/\/www.przedszkole161.pl\/#\/schema\/person\/673325371d681555a8b67c870d21faac"},"breadcrumb":{"@id":"https:\/\/www.przedszkole161.pl\/?p=8729#breadcrumb"},"inLanguage":"pl-PL","potentialAction":[{"@type":"ReadAction","target":["https:\/\/www.przedszkole161.pl\/?p=8729"]}]},{"@type":"ImageObject","inLanguage":"pl-PL","@id":"https:\/\/www.przedszkole161.pl\/?p=8729#primaryimage","url":"https:\/\/ple161.poznan.pl\/wp-content\/uploads\/2023\/10\/IMG_4202-scaled.jpg","contentUrl":"https:\/\/ple161.poznan.pl\/wp-content\/uploads\/2023\/10\/IMG_4202-scaled.jpg","width":2560,"height":1920},{"@type":"BreadcrumbList","@id":"https:\/\/www.przedszkole161.pl\/?p=8729#breadcrumb","itemListElement":[{"@type":"ListItem","position":1,"name":"Strona g\u0142\u00f3wna","item":"https:\/\/www.przedszkole161.pl\/"},{"@type":"ListItem","position":2,"name":"Teatr lalek z niepe\u0142nosprawno\u015bci\u0105 intelektualn\u0105 oraz ruchow\u0105"}]},{"@type":"WebSite","@id":"https:\/\/www.przedszkole161.pl\/#website","url":"https:\/\/www.przedszkole161.pl\/","name":"Przedszkole im. Ksi\u0119cia Przemys\u0142awa 161","description":"","potentialAction":[{"@type":"SearchAction","target":{"@type":"EntryPoint","urlTemplate":"https:\/\/www.przedszkole161.pl\/?s={search_term_string}"},"query-input":{"@type":"PropertyValueSpecification","valueRequired":true,"valueName":"search_term_string"}}],"inLanguage":"pl-PL"},{"@type":"Person","@id":"https:\/\/www.przedszkole161.pl\/#\/schema\/person\/673325371d681555a8b67c870d21faac","name":"Magda Dulemba","image":{"@type":"ImageObject","inLanguage":"pl-PL","@id":"https:\/\/secure.gravatar.com\/avatar\/f6f4cc73208d68c67fc19e1f80620e23d66ef2a923cb26a6d726fbc6a55bbcbc?s=96&d=mm&r=g","url":"https:\/\/secure.gravatar.com\/avatar\/f6f4cc73208d68c67fc19e1f80620e23d66ef2a923cb26a6d726fbc6a55bbcbc?s=96&d=mm&r=g","contentUrl":"https:\/\/secure.gravatar.com\/avatar\/f6f4cc73208d68c67fc19e1f80620e23d66ef2a923cb26a6d726fbc6a55bbcbc?s=96&d=mm&r=g","caption":"Magda Dulemba"},"url":"https:\/\/ple161.poznan.pl\/?author=2"}]}},"_links":{"self":[{"href":"https:\/\/ple161.poznan.pl\/index.php?rest_route=\/wp\/v2\/posts\/8729","targetHints":{"allow":["GET"]}}],"collection":[{"href":"https:\/\/ple161.poznan.pl\/index.php?rest_route=\/wp\/v2\/posts"}],"about":[{"href":"https:\/\/ple161.poznan.pl\/index.php?rest_route=\/wp\/v2\/types\/post"}],"author":[{"embeddable":true,"href":"https:\/\/ple161.poznan.pl\/index.php?rest_route=\/wp\/v2\/users\/2"}],"replies":[{"embeddable":true,"href":"https:\/\/ple161.poznan.pl\/index.php?rest_route=%2Fwp%2Fv2%2Fcomments&post=8729"}],"version-history":[{"count":3,"href":"https:\/\/ple161.poznan.pl\/index.php?rest_route=\/wp\/v2\/posts\/8729\/revisions"}],"predecessor-version":[{"id":8735,"href":"https:\/\/ple161.poznan.pl\/index.php?rest_route=\/wp\/v2\/posts\/8729\/revisions\/8735"}],"wp:featuredmedia":[{"embeddable":true,"href":"https:\/\/ple161.poznan.pl\/index.php?rest_route=\/wp\/v2\/media\/8730"}],"wp:attachment":[{"href":"https:\/\/ple161.poznan.pl\/index.php?rest_route=%2Fwp%2Fv2%2Fmedia&parent=8729"}],"wp:term":[{"taxonomy":"category","embeddable":true,"href":"https:\/\/ple161.poznan.pl\/index.php?rest_route=%2Fwp%2Fv2%2Fcategories&post=8729"},{"taxonomy":"post_tag","embeddable":true,"href":"https:\/\/ple161.poznan.pl\/index.php?rest_route=%2Fwp%2Fv2%2Ftags&post=8729"}],"curies":[{"name":"wp","href":"https:\/\/api.w.org\/{rel}","templated":true}]}}