{"id":8717,"date":"2023-10-19T12:05:24","date_gmt":"2023-10-19T11:05:24","guid":{"rendered":"https:\/\/ple161.poznan.pl\/?p=8717"},"modified":"2023-10-19T14:49:03","modified_gmt":"2023-10-19T13:49:03","slug":"akcja-kocham-slyszec","status":"publish","type":"post","link":"https:\/\/ple161.poznan.pl\/?p=8717","title":{"rendered":"Akcja &#8222;Kocham S\u0142ysze\u0107&#8221;"},"content":{"rendered":"<p>Przedszkolaki z grupy I, IV i V przyst\u0105pi\u0142y do Og\u00f3lnopolskiej Akcji &#8222;Kocham s\u0142ysze\u0107&#8221;. Dzieci podczas zaj\u0119\u0107, w oparciu o ilustracje i film pozna\u0142y budow\u0119, funkcjonowanie oraz znaczenie s\u0142uchu dla cz\u0142owieka. Dzieci dowiedzia\u0142y si\u0119 , jakie s\u0105 przyczyny zaburze\u0144 s\u0142uchu oraz jak dba\u0107 o narz\u0105d s\u0142uchu. Zosta\u0142y uwra\u017cliwione na potrzeby ludzi z wad\u0105 s\u0142uchu. Zapozna\u0142y si\u0119 z protezami s\u0142uchowymi: aparatem s\u0142uchowym i implantem \u015blimakowym. Na ko\u0144cu ka\u017cde dziecko wykona\u0142o prac\u0119 plastyczn\u0105 wybran\u0105 przez siebie technik\u0105.<\/p>\n","protected":false},"excerpt":{"rendered":"<p>Przedszkolaki z grupy I, IV i V przyst\u0105pi\u0142y do Og\u00f3lnopolskiej Akcji &#8222;Kocham s\u0142ysze\u0107&#8221;. Dzieci podczas zaj\u0119\u0107, w oparciu o ilustracje i film pozna\u0142y budow\u0119, funkcjonowanie oraz znaczenie s\u0142uchu dla cz\u0142owieka. Dzieci dowiedzia\u0142y si\u0119 , jakie s\u0105 przyczyny zaburze\u0144 s\u0142uchu oraz jak dba\u0107 o narz\u0105d s\u0142uchu. Zosta\u0142y uwra\u017cliwione na potrzeby ludzi z wad\u0105 s\u0142uchu. Zapozna\u0142y si\u0119 [&hellip;]<\/p>\n","protected":false},"author":2,"featured_media":8718,"comment_status":"closed","ping_status":"closed","sticky":false,"template":"","format":"standard","meta":{"ngg_post_thumbnail":0,"footnotes":""},"categories":[4,1],"tags":[],"class_list":["post-8717","post","type-post","status-publish","format-standard","has-post-thumbnail","hentry","category-aktualnosci","category-wydarzenia"],"yoast_head":"<!-- This site is optimized with the Yoast SEO plugin v27.4 - https:\/\/yoast.com\/product\/yoast-seo-wordpress\/ -->\n<title>Akcja &quot;Kocham S\u0142ysze\u0107&quot; - Przedszkole im. Ksi\u0119cia Przemys\u0142awa<\/title>\n<meta name=\"robots\" content=\"noindex, follow\" \/>\n<meta property=\"og:locale\" content=\"pl_PL\" \/>\n<meta property=\"og:type\" content=\"article\" \/>\n<meta property=\"og:title\" content=\"Akcja &quot;Kocham S\u0142ysze\u0107&quot; - Przedszkole im. Ksi\u0119cia Przemys\u0142awa\" \/>\n<meta property=\"og:description\" content=\"Przedszkolaki z grupy I, IV i V przyst\u0105pi\u0142y do Og\u00f3lnopolskiej Akcji &#8222;Kocham s\u0142ysze\u0107&#8221;. Dzieci podczas zaj\u0119\u0107, w oparciu o ilustracje i film pozna\u0142y budow\u0119, funkcjonowanie oraz znaczenie s\u0142uchu dla cz\u0142owieka. Dzieci dowiedzia\u0142y si\u0119 , jakie s\u0105 przyczyny zaburze\u0144 s\u0142uchu oraz jak dba\u0107 o narz\u0105d s\u0142uchu. Zosta\u0142y uwra\u017cliwione na potrzeby ludzi z wad\u0105 s\u0142uchu. Zapozna\u0142y si\u0119 [&hellip;]\" \/>\n<meta property=\"og:url\" content=\"https:\/\/www.przedszkole161.pl\/?p=8717\" \/>\n<meta property=\"og:site_name\" content=\"Przedszkole im. Ksi\u0119cia Przemys\u0142awa\" \/>\n<meta property=\"article:published_time\" content=\"2023-10-19T11:05:24+00:00\" \/>\n<meta property=\"article:modified_time\" content=\"2023-10-19T13:49:03+00:00\" \/>\n<meta property=\"og:image\" content=\"https:\/\/www.przedszkole161.pl\/wp-content\/uploads\/2023\/10\/kocham-slyszec.jpg\" \/>\n\t<meta property=\"og:image:width\" content=\"225\" \/>\n\t<meta property=\"og:image:height\" content=\"225\" \/>\n\t<meta property=\"og:image:type\" content=\"image\/jpeg\" \/>\n<meta name=\"author\" content=\"Magda Dulemba\" \/>\n<meta name=\"twitter:card\" content=\"summary_large_image\" \/>\n<meta name=\"twitter:label1\" content=\"Napisane przez\" \/>\n\t<meta name=\"twitter:data1\" content=\"Magda Dulemba\" \/>\n\t<meta name=\"twitter:label2\" content=\"Szacowany czas czytania\" \/>\n\t<meta name=\"twitter:data2\" content=\"1 minuta\" \/>\n<script type=\"application\/ld+json\" class=\"yoast-schema-graph\">{\"@context\":\"https:\\\/\\\/schema.org\",\"@graph\":[{\"@type\":\"Article\",\"@id\":\"https:\\\/\\\/www.przedszkole161.pl\\\/?p=8717#article\",\"isPartOf\":{\"@id\":\"https:\\\/\\\/www.przedszkole161.pl\\\/?p=8717\"},\"author\":{\"name\":\"Magda Dulemba\",\"@id\":\"https:\\\/\\\/www.przedszkole161.pl\\\/#\\\/schema\\\/person\\\/673325371d681555a8b67c870d21faac\"},\"headline\":\"Akcja &#8222;Kocham S\u0142ysze\u0107&#8221;\",\"datePublished\":\"2023-10-19T11:05:24+00:00\",\"dateModified\":\"2023-10-19T13:49:03+00:00\",\"mainEntityOfPage\":{\"@id\":\"https:\\\/\\\/www.przedszkole161.pl\\\/?p=8717\"},\"wordCount\":97,\"image\":{\"@id\":\"https:\\\/\\\/www.przedszkole161.pl\\\/?p=8717#primaryimage\"},\"thumbnailUrl\":\"https:\\\/\\\/ple161.poznan.pl\\\/wp-content\\\/uploads\\\/2023\\\/10\\\/kocham-slyszec.jpg\",\"articleSection\":[\"Aktualno\u015bci\",\"Wydarzenia\"],\"inLanguage\":\"pl-PL\"},{\"@type\":\"WebPage\",\"@id\":\"https:\\\/\\\/www.przedszkole161.pl\\\/?p=8717\",\"url\":\"https:\\\/\\\/www.przedszkole161.pl\\\/?p=8717\",\"name\":\"Akcja \\\"Kocham S\u0142ysze\u0107\\\" - Przedszkole im. Ksi\u0119cia Przemys\u0142awa\",\"isPartOf\":{\"@id\":\"https:\\\/\\\/www.przedszkole161.pl\\\/#website\"},\"primaryImageOfPage\":{\"@id\":\"https:\\\/\\\/www.przedszkole161.pl\\\/?p=8717#primaryimage\"},\"image\":{\"@id\":\"https:\\\/\\\/www.przedszkole161.pl\\\/?p=8717#primaryimage\"},\"thumbnailUrl\":\"https:\\\/\\\/ple161.poznan.pl\\\/wp-content\\\/uploads\\\/2023\\\/10\\\/kocham-slyszec.jpg\",\"datePublished\":\"2023-10-19T11:05:24+00:00\",\"dateModified\":\"2023-10-19T13:49:03+00:00\",\"author\":{\"@id\":\"https:\\\/\\\/www.przedszkole161.pl\\\/#\\\/schema\\\/person\\\/673325371d681555a8b67c870d21faac\"},\"breadcrumb\":{\"@id\":\"https:\\\/\\\/www.przedszkole161.pl\\\/?p=8717#breadcrumb\"},\"inLanguage\":\"pl-PL\",\"potentialAction\":[{\"@type\":\"ReadAction\",\"target\":[\"https:\\\/\\\/www.przedszkole161.pl\\\/?p=8717\"]}]},{\"@type\":\"ImageObject\",\"inLanguage\":\"pl-PL\",\"@id\":\"https:\\\/\\\/www.przedszkole161.pl\\\/?p=8717#primaryimage\",\"url\":\"https:\\\/\\\/ple161.poznan.pl\\\/wp-content\\\/uploads\\\/2023\\\/10\\\/kocham-slyszec.jpg\",\"contentUrl\":\"https:\\\/\\\/ple161.poznan.pl\\\/wp-content\\\/uploads\\\/2023\\\/10\\\/kocham-slyszec.jpg\",\"width\":225,\"height\":225},{\"@type\":\"BreadcrumbList\",\"@id\":\"https:\\\/\\\/www.przedszkole161.pl\\\/?p=8717#breadcrumb\",\"itemListElement\":[{\"@type\":\"ListItem\",\"position\":1,\"name\":\"Strona g\u0142\u00f3wna\",\"item\":\"https:\\\/\\\/www.przedszkole161.pl\\\/\"},{\"@type\":\"ListItem\",\"position\":2,\"name\":\"Akcja &#8222;Kocham S\u0142ysze\u0107&#8221;\"}]},{\"@type\":\"WebSite\",\"@id\":\"https:\\\/\\\/www.przedszkole161.pl\\\/#website\",\"url\":\"https:\\\/\\\/www.przedszkole161.pl\\\/\",\"name\":\"Przedszkole im. Ksi\u0119cia Przemys\u0142awa 161\",\"description\":\"\",\"potentialAction\":[{\"@type\":\"SearchAction\",\"target\":{\"@type\":\"EntryPoint\",\"urlTemplate\":\"https:\\\/\\\/www.przedszkole161.pl\\\/?s={search_term_string}\"},\"query-input\":{\"@type\":\"PropertyValueSpecification\",\"valueRequired\":true,\"valueName\":\"search_term_string\"}}],\"inLanguage\":\"pl-PL\"},{\"@type\":\"Person\",\"@id\":\"https:\\\/\\\/www.przedszkole161.pl\\\/#\\\/schema\\\/person\\\/673325371d681555a8b67c870d21faac\",\"name\":\"Magda Dulemba\",\"image\":{\"@type\":\"ImageObject\",\"inLanguage\":\"pl-PL\",\"@id\":\"https:\\\/\\\/secure.gravatar.com\\\/avatar\\\/f6f4cc73208d68c67fc19e1f80620e23d66ef2a923cb26a6d726fbc6a55bbcbc?s=96&d=mm&r=g\",\"url\":\"https:\\\/\\\/secure.gravatar.com\\\/avatar\\\/f6f4cc73208d68c67fc19e1f80620e23d66ef2a923cb26a6d726fbc6a55bbcbc?s=96&d=mm&r=g\",\"contentUrl\":\"https:\\\/\\\/secure.gravatar.com\\\/avatar\\\/f6f4cc73208d68c67fc19e1f80620e23d66ef2a923cb26a6d726fbc6a55bbcbc?s=96&d=mm&r=g\",\"caption\":\"Magda Dulemba\"},\"url\":\"https:\\\/\\\/ple161.poznan.pl\\\/?author=2\"}]}<\/script>\n<!-- \/ Yoast SEO plugin. -->","yoast_head_json":{"title":"Akcja \"Kocham S\u0142ysze\u0107\" - Przedszkole im. Ksi\u0119cia Przemys\u0142awa","robots":{"index":"noindex","follow":"follow"},"og_locale":"pl_PL","og_type":"article","og_title":"Akcja \"Kocham S\u0142ysze\u0107\" - Przedszkole im. Ksi\u0119cia Przemys\u0142awa","og_description":"Przedszkolaki z grupy I, IV i V przyst\u0105pi\u0142y do Og\u00f3lnopolskiej Akcji &#8222;Kocham s\u0142ysze\u0107&#8221;. Dzieci podczas zaj\u0119\u0107, w oparciu o ilustracje i film pozna\u0142y budow\u0119, funkcjonowanie oraz znaczenie s\u0142uchu dla cz\u0142owieka. Dzieci dowiedzia\u0142y si\u0119 , jakie s\u0105 przyczyny zaburze\u0144 s\u0142uchu oraz jak dba\u0107 o narz\u0105d s\u0142uchu. Zosta\u0142y uwra\u017cliwione na potrzeby ludzi z wad\u0105 s\u0142uchu. Zapozna\u0142y si\u0119 [&hellip;]","og_url":"https:\/\/www.przedszkole161.pl\/?p=8717","og_site_name":"Przedszkole im. Ksi\u0119cia Przemys\u0142awa","article_published_time":"2023-10-19T11:05:24+00:00","article_modified_time":"2023-10-19T13:49:03+00:00","og_image":[{"width":225,"height":225,"url":"https:\/\/www.przedszkole161.pl\/wp-content\/uploads\/2023\/10\/kocham-slyszec.jpg","type":"image\/jpeg"}],"author":"Magda Dulemba","twitter_card":"summary_large_image","twitter_misc":{"Napisane przez":"Magda Dulemba","Szacowany czas czytania":"1 minuta"},"schema":{"@context":"https:\/\/schema.org","@graph":[{"@type":"Article","@id":"https:\/\/www.przedszkole161.pl\/?p=8717#article","isPartOf":{"@id":"https:\/\/www.przedszkole161.pl\/?p=8717"},"author":{"name":"Magda Dulemba","@id":"https:\/\/www.przedszkole161.pl\/#\/schema\/person\/673325371d681555a8b67c870d21faac"},"headline":"Akcja &#8222;Kocham S\u0142ysze\u0107&#8221;","datePublished":"2023-10-19T11:05:24+00:00","dateModified":"2023-10-19T13:49:03+00:00","mainEntityOfPage":{"@id":"https:\/\/www.przedszkole161.pl\/?p=8717"},"wordCount":97,"image":{"@id":"https:\/\/www.przedszkole161.pl\/?p=8717#primaryimage"},"thumbnailUrl":"https:\/\/ple161.poznan.pl\/wp-content\/uploads\/2023\/10\/kocham-slyszec.jpg","articleSection":["Aktualno\u015bci","Wydarzenia"],"inLanguage":"pl-PL"},{"@type":"WebPage","@id":"https:\/\/www.przedszkole161.pl\/?p=8717","url":"https:\/\/www.przedszkole161.pl\/?p=8717","name":"Akcja \"Kocham S\u0142ysze\u0107\" - Przedszkole im. Ksi\u0119cia Przemys\u0142awa","isPartOf":{"@id":"https:\/\/www.przedszkole161.pl\/#website"},"primaryImageOfPage":{"@id":"https:\/\/www.przedszkole161.pl\/?p=8717#primaryimage"},"image":{"@id":"https:\/\/www.przedszkole161.pl\/?p=8717#primaryimage"},"thumbnailUrl":"https:\/\/ple161.poznan.pl\/wp-content\/uploads\/2023\/10\/kocham-slyszec.jpg","datePublished":"2023-10-19T11:05:24+00:00","dateModified":"2023-10-19T13:49:03+00:00","author":{"@id":"https:\/\/www.przedszkole161.pl\/#\/schema\/person\/673325371d681555a8b67c870d21faac"},"breadcrumb":{"@id":"https:\/\/www.przedszkole161.pl\/?p=8717#breadcrumb"},"inLanguage":"pl-PL","potentialAction":[{"@type":"ReadAction","target":["https:\/\/www.przedszkole161.pl\/?p=8717"]}]},{"@type":"ImageObject","inLanguage":"pl-PL","@id":"https:\/\/www.przedszkole161.pl\/?p=8717#primaryimage","url":"https:\/\/ple161.poznan.pl\/wp-content\/uploads\/2023\/10\/kocham-slyszec.jpg","contentUrl":"https:\/\/ple161.poznan.pl\/wp-content\/uploads\/2023\/10\/kocham-slyszec.jpg","width":225,"height":225},{"@type":"BreadcrumbList","@id":"https:\/\/www.przedszkole161.pl\/?p=8717#breadcrumb","itemListElement":[{"@type":"ListItem","position":1,"name":"Strona g\u0142\u00f3wna","item":"https:\/\/www.przedszkole161.pl\/"},{"@type":"ListItem","position":2,"name":"Akcja &#8222;Kocham S\u0142ysze\u0107&#8221;"}]},{"@type":"WebSite","@id":"https:\/\/www.przedszkole161.pl\/#website","url":"https:\/\/www.przedszkole161.pl\/","name":"Przedszkole im. Ksi\u0119cia Przemys\u0142awa 161","description":"","potentialAction":[{"@type":"SearchAction","target":{"@type":"EntryPoint","urlTemplate":"https:\/\/www.przedszkole161.pl\/?s={search_term_string}"},"query-input":{"@type":"PropertyValueSpecification","valueRequired":true,"valueName":"search_term_string"}}],"inLanguage":"pl-PL"},{"@type":"Person","@id":"https:\/\/www.przedszkole161.pl\/#\/schema\/person\/673325371d681555a8b67c870d21faac","name":"Magda Dulemba","image":{"@type":"ImageObject","inLanguage":"pl-PL","@id":"https:\/\/secure.gravatar.com\/avatar\/f6f4cc73208d68c67fc19e1f80620e23d66ef2a923cb26a6d726fbc6a55bbcbc?s=96&d=mm&r=g","url":"https:\/\/secure.gravatar.com\/avatar\/f6f4cc73208d68c67fc19e1f80620e23d66ef2a923cb26a6d726fbc6a55bbcbc?s=96&d=mm&r=g","contentUrl":"https:\/\/secure.gravatar.com\/avatar\/f6f4cc73208d68c67fc19e1f80620e23d66ef2a923cb26a6d726fbc6a55bbcbc?s=96&d=mm&r=g","caption":"Magda Dulemba"},"url":"https:\/\/ple161.poznan.pl\/?author=2"}]}},"_links":{"self":[{"href":"https:\/\/ple161.poznan.pl\/index.php?rest_route=\/wp\/v2\/posts\/8717","targetHints":{"allow":["GET"]}}],"collection":[{"href":"https:\/\/ple161.poznan.pl\/index.php?rest_route=\/wp\/v2\/posts"}],"about":[{"href":"https:\/\/ple161.poznan.pl\/index.php?rest_route=\/wp\/v2\/types\/post"}],"author":[{"embeddable":true,"href":"https:\/\/ple161.poznan.pl\/index.php?rest_route=\/wp\/v2\/users\/2"}],"replies":[{"embeddable":true,"href":"https:\/\/ple161.poznan.pl\/index.php?rest_route=%2Fwp%2Fv2%2Fcomments&post=8717"}],"version-history":[{"count":4,"href":"https:\/\/ple161.poznan.pl\/index.php?rest_route=\/wp\/v2\/posts\/8717\/revisions"}],"predecessor-version":[{"id":8733,"href":"https:\/\/ple161.poznan.pl\/index.php?rest_route=\/wp\/v2\/posts\/8717\/revisions\/8733"}],"wp:featuredmedia":[{"embeddable":true,"href":"https:\/\/ple161.poznan.pl\/index.php?rest_route=\/wp\/v2\/media\/8718"}],"wp:attachment":[{"href":"https:\/\/ple161.poznan.pl\/index.php?rest_route=%2Fwp%2Fv2%2Fmedia&parent=8717"}],"wp:term":[{"taxonomy":"category","embeddable":true,"href":"https:\/\/ple161.poznan.pl\/index.php?rest_route=%2Fwp%2Fv2%2Fcategories&post=8717"},{"taxonomy":"post_tag","embeddable":true,"href":"https:\/\/ple161.poznan.pl\/index.php?rest_route=%2Fwp%2Fv2%2Ftags&post=8717"}],"curies":[{"name":"wp","href":"https:\/\/api.w.org\/{rel}","templated":true}]}}