{"id":8695,"date":"2023-10-13T05:39:28","date_gmt":"2023-10-13T04:39:28","guid":{"rendered":"https:\/\/ple161.poznan.pl\/?p=8695"},"modified":"2023-10-13T05:39:28","modified_gmt":"2023-10-13T04:39:28","slug":"spotkanie-z-batermanem","status":"publish","type":"post","link":"https:\/\/ple161.poznan.pl\/?p=8695","title":{"rendered":"Spotkanie z BATERMANEM"},"content":{"rendered":"<p>12 pa\u017adziernika w naszym przedszkolu odby\u0142a si\u0119 prelekcja o ekologii, podczas kt\u00f3rej nasze przedszkolaki uzyska\u0142y du\u017c\u0105 dawk\u0119 wiedzy na temat segregacji odpad\u00f3w. \u00a0Nauczyli\u015bmy\u00a0 si\u0119 jak sortowa\u0107 odpady. <span class=\"x3nfvp2 x1j61x8r x1fcty0u xdj266r xhhsvwb xat24cr xgzva0m xxymvpz xlup9mm x1kky2od\"><img loading=\"lazy\" decoding=\"async\" src=\"https:\/\/static.xx.fbcdn.net\/images\/emoji.php\/v9\/tb3\/1.5\/16\/1f5d1.png\" alt=\"\" width=\"16\" height=\"16\" \/><\/span><span class=\"x3nfvp2 x1j61x8r x1fcty0u xdj266r xhhsvwb xat24cr xgzva0m xxymvpz xlup9mm x1kky2od\"><img loading=\"lazy\" decoding=\"async\" src=\"https:\/\/static.xx.fbcdn.net\/images\/emoji.php\/v9\/t5b\/1.5\/16\/1f7e8.png\" alt=\"\" width=\"16\" height=\"16\" \/><\/span><span class=\"x3nfvp2 x1j61x8r x1fcty0u xdj266r xhhsvwb xat24cr xgzva0m xxymvpz xlup9mm x1kky2od\"><img loading=\"lazy\" decoding=\"async\" src=\"https:\/\/static.xx.fbcdn.net\/images\/emoji.php\/v9\/t59\/1.5\/16\/1f7e6.png\" alt=\"\" width=\"16\" height=\"16\" \/><\/span><span class=\"x3nfvp2 x1j61x8r x1fcty0u xdj266r xhhsvwb xat24cr xgzva0m xxymvpz xlup9mm x1kky2od\"><img loading=\"lazy\" decoding=\"async\" src=\"https:\/\/static.xx.fbcdn.net\/images\/emoji.php\/v9\/tdc\/1.5\/16\/1f7e9.png\" alt=\"\" width=\"16\" height=\"16\" \/><\/span><span class=\"x3nfvp2 x1j61x8r x1fcty0u xdj266r xhhsvwb xat24cr xgzva0m xxymvpz xlup9mm x1kky2od\"><img loading=\"lazy\" decoding=\"async\" src=\"https:\/\/static.xx.fbcdn.net\/images\/emoji.php\/v9\/t85\/1.5\/16\/1f7eb.png\" alt=\"\" width=\"16\" height=\"16\" \/> <\/span>Go\u015bciem specjalnym by\u0142 BATERMAN &#8211; super bohater , dzi\u0119ki kt\u00f3remu wiemy jak\u00a0 post\u0119powa\u0107 z odpadami niebezpiecznymi.<\/p>\n","protected":false},"excerpt":{"rendered":"<p>12 pa\u017adziernika w naszym przedszkolu odby\u0142a si\u0119 prelekcja o ekologii, podczas kt\u00f3rej nasze przedszkolaki uzyska\u0142y du\u017c\u0105 dawk\u0119 wiedzy na temat segregacji odpad\u00f3w. \u00a0Nauczyli\u015bmy\u00a0 si\u0119 jak sortowa\u0107 odpady. Go\u015bciem specjalnym by\u0142 BATERMAN &#8211; super bohater , dzi\u0119ki kt\u00f3remu wiemy jak\u00a0 post\u0119powa\u0107 z odpadami niebezpiecznymi.<\/p>\n","protected":false},"author":2,"featured_media":8702,"comment_status":"closed","ping_status":"closed","sticky":false,"template":"","format":"standard","meta":{"ngg_post_thumbnail":0,"footnotes":""},"categories":[4,1],"tags":[],"class_list":["post-8695","post","type-post","status-publish","format-standard","has-post-thumbnail","hentry","category-aktualnosci","category-wydarzenia"],"yoast_head":"<!-- This site is optimized with the Yoast SEO plugin v27.4 - https:\/\/yoast.com\/product\/yoast-seo-wordpress\/ -->\n<title>Spotkanie z BATERMANEM - Przedszkole im. Ksi\u0119cia Przemys\u0142awa<\/title>\n<meta name=\"robots\" content=\"noindex, follow\" \/>\n<meta property=\"og:locale\" content=\"pl_PL\" \/>\n<meta property=\"og:type\" content=\"article\" \/>\n<meta property=\"og:title\" content=\"Spotkanie z BATERMANEM - Przedszkole im. Ksi\u0119cia Przemys\u0142awa\" \/>\n<meta property=\"og:description\" content=\"12 pa\u017adziernika w naszym przedszkolu odby\u0142a si\u0119 prelekcja o ekologii, podczas kt\u00f3rej nasze przedszkolaki uzyska\u0142y du\u017c\u0105 dawk\u0119 wiedzy na temat segregacji odpad\u00f3w. \u00a0Nauczyli\u015bmy\u00a0 si\u0119 jak sortowa\u0107 odpady. Go\u015bciem specjalnym by\u0142 BATERMAN &#8211; super bohater , dzi\u0119ki kt\u00f3remu wiemy jak\u00a0 post\u0119powa\u0107 z odpadami niebezpiecznymi.\" \/>\n<meta property=\"og:url\" content=\"https:\/\/www.przedszkole161.pl\/?p=8695\" \/>\n<meta property=\"og:site_name\" content=\"Przedszkole im. Ksi\u0119cia Przemys\u0142awa\" \/>\n<meta property=\"article:published_time\" content=\"2023-10-13T04:39:28+00:00\" \/>\n<meta property=\"og:image\" content=\"https:\/\/www.przedszkole161.pl\/wp-content\/uploads\/2023\/10\/4af4518a-d73b-4cbd-8c1d-b60b77a2408d.jpg\" \/>\n\t<meta property=\"og:image:width\" content=\"861\" \/>\n\t<meta property=\"og:image:height\" content=\"732\" \/>\n\t<meta property=\"og:image:type\" content=\"image\/jpeg\" \/>\n<meta name=\"author\" content=\"Magda Dulemba\" \/>\n<meta name=\"twitter:card\" content=\"summary_large_image\" \/>\n<meta name=\"twitter:label1\" content=\"Napisane przez\" \/>\n\t<meta name=\"twitter:data1\" content=\"Magda Dulemba\" \/>\n\t<meta name=\"twitter:label2\" content=\"Szacowany czas czytania\" \/>\n\t<meta name=\"twitter:data2\" content=\"2 minuty\" \/>\n<script type=\"application\/ld+json\" class=\"yoast-schema-graph\">{\"@context\":\"https:\\\/\\\/schema.org\",\"@graph\":[{\"@type\":\"Article\",\"@id\":\"https:\\\/\\\/www.przedszkole161.pl\\\/?p=8695#article\",\"isPartOf\":{\"@id\":\"https:\\\/\\\/www.przedszkole161.pl\\\/?p=8695\"},\"author\":{\"name\":\"Magda Dulemba\",\"@id\":\"https:\\\/\\\/www.przedszkole161.pl\\\/#\\\/schema\\\/person\\\/673325371d681555a8b67c870d21faac\"},\"headline\":\"Spotkanie z BATERMANEM\",\"datePublished\":\"2023-10-13T04:39:28+00:00\",\"mainEntityOfPage\":{\"@id\":\"https:\\\/\\\/www.przedszkole161.pl\\\/?p=8695\"},\"wordCount\":54,\"image\":{\"@id\":\"https:\\\/\\\/www.przedszkole161.pl\\\/?p=8695#primaryimage\"},\"thumbnailUrl\":\"https:\\\/\\\/ple161.poznan.pl\\\/wp-content\\\/uploads\\\/2023\\\/10\\\/4af4518a-d73b-4cbd-8c1d-b60b77a2408d.jpg\",\"articleSection\":[\"Aktualno\u015bci\",\"Wydarzenia\"],\"inLanguage\":\"pl-PL\"},{\"@type\":\"WebPage\",\"@id\":\"https:\\\/\\\/www.przedszkole161.pl\\\/?p=8695\",\"url\":\"https:\\\/\\\/www.przedszkole161.pl\\\/?p=8695\",\"name\":\"Spotkanie z BATERMANEM - Przedszkole im. Ksi\u0119cia Przemys\u0142awa\",\"isPartOf\":{\"@id\":\"https:\\\/\\\/www.przedszkole161.pl\\\/#website\"},\"primaryImageOfPage\":{\"@id\":\"https:\\\/\\\/www.przedszkole161.pl\\\/?p=8695#primaryimage\"},\"image\":{\"@id\":\"https:\\\/\\\/www.przedszkole161.pl\\\/?p=8695#primaryimage\"},\"thumbnailUrl\":\"https:\\\/\\\/ple161.poznan.pl\\\/wp-content\\\/uploads\\\/2023\\\/10\\\/4af4518a-d73b-4cbd-8c1d-b60b77a2408d.jpg\",\"datePublished\":\"2023-10-13T04:39:28+00:00\",\"author\":{\"@id\":\"https:\\\/\\\/www.przedszkole161.pl\\\/#\\\/schema\\\/person\\\/673325371d681555a8b67c870d21faac\"},\"breadcrumb\":{\"@id\":\"https:\\\/\\\/www.przedszkole161.pl\\\/?p=8695#breadcrumb\"},\"inLanguage\":\"pl-PL\",\"potentialAction\":[{\"@type\":\"ReadAction\",\"target\":[\"https:\\\/\\\/www.przedszkole161.pl\\\/?p=8695\"]}]},{\"@type\":\"ImageObject\",\"inLanguage\":\"pl-PL\",\"@id\":\"https:\\\/\\\/www.przedszkole161.pl\\\/?p=8695#primaryimage\",\"url\":\"https:\\\/\\\/ple161.poznan.pl\\\/wp-content\\\/uploads\\\/2023\\\/10\\\/4af4518a-d73b-4cbd-8c1d-b60b77a2408d.jpg\",\"contentUrl\":\"https:\\\/\\\/ple161.poznan.pl\\\/wp-content\\\/uploads\\\/2023\\\/10\\\/4af4518a-d73b-4cbd-8c1d-b60b77a2408d.jpg\",\"width\":861,\"height\":732},{\"@type\":\"BreadcrumbList\",\"@id\":\"https:\\\/\\\/www.przedszkole161.pl\\\/?p=8695#breadcrumb\",\"itemListElement\":[{\"@type\":\"ListItem\",\"position\":1,\"name\":\"Strona g\u0142\u00f3wna\",\"item\":\"https:\\\/\\\/www.przedszkole161.pl\\\/\"},{\"@type\":\"ListItem\",\"position\":2,\"name\":\"Spotkanie z BATERMANEM\"}]},{\"@type\":\"WebSite\",\"@id\":\"https:\\\/\\\/www.przedszkole161.pl\\\/#website\",\"url\":\"https:\\\/\\\/www.przedszkole161.pl\\\/\",\"name\":\"Przedszkole im. Ksi\u0119cia Przemys\u0142awa 161\",\"description\":\"\",\"potentialAction\":[{\"@type\":\"SearchAction\",\"target\":{\"@type\":\"EntryPoint\",\"urlTemplate\":\"https:\\\/\\\/www.przedszkole161.pl\\\/?s={search_term_string}\"},\"query-input\":{\"@type\":\"PropertyValueSpecification\",\"valueRequired\":true,\"valueName\":\"search_term_string\"}}],\"inLanguage\":\"pl-PL\"},{\"@type\":\"Person\",\"@id\":\"https:\\\/\\\/www.przedszkole161.pl\\\/#\\\/schema\\\/person\\\/673325371d681555a8b67c870d21faac\",\"name\":\"Magda Dulemba\",\"image\":{\"@type\":\"ImageObject\",\"inLanguage\":\"pl-PL\",\"@id\":\"https:\\\/\\\/secure.gravatar.com\\\/avatar\\\/f6f4cc73208d68c67fc19e1f80620e23d66ef2a923cb26a6d726fbc6a55bbcbc?s=96&d=mm&r=g\",\"url\":\"https:\\\/\\\/secure.gravatar.com\\\/avatar\\\/f6f4cc73208d68c67fc19e1f80620e23d66ef2a923cb26a6d726fbc6a55bbcbc?s=96&d=mm&r=g\",\"contentUrl\":\"https:\\\/\\\/secure.gravatar.com\\\/avatar\\\/f6f4cc73208d68c67fc19e1f80620e23d66ef2a923cb26a6d726fbc6a55bbcbc?s=96&d=mm&r=g\",\"caption\":\"Magda Dulemba\"},\"url\":\"https:\\\/\\\/ple161.poznan.pl\\\/?author=2\"}]}<\/script>\n<!-- \/ Yoast SEO plugin. -->","yoast_head_json":{"title":"Spotkanie z BATERMANEM - Przedszkole im. Ksi\u0119cia Przemys\u0142awa","robots":{"index":"noindex","follow":"follow"},"og_locale":"pl_PL","og_type":"article","og_title":"Spotkanie z BATERMANEM - Przedszkole im. Ksi\u0119cia Przemys\u0142awa","og_description":"12 pa\u017adziernika w naszym przedszkolu odby\u0142a si\u0119 prelekcja o ekologii, podczas kt\u00f3rej nasze przedszkolaki uzyska\u0142y du\u017c\u0105 dawk\u0119 wiedzy na temat segregacji odpad\u00f3w. \u00a0Nauczyli\u015bmy\u00a0 si\u0119 jak sortowa\u0107 odpady. Go\u015bciem specjalnym by\u0142 BATERMAN &#8211; super bohater , dzi\u0119ki kt\u00f3remu wiemy jak\u00a0 post\u0119powa\u0107 z odpadami niebezpiecznymi.","og_url":"https:\/\/www.przedszkole161.pl\/?p=8695","og_site_name":"Przedszkole im. Ksi\u0119cia Przemys\u0142awa","article_published_time":"2023-10-13T04:39:28+00:00","og_image":[{"width":861,"height":732,"url":"https:\/\/www.przedszkole161.pl\/wp-content\/uploads\/2023\/10\/4af4518a-d73b-4cbd-8c1d-b60b77a2408d.jpg","type":"image\/jpeg"}],"author":"Magda Dulemba","twitter_card":"summary_large_image","twitter_misc":{"Napisane przez":"Magda Dulemba","Szacowany czas czytania":"2 minuty"},"schema":{"@context":"https:\/\/schema.org","@graph":[{"@type":"Article","@id":"https:\/\/www.przedszkole161.pl\/?p=8695#article","isPartOf":{"@id":"https:\/\/www.przedszkole161.pl\/?p=8695"},"author":{"name":"Magda Dulemba","@id":"https:\/\/www.przedszkole161.pl\/#\/schema\/person\/673325371d681555a8b67c870d21faac"},"headline":"Spotkanie z BATERMANEM","datePublished":"2023-10-13T04:39:28+00:00","mainEntityOfPage":{"@id":"https:\/\/www.przedszkole161.pl\/?p=8695"},"wordCount":54,"image":{"@id":"https:\/\/www.przedszkole161.pl\/?p=8695#primaryimage"},"thumbnailUrl":"https:\/\/ple161.poznan.pl\/wp-content\/uploads\/2023\/10\/4af4518a-d73b-4cbd-8c1d-b60b77a2408d.jpg","articleSection":["Aktualno\u015bci","Wydarzenia"],"inLanguage":"pl-PL"},{"@type":"WebPage","@id":"https:\/\/www.przedszkole161.pl\/?p=8695","url":"https:\/\/www.przedszkole161.pl\/?p=8695","name":"Spotkanie z BATERMANEM - Przedszkole im. Ksi\u0119cia Przemys\u0142awa","isPartOf":{"@id":"https:\/\/www.przedszkole161.pl\/#website"},"primaryImageOfPage":{"@id":"https:\/\/www.przedszkole161.pl\/?p=8695#primaryimage"},"image":{"@id":"https:\/\/www.przedszkole161.pl\/?p=8695#primaryimage"},"thumbnailUrl":"https:\/\/ple161.poznan.pl\/wp-content\/uploads\/2023\/10\/4af4518a-d73b-4cbd-8c1d-b60b77a2408d.jpg","datePublished":"2023-10-13T04:39:28+00:00","author":{"@id":"https:\/\/www.przedszkole161.pl\/#\/schema\/person\/673325371d681555a8b67c870d21faac"},"breadcrumb":{"@id":"https:\/\/www.przedszkole161.pl\/?p=8695#breadcrumb"},"inLanguage":"pl-PL","potentialAction":[{"@type":"ReadAction","target":["https:\/\/www.przedszkole161.pl\/?p=8695"]}]},{"@type":"ImageObject","inLanguage":"pl-PL","@id":"https:\/\/www.przedszkole161.pl\/?p=8695#primaryimage","url":"https:\/\/ple161.poznan.pl\/wp-content\/uploads\/2023\/10\/4af4518a-d73b-4cbd-8c1d-b60b77a2408d.jpg","contentUrl":"https:\/\/ple161.poznan.pl\/wp-content\/uploads\/2023\/10\/4af4518a-d73b-4cbd-8c1d-b60b77a2408d.jpg","width":861,"height":732},{"@type":"BreadcrumbList","@id":"https:\/\/www.przedszkole161.pl\/?p=8695#breadcrumb","itemListElement":[{"@type":"ListItem","position":1,"name":"Strona g\u0142\u00f3wna","item":"https:\/\/www.przedszkole161.pl\/"},{"@type":"ListItem","position":2,"name":"Spotkanie z BATERMANEM"}]},{"@type":"WebSite","@id":"https:\/\/www.przedszkole161.pl\/#website","url":"https:\/\/www.przedszkole161.pl\/","name":"Przedszkole im. Ksi\u0119cia Przemys\u0142awa 161","description":"","potentialAction":[{"@type":"SearchAction","target":{"@type":"EntryPoint","urlTemplate":"https:\/\/www.przedszkole161.pl\/?s={search_term_string}"},"query-input":{"@type":"PropertyValueSpecification","valueRequired":true,"valueName":"search_term_string"}}],"inLanguage":"pl-PL"},{"@type":"Person","@id":"https:\/\/www.przedszkole161.pl\/#\/schema\/person\/673325371d681555a8b67c870d21faac","name":"Magda Dulemba","image":{"@type":"ImageObject","inLanguage":"pl-PL","@id":"https:\/\/secure.gravatar.com\/avatar\/f6f4cc73208d68c67fc19e1f80620e23d66ef2a923cb26a6d726fbc6a55bbcbc?s=96&d=mm&r=g","url":"https:\/\/secure.gravatar.com\/avatar\/f6f4cc73208d68c67fc19e1f80620e23d66ef2a923cb26a6d726fbc6a55bbcbc?s=96&d=mm&r=g","contentUrl":"https:\/\/secure.gravatar.com\/avatar\/f6f4cc73208d68c67fc19e1f80620e23d66ef2a923cb26a6d726fbc6a55bbcbc?s=96&d=mm&r=g","caption":"Magda Dulemba"},"url":"https:\/\/ple161.poznan.pl\/?author=2"}]}},"_links":{"self":[{"href":"https:\/\/ple161.poznan.pl\/index.php?rest_route=\/wp\/v2\/posts\/8695","targetHints":{"allow":["GET"]}}],"collection":[{"href":"https:\/\/ple161.poznan.pl\/index.php?rest_route=\/wp\/v2\/posts"}],"about":[{"href":"https:\/\/ple161.poznan.pl\/index.php?rest_route=\/wp\/v2\/types\/post"}],"author":[{"embeddable":true,"href":"https:\/\/ple161.poznan.pl\/index.php?rest_route=\/wp\/v2\/users\/2"}],"replies":[{"embeddable":true,"href":"https:\/\/ple161.poznan.pl\/index.php?rest_route=%2Fwp%2Fv2%2Fcomments&post=8695"}],"version-history":[{"count":1,"href":"https:\/\/ple161.poznan.pl\/index.php?rest_route=\/wp\/v2\/posts\/8695\/revisions"}],"predecessor-version":[{"id":8703,"href":"https:\/\/ple161.poznan.pl\/index.php?rest_route=\/wp\/v2\/posts\/8695\/revisions\/8703"}],"wp:featuredmedia":[{"embeddable":true,"href":"https:\/\/ple161.poznan.pl\/index.php?rest_route=\/wp\/v2\/media\/8702"}],"wp:attachment":[{"href":"https:\/\/ple161.poznan.pl\/index.php?rest_route=%2Fwp%2Fv2%2Fmedia&parent=8695"}],"wp:term":[{"taxonomy":"category","embeddable":true,"href":"https:\/\/ple161.poznan.pl\/index.php?rest_route=%2Fwp%2Fv2%2Fcategories&post=8695"},{"taxonomy":"post_tag","embeddable":true,"href":"https:\/\/ple161.poznan.pl\/index.php?rest_route=%2Fwp%2Fv2%2Ftags&post=8695"}],"curies":[{"name":"wp","href":"https:\/\/api.w.org\/{rel}","templated":true}]}}