{"id":8640,"date":"2023-10-04T20:27:14","date_gmt":"2023-10-04T19:27:14","guid":{"rendered":"https:\/\/ple161.poznan.pl\/?p=8640"},"modified":"2023-10-04T20:27:14","modified_gmt":"2023-10-04T19:27:14","slug":"udzial-w-akcji-charytatywnej-syty-poznan","status":"publish","type":"post","link":"https:\/\/ple161.poznan.pl\/?p=8640","title":{"rendered":"Udzia\u0142 w Akcji Charytatywnej ,,Syty POZnan&#8221;"},"content":{"rendered":"<p>Nasza plac\u00f3wka bierze udzia\u0142 w akcji charytatywnej, kt\u00f3ra jest pod patronatem Prezydenta Miasta Poznania i jako miesi\u0105c zbi\u00f3rki wybrali\u015bmy: PA\u0179DZIERNIK<\/p>\n<p>To najwi\u0119ksza zbi\u00f3rka \u017cywno\u015bci w plac\u00f3wkach edukacyjnych w Poznaniu.<br \/>\nZbieramy i przekazujemy \u017cywno\u015b\u0107 organizacjom charytatywnym na terenie Poznania, jednocze\u015bnie edukujemy i zwi\u0119kszamy \u015bwiadomo\u015b\u0107 na temat problemu g\u0142odu i braku \u015brodk\u00f3w na \u017cywno\u015b\u0107. Chcemy kszta\u0142towa\u0107 w najm\u0142odszym pokoleniu ducha dzia\u0142ania na rzecz<br \/>\nlokalnej spo\u0142eczno\u015bci.<\/p>\n<p>Serdecznie zapraszamy naszych rodzic\u00f3w i ich dzieci do przynoszenia do naszego przedszkola \u017cywno\u015bci o wyd\u0142u\u017conym terminie przydatno\u015bci.<\/p>\n<p>Co zbieramy:<\/p>\n<ul>\n<li>konserwy rybne i mi\u0119sne, pasztety<\/li>\n<li>przeciery i passaty pomidorowe<\/li>\n<li>gotowe dania w s\u0142oikach<\/li>\n<li>sucha fasola i groch<\/li>\n<li>Cukier, kawa ziarnista i mielona<\/li>\n<li>s\u0142odycze i przek\u0105ski (czekolada, batony, paluszki, ciastka<\/li>\n<li>przyprawy (pieprz, majeranek, li\u015b\u0107 laurowy, ziele angielskie, itp.)<\/li>\n<li>s\u0142oiki i puszki (og\u00f3rki, papryka, kukurydza, fasola, itp.) (klopsiki, go\u0142\u0105bki, pulpety, itp.)<\/li>\n<li>wafle ry\u017cowe,<\/li>\n<li>pieczywo chrupkie<\/li>\n<li>gor\u0105ce kubki\u00a0 (zupy, kisiele, budynie)<\/li>\n<\/ul>\n","protected":false},"excerpt":{"rendered":"<p>Nasza plac\u00f3wka bierze udzia\u0142 w akcji charytatywnej, kt\u00f3ra jest pod patronatem Prezydenta Miasta Poznania i jako miesi\u0105c zbi\u00f3rki wybrali\u015bmy: PA\u0179DZIERNIK To najwi\u0119ksza zbi\u00f3rka \u017cywno\u015bci w plac\u00f3wkach edukacyjnych w Poznaniu. Zbieramy i przekazujemy \u017cywno\u015b\u0107 organizacjom charytatywnym na terenie Poznania, jednocze\u015bnie edukujemy i zwi\u0119kszamy \u015bwiadomo\u015b\u0107 na temat problemu g\u0142odu i braku \u015brodk\u00f3w na \u017cywno\u015b\u0107. Chcemy kszta\u0142towa\u0107 w [&hellip;]<\/p>\n","protected":false},"author":2,"featured_media":6686,"comment_status":"closed","ping_status":"closed","sticky":false,"template":"","format":"standard","meta":{"ngg_post_thumbnail":0,"footnotes":""},"categories":[4,1],"tags":[],"class_list":["post-8640","post","type-post","status-publish","format-standard","has-post-thumbnail","hentry","category-aktualnosci","category-wydarzenia"],"yoast_head":"<!-- This site is optimized with the Yoast SEO plugin v27.4 - https:\/\/yoast.com\/product\/yoast-seo-wordpress\/ -->\n<title>Udzia\u0142 w Akcji Charytatywnej ,,Syty POZnan&quot; - Przedszkole im. Ksi\u0119cia Przemys\u0142awa<\/title>\n<meta name=\"robots\" content=\"noindex, follow\" \/>\n<meta property=\"og:locale\" content=\"pl_PL\" \/>\n<meta property=\"og:type\" content=\"article\" \/>\n<meta property=\"og:title\" content=\"Udzia\u0142 w Akcji Charytatywnej ,,Syty POZnan&quot; - Przedszkole im. Ksi\u0119cia Przemys\u0142awa\" \/>\n<meta property=\"og:description\" content=\"Nasza plac\u00f3wka bierze udzia\u0142 w akcji charytatywnej, kt\u00f3ra jest pod patronatem Prezydenta Miasta Poznania i jako miesi\u0105c zbi\u00f3rki wybrali\u015bmy: PA\u0179DZIERNIK To najwi\u0119ksza zbi\u00f3rka \u017cywno\u015bci w plac\u00f3wkach edukacyjnych w Poznaniu. Zbieramy i przekazujemy \u017cywno\u015b\u0107 organizacjom charytatywnym na terenie Poznania, jednocze\u015bnie edukujemy i zwi\u0119kszamy \u015bwiadomo\u015b\u0107 na temat problemu g\u0142odu i braku \u015brodk\u00f3w na \u017cywno\u015b\u0107. Chcemy kszta\u0142towa\u0107 w [&hellip;]\" \/>\n<meta property=\"og:url\" content=\"https:\/\/www.przedszkole161.pl\/?p=8640\" \/>\n<meta property=\"og:site_name\" content=\"Przedszkole im. Ksi\u0119cia Przemys\u0142awa\" \/>\n<meta property=\"article:published_time\" content=\"2023-10-04T19:27:14+00:00\" \/>\n<meta property=\"og:image\" content=\"https:\/\/www.przedszkole161.pl\/wp-content\/uploads\/2021\/12\/gif-pomaganie.png\" \/>\n\t<meta property=\"og:image:width\" content=\"752\" \/>\n\t<meta property=\"og:image:height\" content=\"440\" \/>\n\t<meta property=\"og:image:type\" content=\"image\/png\" \/>\n<meta name=\"author\" content=\"Magda Dulemba\" \/>\n<meta name=\"twitter:card\" content=\"summary_large_image\" \/>\n<meta name=\"twitter:label1\" content=\"Napisane przez\" \/>\n\t<meta name=\"twitter:data1\" content=\"Magda Dulemba\" \/>\n\t<meta name=\"twitter:label2\" content=\"Szacowany czas czytania\" \/>\n\t<meta name=\"twitter:data2\" content=\"1 minuta\" \/>\n<script type=\"application\/ld+json\" class=\"yoast-schema-graph\">{\"@context\":\"https:\\\/\\\/schema.org\",\"@graph\":[{\"@type\":\"Article\",\"@id\":\"https:\\\/\\\/www.przedszkole161.pl\\\/?p=8640#article\",\"isPartOf\":{\"@id\":\"https:\\\/\\\/www.przedszkole161.pl\\\/?p=8640\"},\"author\":{\"name\":\"Magda Dulemba\",\"@id\":\"https:\\\/\\\/www.przedszkole161.pl\\\/#\\\/schema\\\/person\\\/673325371d681555a8b67c870d21faac\"},\"headline\":\"Udzia\u0142 w Akcji Charytatywnej ,,Syty POZnan&#8221;\",\"datePublished\":\"2023-10-04T19:27:14+00:00\",\"mainEntityOfPage\":{\"@id\":\"https:\\\/\\\/www.przedszkole161.pl\\\/?p=8640\"},\"wordCount\":179,\"image\":{\"@id\":\"https:\\\/\\\/www.przedszkole161.pl\\\/?p=8640#primaryimage\"},\"thumbnailUrl\":\"https:\\\/\\\/ple161.poznan.pl\\\/wp-content\\\/uploads\\\/2021\\\/12\\\/gif-pomaganie.png\",\"articleSection\":[\"Aktualno\u015bci\",\"Wydarzenia\"],\"inLanguage\":\"pl-PL\"},{\"@type\":\"WebPage\",\"@id\":\"https:\\\/\\\/www.przedszkole161.pl\\\/?p=8640\",\"url\":\"https:\\\/\\\/www.przedszkole161.pl\\\/?p=8640\",\"name\":\"Udzia\u0142 w Akcji Charytatywnej ,,Syty POZnan\\\" - Przedszkole im. Ksi\u0119cia Przemys\u0142awa\",\"isPartOf\":{\"@id\":\"https:\\\/\\\/www.przedszkole161.pl\\\/#website\"},\"primaryImageOfPage\":{\"@id\":\"https:\\\/\\\/www.przedszkole161.pl\\\/?p=8640#primaryimage\"},\"image\":{\"@id\":\"https:\\\/\\\/www.przedszkole161.pl\\\/?p=8640#primaryimage\"},\"thumbnailUrl\":\"https:\\\/\\\/ple161.poznan.pl\\\/wp-content\\\/uploads\\\/2021\\\/12\\\/gif-pomaganie.png\",\"datePublished\":\"2023-10-04T19:27:14+00:00\",\"author\":{\"@id\":\"https:\\\/\\\/www.przedszkole161.pl\\\/#\\\/schema\\\/person\\\/673325371d681555a8b67c870d21faac\"},\"breadcrumb\":{\"@id\":\"https:\\\/\\\/www.przedszkole161.pl\\\/?p=8640#breadcrumb\"},\"inLanguage\":\"pl-PL\",\"potentialAction\":[{\"@type\":\"ReadAction\",\"target\":[\"https:\\\/\\\/www.przedszkole161.pl\\\/?p=8640\"]}]},{\"@type\":\"ImageObject\",\"inLanguage\":\"pl-PL\",\"@id\":\"https:\\\/\\\/www.przedszkole161.pl\\\/?p=8640#primaryimage\",\"url\":\"https:\\\/\\\/ple161.poznan.pl\\\/wp-content\\\/uploads\\\/2021\\\/12\\\/gif-pomaganie.png\",\"contentUrl\":\"https:\\\/\\\/ple161.poznan.pl\\\/wp-content\\\/uploads\\\/2021\\\/12\\\/gif-pomaganie.png\",\"width\":752,\"height\":440},{\"@type\":\"BreadcrumbList\",\"@id\":\"https:\\\/\\\/www.przedszkole161.pl\\\/?p=8640#breadcrumb\",\"itemListElement\":[{\"@type\":\"ListItem\",\"position\":1,\"name\":\"Strona g\u0142\u00f3wna\",\"item\":\"https:\\\/\\\/www.przedszkole161.pl\\\/\"},{\"@type\":\"ListItem\",\"position\":2,\"name\":\"Udzia\u0142 w Akcji Charytatywnej ,,Syty POZnan&#8221;\"}]},{\"@type\":\"WebSite\",\"@id\":\"https:\\\/\\\/www.przedszkole161.pl\\\/#website\",\"url\":\"https:\\\/\\\/www.przedszkole161.pl\\\/\",\"name\":\"Przedszkole im. Ksi\u0119cia Przemys\u0142awa 161\",\"description\":\"\",\"potentialAction\":[{\"@type\":\"SearchAction\",\"target\":{\"@type\":\"EntryPoint\",\"urlTemplate\":\"https:\\\/\\\/www.przedszkole161.pl\\\/?s={search_term_string}\"},\"query-input\":{\"@type\":\"PropertyValueSpecification\",\"valueRequired\":true,\"valueName\":\"search_term_string\"}}],\"inLanguage\":\"pl-PL\"},{\"@type\":\"Person\",\"@id\":\"https:\\\/\\\/www.przedszkole161.pl\\\/#\\\/schema\\\/person\\\/673325371d681555a8b67c870d21faac\",\"name\":\"Magda Dulemba\",\"image\":{\"@type\":\"ImageObject\",\"inLanguage\":\"pl-PL\",\"@id\":\"https:\\\/\\\/secure.gravatar.com\\\/avatar\\\/f6f4cc73208d68c67fc19e1f80620e23d66ef2a923cb26a6d726fbc6a55bbcbc?s=96&d=mm&r=g\",\"url\":\"https:\\\/\\\/secure.gravatar.com\\\/avatar\\\/f6f4cc73208d68c67fc19e1f80620e23d66ef2a923cb26a6d726fbc6a55bbcbc?s=96&d=mm&r=g\",\"contentUrl\":\"https:\\\/\\\/secure.gravatar.com\\\/avatar\\\/f6f4cc73208d68c67fc19e1f80620e23d66ef2a923cb26a6d726fbc6a55bbcbc?s=96&d=mm&r=g\",\"caption\":\"Magda Dulemba\"},\"url\":\"https:\\\/\\\/ple161.poznan.pl\\\/?author=2\"}]}<\/script>\n<!-- \/ Yoast SEO plugin. -->","yoast_head_json":{"title":"Udzia\u0142 w Akcji Charytatywnej ,,Syty POZnan\" - Przedszkole im. Ksi\u0119cia Przemys\u0142awa","robots":{"index":"noindex","follow":"follow"},"og_locale":"pl_PL","og_type":"article","og_title":"Udzia\u0142 w Akcji Charytatywnej ,,Syty POZnan\" - Przedszkole im. Ksi\u0119cia Przemys\u0142awa","og_description":"Nasza plac\u00f3wka bierze udzia\u0142 w akcji charytatywnej, kt\u00f3ra jest pod patronatem Prezydenta Miasta Poznania i jako miesi\u0105c zbi\u00f3rki wybrali\u015bmy: PA\u0179DZIERNIK To najwi\u0119ksza zbi\u00f3rka \u017cywno\u015bci w plac\u00f3wkach edukacyjnych w Poznaniu. Zbieramy i przekazujemy \u017cywno\u015b\u0107 organizacjom charytatywnym na terenie Poznania, jednocze\u015bnie edukujemy i zwi\u0119kszamy \u015bwiadomo\u015b\u0107 na temat problemu g\u0142odu i braku \u015brodk\u00f3w na \u017cywno\u015b\u0107. Chcemy kszta\u0142towa\u0107 w [&hellip;]","og_url":"https:\/\/www.przedszkole161.pl\/?p=8640","og_site_name":"Przedszkole im. Ksi\u0119cia Przemys\u0142awa","article_published_time":"2023-10-04T19:27:14+00:00","og_image":[{"width":752,"height":440,"url":"https:\/\/www.przedszkole161.pl\/wp-content\/uploads\/2021\/12\/gif-pomaganie.png","type":"image\/png"}],"author":"Magda Dulemba","twitter_card":"summary_large_image","twitter_misc":{"Napisane przez":"Magda Dulemba","Szacowany czas czytania":"1 minuta"},"schema":{"@context":"https:\/\/schema.org","@graph":[{"@type":"Article","@id":"https:\/\/www.przedszkole161.pl\/?p=8640#article","isPartOf":{"@id":"https:\/\/www.przedszkole161.pl\/?p=8640"},"author":{"name":"Magda Dulemba","@id":"https:\/\/www.przedszkole161.pl\/#\/schema\/person\/673325371d681555a8b67c870d21faac"},"headline":"Udzia\u0142 w Akcji Charytatywnej ,,Syty POZnan&#8221;","datePublished":"2023-10-04T19:27:14+00:00","mainEntityOfPage":{"@id":"https:\/\/www.przedszkole161.pl\/?p=8640"},"wordCount":179,"image":{"@id":"https:\/\/www.przedszkole161.pl\/?p=8640#primaryimage"},"thumbnailUrl":"https:\/\/ple161.poznan.pl\/wp-content\/uploads\/2021\/12\/gif-pomaganie.png","articleSection":["Aktualno\u015bci","Wydarzenia"],"inLanguage":"pl-PL"},{"@type":"WebPage","@id":"https:\/\/www.przedszkole161.pl\/?p=8640","url":"https:\/\/www.przedszkole161.pl\/?p=8640","name":"Udzia\u0142 w Akcji Charytatywnej ,,Syty POZnan\" - Przedszkole im. Ksi\u0119cia Przemys\u0142awa","isPartOf":{"@id":"https:\/\/www.przedszkole161.pl\/#website"},"primaryImageOfPage":{"@id":"https:\/\/www.przedszkole161.pl\/?p=8640#primaryimage"},"image":{"@id":"https:\/\/www.przedszkole161.pl\/?p=8640#primaryimage"},"thumbnailUrl":"https:\/\/ple161.poznan.pl\/wp-content\/uploads\/2021\/12\/gif-pomaganie.png","datePublished":"2023-10-04T19:27:14+00:00","author":{"@id":"https:\/\/www.przedszkole161.pl\/#\/schema\/person\/673325371d681555a8b67c870d21faac"},"breadcrumb":{"@id":"https:\/\/www.przedszkole161.pl\/?p=8640#breadcrumb"},"inLanguage":"pl-PL","potentialAction":[{"@type":"ReadAction","target":["https:\/\/www.przedszkole161.pl\/?p=8640"]}]},{"@type":"ImageObject","inLanguage":"pl-PL","@id":"https:\/\/www.przedszkole161.pl\/?p=8640#primaryimage","url":"https:\/\/ple161.poznan.pl\/wp-content\/uploads\/2021\/12\/gif-pomaganie.png","contentUrl":"https:\/\/ple161.poznan.pl\/wp-content\/uploads\/2021\/12\/gif-pomaganie.png","width":752,"height":440},{"@type":"BreadcrumbList","@id":"https:\/\/www.przedszkole161.pl\/?p=8640#breadcrumb","itemListElement":[{"@type":"ListItem","position":1,"name":"Strona g\u0142\u00f3wna","item":"https:\/\/www.przedszkole161.pl\/"},{"@type":"ListItem","position":2,"name":"Udzia\u0142 w Akcji Charytatywnej ,,Syty POZnan&#8221;"}]},{"@type":"WebSite","@id":"https:\/\/www.przedszkole161.pl\/#website","url":"https:\/\/www.przedszkole161.pl\/","name":"Przedszkole im. Ksi\u0119cia Przemys\u0142awa 161","description":"","potentialAction":[{"@type":"SearchAction","target":{"@type":"EntryPoint","urlTemplate":"https:\/\/www.przedszkole161.pl\/?s={search_term_string}"},"query-input":{"@type":"PropertyValueSpecification","valueRequired":true,"valueName":"search_term_string"}}],"inLanguage":"pl-PL"},{"@type":"Person","@id":"https:\/\/www.przedszkole161.pl\/#\/schema\/person\/673325371d681555a8b67c870d21faac","name":"Magda Dulemba","image":{"@type":"ImageObject","inLanguage":"pl-PL","@id":"https:\/\/secure.gravatar.com\/avatar\/f6f4cc73208d68c67fc19e1f80620e23d66ef2a923cb26a6d726fbc6a55bbcbc?s=96&d=mm&r=g","url":"https:\/\/secure.gravatar.com\/avatar\/f6f4cc73208d68c67fc19e1f80620e23d66ef2a923cb26a6d726fbc6a55bbcbc?s=96&d=mm&r=g","contentUrl":"https:\/\/secure.gravatar.com\/avatar\/f6f4cc73208d68c67fc19e1f80620e23d66ef2a923cb26a6d726fbc6a55bbcbc?s=96&d=mm&r=g","caption":"Magda Dulemba"},"url":"https:\/\/ple161.poznan.pl\/?author=2"}]}},"_links":{"self":[{"href":"https:\/\/ple161.poznan.pl\/index.php?rest_route=\/wp\/v2\/posts\/8640","targetHints":{"allow":["GET"]}}],"collection":[{"href":"https:\/\/ple161.poznan.pl\/index.php?rest_route=\/wp\/v2\/posts"}],"about":[{"href":"https:\/\/ple161.poznan.pl\/index.php?rest_route=\/wp\/v2\/types\/post"}],"author":[{"embeddable":true,"href":"https:\/\/ple161.poznan.pl\/index.php?rest_route=\/wp\/v2\/users\/2"}],"replies":[{"embeddable":true,"href":"https:\/\/ple161.poznan.pl\/index.php?rest_route=%2Fwp%2Fv2%2Fcomments&post=8640"}],"version-history":[{"count":1,"href":"https:\/\/ple161.poznan.pl\/index.php?rest_route=\/wp\/v2\/posts\/8640\/revisions"}],"predecessor-version":[{"id":8641,"href":"https:\/\/ple161.poznan.pl\/index.php?rest_route=\/wp\/v2\/posts\/8640\/revisions\/8641"}],"wp:featuredmedia":[{"embeddable":true,"href":"https:\/\/ple161.poznan.pl\/index.php?rest_route=\/wp\/v2\/media\/6686"}],"wp:attachment":[{"href":"https:\/\/ple161.poznan.pl\/index.php?rest_route=%2Fwp%2Fv2%2Fmedia&parent=8640"}],"wp:term":[{"taxonomy":"category","embeddable":true,"href":"https:\/\/ple161.poznan.pl\/index.php?rest_route=%2Fwp%2Fv2%2Fcategories&post=8640"},{"taxonomy":"post_tag","embeddable":true,"href":"https:\/\/ple161.poznan.pl\/index.php?rest_route=%2Fwp%2Fv2%2Ftags&post=8640"}],"curies":[{"name":"wp","href":"https:\/\/api.w.org\/{rel}","templated":true}]}}