{"id":8511,"date":"2023-08-16T08:48:27","date_gmt":"2023-08-16T07:48:27","guid":{"rendered":"https:\/\/ple161.poznan.pl\/?p=8511"},"modified":"2023-08-22T17:41:30","modified_gmt":"2023-08-22T16:41:30","slug":"co-przyniesc-do-przedszkola-1-wrzesnia-2","status":"publish","type":"post","link":"https:\/\/ple161.poznan.pl\/?p=8511","title":{"rendered":"Co przynie\u015b\u0107 do przedszkola 1 wrze\u015bnia"},"content":{"rendered":"<p><strong>Grupa I \u2013 3-latki Kozio\u0142eczki<\/strong><\/p>\n<ul>\n<li>pi\u017camka,<\/li>\n<li>kapcie,<\/li>\n<li>ubranka na przebranie \u2013 spory zapas w razie awarii,<\/li>\n<li>worek,<\/li>\n<li>ma\u0142y r\u0119cznik,<\/li>\n<li>kubeczek, szczoteczka i pasta do z\u0119b\u00f3w,<\/li>\n<li>wszystkie rzeczy podpisane.<\/li>\n<\/ul>\n<p><strong>Pozosta\u0142e grupy<\/strong><\/p>\n<ul>\n<li>kapcie,<\/li>\n<li>rzeczy na zmian\u0119 w razie awarii,<\/li>\n<li>ma\u0142y r\u0119cznik,<\/li>\n<li>kubeczek, szczoteczka i pasta do z\u0119b\u00f3w,<\/li>\n<li>grupa IV i V \u2013 str\u00f3j sportowy (kr\u00f3tkie spodenki i koszulka),<\/li>\n<li>wszystko zapakowane w worek,<\/li>\n<li>wszystkie rzeczy podpisane.<\/li>\n<\/ul>\n","protected":false},"excerpt":{"rendered":"<p>Grupa I \u2013 3-latki Kozio\u0142eczki pi\u017camka, kapcie, ubranka na przebranie \u2013 spory zapas w razie awarii, worek, ma\u0142y r\u0119cznik, kubeczek, szczoteczka i pasta do z\u0119b\u00f3w, wszystkie rzeczy podpisane. Pozosta\u0142e grupy kapcie, rzeczy na zmian\u0119 w razie awarii, ma\u0142y r\u0119cznik, kubeczek, szczoteczka i pasta do z\u0119b\u00f3w, grupa IV i V \u2013 str\u00f3j sportowy (kr\u00f3tkie spodenki i [&hellip;]<\/p>\n","protected":false},"author":1,"featured_media":4134,"comment_status":"closed","ping_status":"closed","sticky":false,"template":"","format":"standard","meta":{"ngg_post_thumbnail":0,"footnotes":""},"categories":[4],"tags":[],"class_list":["post-8511","post","type-post","status-publish","format-standard","has-post-thumbnail","hentry","category-aktualnosci"],"yoast_head":"<!-- This site is optimized with the Yoast SEO plugin v27.4 - https:\/\/yoast.com\/product\/yoast-seo-wordpress\/ -->\n<title>Co przynie\u015b\u0107 do przedszkola 1 wrze\u015bnia - Przedszkole im. Ksi\u0119cia Przemys\u0142awa<\/title>\n<meta name=\"robots\" content=\"noindex, follow\" \/>\n<meta property=\"og:locale\" content=\"pl_PL\" \/>\n<meta property=\"og:type\" content=\"article\" \/>\n<meta property=\"og:title\" content=\"Co przynie\u015b\u0107 do przedszkola 1 wrze\u015bnia - Przedszkole im. Ksi\u0119cia Przemys\u0142awa\" \/>\n<meta property=\"og:description\" content=\"Grupa I \u2013 3-latki Kozio\u0142eczki pi\u017camka, kapcie, ubranka na przebranie \u2013 spory zapas w razie awarii, worek, ma\u0142y r\u0119cznik, kubeczek, szczoteczka i pasta do z\u0119b\u00f3w, wszystkie rzeczy podpisane. Pozosta\u0142e grupy kapcie, rzeczy na zmian\u0119 w razie awarii, ma\u0142y r\u0119cznik, kubeczek, szczoteczka i pasta do z\u0119b\u00f3w, grupa IV i V \u2013 str\u00f3j sportowy (kr\u00f3tkie spodenki i [&hellip;]\" \/>\n<meta property=\"og:url\" content=\"https:\/\/www.przedszkole161.pl\/?p=8511\" \/>\n<meta property=\"og:site_name\" content=\"Przedszkole im. Ksi\u0119cia Przemys\u0142awa\" \/>\n<meta property=\"article:published_time\" content=\"2023-08-16T07:48:27+00:00\" \/>\n<meta property=\"article:modified_time\" content=\"2023-08-22T16:41:30+00:00\" \/>\n<meta property=\"og:image\" content=\"https:\/\/www.przedszkole161.pl\/wp-content\/uploads\/2020\/03\/zabawy.jpg\" \/>\n\t<meta property=\"og:image:width\" content=\"300\" \/>\n\t<meta property=\"og:image:height\" content=\"300\" \/>\n\t<meta property=\"og:image:type\" content=\"image\/jpeg\" \/>\n<meta name=\"author\" content=\"admin\" \/>\n<meta name=\"twitter:card\" content=\"summary_large_image\" \/>\n<meta name=\"twitter:label1\" content=\"Napisane przez\" \/>\n\t<meta name=\"twitter:data1\" content=\"admin\" \/>\n\t<meta name=\"twitter:label2\" content=\"Szacowany czas czytania\" \/>\n\t<meta name=\"twitter:data2\" content=\"1 minuta\" \/>\n<script type=\"application\/ld+json\" class=\"yoast-schema-graph\">{\"@context\":\"https:\\\/\\\/schema.org\",\"@graph\":[{\"@type\":\"Article\",\"@id\":\"https:\\\/\\\/www.przedszkole161.pl\\\/?p=8511#article\",\"isPartOf\":{\"@id\":\"https:\\\/\\\/www.przedszkole161.pl\\\/?p=8511\"},\"author\":{\"name\":\"admin\",\"@id\":\"https:\\\/\\\/www.przedszkole161.pl\\\/#\\\/schema\\\/person\\\/03e40d29f4293c23e5172b2b6bc43339\"},\"headline\":\"Co przynie\u015b\u0107 do przedszkola 1 wrze\u015bnia\",\"datePublished\":\"2023-08-16T07:48:27+00:00\",\"dateModified\":\"2023-08-22T16:41:30+00:00\",\"mainEntityOfPage\":{\"@id\":\"https:\\\/\\\/www.przedszkole161.pl\\\/?p=8511\"},\"wordCount\":79,\"image\":{\"@id\":\"https:\\\/\\\/www.przedszkole161.pl\\\/?p=8511#primaryimage\"},\"thumbnailUrl\":\"https:\\\/\\\/ple161.poznan.pl\\\/wp-content\\\/uploads\\\/2020\\\/03\\\/zabawy.jpg\",\"articleSection\":[\"Aktualno\u015bci\"],\"inLanguage\":\"pl-PL\"},{\"@type\":\"WebPage\",\"@id\":\"https:\\\/\\\/www.przedszkole161.pl\\\/?p=8511\",\"url\":\"https:\\\/\\\/www.przedszkole161.pl\\\/?p=8511\",\"name\":\"Co przynie\u015b\u0107 do przedszkola 1 wrze\u015bnia - Przedszkole im. Ksi\u0119cia Przemys\u0142awa\",\"isPartOf\":{\"@id\":\"https:\\\/\\\/www.przedszkole161.pl\\\/#website\"},\"primaryImageOfPage\":{\"@id\":\"https:\\\/\\\/www.przedszkole161.pl\\\/?p=8511#primaryimage\"},\"image\":{\"@id\":\"https:\\\/\\\/www.przedszkole161.pl\\\/?p=8511#primaryimage\"},\"thumbnailUrl\":\"https:\\\/\\\/ple161.poznan.pl\\\/wp-content\\\/uploads\\\/2020\\\/03\\\/zabawy.jpg\",\"datePublished\":\"2023-08-16T07:48:27+00:00\",\"dateModified\":\"2023-08-22T16:41:30+00:00\",\"author\":{\"@id\":\"https:\\\/\\\/www.przedszkole161.pl\\\/#\\\/schema\\\/person\\\/03e40d29f4293c23e5172b2b6bc43339\"},\"breadcrumb\":{\"@id\":\"https:\\\/\\\/www.przedszkole161.pl\\\/?p=8511#breadcrumb\"},\"inLanguage\":\"pl-PL\",\"potentialAction\":[{\"@type\":\"ReadAction\",\"target\":[\"https:\\\/\\\/www.przedszkole161.pl\\\/?p=8511\"]}]},{\"@type\":\"ImageObject\",\"inLanguage\":\"pl-PL\",\"@id\":\"https:\\\/\\\/www.przedszkole161.pl\\\/?p=8511#primaryimage\",\"url\":\"https:\\\/\\\/ple161.poznan.pl\\\/wp-content\\\/uploads\\\/2020\\\/03\\\/zabawy.jpg\",\"contentUrl\":\"https:\\\/\\\/ple161.poznan.pl\\\/wp-content\\\/uploads\\\/2020\\\/03\\\/zabawy.jpg\",\"width\":300,\"height\":300},{\"@type\":\"BreadcrumbList\",\"@id\":\"https:\\\/\\\/www.przedszkole161.pl\\\/?p=8511#breadcrumb\",\"itemListElement\":[{\"@type\":\"ListItem\",\"position\":1,\"name\":\"Strona g\u0142\u00f3wna\",\"item\":\"https:\\\/\\\/www.przedszkole161.pl\\\/\"},{\"@type\":\"ListItem\",\"position\":2,\"name\":\"Co przynie\u015b\u0107 do przedszkola 1 wrze\u015bnia\"}]},{\"@type\":\"WebSite\",\"@id\":\"https:\\\/\\\/www.przedszkole161.pl\\\/#website\",\"url\":\"https:\\\/\\\/www.przedszkole161.pl\\\/\",\"name\":\"Przedszkole im. Ksi\u0119cia Przemys\u0142awa 161\",\"description\":\"\",\"potentialAction\":[{\"@type\":\"SearchAction\",\"target\":{\"@type\":\"EntryPoint\",\"urlTemplate\":\"https:\\\/\\\/www.przedszkole161.pl\\\/?s={search_term_string}\"},\"query-input\":{\"@type\":\"PropertyValueSpecification\",\"valueRequired\":true,\"valueName\":\"search_term_string\"}}],\"inLanguage\":\"pl-PL\"},{\"@type\":\"Person\",\"@id\":\"https:\\\/\\\/www.przedszkole161.pl\\\/#\\\/schema\\\/person\\\/03e40d29f4293c23e5172b2b6bc43339\",\"name\":\"admin\",\"image\":{\"@type\":\"ImageObject\",\"inLanguage\":\"pl-PL\",\"@id\":\"https:\\\/\\\/secure.gravatar.com\\\/avatar\\\/4025755b160f5acceb2199066750e437e7ceb8174283641a56ab90b3ff74089c?s=96&d=mm&r=g\",\"url\":\"https:\\\/\\\/secure.gravatar.com\\\/avatar\\\/4025755b160f5acceb2199066750e437e7ceb8174283641a56ab90b3ff74089c?s=96&d=mm&r=g\",\"contentUrl\":\"https:\\\/\\\/secure.gravatar.com\\\/avatar\\\/4025755b160f5acceb2199066750e437e7ceb8174283641a56ab90b3ff74089c?s=96&d=mm&r=g\",\"caption\":\"admin\"},\"url\":\"https:\\\/\\\/ple161.poznan.pl\\\/?author=1\"}]}<\/script>\n<!-- \/ Yoast SEO plugin. -->","yoast_head_json":{"title":"Co przynie\u015b\u0107 do przedszkola 1 wrze\u015bnia - Przedszkole im. Ksi\u0119cia Przemys\u0142awa","robots":{"index":"noindex","follow":"follow"},"og_locale":"pl_PL","og_type":"article","og_title":"Co przynie\u015b\u0107 do przedszkola 1 wrze\u015bnia - Przedszkole im. Ksi\u0119cia Przemys\u0142awa","og_description":"Grupa I \u2013 3-latki Kozio\u0142eczki pi\u017camka, kapcie, ubranka na przebranie \u2013 spory zapas w razie awarii, worek, ma\u0142y r\u0119cznik, kubeczek, szczoteczka i pasta do z\u0119b\u00f3w, wszystkie rzeczy podpisane. Pozosta\u0142e grupy kapcie, rzeczy na zmian\u0119 w razie awarii, ma\u0142y r\u0119cznik, kubeczek, szczoteczka i pasta do z\u0119b\u00f3w, grupa IV i V \u2013 str\u00f3j sportowy (kr\u00f3tkie spodenki i [&hellip;]","og_url":"https:\/\/www.przedszkole161.pl\/?p=8511","og_site_name":"Przedszkole im. Ksi\u0119cia Przemys\u0142awa","article_published_time":"2023-08-16T07:48:27+00:00","article_modified_time":"2023-08-22T16:41:30+00:00","og_image":[{"width":300,"height":300,"url":"https:\/\/www.przedszkole161.pl\/wp-content\/uploads\/2020\/03\/zabawy.jpg","type":"image\/jpeg"}],"author":"admin","twitter_card":"summary_large_image","twitter_misc":{"Napisane przez":"admin","Szacowany czas czytania":"1 minuta"},"schema":{"@context":"https:\/\/schema.org","@graph":[{"@type":"Article","@id":"https:\/\/www.przedszkole161.pl\/?p=8511#article","isPartOf":{"@id":"https:\/\/www.przedszkole161.pl\/?p=8511"},"author":{"name":"admin","@id":"https:\/\/www.przedszkole161.pl\/#\/schema\/person\/03e40d29f4293c23e5172b2b6bc43339"},"headline":"Co przynie\u015b\u0107 do przedszkola 1 wrze\u015bnia","datePublished":"2023-08-16T07:48:27+00:00","dateModified":"2023-08-22T16:41:30+00:00","mainEntityOfPage":{"@id":"https:\/\/www.przedszkole161.pl\/?p=8511"},"wordCount":79,"image":{"@id":"https:\/\/www.przedszkole161.pl\/?p=8511#primaryimage"},"thumbnailUrl":"https:\/\/ple161.poznan.pl\/wp-content\/uploads\/2020\/03\/zabawy.jpg","articleSection":["Aktualno\u015bci"],"inLanguage":"pl-PL"},{"@type":"WebPage","@id":"https:\/\/www.przedszkole161.pl\/?p=8511","url":"https:\/\/www.przedszkole161.pl\/?p=8511","name":"Co przynie\u015b\u0107 do przedszkola 1 wrze\u015bnia - Przedszkole im. Ksi\u0119cia Przemys\u0142awa","isPartOf":{"@id":"https:\/\/www.przedszkole161.pl\/#website"},"primaryImageOfPage":{"@id":"https:\/\/www.przedszkole161.pl\/?p=8511#primaryimage"},"image":{"@id":"https:\/\/www.przedszkole161.pl\/?p=8511#primaryimage"},"thumbnailUrl":"https:\/\/ple161.poznan.pl\/wp-content\/uploads\/2020\/03\/zabawy.jpg","datePublished":"2023-08-16T07:48:27+00:00","dateModified":"2023-08-22T16:41:30+00:00","author":{"@id":"https:\/\/www.przedszkole161.pl\/#\/schema\/person\/03e40d29f4293c23e5172b2b6bc43339"},"breadcrumb":{"@id":"https:\/\/www.przedszkole161.pl\/?p=8511#breadcrumb"},"inLanguage":"pl-PL","potentialAction":[{"@type":"ReadAction","target":["https:\/\/www.przedszkole161.pl\/?p=8511"]}]},{"@type":"ImageObject","inLanguage":"pl-PL","@id":"https:\/\/www.przedszkole161.pl\/?p=8511#primaryimage","url":"https:\/\/ple161.poznan.pl\/wp-content\/uploads\/2020\/03\/zabawy.jpg","contentUrl":"https:\/\/ple161.poznan.pl\/wp-content\/uploads\/2020\/03\/zabawy.jpg","width":300,"height":300},{"@type":"BreadcrumbList","@id":"https:\/\/www.przedszkole161.pl\/?p=8511#breadcrumb","itemListElement":[{"@type":"ListItem","position":1,"name":"Strona g\u0142\u00f3wna","item":"https:\/\/www.przedszkole161.pl\/"},{"@type":"ListItem","position":2,"name":"Co przynie\u015b\u0107 do przedszkola 1 wrze\u015bnia"}]},{"@type":"WebSite","@id":"https:\/\/www.przedszkole161.pl\/#website","url":"https:\/\/www.przedszkole161.pl\/","name":"Przedszkole im. Ksi\u0119cia Przemys\u0142awa 161","description":"","potentialAction":[{"@type":"SearchAction","target":{"@type":"EntryPoint","urlTemplate":"https:\/\/www.przedszkole161.pl\/?s={search_term_string}"},"query-input":{"@type":"PropertyValueSpecification","valueRequired":true,"valueName":"search_term_string"}}],"inLanguage":"pl-PL"},{"@type":"Person","@id":"https:\/\/www.przedszkole161.pl\/#\/schema\/person\/03e40d29f4293c23e5172b2b6bc43339","name":"admin","image":{"@type":"ImageObject","inLanguage":"pl-PL","@id":"https:\/\/secure.gravatar.com\/avatar\/4025755b160f5acceb2199066750e437e7ceb8174283641a56ab90b3ff74089c?s=96&d=mm&r=g","url":"https:\/\/secure.gravatar.com\/avatar\/4025755b160f5acceb2199066750e437e7ceb8174283641a56ab90b3ff74089c?s=96&d=mm&r=g","contentUrl":"https:\/\/secure.gravatar.com\/avatar\/4025755b160f5acceb2199066750e437e7ceb8174283641a56ab90b3ff74089c?s=96&d=mm&r=g","caption":"admin"},"url":"https:\/\/ple161.poznan.pl\/?author=1"}]}},"_links":{"self":[{"href":"https:\/\/ple161.poznan.pl\/index.php?rest_route=\/wp\/v2\/posts\/8511","targetHints":{"allow":["GET"]}}],"collection":[{"href":"https:\/\/ple161.poznan.pl\/index.php?rest_route=\/wp\/v2\/posts"}],"about":[{"href":"https:\/\/ple161.poznan.pl\/index.php?rest_route=\/wp\/v2\/types\/post"}],"author":[{"embeddable":true,"href":"https:\/\/ple161.poznan.pl\/index.php?rest_route=\/wp\/v2\/users\/1"}],"replies":[{"embeddable":true,"href":"https:\/\/ple161.poznan.pl\/index.php?rest_route=%2Fwp%2Fv2%2Fcomments&post=8511"}],"version-history":[{"count":3,"href":"https:\/\/ple161.poznan.pl\/index.php?rest_route=\/wp\/v2\/posts\/8511\/revisions"}],"predecessor-version":[{"id":8514,"href":"https:\/\/ple161.poznan.pl\/index.php?rest_route=\/wp\/v2\/posts\/8511\/revisions\/8514"}],"wp:featuredmedia":[{"embeddable":true,"href":"https:\/\/ple161.poznan.pl\/index.php?rest_route=\/wp\/v2\/media\/4134"}],"wp:attachment":[{"href":"https:\/\/ple161.poznan.pl\/index.php?rest_route=%2Fwp%2Fv2%2Fmedia&parent=8511"}],"wp:term":[{"taxonomy":"category","embeddable":true,"href":"https:\/\/ple161.poznan.pl\/index.php?rest_route=%2Fwp%2Fv2%2Fcategories&post=8511"},{"taxonomy":"post_tag","embeddable":true,"href":"https:\/\/ple161.poznan.pl\/index.php?rest_route=%2Fwp%2Fv2%2Ftags&post=8511"}],"curies":[{"name":"wp","href":"https:\/\/api.w.org\/{rel}","templated":true}]}}