{"id":8452,"date":"2023-06-21T19:53:40","date_gmt":"2023-06-21T18:53:40","guid":{"rendered":"https:\/\/ple161.poznan.pl\/?p=8452"},"modified":"2023-06-21T19:53:56","modified_gmt":"2023-06-21T18:53:56","slug":"zakonczenie-roku-szkolnego-i-pozegnanie-6-latkow","status":"publish","type":"post","link":"https:\/\/ple161.poznan.pl\/?p=8452","title":{"rendered":"Zako\u0144czenie Roku Szkolnego i po\u017cegnanie 6 latk\u00f3w"},"content":{"rendered":"<div>20 czerwca\u00a0 odby\u0142a si\u0119 uroczysto\u015b\u0107 zako\u0144czenia roku szkolnego przez przedszkolak\u00f3w. Dziesi\u0119\u0107 miesi\u0119cy wsp\u00f3lnych zabaw i zaj\u0119\u0107 szybko min\u0119\u0142o, a\u017c nadszed\u0142 czas wakacji i po\u017cegna\u0144. . By\u0142y wiersze, piosenki i wspania\u0142e ta\u0144ce, kt\u00f3re zachwyci\u0142y wszystkich\u00a0 przyby\u0142ych go\u015bci. Wszystkie przedszkolaki \u017cegna\u0142y najstarsz\u0105 grup\u0119, kt\u00f3ra zako\u0144czy\u0142a ju\u017c pewien etap w swoim \u017cyciu i kolejny rok szkolny rozpocznie w nowym miejscu czyli szkole. By\u0142y \u0142zy, wzruszenie, ale tak\u017ce wspomnienia tych wspaniale sp\u0119dzonych chwil, kt\u00f3re na pewno na d\u0142ugo zapadn\u0105 w pami\u0119ci przedszkolak\u00f3w i ich rodzic\u00f3w.<br \/>\nPani dyrektor oraz nauczycielki z\u0142o\u017cy\u0142y podzi\u0119kowania Rodzicom za ca\u0142oroczn\u0105 pomoc oraz wspania\u0142\u0105 wsp\u00f3\u0142prac\u0119. Po wyst\u0119pach najstarsze przedszkolaki otrzyma\u0142y dyplomy.<\/div>\n","protected":false},"excerpt":{"rendered":"<p>20 czerwca\u00a0 odby\u0142a si\u0119 uroczysto\u015b\u0107 zako\u0144czenia roku szkolnego przez przedszkolak\u00f3w. Dziesi\u0119\u0107 miesi\u0119cy wsp\u00f3lnych zabaw i zaj\u0119\u0107 szybko min\u0119\u0142o, a\u017c nadszed\u0142 czas wakacji i po\u017cegna\u0144. . By\u0142y wiersze, piosenki i wspania\u0142e ta\u0144ce, kt\u00f3re zachwyci\u0142y wszystkich\u00a0 przyby\u0142ych go\u015bci. Wszystkie przedszkolaki \u017cegna\u0142y najstarsz\u0105 grup\u0119, kt\u00f3ra zako\u0144czy\u0142a ju\u017c pewien etap w swoim \u017cyciu i kolejny rok szkolny rozpocznie w [&hellip;]<\/p>\n","protected":false},"author":2,"featured_media":8456,"comment_status":"closed","ping_status":"closed","sticky":false,"template":"","format":"standard","meta":{"ngg_post_thumbnail":0,"footnotes":""},"categories":[4,1],"tags":[],"class_list":["post-8452","post","type-post","status-publish","format-standard","has-post-thumbnail","hentry","category-aktualnosci","category-wydarzenia"],"yoast_head":"<!-- This site is optimized with the Yoast SEO plugin v27.4 - https:\/\/yoast.com\/product\/yoast-seo-wordpress\/ -->\n<title>Zako\u0144czenie Roku Szkolnego i po\u017cegnanie 6 latk\u00f3w - Przedszkole im. Ksi\u0119cia Przemys\u0142awa<\/title>\n<meta name=\"robots\" content=\"noindex, follow\" \/>\n<meta property=\"og:locale\" content=\"pl_PL\" \/>\n<meta property=\"og:type\" content=\"article\" \/>\n<meta property=\"og:title\" content=\"Zako\u0144czenie Roku Szkolnego i po\u017cegnanie 6 latk\u00f3w - Przedszkole im. Ksi\u0119cia Przemys\u0142awa\" \/>\n<meta property=\"og:description\" content=\"20 czerwca\u00a0 odby\u0142a si\u0119 uroczysto\u015b\u0107 zako\u0144czenia roku szkolnego przez przedszkolak\u00f3w. Dziesi\u0119\u0107 miesi\u0119cy wsp\u00f3lnych zabaw i zaj\u0119\u0107 szybko min\u0119\u0142o, a\u017c nadszed\u0142 czas wakacji i po\u017cegna\u0144. . By\u0142y wiersze, piosenki i wspania\u0142e ta\u0144ce, kt\u00f3re zachwyci\u0142y wszystkich\u00a0 przyby\u0142ych go\u015bci. Wszystkie przedszkolaki \u017cegna\u0142y najstarsz\u0105 grup\u0119, kt\u00f3ra zako\u0144czy\u0142a ju\u017c pewien etap w swoim \u017cyciu i kolejny rok szkolny rozpocznie w [&hellip;]\" \/>\n<meta property=\"og:url\" content=\"https:\/\/www.przedszkole161.pl\/?p=8452\" \/>\n<meta property=\"og:site_name\" content=\"Przedszkole im. Ksi\u0119cia Przemys\u0142awa\" \/>\n<meta property=\"article:published_time\" content=\"2023-06-21T18:53:40+00:00\" \/>\n<meta property=\"article:modified_time\" content=\"2023-06-21T18:53:56+00:00\" \/>\n<meta property=\"og:image\" content=\"https:\/\/www.przedszkole161.pl\/wp-content\/uploads\/2023\/06\/a76530b1-a2f0-4d55-8e1f-9ae4edf56090.jpg\" \/>\n\t<meta property=\"og:image:width\" content=\"1024\" \/>\n\t<meta property=\"og:image:height\" content=\"577\" \/>\n\t<meta property=\"og:image:type\" content=\"image\/jpeg\" \/>\n<meta name=\"author\" content=\"Magda Dulemba\" \/>\n<meta name=\"twitter:card\" content=\"summary_large_image\" \/>\n<meta name=\"twitter:label1\" content=\"Napisane przez\" \/>\n\t<meta name=\"twitter:data1\" content=\"Magda Dulemba\" \/>\n\t<meta name=\"twitter:label2\" content=\"Szacowany czas czytania\" \/>\n\t<meta name=\"twitter:data2\" content=\"1 minuta\" \/>\n<script type=\"application\/ld+json\" class=\"yoast-schema-graph\">{\"@context\":\"https:\\\/\\\/schema.org\",\"@graph\":[{\"@type\":\"Article\",\"@id\":\"https:\\\/\\\/www.przedszkole161.pl\\\/?p=8452#article\",\"isPartOf\":{\"@id\":\"https:\\\/\\\/www.przedszkole161.pl\\\/?p=8452\"},\"author\":{\"name\":\"Magda Dulemba\",\"@id\":\"https:\\\/\\\/www.przedszkole161.pl\\\/#\\\/schema\\\/person\\\/673325371d681555a8b67c870d21faac\"},\"headline\":\"Zako\u0144czenie Roku Szkolnego i po\u017cegnanie 6 latk\u00f3w\",\"datePublished\":\"2023-06-21T18:53:40+00:00\",\"dateModified\":\"2023-06-21T18:53:56+00:00\",\"mainEntityOfPage\":{\"@id\":\"https:\\\/\\\/www.przedszkole161.pl\\\/?p=8452\"},\"wordCount\":141,\"image\":{\"@id\":\"https:\\\/\\\/www.przedszkole161.pl\\\/?p=8452#primaryimage\"},\"thumbnailUrl\":\"https:\\\/\\\/ple161.poznan.pl\\\/wp-content\\\/uploads\\\/2023\\\/06\\\/a76530b1-a2f0-4d55-8e1f-9ae4edf56090.jpg\",\"articleSection\":[\"Aktualno\u015bci\",\"Wydarzenia\"],\"inLanguage\":\"pl-PL\"},{\"@type\":\"WebPage\",\"@id\":\"https:\\\/\\\/www.przedszkole161.pl\\\/?p=8452\",\"url\":\"https:\\\/\\\/www.przedszkole161.pl\\\/?p=8452\",\"name\":\"Zako\u0144czenie Roku Szkolnego i po\u017cegnanie 6 latk\u00f3w - Przedszkole im. Ksi\u0119cia Przemys\u0142awa\",\"isPartOf\":{\"@id\":\"https:\\\/\\\/www.przedszkole161.pl\\\/#website\"},\"primaryImageOfPage\":{\"@id\":\"https:\\\/\\\/www.przedszkole161.pl\\\/?p=8452#primaryimage\"},\"image\":{\"@id\":\"https:\\\/\\\/www.przedszkole161.pl\\\/?p=8452#primaryimage\"},\"thumbnailUrl\":\"https:\\\/\\\/ple161.poznan.pl\\\/wp-content\\\/uploads\\\/2023\\\/06\\\/a76530b1-a2f0-4d55-8e1f-9ae4edf56090.jpg\",\"datePublished\":\"2023-06-21T18:53:40+00:00\",\"dateModified\":\"2023-06-21T18:53:56+00:00\",\"author\":{\"@id\":\"https:\\\/\\\/www.przedszkole161.pl\\\/#\\\/schema\\\/person\\\/673325371d681555a8b67c870d21faac\"},\"breadcrumb\":{\"@id\":\"https:\\\/\\\/www.przedszkole161.pl\\\/?p=8452#breadcrumb\"},\"inLanguage\":\"pl-PL\",\"potentialAction\":[{\"@type\":\"ReadAction\",\"target\":[\"https:\\\/\\\/www.przedszkole161.pl\\\/?p=8452\"]}]},{\"@type\":\"ImageObject\",\"inLanguage\":\"pl-PL\",\"@id\":\"https:\\\/\\\/www.przedszkole161.pl\\\/?p=8452#primaryimage\",\"url\":\"https:\\\/\\\/ple161.poznan.pl\\\/wp-content\\\/uploads\\\/2023\\\/06\\\/a76530b1-a2f0-4d55-8e1f-9ae4edf56090.jpg\",\"contentUrl\":\"https:\\\/\\\/ple161.poznan.pl\\\/wp-content\\\/uploads\\\/2023\\\/06\\\/a76530b1-a2f0-4d55-8e1f-9ae4edf56090.jpg\",\"width\":1024,\"height\":577},{\"@type\":\"BreadcrumbList\",\"@id\":\"https:\\\/\\\/www.przedszkole161.pl\\\/?p=8452#breadcrumb\",\"itemListElement\":[{\"@type\":\"ListItem\",\"position\":1,\"name\":\"Strona g\u0142\u00f3wna\",\"item\":\"https:\\\/\\\/www.przedszkole161.pl\\\/\"},{\"@type\":\"ListItem\",\"position\":2,\"name\":\"Zako\u0144czenie Roku Szkolnego i po\u017cegnanie 6 latk\u00f3w\"}]},{\"@type\":\"WebSite\",\"@id\":\"https:\\\/\\\/www.przedszkole161.pl\\\/#website\",\"url\":\"https:\\\/\\\/www.przedszkole161.pl\\\/\",\"name\":\"Przedszkole im. Ksi\u0119cia Przemys\u0142awa 161\",\"description\":\"\",\"potentialAction\":[{\"@type\":\"SearchAction\",\"target\":{\"@type\":\"EntryPoint\",\"urlTemplate\":\"https:\\\/\\\/www.przedszkole161.pl\\\/?s={search_term_string}\"},\"query-input\":{\"@type\":\"PropertyValueSpecification\",\"valueRequired\":true,\"valueName\":\"search_term_string\"}}],\"inLanguage\":\"pl-PL\"},{\"@type\":\"Person\",\"@id\":\"https:\\\/\\\/www.przedszkole161.pl\\\/#\\\/schema\\\/person\\\/673325371d681555a8b67c870d21faac\",\"name\":\"Magda Dulemba\",\"image\":{\"@type\":\"ImageObject\",\"inLanguage\":\"pl-PL\",\"@id\":\"https:\\\/\\\/secure.gravatar.com\\\/avatar\\\/f6f4cc73208d68c67fc19e1f80620e23d66ef2a923cb26a6d726fbc6a55bbcbc?s=96&d=mm&r=g\",\"url\":\"https:\\\/\\\/secure.gravatar.com\\\/avatar\\\/f6f4cc73208d68c67fc19e1f80620e23d66ef2a923cb26a6d726fbc6a55bbcbc?s=96&d=mm&r=g\",\"contentUrl\":\"https:\\\/\\\/secure.gravatar.com\\\/avatar\\\/f6f4cc73208d68c67fc19e1f80620e23d66ef2a923cb26a6d726fbc6a55bbcbc?s=96&d=mm&r=g\",\"caption\":\"Magda Dulemba\"},\"url\":\"https:\\\/\\\/ple161.poznan.pl\\\/?author=2\"}]}<\/script>\n<!-- \/ Yoast SEO plugin. -->","yoast_head_json":{"title":"Zako\u0144czenie Roku Szkolnego i po\u017cegnanie 6 latk\u00f3w - Przedszkole im. Ksi\u0119cia Przemys\u0142awa","robots":{"index":"noindex","follow":"follow"},"og_locale":"pl_PL","og_type":"article","og_title":"Zako\u0144czenie Roku Szkolnego i po\u017cegnanie 6 latk\u00f3w - Przedszkole im. Ksi\u0119cia Przemys\u0142awa","og_description":"20 czerwca\u00a0 odby\u0142a si\u0119 uroczysto\u015b\u0107 zako\u0144czenia roku szkolnego przez przedszkolak\u00f3w. Dziesi\u0119\u0107 miesi\u0119cy wsp\u00f3lnych zabaw i zaj\u0119\u0107 szybko min\u0119\u0142o, a\u017c nadszed\u0142 czas wakacji i po\u017cegna\u0144. . By\u0142y wiersze, piosenki i wspania\u0142e ta\u0144ce, kt\u00f3re zachwyci\u0142y wszystkich\u00a0 przyby\u0142ych go\u015bci. Wszystkie przedszkolaki \u017cegna\u0142y najstarsz\u0105 grup\u0119, kt\u00f3ra zako\u0144czy\u0142a ju\u017c pewien etap w swoim \u017cyciu i kolejny rok szkolny rozpocznie w [&hellip;]","og_url":"https:\/\/www.przedszkole161.pl\/?p=8452","og_site_name":"Przedszkole im. Ksi\u0119cia Przemys\u0142awa","article_published_time":"2023-06-21T18:53:40+00:00","article_modified_time":"2023-06-21T18:53:56+00:00","og_image":[{"width":1024,"height":577,"url":"https:\/\/www.przedszkole161.pl\/wp-content\/uploads\/2023\/06\/a76530b1-a2f0-4d55-8e1f-9ae4edf56090.jpg","type":"image\/jpeg"}],"author":"Magda Dulemba","twitter_card":"summary_large_image","twitter_misc":{"Napisane przez":"Magda Dulemba","Szacowany czas czytania":"1 minuta"},"schema":{"@context":"https:\/\/schema.org","@graph":[{"@type":"Article","@id":"https:\/\/www.przedszkole161.pl\/?p=8452#article","isPartOf":{"@id":"https:\/\/www.przedszkole161.pl\/?p=8452"},"author":{"name":"Magda Dulemba","@id":"https:\/\/www.przedszkole161.pl\/#\/schema\/person\/673325371d681555a8b67c870d21faac"},"headline":"Zako\u0144czenie Roku Szkolnego i po\u017cegnanie 6 latk\u00f3w","datePublished":"2023-06-21T18:53:40+00:00","dateModified":"2023-06-21T18:53:56+00:00","mainEntityOfPage":{"@id":"https:\/\/www.przedszkole161.pl\/?p=8452"},"wordCount":141,"image":{"@id":"https:\/\/www.przedszkole161.pl\/?p=8452#primaryimage"},"thumbnailUrl":"https:\/\/ple161.poznan.pl\/wp-content\/uploads\/2023\/06\/a76530b1-a2f0-4d55-8e1f-9ae4edf56090.jpg","articleSection":["Aktualno\u015bci","Wydarzenia"],"inLanguage":"pl-PL"},{"@type":"WebPage","@id":"https:\/\/www.przedszkole161.pl\/?p=8452","url":"https:\/\/www.przedszkole161.pl\/?p=8452","name":"Zako\u0144czenie Roku Szkolnego i po\u017cegnanie 6 latk\u00f3w - Przedszkole im. Ksi\u0119cia Przemys\u0142awa","isPartOf":{"@id":"https:\/\/www.przedszkole161.pl\/#website"},"primaryImageOfPage":{"@id":"https:\/\/www.przedszkole161.pl\/?p=8452#primaryimage"},"image":{"@id":"https:\/\/www.przedszkole161.pl\/?p=8452#primaryimage"},"thumbnailUrl":"https:\/\/ple161.poznan.pl\/wp-content\/uploads\/2023\/06\/a76530b1-a2f0-4d55-8e1f-9ae4edf56090.jpg","datePublished":"2023-06-21T18:53:40+00:00","dateModified":"2023-06-21T18:53:56+00:00","author":{"@id":"https:\/\/www.przedszkole161.pl\/#\/schema\/person\/673325371d681555a8b67c870d21faac"},"breadcrumb":{"@id":"https:\/\/www.przedszkole161.pl\/?p=8452#breadcrumb"},"inLanguage":"pl-PL","potentialAction":[{"@type":"ReadAction","target":["https:\/\/www.przedszkole161.pl\/?p=8452"]}]},{"@type":"ImageObject","inLanguage":"pl-PL","@id":"https:\/\/www.przedszkole161.pl\/?p=8452#primaryimage","url":"https:\/\/ple161.poznan.pl\/wp-content\/uploads\/2023\/06\/a76530b1-a2f0-4d55-8e1f-9ae4edf56090.jpg","contentUrl":"https:\/\/ple161.poznan.pl\/wp-content\/uploads\/2023\/06\/a76530b1-a2f0-4d55-8e1f-9ae4edf56090.jpg","width":1024,"height":577},{"@type":"BreadcrumbList","@id":"https:\/\/www.przedszkole161.pl\/?p=8452#breadcrumb","itemListElement":[{"@type":"ListItem","position":1,"name":"Strona g\u0142\u00f3wna","item":"https:\/\/www.przedszkole161.pl\/"},{"@type":"ListItem","position":2,"name":"Zako\u0144czenie Roku Szkolnego i po\u017cegnanie 6 latk\u00f3w"}]},{"@type":"WebSite","@id":"https:\/\/www.przedszkole161.pl\/#website","url":"https:\/\/www.przedszkole161.pl\/","name":"Przedszkole im. Ksi\u0119cia Przemys\u0142awa 161","description":"","potentialAction":[{"@type":"SearchAction","target":{"@type":"EntryPoint","urlTemplate":"https:\/\/www.przedszkole161.pl\/?s={search_term_string}"},"query-input":{"@type":"PropertyValueSpecification","valueRequired":true,"valueName":"search_term_string"}}],"inLanguage":"pl-PL"},{"@type":"Person","@id":"https:\/\/www.przedszkole161.pl\/#\/schema\/person\/673325371d681555a8b67c870d21faac","name":"Magda Dulemba","image":{"@type":"ImageObject","inLanguage":"pl-PL","@id":"https:\/\/secure.gravatar.com\/avatar\/f6f4cc73208d68c67fc19e1f80620e23d66ef2a923cb26a6d726fbc6a55bbcbc?s=96&d=mm&r=g","url":"https:\/\/secure.gravatar.com\/avatar\/f6f4cc73208d68c67fc19e1f80620e23d66ef2a923cb26a6d726fbc6a55bbcbc?s=96&d=mm&r=g","contentUrl":"https:\/\/secure.gravatar.com\/avatar\/f6f4cc73208d68c67fc19e1f80620e23d66ef2a923cb26a6d726fbc6a55bbcbc?s=96&d=mm&r=g","caption":"Magda Dulemba"},"url":"https:\/\/ple161.poznan.pl\/?author=2"}]}},"_links":{"self":[{"href":"https:\/\/ple161.poznan.pl\/index.php?rest_route=\/wp\/v2\/posts\/8452","targetHints":{"allow":["GET"]}}],"collection":[{"href":"https:\/\/ple161.poznan.pl\/index.php?rest_route=\/wp\/v2\/posts"}],"about":[{"href":"https:\/\/ple161.poznan.pl\/index.php?rest_route=\/wp\/v2\/types\/post"}],"author":[{"embeddable":true,"href":"https:\/\/ple161.poznan.pl\/index.php?rest_route=\/wp\/v2\/users\/2"}],"replies":[{"embeddable":true,"href":"https:\/\/ple161.poznan.pl\/index.php?rest_route=%2Fwp%2Fv2%2Fcomments&post=8452"}],"version-history":[{"count":2,"href":"https:\/\/ple161.poznan.pl\/index.php?rest_route=\/wp\/v2\/posts\/8452\/revisions"}],"predecessor-version":[{"id":8461,"href":"https:\/\/ple161.poznan.pl\/index.php?rest_route=\/wp\/v2\/posts\/8452\/revisions\/8461"}],"wp:featuredmedia":[{"embeddable":true,"href":"https:\/\/ple161.poznan.pl\/index.php?rest_route=\/wp\/v2\/media\/8456"}],"wp:attachment":[{"href":"https:\/\/ple161.poznan.pl\/index.php?rest_route=%2Fwp%2Fv2%2Fmedia&parent=8452"}],"wp:term":[{"taxonomy":"category","embeddable":true,"href":"https:\/\/ple161.poznan.pl\/index.php?rest_route=%2Fwp%2Fv2%2Fcategories&post=8452"},{"taxonomy":"post_tag","embeddable":true,"href":"https:\/\/ple161.poznan.pl\/index.php?rest_route=%2Fwp%2Fv2%2Ftags&post=8452"}],"curies":[{"name":"wp","href":"https:\/\/api.w.org\/{rel}","templated":true}]}}