{"id":8388,"date":"2023-06-06T09:03:15","date_gmt":"2023-06-06T08:03:15","guid":{"rendered":"https:\/\/ple161.poznan.pl\/?p=8388"},"modified":"2023-06-06T09:03:15","modified_gmt":"2023-06-06T08:03:15","slug":"dzien-dziecka-3","status":"publish","type":"post","link":"https:\/\/ple161.poznan.pl\/?p=8388","title":{"rendered":"Dzie\u0144 Dziecka"},"content":{"rendered":"<p>Dzie\u0144 dziecka.<\/p>\n<p>W tym roku dzie\u0144 dziecka \u015bwi\u0119towali\u015bmy w naszym przedszkolu przez dwa dni. Pierwszego<br \/>\nczerwca ka\u017cda z grup w inny spos\u00f3b sp\u0119dza\u0142a swoje \u015bwi\u0119to: dzieci z grupy I mia\u0142y piknik<br \/>\nw ogr\u00f3dku przedszkolnym, w trakcie kt\u00f3rego odby\u0142y si\u0119 r\u00f3wnie\u017c gry i zabawy ruchowe.<br \/>\nDzieci z grup II i III pojecha\u0142y autobusem do kina Helios na bajk\u0119 pt. \u201eErnest i Celestyna\u201d.<br \/>\nGrupa IV spacerowa\u0142a na osiedle Lecha w celu degustacji lod\u00f3w. Natomiast grupa V<br \/>\npojecha\u0142a autobusem do Parku Rataje, w kt\u00f3rym czeka\u0142y na dzieci nast\u0119puj\u0105ce atrakcje; lody,<br \/>\nspacer oraz sensoryczny plac zabaw. By\u0142 to dzie\u0144 pe\u0142en niezapomnianych wra\u017ce\u0144.<br \/>\nCi\u0105g dalszy \u015bwi\u0119towania odby\u0142 si\u0119 drugiego czerwca. Tego dnia panie przygotowa\u0142y dla<br \/>\nwszystkich zabawy ruchowe. Dzieci mia\u0142y do pokonania tor przeszk\u00f3d, rywalizowa\u0142y<br \/>\nw rzutach do kosza, strzela\u0142y do bramki, nie zabrak\u0142o r\u00f3wnie\u017c konkurencji zr\u0119czno\u015bciowych.<br \/>\nNa zako\u0144czenie ka\u017cdy otrzyma\u0142 balona.<\/p>\n","protected":false},"excerpt":{"rendered":"<p>Dzie\u0144 dziecka. W tym roku dzie\u0144 dziecka \u015bwi\u0119towali\u015bmy w naszym przedszkolu przez dwa dni. Pierwszego czerwca ka\u017cda z grup w inny spos\u00f3b sp\u0119dza\u0142a swoje \u015bwi\u0119to: dzieci z grupy I mia\u0142y piknik w ogr\u00f3dku przedszkolnym, w trakcie kt\u00f3rego odby\u0142y si\u0119 r\u00f3wnie\u017c gry i zabawy ruchowe. Dzieci z grup II i III pojecha\u0142y autobusem do kina Helios [&hellip;]<\/p>\n","protected":false},"author":2,"featured_media":6050,"comment_status":"closed","ping_status":"closed","sticky":false,"template":"","format":"standard","meta":{"ngg_post_thumbnail":0,"footnotes":""},"categories":[4,1],"tags":[],"class_list":["post-8388","post","type-post","status-publish","format-standard","has-post-thumbnail","hentry","category-aktualnosci","category-wydarzenia"],"yoast_head":"<!-- This site is optimized with the Yoast SEO plugin v27.4 - https:\/\/yoast.com\/product\/yoast-seo-wordpress\/ -->\n<title>Dzie\u0144 Dziecka - Przedszkole im. Ksi\u0119cia Przemys\u0142awa<\/title>\n<meta name=\"robots\" content=\"noindex, follow\" \/>\n<meta property=\"og:locale\" content=\"pl_PL\" \/>\n<meta property=\"og:type\" content=\"article\" \/>\n<meta property=\"og:title\" content=\"Dzie\u0144 Dziecka - Przedszkole im. Ksi\u0119cia Przemys\u0142awa\" \/>\n<meta property=\"og:description\" content=\"Dzie\u0144 dziecka. W tym roku dzie\u0144 dziecka \u015bwi\u0119towali\u015bmy w naszym przedszkolu przez dwa dni. Pierwszego czerwca ka\u017cda z grup w inny spos\u00f3b sp\u0119dza\u0142a swoje \u015bwi\u0119to: dzieci z grupy I mia\u0142y piknik w ogr\u00f3dku przedszkolnym, w trakcie kt\u00f3rego odby\u0142y si\u0119 r\u00f3wnie\u017c gry i zabawy ruchowe. Dzieci z grup II i III pojecha\u0142y autobusem do kina Helios [&hellip;]\" \/>\n<meta property=\"og:url\" content=\"https:\/\/www.przedszkole161.pl\/?p=8388\" \/>\n<meta property=\"og:site_name\" content=\"Przedszkole im. Ksi\u0119cia Przemys\u0142awa\" \/>\n<meta property=\"article:published_time\" content=\"2023-06-06T08:03:15+00:00\" \/>\n<meta property=\"og:image\" content=\"https:\/\/www.przedszkole161.pl\/wp-content\/uploads\/2021\/05\/pomoc-p-p-1.jpg\" \/>\n\t<meta property=\"og:image:width\" content=\"322\" \/>\n\t<meta property=\"og:image:height\" content=\"156\" \/>\n\t<meta property=\"og:image:type\" content=\"image\/jpeg\" \/>\n<meta name=\"author\" content=\"Magda Dulemba\" \/>\n<meta name=\"twitter:card\" content=\"summary_large_image\" \/>\n<meta name=\"twitter:label1\" content=\"Napisane przez\" \/>\n\t<meta name=\"twitter:data1\" content=\"Magda Dulemba\" \/>\n\t<meta name=\"twitter:label2\" content=\"Szacowany czas czytania\" \/>\n\t<meta name=\"twitter:data2\" content=\"1 minuta\" \/>\n<script type=\"application\/ld+json\" class=\"yoast-schema-graph\">{\"@context\":\"https:\\\/\\\/schema.org\",\"@graph\":[{\"@type\":\"Article\",\"@id\":\"https:\\\/\\\/www.przedszkole161.pl\\\/?p=8388#article\",\"isPartOf\":{\"@id\":\"https:\\\/\\\/www.przedszkole161.pl\\\/?p=8388\"},\"author\":{\"name\":\"Magda Dulemba\",\"@id\":\"https:\\\/\\\/www.przedszkole161.pl\\\/#\\\/schema\\\/person\\\/673325371d681555a8b67c870d21faac\"},\"headline\":\"Dzie\u0144 Dziecka\",\"datePublished\":\"2023-06-06T08:03:15+00:00\",\"mainEntityOfPage\":{\"@id\":\"https:\\\/\\\/www.przedszkole161.pl\\\/?p=8388\"},\"wordCount\":174,\"image\":{\"@id\":\"https:\\\/\\\/www.przedszkole161.pl\\\/?p=8388#primaryimage\"},\"thumbnailUrl\":\"https:\\\/\\\/ple161.poznan.pl\\\/wp-content\\\/uploads\\\/2021\\\/05\\\/pomoc-p-p-1.jpg\",\"articleSection\":[\"Aktualno\u015bci\",\"Wydarzenia\"],\"inLanguage\":\"pl-PL\"},{\"@type\":\"WebPage\",\"@id\":\"https:\\\/\\\/www.przedszkole161.pl\\\/?p=8388\",\"url\":\"https:\\\/\\\/www.przedszkole161.pl\\\/?p=8388\",\"name\":\"Dzie\u0144 Dziecka - Przedszkole im. Ksi\u0119cia Przemys\u0142awa\",\"isPartOf\":{\"@id\":\"https:\\\/\\\/www.przedszkole161.pl\\\/#website\"},\"primaryImageOfPage\":{\"@id\":\"https:\\\/\\\/www.przedszkole161.pl\\\/?p=8388#primaryimage\"},\"image\":{\"@id\":\"https:\\\/\\\/www.przedszkole161.pl\\\/?p=8388#primaryimage\"},\"thumbnailUrl\":\"https:\\\/\\\/ple161.poznan.pl\\\/wp-content\\\/uploads\\\/2021\\\/05\\\/pomoc-p-p-1.jpg\",\"datePublished\":\"2023-06-06T08:03:15+00:00\",\"author\":{\"@id\":\"https:\\\/\\\/www.przedszkole161.pl\\\/#\\\/schema\\\/person\\\/673325371d681555a8b67c870d21faac\"},\"breadcrumb\":{\"@id\":\"https:\\\/\\\/www.przedszkole161.pl\\\/?p=8388#breadcrumb\"},\"inLanguage\":\"pl-PL\",\"potentialAction\":[{\"@type\":\"ReadAction\",\"target\":[\"https:\\\/\\\/www.przedszkole161.pl\\\/?p=8388\"]}]},{\"@type\":\"ImageObject\",\"inLanguage\":\"pl-PL\",\"@id\":\"https:\\\/\\\/www.przedszkole161.pl\\\/?p=8388#primaryimage\",\"url\":\"https:\\\/\\\/ple161.poznan.pl\\\/wp-content\\\/uploads\\\/2021\\\/05\\\/pomoc-p-p-1.jpg\",\"contentUrl\":\"https:\\\/\\\/ple161.poznan.pl\\\/wp-content\\\/uploads\\\/2021\\\/05\\\/pomoc-p-p-1.jpg\",\"width\":322,\"height\":156},{\"@type\":\"BreadcrumbList\",\"@id\":\"https:\\\/\\\/www.przedszkole161.pl\\\/?p=8388#breadcrumb\",\"itemListElement\":[{\"@type\":\"ListItem\",\"position\":1,\"name\":\"Strona g\u0142\u00f3wna\",\"item\":\"https:\\\/\\\/www.przedszkole161.pl\\\/\"},{\"@type\":\"ListItem\",\"position\":2,\"name\":\"Dzie\u0144 Dziecka\"}]},{\"@type\":\"WebSite\",\"@id\":\"https:\\\/\\\/www.przedszkole161.pl\\\/#website\",\"url\":\"https:\\\/\\\/www.przedszkole161.pl\\\/\",\"name\":\"Przedszkole im. Ksi\u0119cia Przemys\u0142awa 161\",\"description\":\"\",\"potentialAction\":[{\"@type\":\"SearchAction\",\"target\":{\"@type\":\"EntryPoint\",\"urlTemplate\":\"https:\\\/\\\/www.przedszkole161.pl\\\/?s={search_term_string}\"},\"query-input\":{\"@type\":\"PropertyValueSpecification\",\"valueRequired\":true,\"valueName\":\"search_term_string\"}}],\"inLanguage\":\"pl-PL\"},{\"@type\":\"Person\",\"@id\":\"https:\\\/\\\/www.przedszkole161.pl\\\/#\\\/schema\\\/person\\\/673325371d681555a8b67c870d21faac\",\"name\":\"Magda Dulemba\",\"image\":{\"@type\":\"ImageObject\",\"inLanguage\":\"pl-PL\",\"@id\":\"https:\\\/\\\/secure.gravatar.com\\\/avatar\\\/f6f4cc73208d68c67fc19e1f80620e23d66ef2a923cb26a6d726fbc6a55bbcbc?s=96&d=mm&r=g\",\"url\":\"https:\\\/\\\/secure.gravatar.com\\\/avatar\\\/f6f4cc73208d68c67fc19e1f80620e23d66ef2a923cb26a6d726fbc6a55bbcbc?s=96&d=mm&r=g\",\"contentUrl\":\"https:\\\/\\\/secure.gravatar.com\\\/avatar\\\/f6f4cc73208d68c67fc19e1f80620e23d66ef2a923cb26a6d726fbc6a55bbcbc?s=96&d=mm&r=g\",\"caption\":\"Magda Dulemba\"},\"url\":\"https:\\\/\\\/ple161.poznan.pl\\\/?author=2\"}]}<\/script>\n<!-- \/ Yoast SEO plugin. -->","yoast_head_json":{"title":"Dzie\u0144 Dziecka - Przedszkole im. Ksi\u0119cia Przemys\u0142awa","robots":{"index":"noindex","follow":"follow"},"og_locale":"pl_PL","og_type":"article","og_title":"Dzie\u0144 Dziecka - Przedszkole im. Ksi\u0119cia Przemys\u0142awa","og_description":"Dzie\u0144 dziecka. W tym roku dzie\u0144 dziecka \u015bwi\u0119towali\u015bmy w naszym przedszkolu przez dwa dni. Pierwszego czerwca ka\u017cda z grup w inny spos\u00f3b sp\u0119dza\u0142a swoje \u015bwi\u0119to: dzieci z grupy I mia\u0142y piknik w ogr\u00f3dku przedszkolnym, w trakcie kt\u00f3rego odby\u0142y si\u0119 r\u00f3wnie\u017c gry i zabawy ruchowe. Dzieci z grup II i III pojecha\u0142y autobusem do kina Helios [&hellip;]","og_url":"https:\/\/www.przedszkole161.pl\/?p=8388","og_site_name":"Przedszkole im. Ksi\u0119cia Przemys\u0142awa","article_published_time":"2023-06-06T08:03:15+00:00","og_image":[{"width":322,"height":156,"url":"https:\/\/www.przedszkole161.pl\/wp-content\/uploads\/2021\/05\/pomoc-p-p-1.jpg","type":"image\/jpeg"}],"author":"Magda Dulemba","twitter_card":"summary_large_image","twitter_misc":{"Napisane przez":"Magda Dulemba","Szacowany czas czytania":"1 minuta"},"schema":{"@context":"https:\/\/schema.org","@graph":[{"@type":"Article","@id":"https:\/\/www.przedszkole161.pl\/?p=8388#article","isPartOf":{"@id":"https:\/\/www.przedszkole161.pl\/?p=8388"},"author":{"name":"Magda Dulemba","@id":"https:\/\/www.przedszkole161.pl\/#\/schema\/person\/673325371d681555a8b67c870d21faac"},"headline":"Dzie\u0144 Dziecka","datePublished":"2023-06-06T08:03:15+00:00","mainEntityOfPage":{"@id":"https:\/\/www.przedszkole161.pl\/?p=8388"},"wordCount":174,"image":{"@id":"https:\/\/www.przedszkole161.pl\/?p=8388#primaryimage"},"thumbnailUrl":"https:\/\/ple161.poznan.pl\/wp-content\/uploads\/2021\/05\/pomoc-p-p-1.jpg","articleSection":["Aktualno\u015bci","Wydarzenia"],"inLanguage":"pl-PL"},{"@type":"WebPage","@id":"https:\/\/www.przedszkole161.pl\/?p=8388","url":"https:\/\/www.przedszkole161.pl\/?p=8388","name":"Dzie\u0144 Dziecka - Przedszkole im. Ksi\u0119cia Przemys\u0142awa","isPartOf":{"@id":"https:\/\/www.przedszkole161.pl\/#website"},"primaryImageOfPage":{"@id":"https:\/\/www.przedszkole161.pl\/?p=8388#primaryimage"},"image":{"@id":"https:\/\/www.przedszkole161.pl\/?p=8388#primaryimage"},"thumbnailUrl":"https:\/\/ple161.poznan.pl\/wp-content\/uploads\/2021\/05\/pomoc-p-p-1.jpg","datePublished":"2023-06-06T08:03:15+00:00","author":{"@id":"https:\/\/www.przedszkole161.pl\/#\/schema\/person\/673325371d681555a8b67c870d21faac"},"breadcrumb":{"@id":"https:\/\/www.przedszkole161.pl\/?p=8388#breadcrumb"},"inLanguage":"pl-PL","potentialAction":[{"@type":"ReadAction","target":["https:\/\/www.przedszkole161.pl\/?p=8388"]}]},{"@type":"ImageObject","inLanguage":"pl-PL","@id":"https:\/\/www.przedszkole161.pl\/?p=8388#primaryimage","url":"https:\/\/ple161.poznan.pl\/wp-content\/uploads\/2021\/05\/pomoc-p-p-1.jpg","contentUrl":"https:\/\/ple161.poznan.pl\/wp-content\/uploads\/2021\/05\/pomoc-p-p-1.jpg","width":322,"height":156},{"@type":"BreadcrumbList","@id":"https:\/\/www.przedszkole161.pl\/?p=8388#breadcrumb","itemListElement":[{"@type":"ListItem","position":1,"name":"Strona g\u0142\u00f3wna","item":"https:\/\/www.przedszkole161.pl\/"},{"@type":"ListItem","position":2,"name":"Dzie\u0144 Dziecka"}]},{"@type":"WebSite","@id":"https:\/\/www.przedszkole161.pl\/#website","url":"https:\/\/www.przedszkole161.pl\/","name":"Przedszkole im. Ksi\u0119cia Przemys\u0142awa 161","description":"","potentialAction":[{"@type":"SearchAction","target":{"@type":"EntryPoint","urlTemplate":"https:\/\/www.przedszkole161.pl\/?s={search_term_string}"},"query-input":{"@type":"PropertyValueSpecification","valueRequired":true,"valueName":"search_term_string"}}],"inLanguage":"pl-PL"},{"@type":"Person","@id":"https:\/\/www.przedszkole161.pl\/#\/schema\/person\/673325371d681555a8b67c870d21faac","name":"Magda Dulemba","image":{"@type":"ImageObject","inLanguage":"pl-PL","@id":"https:\/\/secure.gravatar.com\/avatar\/f6f4cc73208d68c67fc19e1f80620e23d66ef2a923cb26a6d726fbc6a55bbcbc?s=96&d=mm&r=g","url":"https:\/\/secure.gravatar.com\/avatar\/f6f4cc73208d68c67fc19e1f80620e23d66ef2a923cb26a6d726fbc6a55bbcbc?s=96&d=mm&r=g","contentUrl":"https:\/\/secure.gravatar.com\/avatar\/f6f4cc73208d68c67fc19e1f80620e23d66ef2a923cb26a6d726fbc6a55bbcbc?s=96&d=mm&r=g","caption":"Magda Dulemba"},"url":"https:\/\/ple161.poznan.pl\/?author=2"}]}},"_links":{"self":[{"href":"https:\/\/ple161.poznan.pl\/index.php?rest_route=\/wp\/v2\/posts\/8388","targetHints":{"allow":["GET"]}}],"collection":[{"href":"https:\/\/ple161.poznan.pl\/index.php?rest_route=\/wp\/v2\/posts"}],"about":[{"href":"https:\/\/ple161.poznan.pl\/index.php?rest_route=\/wp\/v2\/types\/post"}],"author":[{"embeddable":true,"href":"https:\/\/ple161.poznan.pl\/index.php?rest_route=\/wp\/v2\/users\/2"}],"replies":[{"embeddable":true,"href":"https:\/\/ple161.poznan.pl\/index.php?rest_route=%2Fwp%2Fv2%2Fcomments&post=8388"}],"version-history":[{"count":1,"href":"https:\/\/ple161.poznan.pl\/index.php?rest_route=\/wp\/v2\/posts\/8388\/revisions"}],"predecessor-version":[{"id":8389,"href":"https:\/\/ple161.poznan.pl\/index.php?rest_route=\/wp\/v2\/posts\/8388\/revisions\/8389"}],"wp:featuredmedia":[{"embeddable":true,"href":"https:\/\/ple161.poznan.pl\/index.php?rest_route=\/wp\/v2\/media\/6050"}],"wp:attachment":[{"href":"https:\/\/ple161.poznan.pl\/index.php?rest_route=%2Fwp%2Fv2%2Fmedia&parent=8388"}],"wp:term":[{"taxonomy":"category","embeddable":true,"href":"https:\/\/ple161.poznan.pl\/index.php?rest_route=%2Fwp%2Fv2%2Fcategories&post=8388"},{"taxonomy":"post_tag","embeddable":true,"href":"https:\/\/ple161.poznan.pl\/index.php?rest_route=%2Fwp%2Fv2%2Ftags&post=8388"}],"curies":[{"name":"wp","href":"https:\/\/api.w.org\/{rel}","templated":true}]}}