{"id":8252,"date":"2023-04-25T08:54:53","date_gmt":"2023-04-25T07:54:53","guid":{"rendered":"https:\/\/ple161.poznan.pl\/?p=8252"},"modified":"2023-05-02T08:56:47","modified_gmt":"2023-05-02T07:56:47","slug":"dzien-ksiazki-3","status":"publish","type":"post","link":"https:\/\/ple161.poznan.pl\/?p=8252","title":{"rendered":"Dzie\u0144 Ksi\u0105\u017cki"},"content":{"rendered":"<p>24 kwietnia 2023 r. obchodzili\u015bmy w naszym przedszkolu Mi\u0119dzynarodowy Dzie\u0144 Ksi\u0105\u017cki<br \/>\nZ racji tego wyj\u0105tkowego \u015bwi\u0119ta ka\u017cde dziecko mog\u0142o zabra\u0107 ze sob\u0105 do przedszkola<br \/>\nksi\u0105\u017ceczk\u0119, kt\u00f3r\u0105 darzy wyj\u0105tkow\u0105 sympati\u0105. Dzieci z ogromn\u0105 rado\u015bci\u0105 dzieli\u0142y si\u0119 w sali<br \/>\nksi\u0105\u017ceczkami, wsp\u00f3lnie je ogl\u0105da\u0142y, opowiada\u0142y ich tre\u015b\u0107 kolegom i kole\u017cankom. W tym<br \/>\ndniu nie mog\u0142a zabrakn\u0105\u0107 oczywi\u015bcie wsp\u00f3lnej lektury!<br \/>\nPonad to, panie przygotowa\u0142y dzieciom inscenizacj\u0119 utworu Grzegorza Kasdepk\u0119 Wczoraj,<br \/>\ndzisiaj i jutro. Ku naszej rado\u015bci, m\u0142odzi widzowie w\u0142a\u015bciwie odczytali mora\u0142<br \/>\nprzedstawienia: obcowanie z ksi\u0105\u017ck\u0105 przynosi ka\u017cdemu wiele rado\u015bci i korzy\u015bci, rozwija<br \/>\nwyobra\u017ani\u0119 oraz przekazuje wiedz\u0119 o \u015bwiecie.<\/p>\n","protected":false},"excerpt":{"rendered":"<p>24 kwietnia 2023 r. obchodzili\u015bmy w naszym przedszkolu Mi\u0119dzynarodowy Dzie\u0144 Ksi\u0105\u017cki Z racji tego wyj\u0105tkowego \u015bwi\u0119ta ka\u017cde dziecko mog\u0142o zabra\u0107 ze sob\u0105 do przedszkola ksi\u0105\u017ceczk\u0119, kt\u00f3r\u0105 darzy wyj\u0105tkow\u0105 sympati\u0105. Dzieci z ogromn\u0105 rado\u015bci\u0105 dzieli\u0142y si\u0119 w sali ksi\u0105\u017ceczkami, wsp\u00f3lnie je ogl\u0105da\u0142y, opowiada\u0142y ich tre\u015b\u0107 kolegom i kole\u017cankom. W tym dniu nie mog\u0142a zabrakn\u0105\u0107 oczywi\u015bcie wsp\u00f3lnej [&hellip;]<\/p>\n","protected":false},"author":2,"featured_media":4093,"comment_status":"closed","ping_status":"closed","sticky":false,"template":"","format":"standard","meta":{"ngg_post_thumbnail":0,"footnotes":""},"categories":[4,1],"tags":[],"class_list":["post-8252","post","type-post","status-publish","format-standard","has-post-thumbnail","hentry","category-aktualnosci","category-wydarzenia"],"yoast_head":"<!-- This site is optimized with the Yoast SEO plugin v27.4 - https:\/\/yoast.com\/product\/yoast-seo-wordpress\/ -->\n<title>Dzie\u0144 Ksi\u0105\u017cki - Przedszkole im. Ksi\u0119cia Przemys\u0142awa<\/title>\n<meta name=\"robots\" content=\"noindex, follow\" \/>\n<meta property=\"og:locale\" content=\"pl_PL\" \/>\n<meta property=\"og:type\" content=\"article\" \/>\n<meta property=\"og:title\" content=\"Dzie\u0144 Ksi\u0105\u017cki - Przedszkole im. Ksi\u0119cia Przemys\u0142awa\" \/>\n<meta property=\"og:description\" content=\"24 kwietnia 2023 r. obchodzili\u015bmy w naszym przedszkolu Mi\u0119dzynarodowy Dzie\u0144 Ksi\u0105\u017cki Z racji tego wyj\u0105tkowego \u015bwi\u0119ta ka\u017cde dziecko mog\u0142o zabra\u0107 ze sob\u0105 do przedszkola ksi\u0105\u017ceczk\u0119, kt\u00f3r\u0105 darzy wyj\u0105tkow\u0105 sympati\u0105. Dzieci z ogromn\u0105 rado\u015bci\u0105 dzieli\u0142y si\u0119 w sali ksi\u0105\u017ceczkami, wsp\u00f3lnie je ogl\u0105da\u0142y, opowiada\u0142y ich tre\u015b\u0107 kolegom i kole\u017cankom. W tym dniu nie mog\u0142a zabrakn\u0105\u0107 oczywi\u015bcie wsp\u00f3lnej [&hellip;]\" \/>\n<meta property=\"og:url\" content=\"https:\/\/www.przedszkole161.pl\/?p=8252\" \/>\n<meta property=\"og:site_name\" content=\"Przedszkole im. Ksi\u0119cia Przemys\u0142awa\" \/>\n<meta property=\"article:published_time\" content=\"2023-04-25T07:54:53+00:00\" \/>\n<meta property=\"article:modified_time\" content=\"2023-05-02T07:56:47+00:00\" \/>\n<meta property=\"og:image\" content=\"https:\/\/www.przedszkole161.pl\/wp-content\/uploads\/2020\/02\/czytam.jpg\" \/>\n\t<meta property=\"og:image:width\" content=\"300\" \/>\n\t<meta property=\"og:image:height\" content=\"228\" \/>\n\t<meta property=\"og:image:type\" content=\"image\/jpeg\" \/>\n<meta name=\"author\" content=\"Magda Dulemba\" \/>\n<meta name=\"twitter:card\" content=\"summary_large_image\" \/>\n<meta name=\"twitter:label1\" content=\"Napisane przez\" \/>\n\t<meta name=\"twitter:data1\" content=\"Magda Dulemba\" \/>\n\t<meta name=\"twitter:label2\" content=\"Szacowany czas czytania\" \/>\n\t<meta name=\"twitter:data2\" content=\"1 minuta\" \/>\n<script type=\"application\/ld+json\" class=\"yoast-schema-graph\">{\"@context\":\"https:\\\/\\\/schema.org\",\"@graph\":[{\"@type\":\"Article\",\"@id\":\"https:\\\/\\\/www.przedszkole161.pl\\\/?p=8252#article\",\"isPartOf\":{\"@id\":\"https:\\\/\\\/www.przedszkole161.pl\\\/?p=8252\"},\"author\":{\"name\":\"Magda Dulemba\",\"@id\":\"https:\\\/\\\/www.przedszkole161.pl\\\/#\\\/schema\\\/person\\\/673325371d681555a8b67c870d21faac\"},\"headline\":\"Dzie\u0144 Ksi\u0105\u017cki\",\"datePublished\":\"2023-04-25T07:54:53+00:00\",\"dateModified\":\"2023-05-02T07:56:47+00:00\",\"mainEntityOfPage\":{\"@id\":\"https:\\\/\\\/www.przedszkole161.pl\\\/?p=8252\"},\"wordCount\":126,\"image\":{\"@id\":\"https:\\\/\\\/www.przedszkole161.pl\\\/?p=8252#primaryimage\"},\"thumbnailUrl\":\"https:\\\/\\\/ple161.poznan.pl\\\/wp-content\\\/uploads\\\/2020\\\/02\\\/czytam.jpg\",\"articleSection\":[\"Aktualno\u015bci\",\"Wydarzenia\"],\"inLanguage\":\"pl-PL\"},{\"@type\":\"WebPage\",\"@id\":\"https:\\\/\\\/www.przedszkole161.pl\\\/?p=8252\",\"url\":\"https:\\\/\\\/www.przedszkole161.pl\\\/?p=8252\",\"name\":\"Dzie\u0144 Ksi\u0105\u017cki - Przedszkole im. Ksi\u0119cia Przemys\u0142awa\",\"isPartOf\":{\"@id\":\"https:\\\/\\\/www.przedszkole161.pl\\\/#website\"},\"primaryImageOfPage\":{\"@id\":\"https:\\\/\\\/www.przedszkole161.pl\\\/?p=8252#primaryimage\"},\"image\":{\"@id\":\"https:\\\/\\\/www.przedszkole161.pl\\\/?p=8252#primaryimage\"},\"thumbnailUrl\":\"https:\\\/\\\/ple161.poznan.pl\\\/wp-content\\\/uploads\\\/2020\\\/02\\\/czytam.jpg\",\"datePublished\":\"2023-04-25T07:54:53+00:00\",\"dateModified\":\"2023-05-02T07:56:47+00:00\",\"author\":{\"@id\":\"https:\\\/\\\/www.przedszkole161.pl\\\/#\\\/schema\\\/person\\\/673325371d681555a8b67c870d21faac\"},\"breadcrumb\":{\"@id\":\"https:\\\/\\\/www.przedszkole161.pl\\\/?p=8252#breadcrumb\"},\"inLanguage\":\"pl-PL\",\"potentialAction\":[{\"@type\":\"ReadAction\",\"target\":[\"https:\\\/\\\/www.przedszkole161.pl\\\/?p=8252\"]}]},{\"@type\":\"ImageObject\",\"inLanguage\":\"pl-PL\",\"@id\":\"https:\\\/\\\/www.przedszkole161.pl\\\/?p=8252#primaryimage\",\"url\":\"https:\\\/\\\/ple161.poznan.pl\\\/wp-content\\\/uploads\\\/2020\\\/02\\\/czytam.jpg\",\"contentUrl\":\"https:\\\/\\\/ple161.poznan.pl\\\/wp-content\\\/uploads\\\/2020\\\/02\\\/czytam.jpg\",\"width\":300,\"height\":228},{\"@type\":\"BreadcrumbList\",\"@id\":\"https:\\\/\\\/www.przedszkole161.pl\\\/?p=8252#breadcrumb\",\"itemListElement\":[{\"@type\":\"ListItem\",\"position\":1,\"name\":\"Strona g\u0142\u00f3wna\",\"item\":\"https:\\\/\\\/www.przedszkole161.pl\\\/\"},{\"@type\":\"ListItem\",\"position\":2,\"name\":\"Dzie\u0144 Ksi\u0105\u017cki\"}]},{\"@type\":\"WebSite\",\"@id\":\"https:\\\/\\\/www.przedszkole161.pl\\\/#website\",\"url\":\"https:\\\/\\\/www.przedszkole161.pl\\\/\",\"name\":\"Przedszkole im. Ksi\u0119cia Przemys\u0142awa 161\",\"description\":\"\",\"potentialAction\":[{\"@type\":\"SearchAction\",\"target\":{\"@type\":\"EntryPoint\",\"urlTemplate\":\"https:\\\/\\\/www.przedszkole161.pl\\\/?s={search_term_string}\"},\"query-input\":{\"@type\":\"PropertyValueSpecification\",\"valueRequired\":true,\"valueName\":\"search_term_string\"}}],\"inLanguage\":\"pl-PL\"},{\"@type\":\"Person\",\"@id\":\"https:\\\/\\\/www.przedszkole161.pl\\\/#\\\/schema\\\/person\\\/673325371d681555a8b67c870d21faac\",\"name\":\"Magda Dulemba\",\"image\":{\"@type\":\"ImageObject\",\"inLanguage\":\"pl-PL\",\"@id\":\"https:\\\/\\\/secure.gravatar.com\\\/avatar\\\/f6f4cc73208d68c67fc19e1f80620e23d66ef2a923cb26a6d726fbc6a55bbcbc?s=96&d=mm&r=g\",\"url\":\"https:\\\/\\\/secure.gravatar.com\\\/avatar\\\/f6f4cc73208d68c67fc19e1f80620e23d66ef2a923cb26a6d726fbc6a55bbcbc?s=96&d=mm&r=g\",\"contentUrl\":\"https:\\\/\\\/secure.gravatar.com\\\/avatar\\\/f6f4cc73208d68c67fc19e1f80620e23d66ef2a923cb26a6d726fbc6a55bbcbc?s=96&d=mm&r=g\",\"caption\":\"Magda Dulemba\"},\"url\":\"https:\\\/\\\/ple161.poznan.pl\\\/?author=2\"}]}<\/script>\n<!-- \/ Yoast SEO plugin. -->","yoast_head_json":{"title":"Dzie\u0144 Ksi\u0105\u017cki - Przedszkole im. Ksi\u0119cia Przemys\u0142awa","robots":{"index":"noindex","follow":"follow"},"og_locale":"pl_PL","og_type":"article","og_title":"Dzie\u0144 Ksi\u0105\u017cki - Przedszkole im. Ksi\u0119cia Przemys\u0142awa","og_description":"24 kwietnia 2023 r. obchodzili\u015bmy w naszym przedszkolu Mi\u0119dzynarodowy Dzie\u0144 Ksi\u0105\u017cki Z racji tego wyj\u0105tkowego \u015bwi\u0119ta ka\u017cde dziecko mog\u0142o zabra\u0107 ze sob\u0105 do przedszkola ksi\u0105\u017ceczk\u0119, kt\u00f3r\u0105 darzy wyj\u0105tkow\u0105 sympati\u0105. Dzieci z ogromn\u0105 rado\u015bci\u0105 dzieli\u0142y si\u0119 w sali ksi\u0105\u017ceczkami, wsp\u00f3lnie je ogl\u0105da\u0142y, opowiada\u0142y ich tre\u015b\u0107 kolegom i kole\u017cankom. W tym dniu nie mog\u0142a zabrakn\u0105\u0107 oczywi\u015bcie wsp\u00f3lnej [&hellip;]","og_url":"https:\/\/www.przedszkole161.pl\/?p=8252","og_site_name":"Przedszkole im. Ksi\u0119cia Przemys\u0142awa","article_published_time":"2023-04-25T07:54:53+00:00","article_modified_time":"2023-05-02T07:56:47+00:00","og_image":[{"width":300,"height":228,"url":"https:\/\/www.przedszkole161.pl\/wp-content\/uploads\/2020\/02\/czytam.jpg","type":"image\/jpeg"}],"author":"Magda Dulemba","twitter_card":"summary_large_image","twitter_misc":{"Napisane przez":"Magda Dulemba","Szacowany czas czytania":"1 minuta"},"schema":{"@context":"https:\/\/schema.org","@graph":[{"@type":"Article","@id":"https:\/\/www.przedszkole161.pl\/?p=8252#article","isPartOf":{"@id":"https:\/\/www.przedszkole161.pl\/?p=8252"},"author":{"name":"Magda Dulemba","@id":"https:\/\/www.przedszkole161.pl\/#\/schema\/person\/673325371d681555a8b67c870d21faac"},"headline":"Dzie\u0144 Ksi\u0105\u017cki","datePublished":"2023-04-25T07:54:53+00:00","dateModified":"2023-05-02T07:56:47+00:00","mainEntityOfPage":{"@id":"https:\/\/www.przedszkole161.pl\/?p=8252"},"wordCount":126,"image":{"@id":"https:\/\/www.przedszkole161.pl\/?p=8252#primaryimage"},"thumbnailUrl":"https:\/\/ple161.poznan.pl\/wp-content\/uploads\/2020\/02\/czytam.jpg","articleSection":["Aktualno\u015bci","Wydarzenia"],"inLanguage":"pl-PL"},{"@type":"WebPage","@id":"https:\/\/www.przedszkole161.pl\/?p=8252","url":"https:\/\/www.przedszkole161.pl\/?p=8252","name":"Dzie\u0144 Ksi\u0105\u017cki - Przedszkole im. Ksi\u0119cia Przemys\u0142awa","isPartOf":{"@id":"https:\/\/www.przedszkole161.pl\/#website"},"primaryImageOfPage":{"@id":"https:\/\/www.przedszkole161.pl\/?p=8252#primaryimage"},"image":{"@id":"https:\/\/www.przedszkole161.pl\/?p=8252#primaryimage"},"thumbnailUrl":"https:\/\/ple161.poznan.pl\/wp-content\/uploads\/2020\/02\/czytam.jpg","datePublished":"2023-04-25T07:54:53+00:00","dateModified":"2023-05-02T07:56:47+00:00","author":{"@id":"https:\/\/www.przedszkole161.pl\/#\/schema\/person\/673325371d681555a8b67c870d21faac"},"breadcrumb":{"@id":"https:\/\/www.przedszkole161.pl\/?p=8252#breadcrumb"},"inLanguage":"pl-PL","potentialAction":[{"@type":"ReadAction","target":["https:\/\/www.przedszkole161.pl\/?p=8252"]}]},{"@type":"ImageObject","inLanguage":"pl-PL","@id":"https:\/\/www.przedszkole161.pl\/?p=8252#primaryimage","url":"https:\/\/ple161.poznan.pl\/wp-content\/uploads\/2020\/02\/czytam.jpg","contentUrl":"https:\/\/ple161.poznan.pl\/wp-content\/uploads\/2020\/02\/czytam.jpg","width":300,"height":228},{"@type":"BreadcrumbList","@id":"https:\/\/www.przedszkole161.pl\/?p=8252#breadcrumb","itemListElement":[{"@type":"ListItem","position":1,"name":"Strona g\u0142\u00f3wna","item":"https:\/\/www.przedszkole161.pl\/"},{"@type":"ListItem","position":2,"name":"Dzie\u0144 Ksi\u0105\u017cki"}]},{"@type":"WebSite","@id":"https:\/\/www.przedszkole161.pl\/#website","url":"https:\/\/www.przedszkole161.pl\/","name":"Przedszkole im. Ksi\u0119cia Przemys\u0142awa 161","description":"","potentialAction":[{"@type":"SearchAction","target":{"@type":"EntryPoint","urlTemplate":"https:\/\/www.przedszkole161.pl\/?s={search_term_string}"},"query-input":{"@type":"PropertyValueSpecification","valueRequired":true,"valueName":"search_term_string"}}],"inLanguage":"pl-PL"},{"@type":"Person","@id":"https:\/\/www.przedszkole161.pl\/#\/schema\/person\/673325371d681555a8b67c870d21faac","name":"Magda Dulemba","image":{"@type":"ImageObject","inLanguage":"pl-PL","@id":"https:\/\/secure.gravatar.com\/avatar\/f6f4cc73208d68c67fc19e1f80620e23d66ef2a923cb26a6d726fbc6a55bbcbc?s=96&d=mm&r=g","url":"https:\/\/secure.gravatar.com\/avatar\/f6f4cc73208d68c67fc19e1f80620e23d66ef2a923cb26a6d726fbc6a55bbcbc?s=96&d=mm&r=g","contentUrl":"https:\/\/secure.gravatar.com\/avatar\/f6f4cc73208d68c67fc19e1f80620e23d66ef2a923cb26a6d726fbc6a55bbcbc?s=96&d=mm&r=g","caption":"Magda Dulemba"},"url":"https:\/\/ple161.poznan.pl\/?author=2"}]}},"_links":{"self":[{"href":"https:\/\/ple161.poznan.pl\/index.php?rest_route=\/wp\/v2\/posts\/8252","targetHints":{"allow":["GET"]}}],"collection":[{"href":"https:\/\/ple161.poznan.pl\/index.php?rest_route=\/wp\/v2\/posts"}],"about":[{"href":"https:\/\/ple161.poznan.pl\/index.php?rest_route=\/wp\/v2\/types\/post"}],"author":[{"embeddable":true,"href":"https:\/\/ple161.poznan.pl\/index.php?rest_route=\/wp\/v2\/users\/2"}],"replies":[{"embeddable":true,"href":"https:\/\/ple161.poznan.pl\/index.php?rest_route=%2Fwp%2Fv2%2Fcomments&post=8252"}],"version-history":[{"count":1,"href":"https:\/\/ple161.poznan.pl\/index.php?rest_route=\/wp\/v2\/posts\/8252\/revisions"}],"predecessor-version":[{"id":8253,"href":"https:\/\/ple161.poznan.pl\/index.php?rest_route=\/wp\/v2\/posts\/8252\/revisions\/8253"}],"wp:featuredmedia":[{"embeddable":true,"href":"https:\/\/ple161.poznan.pl\/index.php?rest_route=\/wp\/v2\/media\/4093"}],"wp:attachment":[{"href":"https:\/\/ple161.poznan.pl\/index.php?rest_route=%2Fwp%2Fv2%2Fmedia&parent=8252"}],"wp:term":[{"taxonomy":"category","embeddable":true,"href":"https:\/\/ple161.poznan.pl\/index.php?rest_route=%2Fwp%2Fv2%2Fcategories&post=8252"},{"taxonomy":"post_tag","embeddable":true,"href":"https:\/\/ple161.poznan.pl\/index.php?rest_route=%2Fwp%2Fv2%2Ftags&post=8252"}],"curies":[{"name":"wp","href":"https:\/\/api.w.org\/{rel}","templated":true}]}}