{"id":8248,"date":"2023-04-24T20:15:08","date_gmt":"2023-04-24T19:15:08","guid":{"rendered":"https:\/\/ple161.poznan.pl\/?p=8248"},"modified":"2023-04-24T20:15:14","modified_gmt":"2023-04-24T19:15:14","slug":"wyniki-konkursu-wierszy-stworzonych-z-tytulow-ksiazek","status":"publish","type":"post","link":"https:\/\/ple161.poznan.pl\/?p=8248","title":{"rendered":"Wyniki konkursu wierszy stworzonych z tytu\u0142\u00f3w ksi\u0105\u017cek"},"content":{"rendered":"<p>Serdecznie dzi\u0119kuj\u0119 za udzia\u0142 w konkursie i przes\u0142anie wspania\u0142ych wierszy<\/p>\n<p>stworzonych z grzbiet\u00f3w ( tytu\u0142\u00f3w) ksi\u0105\u017cek.<\/p>\n<p>1 miejsce Karolina \u0141. z grupy Maltanie i Dominik \u0141. z grupy Kozio\u0142eczki<br \/>\n2 miejsce Franciszek J. z grupy Maltanie<br \/>\n3 miejsce Alicja N. z grupy Kozio\u0142eczki<\/p>\n<p>Wiersze w<a href=\"https:\/\/ple161.poznan.pl\/wp-content\/uploads\/2023\/04\/konkurs.docx\"> pliku<\/a><\/p>\n","protected":false},"excerpt":{"rendered":"<p>Serdecznie dzi\u0119kuj\u0119 za udzia\u0142 w konkursie i przes\u0142anie wspania\u0142ych wierszy stworzonych z grzbiet\u00f3w ( tytu\u0142\u00f3w) ksi\u0105\u017cek. 1 miejsce Karolina \u0141. z grupy Maltanie i Dominik \u0141. z grupy Kozio\u0142eczki 2 miejsce Franciszek J. z grupy Maltanie 3 miejsce Alicja N. z grupy Kozio\u0142eczki Wiersze w pliku<\/p>\n","protected":false},"author":2,"featured_media":8177,"comment_status":"closed","ping_status":"closed","sticky":false,"template":"","format":"standard","meta":{"ngg_post_thumbnail":0,"footnotes":""},"categories":[4,1],"tags":[],"class_list":["post-8248","post","type-post","status-publish","format-standard","has-post-thumbnail","hentry","category-aktualnosci","category-wydarzenia"],"yoast_head":"<!-- This site is optimized with the Yoast SEO plugin v27.4 - https:\/\/yoast.com\/product\/yoast-seo-wordpress\/ -->\n<title>Wyniki konkursu wierszy stworzonych z tytu\u0142\u00f3w ksi\u0105\u017cek - Przedszkole im. Ksi\u0119cia Przemys\u0142awa<\/title>\n<meta name=\"robots\" content=\"noindex, follow\" \/>\n<meta property=\"og:locale\" content=\"pl_PL\" \/>\n<meta property=\"og:type\" content=\"article\" \/>\n<meta property=\"og:title\" content=\"Wyniki konkursu wierszy stworzonych z tytu\u0142\u00f3w ksi\u0105\u017cek - Przedszkole im. Ksi\u0119cia Przemys\u0142awa\" \/>\n<meta property=\"og:description\" content=\"Serdecznie dzi\u0119kuj\u0119 za udzia\u0142 w konkursie i przes\u0142anie wspania\u0142ych wierszy stworzonych z grzbiet\u00f3w ( tytu\u0142\u00f3w) ksi\u0105\u017cek. 1 miejsce Karolina \u0141. z grupy Maltanie i Dominik \u0141. z grupy Kozio\u0142eczki 2 miejsce Franciszek J. z grupy Maltanie 3 miejsce Alicja N. z grupy Kozio\u0142eczki Wiersze w pliku\" \/>\n<meta property=\"og:url\" content=\"https:\/\/www.przedszkole161.pl\/?p=8248\" \/>\n<meta property=\"og:site_name\" content=\"Przedszkole im. Ksi\u0119cia Przemys\u0142awa\" \/>\n<meta property=\"article:published_time\" content=\"2023-04-24T19:15:08+00:00\" \/>\n<meta property=\"article:modified_time\" content=\"2023-04-24T19:15:14+00:00\" \/>\n<meta property=\"og:image\" content=\"https:\/\/www.przedszkole161.pl\/wp-content\/uploads\/2023\/03\/konkurs.png\" \/>\n\t<meta property=\"og:image:width\" content=\"945\" \/>\n\t<meta property=\"og:image:height\" content=\"754\" \/>\n\t<meta property=\"og:image:type\" content=\"image\/png\" \/>\n<meta name=\"author\" content=\"Magda Dulemba\" \/>\n<meta name=\"twitter:card\" content=\"summary_large_image\" \/>\n<meta name=\"twitter:label1\" content=\"Napisane przez\" \/>\n\t<meta name=\"twitter:data1\" content=\"Magda Dulemba\" \/>\n\t<meta name=\"twitter:label2\" content=\"Szacowany czas czytania\" \/>\n\t<meta name=\"twitter:data2\" content=\"1 minuta\" \/>\n<script type=\"application\/ld+json\" class=\"yoast-schema-graph\">{\"@context\":\"https:\\\/\\\/schema.org\",\"@graph\":[{\"@type\":\"Article\",\"@id\":\"https:\\\/\\\/www.przedszkole161.pl\\\/?p=8248#article\",\"isPartOf\":{\"@id\":\"https:\\\/\\\/www.przedszkole161.pl\\\/?p=8248\"},\"author\":{\"name\":\"Magda Dulemba\",\"@id\":\"https:\\\/\\\/www.przedszkole161.pl\\\/#\\\/schema\\\/person\\\/673325371d681555a8b67c870d21faac\"},\"headline\":\"Wyniki konkursu wierszy stworzonych z tytu\u0142\u00f3w ksi\u0105\u017cek\",\"datePublished\":\"2023-04-24T19:15:08+00:00\",\"dateModified\":\"2023-04-24T19:15:14+00:00\",\"mainEntityOfPage\":{\"@id\":\"https:\\\/\\\/www.przedszkole161.pl\\\/?p=8248\"},\"wordCount\":57,\"image\":{\"@id\":\"https:\\\/\\\/www.przedszkole161.pl\\\/?p=8248#primaryimage\"},\"thumbnailUrl\":\"https:\\\/\\\/ple161.poznan.pl\\\/wp-content\\\/uploads\\\/2023\\\/03\\\/konkurs.png\",\"articleSection\":[\"Aktualno\u015bci\",\"Wydarzenia\"],\"inLanguage\":\"pl-PL\"},{\"@type\":\"WebPage\",\"@id\":\"https:\\\/\\\/www.przedszkole161.pl\\\/?p=8248\",\"url\":\"https:\\\/\\\/www.przedszkole161.pl\\\/?p=8248\",\"name\":\"Wyniki konkursu wierszy stworzonych z tytu\u0142\u00f3w ksi\u0105\u017cek - Przedszkole im. Ksi\u0119cia Przemys\u0142awa\",\"isPartOf\":{\"@id\":\"https:\\\/\\\/www.przedszkole161.pl\\\/#website\"},\"primaryImageOfPage\":{\"@id\":\"https:\\\/\\\/www.przedszkole161.pl\\\/?p=8248#primaryimage\"},\"image\":{\"@id\":\"https:\\\/\\\/www.przedszkole161.pl\\\/?p=8248#primaryimage\"},\"thumbnailUrl\":\"https:\\\/\\\/ple161.poznan.pl\\\/wp-content\\\/uploads\\\/2023\\\/03\\\/konkurs.png\",\"datePublished\":\"2023-04-24T19:15:08+00:00\",\"dateModified\":\"2023-04-24T19:15:14+00:00\",\"author\":{\"@id\":\"https:\\\/\\\/www.przedszkole161.pl\\\/#\\\/schema\\\/person\\\/673325371d681555a8b67c870d21faac\"},\"breadcrumb\":{\"@id\":\"https:\\\/\\\/www.przedszkole161.pl\\\/?p=8248#breadcrumb\"},\"inLanguage\":\"pl-PL\",\"potentialAction\":[{\"@type\":\"ReadAction\",\"target\":[\"https:\\\/\\\/www.przedszkole161.pl\\\/?p=8248\"]}]},{\"@type\":\"ImageObject\",\"inLanguage\":\"pl-PL\",\"@id\":\"https:\\\/\\\/www.przedszkole161.pl\\\/?p=8248#primaryimage\",\"url\":\"https:\\\/\\\/ple161.poznan.pl\\\/wp-content\\\/uploads\\\/2023\\\/03\\\/konkurs.png\",\"contentUrl\":\"https:\\\/\\\/ple161.poznan.pl\\\/wp-content\\\/uploads\\\/2023\\\/03\\\/konkurs.png\",\"width\":945,\"height\":754},{\"@type\":\"BreadcrumbList\",\"@id\":\"https:\\\/\\\/www.przedszkole161.pl\\\/?p=8248#breadcrumb\",\"itemListElement\":[{\"@type\":\"ListItem\",\"position\":1,\"name\":\"Strona g\u0142\u00f3wna\",\"item\":\"https:\\\/\\\/www.przedszkole161.pl\\\/\"},{\"@type\":\"ListItem\",\"position\":2,\"name\":\"Wyniki konkursu wierszy stworzonych z tytu\u0142\u00f3w ksi\u0105\u017cek\"}]},{\"@type\":\"WebSite\",\"@id\":\"https:\\\/\\\/www.przedszkole161.pl\\\/#website\",\"url\":\"https:\\\/\\\/www.przedszkole161.pl\\\/\",\"name\":\"Przedszkole im. Ksi\u0119cia Przemys\u0142awa 161\",\"description\":\"\",\"potentialAction\":[{\"@type\":\"SearchAction\",\"target\":{\"@type\":\"EntryPoint\",\"urlTemplate\":\"https:\\\/\\\/www.przedszkole161.pl\\\/?s={search_term_string}\"},\"query-input\":{\"@type\":\"PropertyValueSpecification\",\"valueRequired\":true,\"valueName\":\"search_term_string\"}}],\"inLanguage\":\"pl-PL\"},{\"@type\":\"Person\",\"@id\":\"https:\\\/\\\/www.przedszkole161.pl\\\/#\\\/schema\\\/person\\\/673325371d681555a8b67c870d21faac\",\"name\":\"Magda Dulemba\",\"image\":{\"@type\":\"ImageObject\",\"inLanguage\":\"pl-PL\",\"@id\":\"https:\\\/\\\/secure.gravatar.com\\\/avatar\\\/f6f4cc73208d68c67fc19e1f80620e23d66ef2a923cb26a6d726fbc6a55bbcbc?s=96&d=mm&r=g\",\"url\":\"https:\\\/\\\/secure.gravatar.com\\\/avatar\\\/f6f4cc73208d68c67fc19e1f80620e23d66ef2a923cb26a6d726fbc6a55bbcbc?s=96&d=mm&r=g\",\"contentUrl\":\"https:\\\/\\\/secure.gravatar.com\\\/avatar\\\/f6f4cc73208d68c67fc19e1f80620e23d66ef2a923cb26a6d726fbc6a55bbcbc?s=96&d=mm&r=g\",\"caption\":\"Magda Dulemba\"},\"url\":\"https:\\\/\\\/ple161.poznan.pl\\\/?author=2\"}]}<\/script>\n<!-- \/ Yoast SEO plugin. -->","yoast_head_json":{"title":"Wyniki konkursu wierszy stworzonych z tytu\u0142\u00f3w ksi\u0105\u017cek - Przedszkole im. Ksi\u0119cia Przemys\u0142awa","robots":{"index":"noindex","follow":"follow"},"og_locale":"pl_PL","og_type":"article","og_title":"Wyniki konkursu wierszy stworzonych z tytu\u0142\u00f3w ksi\u0105\u017cek - Przedszkole im. Ksi\u0119cia Przemys\u0142awa","og_description":"Serdecznie dzi\u0119kuj\u0119 za udzia\u0142 w konkursie i przes\u0142anie wspania\u0142ych wierszy stworzonych z grzbiet\u00f3w ( tytu\u0142\u00f3w) ksi\u0105\u017cek. 1 miejsce Karolina \u0141. z grupy Maltanie i Dominik \u0141. z grupy Kozio\u0142eczki 2 miejsce Franciszek J. z grupy Maltanie 3 miejsce Alicja N. z grupy Kozio\u0142eczki Wiersze w pliku","og_url":"https:\/\/www.przedszkole161.pl\/?p=8248","og_site_name":"Przedszkole im. Ksi\u0119cia Przemys\u0142awa","article_published_time":"2023-04-24T19:15:08+00:00","article_modified_time":"2023-04-24T19:15:14+00:00","og_image":[{"width":945,"height":754,"url":"https:\/\/www.przedszkole161.pl\/wp-content\/uploads\/2023\/03\/konkurs.png","type":"image\/png"}],"author":"Magda Dulemba","twitter_card":"summary_large_image","twitter_misc":{"Napisane przez":"Magda Dulemba","Szacowany czas czytania":"1 minuta"},"schema":{"@context":"https:\/\/schema.org","@graph":[{"@type":"Article","@id":"https:\/\/www.przedszkole161.pl\/?p=8248#article","isPartOf":{"@id":"https:\/\/www.przedszkole161.pl\/?p=8248"},"author":{"name":"Magda Dulemba","@id":"https:\/\/www.przedszkole161.pl\/#\/schema\/person\/673325371d681555a8b67c870d21faac"},"headline":"Wyniki konkursu wierszy stworzonych z tytu\u0142\u00f3w ksi\u0105\u017cek","datePublished":"2023-04-24T19:15:08+00:00","dateModified":"2023-04-24T19:15:14+00:00","mainEntityOfPage":{"@id":"https:\/\/www.przedszkole161.pl\/?p=8248"},"wordCount":57,"image":{"@id":"https:\/\/www.przedszkole161.pl\/?p=8248#primaryimage"},"thumbnailUrl":"https:\/\/ple161.poznan.pl\/wp-content\/uploads\/2023\/03\/konkurs.png","articleSection":["Aktualno\u015bci","Wydarzenia"],"inLanguage":"pl-PL"},{"@type":"WebPage","@id":"https:\/\/www.przedszkole161.pl\/?p=8248","url":"https:\/\/www.przedszkole161.pl\/?p=8248","name":"Wyniki konkursu wierszy stworzonych z tytu\u0142\u00f3w ksi\u0105\u017cek - Przedszkole im. Ksi\u0119cia Przemys\u0142awa","isPartOf":{"@id":"https:\/\/www.przedszkole161.pl\/#website"},"primaryImageOfPage":{"@id":"https:\/\/www.przedszkole161.pl\/?p=8248#primaryimage"},"image":{"@id":"https:\/\/www.przedszkole161.pl\/?p=8248#primaryimage"},"thumbnailUrl":"https:\/\/ple161.poznan.pl\/wp-content\/uploads\/2023\/03\/konkurs.png","datePublished":"2023-04-24T19:15:08+00:00","dateModified":"2023-04-24T19:15:14+00:00","author":{"@id":"https:\/\/www.przedszkole161.pl\/#\/schema\/person\/673325371d681555a8b67c870d21faac"},"breadcrumb":{"@id":"https:\/\/www.przedszkole161.pl\/?p=8248#breadcrumb"},"inLanguage":"pl-PL","potentialAction":[{"@type":"ReadAction","target":["https:\/\/www.przedszkole161.pl\/?p=8248"]}]},{"@type":"ImageObject","inLanguage":"pl-PL","@id":"https:\/\/www.przedszkole161.pl\/?p=8248#primaryimage","url":"https:\/\/ple161.poznan.pl\/wp-content\/uploads\/2023\/03\/konkurs.png","contentUrl":"https:\/\/ple161.poznan.pl\/wp-content\/uploads\/2023\/03\/konkurs.png","width":945,"height":754},{"@type":"BreadcrumbList","@id":"https:\/\/www.przedszkole161.pl\/?p=8248#breadcrumb","itemListElement":[{"@type":"ListItem","position":1,"name":"Strona g\u0142\u00f3wna","item":"https:\/\/www.przedszkole161.pl\/"},{"@type":"ListItem","position":2,"name":"Wyniki konkursu wierszy stworzonych z tytu\u0142\u00f3w ksi\u0105\u017cek"}]},{"@type":"WebSite","@id":"https:\/\/www.przedszkole161.pl\/#website","url":"https:\/\/www.przedszkole161.pl\/","name":"Przedszkole im. Ksi\u0119cia Przemys\u0142awa 161","description":"","potentialAction":[{"@type":"SearchAction","target":{"@type":"EntryPoint","urlTemplate":"https:\/\/www.przedszkole161.pl\/?s={search_term_string}"},"query-input":{"@type":"PropertyValueSpecification","valueRequired":true,"valueName":"search_term_string"}}],"inLanguage":"pl-PL"},{"@type":"Person","@id":"https:\/\/www.przedszkole161.pl\/#\/schema\/person\/673325371d681555a8b67c870d21faac","name":"Magda Dulemba","image":{"@type":"ImageObject","inLanguage":"pl-PL","@id":"https:\/\/secure.gravatar.com\/avatar\/f6f4cc73208d68c67fc19e1f80620e23d66ef2a923cb26a6d726fbc6a55bbcbc?s=96&d=mm&r=g","url":"https:\/\/secure.gravatar.com\/avatar\/f6f4cc73208d68c67fc19e1f80620e23d66ef2a923cb26a6d726fbc6a55bbcbc?s=96&d=mm&r=g","contentUrl":"https:\/\/secure.gravatar.com\/avatar\/f6f4cc73208d68c67fc19e1f80620e23d66ef2a923cb26a6d726fbc6a55bbcbc?s=96&d=mm&r=g","caption":"Magda Dulemba"},"url":"https:\/\/ple161.poznan.pl\/?author=2"}]}},"_links":{"self":[{"href":"https:\/\/ple161.poznan.pl\/index.php?rest_route=\/wp\/v2\/posts\/8248","targetHints":{"allow":["GET"]}}],"collection":[{"href":"https:\/\/ple161.poznan.pl\/index.php?rest_route=\/wp\/v2\/posts"}],"about":[{"href":"https:\/\/ple161.poznan.pl\/index.php?rest_route=\/wp\/v2\/types\/post"}],"author":[{"embeddable":true,"href":"https:\/\/ple161.poznan.pl\/index.php?rest_route=\/wp\/v2\/users\/2"}],"replies":[{"embeddable":true,"href":"https:\/\/ple161.poznan.pl\/index.php?rest_route=%2Fwp%2Fv2%2Fcomments&post=8248"}],"version-history":[{"count":1,"href":"https:\/\/ple161.poznan.pl\/index.php?rest_route=\/wp\/v2\/posts\/8248\/revisions"}],"predecessor-version":[{"id":8250,"href":"https:\/\/ple161.poznan.pl\/index.php?rest_route=\/wp\/v2\/posts\/8248\/revisions\/8250"}],"wp:featuredmedia":[{"embeddable":true,"href":"https:\/\/ple161.poznan.pl\/index.php?rest_route=\/wp\/v2\/media\/8177"}],"wp:attachment":[{"href":"https:\/\/ple161.poznan.pl\/index.php?rest_route=%2Fwp%2Fv2%2Fmedia&parent=8248"}],"wp:term":[{"taxonomy":"category","embeddable":true,"href":"https:\/\/ple161.poznan.pl\/index.php?rest_route=%2Fwp%2Fv2%2Fcategories&post=8248"},{"taxonomy":"post_tag","embeddable":true,"href":"https:\/\/ple161.poznan.pl\/index.php?rest_route=%2Fwp%2Fv2%2Ftags&post=8248"}],"curies":[{"name":"wp","href":"https:\/\/api.w.org\/{rel}","templated":true}]}}