{"id":8161,"date":"2023-03-24T07:34:06","date_gmt":"2023-03-24T06:34:06","guid":{"rendered":"https:\/\/ple161.poznan.pl\/?p=8161"},"modified":"2023-03-24T07:34:13","modified_gmt":"2023-03-24T06:34:13","slug":"dzien-tolerancji-4","status":"publish","type":"post","link":"https:\/\/ple161.poznan.pl\/?p=8161","title":{"rendered":"Dzie\u0144 Tolerancji"},"content":{"rendered":"<p>MI\u0118DZYNARODOWY DZIE\u0143 TOLERANCJI<\/p>\n<div dir=\"auto\">\n<div dir=\"auto\">Tolerancja<\/div>\n<div dir=\"auto\"><\/div>\n<div dir=\"auto\">Ka\u017cdy z nas du\u017cy czy ma\u0142y<\/div>\n<div dir=\"auto\"><\/div>\n<div dir=\"auto\">Ma prawo do wsp\u00f3lnej zabawy<\/div>\n<div dir=\"auto\"><\/div>\n<div dir=\"auto\">Chocia\u017c wielko\u015bci\u0105 si\u0119 r\u00f3\u017cnimy<\/div>\n<div dir=\"auto\"><\/div>\n<div dir=\"auto\">Tolerowa\u0107 siebie musimy.<\/div>\n<div dir=\"auto\"><\/div>\n<div dir=\"auto\"><\/div>\n<div dir=\"auto\"><\/div>\n<div dir=\"auto\">Dnia 23.03.2023r. w naszym przedszkolu obchodzili\u015bmy ustanowiony przez Zgromadzenie Og\u00f3lne ONZ Mi\u0119dzynarodowy Dzie\u0144 Tolerancji. We\u00a0 wszystkich grupach zosta\u0142y przeprowadzone zaj\u0119cia, kt\u00f3re mia\u0142y na celu kszta\u0142towanie u dzieci prawid\u0142owych postaw spo\u0142ecznych, a w szczeg\u00f3lno\u015bci akceptacji odmienno\u015bci innych, poszanowania cudzej godno\u015bci i uwra\u017cliwienia na uczucia innych. Dzieci wys\u0142ucha\u0142y opowiadania Diany Hsu p.t ,,Smok Josh&#8221; ,a nast\u0119pnie wykona\u0142y prac\u0119 plastyczn\u0105 rysuj\u0105c przyjaci\u00f3\u0142 smoka Josha. Zaj\u0119cia zako\u0144czyli\u015bmy ogl\u0105daj\u0105c pi\u0119kny film o przyja\u017ani dziewczynki z ch\u0142opcem niepe\u0142nosprawnym.<\/div>\n<\/div>\n","protected":false},"excerpt":{"rendered":"<p>MI\u0118DZYNARODOWY DZIE\u0143 TOLERANCJI Tolerancja Ka\u017cdy z nas du\u017cy czy ma\u0142y Ma prawo do wsp\u00f3lnej zabawy Chocia\u017c wielko\u015bci\u0105 si\u0119 r\u00f3\u017cnimy Tolerowa\u0107 siebie musimy. Dnia 23.03.2023r. w naszym przedszkolu obchodzili\u015bmy ustanowiony przez Zgromadzenie Og\u00f3lne ONZ Mi\u0119dzynarodowy Dzie\u0144 Tolerancji. We\u00a0 wszystkich grupach zosta\u0142y przeprowadzone zaj\u0119cia, kt\u00f3re mia\u0142y na celu kszta\u0142towanie u dzieci prawid\u0142owych postaw spo\u0142ecznych, a w szczeg\u00f3lno\u015bci [&hellip;]<\/p>\n","protected":false},"author":2,"featured_media":8162,"comment_status":"closed","ping_status":"closed","sticky":false,"template":"","format":"standard","meta":{"ngg_post_thumbnail":0,"footnotes":""},"categories":[4,1],"tags":[],"class_list":["post-8161","post","type-post","status-publish","format-standard","has-post-thumbnail","hentry","category-aktualnosci","category-wydarzenia"],"yoast_head":"<!-- This site is optimized with the Yoast SEO plugin v27.4 - https:\/\/yoast.com\/product\/yoast-seo-wordpress\/ -->\n<title>Dzie\u0144 Tolerancji - Przedszkole im. Ksi\u0119cia Przemys\u0142awa<\/title>\n<meta name=\"robots\" content=\"noindex, follow\" \/>\n<meta property=\"og:locale\" content=\"pl_PL\" \/>\n<meta property=\"og:type\" content=\"article\" \/>\n<meta property=\"og:title\" content=\"Dzie\u0144 Tolerancji - Przedszkole im. Ksi\u0119cia Przemys\u0142awa\" \/>\n<meta property=\"og:description\" content=\"MI\u0118DZYNARODOWY DZIE\u0143 TOLERANCJI Tolerancja Ka\u017cdy z nas du\u017cy czy ma\u0142y Ma prawo do wsp\u00f3lnej zabawy Chocia\u017c wielko\u015bci\u0105 si\u0119 r\u00f3\u017cnimy Tolerowa\u0107 siebie musimy. Dnia 23.03.2023r. w naszym przedszkolu obchodzili\u015bmy ustanowiony przez Zgromadzenie Og\u00f3lne ONZ Mi\u0119dzynarodowy Dzie\u0144 Tolerancji. We\u00a0 wszystkich grupach zosta\u0142y przeprowadzone zaj\u0119cia, kt\u00f3re mia\u0142y na celu kszta\u0142towanie u dzieci prawid\u0142owych postaw spo\u0142ecznych, a w szczeg\u00f3lno\u015bci [&hellip;]\" \/>\n<meta property=\"og:url\" content=\"https:\/\/www.przedszkole161.pl\/?p=8161\" \/>\n<meta property=\"og:site_name\" content=\"Przedszkole im. Ksi\u0119cia Przemys\u0142awa\" \/>\n<meta property=\"article:published_time\" content=\"2023-03-24T06:34:06+00:00\" \/>\n<meta property=\"article:modified_time\" content=\"2023-03-24T06:34:13+00:00\" \/>\n<meta property=\"og:image\" content=\"https:\/\/www.przedszkole161.pl\/wp-content\/uploads\/2023\/03\/tolerancja.jpg\" \/>\n\t<meta property=\"og:image:width\" content=\"300\" \/>\n\t<meta property=\"og:image:height\" content=\"168\" \/>\n\t<meta property=\"og:image:type\" content=\"image\/jpeg\" \/>\n<meta name=\"author\" content=\"Magda Dulemba\" \/>\n<meta name=\"twitter:card\" content=\"summary_large_image\" \/>\n<meta name=\"twitter:label1\" content=\"Napisane przez\" \/>\n\t<meta name=\"twitter:data1\" content=\"Magda Dulemba\" \/>\n\t<meta name=\"twitter:label2\" content=\"Szacowany czas czytania\" \/>\n\t<meta name=\"twitter:data2\" content=\"1 minuta\" \/>\n<script type=\"application\/ld+json\" class=\"yoast-schema-graph\">{\"@context\":\"https:\\\/\\\/schema.org\",\"@graph\":[{\"@type\":\"Article\",\"@id\":\"https:\\\/\\\/www.przedszkole161.pl\\\/?p=8161#article\",\"isPartOf\":{\"@id\":\"https:\\\/\\\/www.przedszkole161.pl\\\/?p=8161\"},\"author\":{\"name\":\"Magda Dulemba\",\"@id\":\"https:\\\/\\\/www.przedszkole161.pl\\\/#\\\/schema\\\/person\\\/673325371d681555a8b67c870d21faac\"},\"headline\":\"Dzie\u0144 Tolerancji\",\"datePublished\":\"2023-03-24T06:34:06+00:00\",\"dateModified\":\"2023-03-24T06:34:13+00:00\",\"mainEntityOfPage\":{\"@id\":\"https:\\\/\\\/www.przedszkole161.pl\\\/?p=8161\"},\"wordCount\":133,\"image\":{\"@id\":\"https:\\\/\\\/www.przedszkole161.pl\\\/?p=8161#primaryimage\"},\"thumbnailUrl\":\"https:\\\/\\\/ple161.poznan.pl\\\/wp-content\\\/uploads\\\/2023\\\/03\\\/tolerancja.jpg\",\"articleSection\":[\"Aktualno\u015bci\",\"Wydarzenia\"],\"inLanguage\":\"pl-PL\"},{\"@type\":\"WebPage\",\"@id\":\"https:\\\/\\\/www.przedszkole161.pl\\\/?p=8161\",\"url\":\"https:\\\/\\\/www.przedszkole161.pl\\\/?p=8161\",\"name\":\"Dzie\u0144 Tolerancji - Przedszkole im. Ksi\u0119cia Przemys\u0142awa\",\"isPartOf\":{\"@id\":\"https:\\\/\\\/www.przedszkole161.pl\\\/#website\"},\"primaryImageOfPage\":{\"@id\":\"https:\\\/\\\/www.przedszkole161.pl\\\/?p=8161#primaryimage\"},\"image\":{\"@id\":\"https:\\\/\\\/www.przedszkole161.pl\\\/?p=8161#primaryimage\"},\"thumbnailUrl\":\"https:\\\/\\\/ple161.poznan.pl\\\/wp-content\\\/uploads\\\/2023\\\/03\\\/tolerancja.jpg\",\"datePublished\":\"2023-03-24T06:34:06+00:00\",\"dateModified\":\"2023-03-24T06:34:13+00:00\",\"author\":{\"@id\":\"https:\\\/\\\/www.przedszkole161.pl\\\/#\\\/schema\\\/person\\\/673325371d681555a8b67c870d21faac\"},\"breadcrumb\":{\"@id\":\"https:\\\/\\\/www.przedszkole161.pl\\\/?p=8161#breadcrumb\"},\"inLanguage\":\"pl-PL\",\"potentialAction\":[{\"@type\":\"ReadAction\",\"target\":[\"https:\\\/\\\/www.przedszkole161.pl\\\/?p=8161\"]}]},{\"@type\":\"ImageObject\",\"inLanguage\":\"pl-PL\",\"@id\":\"https:\\\/\\\/www.przedszkole161.pl\\\/?p=8161#primaryimage\",\"url\":\"https:\\\/\\\/ple161.poznan.pl\\\/wp-content\\\/uploads\\\/2023\\\/03\\\/tolerancja.jpg\",\"contentUrl\":\"https:\\\/\\\/ple161.poznan.pl\\\/wp-content\\\/uploads\\\/2023\\\/03\\\/tolerancja.jpg\",\"width\":300,\"height\":168},{\"@type\":\"BreadcrumbList\",\"@id\":\"https:\\\/\\\/www.przedszkole161.pl\\\/?p=8161#breadcrumb\",\"itemListElement\":[{\"@type\":\"ListItem\",\"position\":1,\"name\":\"Strona g\u0142\u00f3wna\",\"item\":\"https:\\\/\\\/www.przedszkole161.pl\\\/\"},{\"@type\":\"ListItem\",\"position\":2,\"name\":\"Dzie\u0144 Tolerancji\"}]},{\"@type\":\"WebSite\",\"@id\":\"https:\\\/\\\/www.przedszkole161.pl\\\/#website\",\"url\":\"https:\\\/\\\/www.przedszkole161.pl\\\/\",\"name\":\"Przedszkole im. Ksi\u0119cia Przemys\u0142awa 161\",\"description\":\"\",\"potentialAction\":[{\"@type\":\"SearchAction\",\"target\":{\"@type\":\"EntryPoint\",\"urlTemplate\":\"https:\\\/\\\/www.przedszkole161.pl\\\/?s={search_term_string}\"},\"query-input\":{\"@type\":\"PropertyValueSpecification\",\"valueRequired\":true,\"valueName\":\"search_term_string\"}}],\"inLanguage\":\"pl-PL\"},{\"@type\":\"Person\",\"@id\":\"https:\\\/\\\/www.przedszkole161.pl\\\/#\\\/schema\\\/person\\\/673325371d681555a8b67c870d21faac\",\"name\":\"Magda Dulemba\",\"image\":{\"@type\":\"ImageObject\",\"inLanguage\":\"pl-PL\",\"@id\":\"https:\\\/\\\/secure.gravatar.com\\\/avatar\\\/f6f4cc73208d68c67fc19e1f80620e23d66ef2a923cb26a6d726fbc6a55bbcbc?s=96&d=mm&r=g\",\"url\":\"https:\\\/\\\/secure.gravatar.com\\\/avatar\\\/f6f4cc73208d68c67fc19e1f80620e23d66ef2a923cb26a6d726fbc6a55bbcbc?s=96&d=mm&r=g\",\"contentUrl\":\"https:\\\/\\\/secure.gravatar.com\\\/avatar\\\/f6f4cc73208d68c67fc19e1f80620e23d66ef2a923cb26a6d726fbc6a55bbcbc?s=96&d=mm&r=g\",\"caption\":\"Magda Dulemba\"},\"url\":\"https:\\\/\\\/ple161.poznan.pl\\\/?author=2\"}]}<\/script>\n<!-- \/ Yoast SEO plugin. -->","yoast_head_json":{"title":"Dzie\u0144 Tolerancji - Przedszkole im. Ksi\u0119cia Przemys\u0142awa","robots":{"index":"noindex","follow":"follow"},"og_locale":"pl_PL","og_type":"article","og_title":"Dzie\u0144 Tolerancji - Przedszkole im. Ksi\u0119cia Przemys\u0142awa","og_description":"MI\u0118DZYNARODOWY DZIE\u0143 TOLERANCJI Tolerancja Ka\u017cdy z nas du\u017cy czy ma\u0142y Ma prawo do wsp\u00f3lnej zabawy Chocia\u017c wielko\u015bci\u0105 si\u0119 r\u00f3\u017cnimy Tolerowa\u0107 siebie musimy. Dnia 23.03.2023r. w naszym przedszkolu obchodzili\u015bmy ustanowiony przez Zgromadzenie Og\u00f3lne ONZ Mi\u0119dzynarodowy Dzie\u0144 Tolerancji. We\u00a0 wszystkich grupach zosta\u0142y przeprowadzone zaj\u0119cia, kt\u00f3re mia\u0142y na celu kszta\u0142towanie u dzieci prawid\u0142owych postaw spo\u0142ecznych, a w szczeg\u00f3lno\u015bci [&hellip;]","og_url":"https:\/\/www.przedszkole161.pl\/?p=8161","og_site_name":"Przedszkole im. Ksi\u0119cia Przemys\u0142awa","article_published_time":"2023-03-24T06:34:06+00:00","article_modified_time":"2023-03-24T06:34:13+00:00","og_image":[{"width":300,"height":168,"url":"https:\/\/www.przedszkole161.pl\/wp-content\/uploads\/2023\/03\/tolerancja.jpg","type":"image\/jpeg"}],"author":"Magda Dulemba","twitter_card":"summary_large_image","twitter_misc":{"Napisane przez":"Magda Dulemba","Szacowany czas czytania":"1 minuta"},"schema":{"@context":"https:\/\/schema.org","@graph":[{"@type":"Article","@id":"https:\/\/www.przedszkole161.pl\/?p=8161#article","isPartOf":{"@id":"https:\/\/www.przedszkole161.pl\/?p=8161"},"author":{"name":"Magda Dulemba","@id":"https:\/\/www.przedszkole161.pl\/#\/schema\/person\/673325371d681555a8b67c870d21faac"},"headline":"Dzie\u0144 Tolerancji","datePublished":"2023-03-24T06:34:06+00:00","dateModified":"2023-03-24T06:34:13+00:00","mainEntityOfPage":{"@id":"https:\/\/www.przedszkole161.pl\/?p=8161"},"wordCount":133,"image":{"@id":"https:\/\/www.przedszkole161.pl\/?p=8161#primaryimage"},"thumbnailUrl":"https:\/\/ple161.poznan.pl\/wp-content\/uploads\/2023\/03\/tolerancja.jpg","articleSection":["Aktualno\u015bci","Wydarzenia"],"inLanguage":"pl-PL"},{"@type":"WebPage","@id":"https:\/\/www.przedszkole161.pl\/?p=8161","url":"https:\/\/www.przedszkole161.pl\/?p=8161","name":"Dzie\u0144 Tolerancji - Przedszkole im. Ksi\u0119cia Przemys\u0142awa","isPartOf":{"@id":"https:\/\/www.przedszkole161.pl\/#website"},"primaryImageOfPage":{"@id":"https:\/\/www.przedszkole161.pl\/?p=8161#primaryimage"},"image":{"@id":"https:\/\/www.przedszkole161.pl\/?p=8161#primaryimage"},"thumbnailUrl":"https:\/\/ple161.poznan.pl\/wp-content\/uploads\/2023\/03\/tolerancja.jpg","datePublished":"2023-03-24T06:34:06+00:00","dateModified":"2023-03-24T06:34:13+00:00","author":{"@id":"https:\/\/www.przedszkole161.pl\/#\/schema\/person\/673325371d681555a8b67c870d21faac"},"breadcrumb":{"@id":"https:\/\/www.przedszkole161.pl\/?p=8161#breadcrumb"},"inLanguage":"pl-PL","potentialAction":[{"@type":"ReadAction","target":["https:\/\/www.przedszkole161.pl\/?p=8161"]}]},{"@type":"ImageObject","inLanguage":"pl-PL","@id":"https:\/\/www.przedszkole161.pl\/?p=8161#primaryimage","url":"https:\/\/ple161.poznan.pl\/wp-content\/uploads\/2023\/03\/tolerancja.jpg","contentUrl":"https:\/\/ple161.poznan.pl\/wp-content\/uploads\/2023\/03\/tolerancja.jpg","width":300,"height":168},{"@type":"BreadcrumbList","@id":"https:\/\/www.przedszkole161.pl\/?p=8161#breadcrumb","itemListElement":[{"@type":"ListItem","position":1,"name":"Strona g\u0142\u00f3wna","item":"https:\/\/www.przedszkole161.pl\/"},{"@type":"ListItem","position":2,"name":"Dzie\u0144 Tolerancji"}]},{"@type":"WebSite","@id":"https:\/\/www.przedszkole161.pl\/#website","url":"https:\/\/www.przedszkole161.pl\/","name":"Przedszkole im. Ksi\u0119cia Przemys\u0142awa 161","description":"","potentialAction":[{"@type":"SearchAction","target":{"@type":"EntryPoint","urlTemplate":"https:\/\/www.przedszkole161.pl\/?s={search_term_string}"},"query-input":{"@type":"PropertyValueSpecification","valueRequired":true,"valueName":"search_term_string"}}],"inLanguage":"pl-PL"},{"@type":"Person","@id":"https:\/\/www.przedszkole161.pl\/#\/schema\/person\/673325371d681555a8b67c870d21faac","name":"Magda Dulemba","image":{"@type":"ImageObject","inLanguage":"pl-PL","@id":"https:\/\/secure.gravatar.com\/avatar\/f6f4cc73208d68c67fc19e1f80620e23d66ef2a923cb26a6d726fbc6a55bbcbc?s=96&d=mm&r=g","url":"https:\/\/secure.gravatar.com\/avatar\/f6f4cc73208d68c67fc19e1f80620e23d66ef2a923cb26a6d726fbc6a55bbcbc?s=96&d=mm&r=g","contentUrl":"https:\/\/secure.gravatar.com\/avatar\/f6f4cc73208d68c67fc19e1f80620e23d66ef2a923cb26a6d726fbc6a55bbcbc?s=96&d=mm&r=g","caption":"Magda Dulemba"},"url":"https:\/\/ple161.poznan.pl\/?author=2"}]}},"_links":{"self":[{"href":"https:\/\/ple161.poznan.pl\/index.php?rest_route=\/wp\/v2\/posts\/8161","targetHints":{"allow":["GET"]}}],"collection":[{"href":"https:\/\/ple161.poznan.pl\/index.php?rest_route=\/wp\/v2\/posts"}],"about":[{"href":"https:\/\/ple161.poznan.pl\/index.php?rest_route=\/wp\/v2\/types\/post"}],"author":[{"embeddable":true,"href":"https:\/\/ple161.poznan.pl\/index.php?rest_route=\/wp\/v2\/users\/2"}],"replies":[{"embeddable":true,"href":"https:\/\/ple161.poznan.pl\/index.php?rest_route=%2Fwp%2Fv2%2Fcomments&post=8161"}],"version-history":[{"count":1,"href":"https:\/\/ple161.poznan.pl\/index.php?rest_route=\/wp\/v2\/posts\/8161\/revisions"}],"predecessor-version":[{"id":8163,"href":"https:\/\/ple161.poznan.pl\/index.php?rest_route=\/wp\/v2\/posts\/8161\/revisions\/8163"}],"wp:featuredmedia":[{"embeddable":true,"href":"https:\/\/ple161.poznan.pl\/index.php?rest_route=\/wp\/v2\/media\/8162"}],"wp:attachment":[{"href":"https:\/\/ple161.poznan.pl\/index.php?rest_route=%2Fwp%2Fv2%2Fmedia&parent=8161"}],"wp:term":[{"taxonomy":"category","embeddable":true,"href":"https:\/\/ple161.poznan.pl\/index.php?rest_route=%2Fwp%2Fv2%2Fcategories&post=8161"},{"taxonomy":"post_tag","embeddable":true,"href":"https:\/\/ple161.poznan.pl\/index.php?rest_route=%2Fwp%2Fv2%2Ftags&post=8161"}],"curies":[{"name":"wp","href":"https:\/\/api.w.org\/{rel}","templated":true}]}}