{"id":8049,"date":"2023-03-08T14:11:15","date_gmt":"2023-03-08T13:11:15","guid":{"rendered":"http:\/\/ple161.poznan.pl\/?p=8049"},"modified":"2023-03-13T10:55:32","modified_gmt":"2023-03-13T09:55:32","slug":"tydzien-wartosci","status":"publish","type":"post","link":"https:\/\/ple161.poznan.pl\/?p=8049","title":{"rendered":"Tydzie\u0144 Warto\u015bci"},"content":{"rendered":"<p>Projekt edukacyjny Tydzie\u0144 Warto\u015bci<\/p>\n<p>by\u0142 realizowany we wszystkich grupach wiekowych w dniach od<br \/>\n27.02 \u2013 3.03.2023 r.<br \/>\nG\u0142\u00f3wnym celem projektu by\u0142o :<br \/>\nNauczy\u0107 \u00a0tolerancji<br \/>\n\uf0b7 Uwra\u017cliwi\u0107\u00a0 dzieci , pom\u00f3c im\u00a0 \u00a0lepiej zrozumie\u0107 \u015bwiat i innych<br \/>\nludzi.<br \/>\n\uf0b7 Rozwija\u0107 zdolno\u015bci empatyczne, wyczuli\u0107 na odbieranie i<br \/>\nodczytywanie ukrytych sygna\u0142\u00f3w i znacze\u0144<br \/>\n\uf0b7 Kszta\u0142towa\u0107\u00a0 kulturalny i przyjazny \u00a0model komunikacji-umiej\u0119tno\u015b\u0107<br \/>\npolubownego rozwi\u0105zywania spraw konfliktowych.<br \/>\n\uf0b7 Budowa\u0107 system warto\u015bci &#8211; wychowanie do warto\u015bci takich jak<br \/>\nempatia, szacunek, wra\u017cliwo\u015b\u0107, tolerancja, przyja\u017a\u0144, dobro, pi\u0119kno,<br \/>\nprawda<br \/>\n\uf0b7 Rozwija\u0107 poczucie odpowiedzialno\u015bci.<br \/>\nPodejmowane w projekcie tre\u015bci pozwoli\u0142y prowadzi\u0107 z dzie\u0107mi celowe<br \/>\ndzia\u0142ania zmierzaj\u0105ce do zrozumienia sensu warto\u015bci, uznania je przez<br \/>\ndzieci za jedyne i s\u0142uszne w codziennych kontaktach z innymi (w<br \/>\nrodzinie, w przedszkolu) i post\u0119powania w zgodzie z nimi.<br \/>\nPodczas realizacji projektu dzieci aktywnie uczestniczy\u0142y w r\u00f3\u017cnych<br \/>\nformach aktywno\u015bci takich jak:<br \/>\n&#8211; zabawy improwizowane<br \/>\n&#8211; guizy,<br \/>\n&#8211; zabawy plastyczne ,<br \/>\n&#8211; muzyczne,<br \/>\n&#8211; prezentacja multimedialna,<br \/>\n&#8211; spotkanie z ekspertem ( le\u015bnik \u2013 pi\u0119kno otaczaj\u0105cej nas przyrody)<\/p>\n<div dir=\"auto\">Dzieci s\u0142ucha\u0142y\u00a0 wiele wspania\u0142ych bajek &#8211;\u00a0 tych nowych ale r\u00f3wnie\u017c tych bardzo starych.<\/div>\n<div dir=\"auto\">Na zako\u0144czenie tygodnia czeka\u0142a na nas niespodzianka, a mianowicie udali\u015bmy si\u0119 w sentymentaln\u0105 podr\u00f3\u017c w czasie, do lat 80-tych, kiedy to panie b\u0119d\u0105ce w wieku dzieci z przedszkola mog\u0142y cieszy\u0107 si\u0119 prywatnym kinem w swoim domu. O czym mowa? O cudownych bajeczkach wy\u015bwietlanych na \u015bcianie i o rzutniku Ania.<\/div>\n","protected":false},"excerpt":{"rendered":"<p>Projekt edukacyjny Tydzie\u0144 Warto\u015bci by\u0142 realizowany we wszystkich grupach wiekowych w dniach od 27.02 \u2013 3.03.2023 r. G\u0142\u00f3wnym celem projektu by\u0142o : Nauczy\u0107 \u00a0tolerancji \uf0b7 Uwra\u017cliwi\u0107\u00a0 dzieci , pom\u00f3c im\u00a0 \u00a0lepiej zrozumie\u0107 \u015bwiat i innych ludzi. \uf0b7 Rozwija\u0107 zdolno\u015bci empatyczne, wyczuli\u0107 na odbieranie i odczytywanie ukrytych sygna\u0142\u00f3w i znacze\u0144 \uf0b7 Kszta\u0142towa\u0107\u00a0 kulturalny i przyjazny \u00a0model [&hellip;]<\/p>\n","protected":false},"author":2,"featured_media":6050,"comment_status":"closed","ping_status":"closed","sticky":false,"template":"","format":"standard","meta":{"ngg_post_thumbnail":0,"footnotes":""},"categories":[4,1],"tags":[],"class_list":["post-8049","post","type-post","status-publish","format-standard","has-post-thumbnail","hentry","category-aktualnosci","category-wydarzenia"],"yoast_head":"<!-- This site is optimized with the Yoast SEO plugin v27.4 - https:\/\/yoast.com\/product\/yoast-seo-wordpress\/ -->\n<title>Tydzie\u0144 Warto\u015bci - Przedszkole im. Ksi\u0119cia Przemys\u0142awa<\/title>\n<meta name=\"robots\" content=\"noindex, follow\" \/>\n<meta property=\"og:locale\" content=\"pl_PL\" \/>\n<meta property=\"og:type\" content=\"article\" \/>\n<meta property=\"og:title\" content=\"Tydzie\u0144 Warto\u015bci - Przedszkole im. Ksi\u0119cia Przemys\u0142awa\" \/>\n<meta property=\"og:description\" content=\"Projekt edukacyjny Tydzie\u0144 Warto\u015bci by\u0142 realizowany we wszystkich grupach wiekowych w dniach od 27.02 \u2013 3.03.2023 r. G\u0142\u00f3wnym celem projektu by\u0142o : Nauczy\u0107 \u00a0tolerancji \uf0b7 Uwra\u017cliwi\u0107\u00a0 dzieci , pom\u00f3c im\u00a0 \u00a0lepiej zrozumie\u0107 \u015bwiat i innych ludzi. \uf0b7 Rozwija\u0107 zdolno\u015bci empatyczne, wyczuli\u0107 na odbieranie i odczytywanie ukrytych sygna\u0142\u00f3w i znacze\u0144 \uf0b7 Kszta\u0142towa\u0107\u00a0 kulturalny i przyjazny \u00a0model [&hellip;]\" \/>\n<meta property=\"og:url\" content=\"https:\/\/www.przedszkole161.pl\/?p=8049\" \/>\n<meta property=\"og:site_name\" content=\"Przedszkole im. Ksi\u0119cia Przemys\u0142awa\" \/>\n<meta property=\"article:published_time\" content=\"2023-03-08T13:11:15+00:00\" \/>\n<meta property=\"article:modified_time\" content=\"2023-03-13T09:55:32+00:00\" \/>\n<meta property=\"og:image\" content=\"https:\/\/www.przedszkole161.pl\/wp-content\/uploads\/2021\/05\/pomoc-p-p-1.jpg\" \/>\n\t<meta property=\"og:image:width\" content=\"322\" \/>\n\t<meta property=\"og:image:height\" content=\"156\" \/>\n\t<meta property=\"og:image:type\" content=\"image\/jpeg\" \/>\n<meta name=\"author\" content=\"Magda Dulemba\" \/>\n<meta name=\"twitter:card\" content=\"summary_large_image\" \/>\n<meta name=\"twitter:label1\" content=\"Napisane przez\" \/>\n\t<meta name=\"twitter:data1\" content=\"Magda Dulemba\" \/>\n\t<meta name=\"twitter:label2\" content=\"Szacowany czas czytania\" \/>\n\t<meta name=\"twitter:data2\" content=\"1 minuta\" \/>\n<script type=\"application\/ld+json\" class=\"yoast-schema-graph\">{\"@context\":\"https:\\\/\\\/schema.org\",\"@graph\":[{\"@type\":\"Article\",\"@id\":\"https:\\\/\\\/www.przedszkole161.pl\\\/?p=8049#article\",\"isPartOf\":{\"@id\":\"https:\\\/\\\/www.przedszkole161.pl\\\/?p=8049\"},\"author\":{\"name\":\"Magda Dulemba\",\"@id\":\"https:\\\/\\\/www.przedszkole161.pl\\\/#\\\/schema\\\/person\\\/673325371d681555a8b67c870d21faac\"},\"headline\":\"Tydzie\u0144 Warto\u015bci\",\"datePublished\":\"2023-03-08T13:11:15+00:00\",\"dateModified\":\"2023-03-13T09:55:32+00:00\",\"mainEntityOfPage\":{\"@id\":\"https:\\\/\\\/www.przedszkole161.pl\\\/?p=8049\"},\"wordCount\":249,\"image\":{\"@id\":\"https:\\\/\\\/www.przedszkole161.pl\\\/?p=8049#primaryimage\"},\"thumbnailUrl\":\"https:\\\/\\\/ple161.poznan.pl\\\/wp-content\\\/uploads\\\/2021\\\/05\\\/pomoc-p-p-1.jpg\",\"articleSection\":[\"Aktualno\u015bci\",\"Wydarzenia\"],\"inLanguage\":\"pl-PL\"},{\"@type\":\"WebPage\",\"@id\":\"https:\\\/\\\/www.przedszkole161.pl\\\/?p=8049\",\"url\":\"https:\\\/\\\/www.przedszkole161.pl\\\/?p=8049\",\"name\":\"Tydzie\u0144 Warto\u015bci - Przedszkole im. Ksi\u0119cia Przemys\u0142awa\",\"isPartOf\":{\"@id\":\"https:\\\/\\\/www.przedszkole161.pl\\\/#website\"},\"primaryImageOfPage\":{\"@id\":\"https:\\\/\\\/www.przedszkole161.pl\\\/?p=8049#primaryimage\"},\"image\":{\"@id\":\"https:\\\/\\\/www.przedszkole161.pl\\\/?p=8049#primaryimage\"},\"thumbnailUrl\":\"https:\\\/\\\/ple161.poznan.pl\\\/wp-content\\\/uploads\\\/2021\\\/05\\\/pomoc-p-p-1.jpg\",\"datePublished\":\"2023-03-08T13:11:15+00:00\",\"dateModified\":\"2023-03-13T09:55:32+00:00\",\"author\":{\"@id\":\"https:\\\/\\\/www.przedszkole161.pl\\\/#\\\/schema\\\/person\\\/673325371d681555a8b67c870d21faac\"},\"breadcrumb\":{\"@id\":\"https:\\\/\\\/www.przedszkole161.pl\\\/?p=8049#breadcrumb\"},\"inLanguage\":\"pl-PL\",\"potentialAction\":[{\"@type\":\"ReadAction\",\"target\":[\"https:\\\/\\\/www.przedszkole161.pl\\\/?p=8049\"]}]},{\"@type\":\"ImageObject\",\"inLanguage\":\"pl-PL\",\"@id\":\"https:\\\/\\\/www.przedszkole161.pl\\\/?p=8049#primaryimage\",\"url\":\"https:\\\/\\\/ple161.poznan.pl\\\/wp-content\\\/uploads\\\/2021\\\/05\\\/pomoc-p-p-1.jpg\",\"contentUrl\":\"https:\\\/\\\/ple161.poznan.pl\\\/wp-content\\\/uploads\\\/2021\\\/05\\\/pomoc-p-p-1.jpg\",\"width\":322,\"height\":156},{\"@type\":\"BreadcrumbList\",\"@id\":\"https:\\\/\\\/www.przedszkole161.pl\\\/?p=8049#breadcrumb\",\"itemListElement\":[{\"@type\":\"ListItem\",\"position\":1,\"name\":\"Strona g\u0142\u00f3wna\",\"item\":\"https:\\\/\\\/www.przedszkole161.pl\\\/\"},{\"@type\":\"ListItem\",\"position\":2,\"name\":\"Tydzie\u0144 Warto\u015bci\"}]},{\"@type\":\"WebSite\",\"@id\":\"https:\\\/\\\/www.przedszkole161.pl\\\/#website\",\"url\":\"https:\\\/\\\/www.przedszkole161.pl\\\/\",\"name\":\"Przedszkole im. Ksi\u0119cia Przemys\u0142awa 161\",\"description\":\"\",\"potentialAction\":[{\"@type\":\"SearchAction\",\"target\":{\"@type\":\"EntryPoint\",\"urlTemplate\":\"https:\\\/\\\/www.przedszkole161.pl\\\/?s={search_term_string}\"},\"query-input\":{\"@type\":\"PropertyValueSpecification\",\"valueRequired\":true,\"valueName\":\"search_term_string\"}}],\"inLanguage\":\"pl-PL\"},{\"@type\":\"Person\",\"@id\":\"https:\\\/\\\/www.przedszkole161.pl\\\/#\\\/schema\\\/person\\\/673325371d681555a8b67c870d21faac\",\"name\":\"Magda Dulemba\",\"image\":{\"@type\":\"ImageObject\",\"inLanguage\":\"pl-PL\",\"@id\":\"https:\\\/\\\/secure.gravatar.com\\\/avatar\\\/f6f4cc73208d68c67fc19e1f80620e23d66ef2a923cb26a6d726fbc6a55bbcbc?s=96&d=mm&r=g\",\"url\":\"https:\\\/\\\/secure.gravatar.com\\\/avatar\\\/f6f4cc73208d68c67fc19e1f80620e23d66ef2a923cb26a6d726fbc6a55bbcbc?s=96&d=mm&r=g\",\"contentUrl\":\"https:\\\/\\\/secure.gravatar.com\\\/avatar\\\/f6f4cc73208d68c67fc19e1f80620e23d66ef2a923cb26a6d726fbc6a55bbcbc?s=96&d=mm&r=g\",\"caption\":\"Magda Dulemba\"},\"url\":\"https:\\\/\\\/ple161.poznan.pl\\\/?author=2\"}]}<\/script>\n<!-- \/ Yoast SEO plugin. -->","yoast_head_json":{"title":"Tydzie\u0144 Warto\u015bci - Przedszkole im. Ksi\u0119cia Przemys\u0142awa","robots":{"index":"noindex","follow":"follow"},"og_locale":"pl_PL","og_type":"article","og_title":"Tydzie\u0144 Warto\u015bci - Przedszkole im. Ksi\u0119cia Przemys\u0142awa","og_description":"Projekt edukacyjny Tydzie\u0144 Warto\u015bci by\u0142 realizowany we wszystkich grupach wiekowych w dniach od 27.02 \u2013 3.03.2023 r. G\u0142\u00f3wnym celem projektu by\u0142o : Nauczy\u0107 \u00a0tolerancji \uf0b7 Uwra\u017cliwi\u0107\u00a0 dzieci , pom\u00f3c im\u00a0 \u00a0lepiej zrozumie\u0107 \u015bwiat i innych ludzi. \uf0b7 Rozwija\u0107 zdolno\u015bci empatyczne, wyczuli\u0107 na odbieranie i odczytywanie ukrytych sygna\u0142\u00f3w i znacze\u0144 \uf0b7 Kszta\u0142towa\u0107\u00a0 kulturalny i przyjazny \u00a0model [&hellip;]","og_url":"https:\/\/www.przedszkole161.pl\/?p=8049","og_site_name":"Przedszkole im. Ksi\u0119cia Przemys\u0142awa","article_published_time":"2023-03-08T13:11:15+00:00","article_modified_time":"2023-03-13T09:55:32+00:00","og_image":[{"width":322,"height":156,"url":"https:\/\/www.przedszkole161.pl\/wp-content\/uploads\/2021\/05\/pomoc-p-p-1.jpg","type":"image\/jpeg"}],"author":"Magda Dulemba","twitter_card":"summary_large_image","twitter_misc":{"Napisane przez":"Magda Dulemba","Szacowany czas czytania":"1 minuta"},"schema":{"@context":"https:\/\/schema.org","@graph":[{"@type":"Article","@id":"https:\/\/www.przedszkole161.pl\/?p=8049#article","isPartOf":{"@id":"https:\/\/www.przedszkole161.pl\/?p=8049"},"author":{"name":"Magda Dulemba","@id":"https:\/\/www.przedszkole161.pl\/#\/schema\/person\/673325371d681555a8b67c870d21faac"},"headline":"Tydzie\u0144 Warto\u015bci","datePublished":"2023-03-08T13:11:15+00:00","dateModified":"2023-03-13T09:55:32+00:00","mainEntityOfPage":{"@id":"https:\/\/www.przedszkole161.pl\/?p=8049"},"wordCount":249,"image":{"@id":"https:\/\/www.przedszkole161.pl\/?p=8049#primaryimage"},"thumbnailUrl":"https:\/\/ple161.poznan.pl\/wp-content\/uploads\/2021\/05\/pomoc-p-p-1.jpg","articleSection":["Aktualno\u015bci","Wydarzenia"],"inLanguage":"pl-PL"},{"@type":"WebPage","@id":"https:\/\/www.przedszkole161.pl\/?p=8049","url":"https:\/\/www.przedszkole161.pl\/?p=8049","name":"Tydzie\u0144 Warto\u015bci - Przedszkole im. Ksi\u0119cia Przemys\u0142awa","isPartOf":{"@id":"https:\/\/www.przedszkole161.pl\/#website"},"primaryImageOfPage":{"@id":"https:\/\/www.przedszkole161.pl\/?p=8049#primaryimage"},"image":{"@id":"https:\/\/www.przedszkole161.pl\/?p=8049#primaryimage"},"thumbnailUrl":"https:\/\/ple161.poznan.pl\/wp-content\/uploads\/2021\/05\/pomoc-p-p-1.jpg","datePublished":"2023-03-08T13:11:15+00:00","dateModified":"2023-03-13T09:55:32+00:00","author":{"@id":"https:\/\/www.przedszkole161.pl\/#\/schema\/person\/673325371d681555a8b67c870d21faac"},"breadcrumb":{"@id":"https:\/\/www.przedszkole161.pl\/?p=8049#breadcrumb"},"inLanguage":"pl-PL","potentialAction":[{"@type":"ReadAction","target":["https:\/\/www.przedszkole161.pl\/?p=8049"]}]},{"@type":"ImageObject","inLanguage":"pl-PL","@id":"https:\/\/www.przedszkole161.pl\/?p=8049#primaryimage","url":"https:\/\/ple161.poznan.pl\/wp-content\/uploads\/2021\/05\/pomoc-p-p-1.jpg","contentUrl":"https:\/\/ple161.poznan.pl\/wp-content\/uploads\/2021\/05\/pomoc-p-p-1.jpg","width":322,"height":156},{"@type":"BreadcrumbList","@id":"https:\/\/www.przedszkole161.pl\/?p=8049#breadcrumb","itemListElement":[{"@type":"ListItem","position":1,"name":"Strona g\u0142\u00f3wna","item":"https:\/\/www.przedszkole161.pl\/"},{"@type":"ListItem","position":2,"name":"Tydzie\u0144 Warto\u015bci"}]},{"@type":"WebSite","@id":"https:\/\/www.przedszkole161.pl\/#website","url":"https:\/\/www.przedszkole161.pl\/","name":"Przedszkole im. Ksi\u0119cia Przemys\u0142awa 161","description":"","potentialAction":[{"@type":"SearchAction","target":{"@type":"EntryPoint","urlTemplate":"https:\/\/www.przedszkole161.pl\/?s={search_term_string}"},"query-input":{"@type":"PropertyValueSpecification","valueRequired":true,"valueName":"search_term_string"}}],"inLanguage":"pl-PL"},{"@type":"Person","@id":"https:\/\/www.przedszkole161.pl\/#\/schema\/person\/673325371d681555a8b67c870d21faac","name":"Magda Dulemba","image":{"@type":"ImageObject","inLanguage":"pl-PL","@id":"https:\/\/secure.gravatar.com\/avatar\/f6f4cc73208d68c67fc19e1f80620e23d66ef2a923cb26a6d726fbc6a55bbcbc?s=96&d=mm&r=g","url":"https:\/\/secure.gravatar.com\/avatar\/f6f4cc73208d68c67fc19e1f80620e23d66ef2a923cb26a6d726fbc6a55bbcbc?s=96&d=mm&r=g","contentUrl":"https:\/\/secure.gravatar.com\/avatar\/f6f4cc73208d68c67fc19e1f80620e23d66ef2a923cb26a6d726fbc6a55bbcbc?s=96&d=mm&r=g","caption":"Magda Dulemba"},"url":"https:\/\/ple161.poznan.pl\/?author=2"}]}},"_links":{"self":[{"href":"https:\/\/ple161.poznan.pl\/index.php?rest_route=\/wp\/v2\/posts\/8049","targetHints":{"allow":["GET"]}}],"collection":[{"href":"https:\/\/ple161.poznan.pl\/index.php?rest_route=\/wp\/v2\/posts"}],"about":[{"href":"https:\/\/ple161.poznan.pl\/index.php?rest_route=\/wp\/v2\/types\/post"}],"author":[{"embeddable":true,"href":"https:\/\/ple161.poznan.pl\/index.php?rest_route=\/wp\/v2\/users\/2"}],"replies":[{"embeddable":true,"href":"https:\/\/ple161.poznan.pl\/index.php?rest_route=%2Fwp%2Fv2%2Fcomments&post=8049"}],"version-history":[{"count":3,"href":"https:\/\/ple161.poznan.pl\/index.php?rest_route=\/wp\/v2\/posts\/8049\/revisions"}],"predecessor-version":[{"id":8086,"href":"https:\/\/ple161.poznan.pl\/index.php?rest_route=\/wp\/v2\/posts\/8049\/revisions\/8086"}],"wp:featuredmedia":[{"embeddable":true,"href":"https:\/\/ple161.poznan.pl\/index.php?rest_route=\/wp\/v2\/media\/6050"}],"wp:attachment":[{"href":"https:\/\/ple161.poznan.pl\/index.php?rest_route=%2Fwp%2Fv2%2Fmedia&parent=8049"}],"wp:term":[{"taxonomy":"category","embeddable":true,"href":"https:\/\/ple161.poznan.pl\/index.php?rest_route=%2Fwp%2Fv2%2Fcategories&post=8049"},{"taxonomy":"post_tag","embeddable":true,"href":"https:\/\/ple161.poznan.pl\/index.php?rest_route=%2Fwp%2Fv2%2Ftags&post=8049"}],"curies":[{"name":"wp","href":"https:\/\/api.w.org\/{rel}","templated":true}]}}