{"id":7968,"date":"2023-02-15T12:04:23","date_gmt":"2023-02-15T11:04:23","guid":{"rendered":"http:\/\/ple161.poznan.pl\/?p=7968"},"modified":"2023-02-21T12:11:36","modified_gmt":"2023-02-21T11:11:36","slug":"dzien-milosci-i-przyjazni","status":"publish","type":"post","link":"https:\/\/ple161.poznan.pl\/?p=7968","title":{"rendered":"Dzie\u0144 mi\u0142o\u015bci i przyja\u017ani"},"content":{"rendered":"<p>To by\u0142 niezwykle ciep\u0142y dzie\u0144 pod znakiem przyja\u017ani i rado\u015bci. W ten dzie\u0144 w spos\u00f3b szczeg\u00f3lny rozmawiali\u015bmy o mi\u0142o\u015bci, przyja\u017ani, kole\u017ce\u0144stwie, wzajemnym szacunku, tolerancji, wybaczaniu, dzieleniu si\u0119 tym, co mamy. I cho\u0107 to trudne dla dzieci s\u0142owa, ka\u017cdy zrozumia\u0142, \u017ce warto jest dawa\u0107, by\u0107 kole\u017ce\u0144skim, \u017cyczliwym, bo \u017cycie jest wtedy rado\u015bniejsze, a my szcz\u0119\u015bliwsi.\u00a0 Tego magicznego dnia obdarowali\u015bmy si\u0119 walentynkami i ciasteczkami.<\/p>\n<p>Fotorelacja w naszej galerii.<\/p>\n","protected":false},"excerpt":{"rendered":"<p>To by\u0142 niezwykle ciep\u0142y dzie\u0144 pod znakiem przyja\u017ani i rado\u015bci. W ten dzie\u0144 w spos\u00f3b szczeg\u00f3lny rozmawiali\u015bmy o mi\u0142o\u015bci, przyja\u017ani, kole\u017ce\u0144stwie, wzajemnym szacunku, tolerancji, wybaczaniu, dzieleniu si\u0119 tym, co mamy. I cho\u0107 to trudne dla dzieci s\u0142owa, ka\u017cdy zrozumia\u0142, \u017ce warto jest dawa\u0107, by\u0107 kole\u017ce\u0144skim, \u017cyczliwym, bo \u017cycie jest wtedy rado\u015bniejsze, a my szcz\u0119\u015bliwsi.\u00a0 Tego [&hellip;]<\/p>\n","protected":false},"author":2,"featured_media":5547,"comment_status":"closed","ping_status":"closed","sticky":false,"template":"","format":"standard","meta":{"ngg_post_thumbnail":0,"footnotes":""},"categories":[4,1],"tags":[],"class_list":["post-7968","post","type-post","status-publish","format-standard","has-post-thumbnail","hentry","category-aktualnosci","category-wydarzenia"],"yoast_head":"<!-- This site is optimized with the Yoast SEO plugin v27.4 - https:\/\/yoast.com\/product\/yoast-seo-wordpress\/ -->\n<title>Dzie\u0144 mi\u0142o\u015bci i przyja\u017ani - Przedszkole im. Ksi\u0119cia Przemys\u0142awa<\/title>\n<meta name=\"robots\" content=\"noindex, follow\" \/>\n<meta property=\"og:locale\" content=\"pl_PL\" \/>\n<meta property=\"og:type\" content=\"article\" \/>\n<meta property=\"og:title\" content=\"Dzie\u0144 mi\u0142o\u015bci i przyja\u017ani - Przedszkole im. Ksi\u0119cia Przemys\u0142awa\" \/>\n<meta property=\"og:description\" content=\"To by\u0142 niezwykle ciep\u0142y dzie\u0144 pod znakiem przyja\u017ani i rado\u015bci. W ten dzie\u0144 w spos\u00f3b szczeg\u00f3lny rozmawiali\u015bmy o mi\u0142o\u015bci, przyja\u017ani, kole\u017ce\u0144stwie, wzajemnym szacunku, tolerancji, wybaczaniu, dzieleniu si\u0119 tym, co mamy. I cho\u0107 to trudne dla dzieci s\u0142owa, ka\u017cdy zrozumia\u0142, \u017ce warto jest dawa\u0107, by\u0107 kole\u017ce\u0144skim, \u017cyczliwym, bo \u017cycie jest wtedy rado\u015bniejsze, a my szcz\u0119\u015bliwsi.\u00a0 Tego [&hellip;]\" \/>\n<meta property=\"og:url\" content=\"https:\/\/www.przedszkole161.pl\/?p=7968\" \/>\n<meta property=\"og:site_name\" content=\"Przedszkole im. Ksi\u0119cia Przemys\u0142awa\" \/>\n<meta property=\"article:published_time\" content=\"2023-02-15T11:04:23+00:00\" \/>\n<meta property=\"article:modified_time\" content=\"2023-02-21T11:11:36+00:00\" \/>\n<meta property=\"og:image\" content=\"https:\/\/www.przedszkole161.pl\/wp-content\/uploads\/2021\/02\/serce.gif\" \/>\n\t<meta property=\"og:image:width\" content=\"250\" \/>\n\t<meta property=\"og:image:height\" content=\"250\" \/>\n\t<meta property=\"og:image:type\" content=\"image\/gif\" \/>\n<meta name=\"author\" content=\"Magda Dulemba\" \/>\n<meta name=\"twitter:card\" content=\"summary_large_image\" \/>\n<meta name=\"twitter:label1\" content=\"Napisane przez\" \/>\n\t<meta name=\"twitter:data1\" content=\"Magda Dulemba\" \/>\n<script type=\"application\/ld+json\" class=\"yoast-schema-graph\">{\"@context\":\"https:\\\/\\\/schema.org\",\"@graph\":[{\"@type\":\"Article\",\"@id\":\"https:\\\/\\\/www.przedszkole161.pl\\\/?p=7968#article\",\"isPartOf\":{\"@id\":\"https:\\\/\\\/www.przedszkole161.pl\\\/?p=7968\"},\"author\":{\"name\":\"Magda Dulemba\",\"@id\":\"https:\\\/\\\/www.przedszkole161.pl\\\/#\\\/schema\\\/person\\\/673325371d681555a8b67c870d21faac\"},\"headline\":\"Dzie\u0144 mi\u0142o\u015bci i przyja\u017ani\",\"datePublished\":\"2023-02-15T11:04:23+00:00\",\"dateModified\":\"2023-02-21T11:11:36+00:00\",\"mainEntityOfPage\":{\"@id\":\"https:\\\/\\\/www.przedszkole161.pl\\\/?p=7968\"},\"wordCount\":91,\"image\":{\"@id\":\"https:\\\/\\\/www.przedszkole161.pl\\\/?p=7968#primaryimage\"},\"thumbnailUrl\":\"https:\\\/\\\/ple161.poznan.pl\\\/wp-content\\\/uploads\\\/2021\\\/02\\\/serce.gif\",\"articleSection\":[\"Aktualno\u015bci\",\"Wydarzenia\"],\"inLanguage\":\"pl-PL\"},{\"@type\":\"WebPage\",\"@id\":\"https:\\\/\\\/www.przedszkole161.pl\\\/?p=7968\",\"url\":\"https:\\\/\\\/www.przedszkole161.pl\\\/?p=7968\",\"name\":\"Dzie\u0144 mi\u0142o\u015bci i przyja\u017ani - Przedszkole im. Ksi\u0119cia Przemys\u0142awa\",\"isPartOf\":{\"@id\":\"https:\\\/\\\/www.przedszkole161.pl\\\/#website\"},\"primaryImageOfPage\":{\"@id\":\"https:\\\/\\\/www.przedszkole161.pl\\\/?p=7968#primaryimage\"},\"image\":{\"@id\":\"https:\\\/\\\/www.przedszkole161.pl\\\/?p=7968#primaryimage\"},\"thumbnailUrl\":\"https:\\\/\\\/ple161.poznan.pl\\\/wp-content\\\/uploads\\\/2021\\\/02\\\/serce.gif\",\"datePublished\":\"2023-02-15T11:04:23+00:00\",\"dateModified\":\"2023-02-21T11:11:36+00:00\",\"author\":{\"@id\":\"https:\\\/\\\/www.przedszkole161.pl\\\/#\\\/schema\\\/person\\\/673325371d681555a8b67c870d21faac\"},\"breadcrumb\":{\"@id\":\"https:\\\/\\\/www.przedszkole161.pl\\\/?p=7968#breadcrumb\"},\"inLanguage\":\"pl-PL\",\"potentialAction\":[{\"@type\":\"ReadAction\",\"target\":[\"https:\\\/\\\/www.przedszkole161.pl\\\/?p=7968\"]}]},{\"@type\":\"ImageObject\",\"inLanguage\":\"pl-PL\",\"@id\":\"https:\\\/\\\/www.przedszkole161.pl\\\/?p=7968#primaryimage\",\"url\":\"https:\\\/\\\/ple161.poznan.pl\\\/wp-content\\\/uploads\\\/2021\\\/02\\\/serce.gif\",\"contentUrl\":\"https:\\\/\\\/ple161.poznan.pl\\\/wp-content\\\/uploads\\\/2021\\\/02\\\/serce.gif\",\"width\":250,\"height\":250},{\"@type\":\"BreadcrumbList\",\"@id\":\"https:\\\/\\\/www.przedszkole161.pl\\\/?p=7968#breadcrumb\",\"itemListElement\":[{\"@type\":\"ListItem\",\"position\":1,\"name\":\"Strona g\u0142\u00f3wna\",\"item\":\"https:\\\/\\\/www.przedszkole161.pl\\\/\"},{\"@type\":\"ListItem\",\"position\":2,\"name\":\"Dzie\u0144 mi\u0142o\u015bci i przyja\u017ani\"}]},{\"@type\":\"WebSite\",\"@id\":\"https:\\\/\\\/www.przedszkole161.pl\\\/#website\",\"url\":\"https:\\\/\\\/www.przedszkole161.pl\\\/\",\"name\":\"Przedszkole im. Ksi\u0119cia Przemys\u0142awa 161\",\"description\":\"\",\"potentialAction\":[{\"@type\":\"SearchAction\",\"target\":{\"@type\":\"EntryPoint\",\"urlTemplate\":\"https:\\\/\\\/www.przedszkole161.pl\\\/?s={search_term_string}\"},\"query-input\":{\"@type\":\"PropertyValueSpecification\",\"valueRequired\":true,\"valueName\":\"search_term_string\"}}],\"inLanguage\":\"pl-PL\"},{\"@type\":\"Person\",\"@id\":\"https:\\\/\\\/www.przedszkole161.pl\\\/#\\\/schema\\\/person\\\/673325371d681555a8b67c870d21faac\",\"name\":\"Magda Dulemba\",\"image\":{\"@type\":\"ImageObject\",\"inLanguage\":\"pl-PL\",\"@id\":\"https:\\\/\\\/secure.gravatar.com\\\/avatar\\\/f6f4cc73208d68c67fc19e1f80620e23d66ef2a923cb26a6d726fbc6a55bbcbc?s=96&d=mm&r=g\",\"url\":\"https:\\\/\\\/secure.gravatar.com\\\/avatar\\\/f6f4cc73208d68c67fc19e1f80620e23d66ef2a923cb26a6d726fbc6a55bbcbc?s=96&d=mm&r=g\",\"contentUrl\":\"https:\\\/\\\/secure.gravatar.com\\\/avatar\\\/f6f4cc73208d68c67fc19e1f80620e23d66ef2a923cb26a6d726fbc6a55bbcbc?s=96&d=mm&r=g\",\"caption\":\"Magda Dulemba\"},\"url\":\"https:\\\/\\\/ple161.poznan.pl\\\/?author=2\"}]}<\/script>\n<!-- \/ Yoast SEO plugin. -->","yoast_head_json":{"title":"Dzie\u0144 mi\u0142o\u015bci i przyja\u017ani - Przedszkole im. Ksi\u0119cia Przemys\u0142awa","robots":{"index":"noindex","follow":"follow"},"og_locale":"pl_PL","og_type":"article","og_title":"Dzie\u0144 mi\u0142o\u015bci i przyja\u017ani - Przedszkole im. Ksi\u0119cia Przemys\u0142awa","og_description":"To by\u0142 niezwykle ciep\u0142y dzie\u0144 pod znakiem przyja\u017ani i rado\u015bci. W ten dzie\u0144 w spos\u00f3b szczeg\u00f3lny rozmawiali\u015bmy o mi\u0142o\u015bci, przyja\u017ani, kole\u017ce\u0144stwie, wzajemnym szacunku, tolerancji, wybaczaniu, dzieleniu si\u0119 tym, co mamy. I cho\u0107 to trudne dla dzieci s\u0142owa, ka\u017cdy zrozumia\u0142, \u017ce warto jest dawa\u0107, by\u0107 kole\u017ce\u0144skim, \u017cyczliwym, bo \u017cycie jest wtedy rado\u015bniejsze, a my szcz\u0119\u015bliwsi.\u00a0 Tego [&hellip;]","og_url":"https:\/\/www.przedszkole161.pl\/?p=7968","og_site_name":"Przedszkole im. Ksi\u0119cia Przemys\u0142awa","article_published_time":"2023-02-15T11:04:23+00:00","article_modified_time":"2023-02-21T11:11:36+00:00","og_image":[{"width":250,"height":250,"url":"https:\/\/www.przedszkole161.pl\/wp-content\/uploads\/2021\/02\/serce.gif","type":"image\/gif"}],"author":"Magda Dulemba","twitter_card":"summary_large_image","twitter_misc":{"Napisane przez":"Magda Dulemba"},"schema":{"@context":"https:\/\/schema.org","@graph":[{"@type":"Article","@id":"https:\/\/www.przedszkole161.pl\/?p=7968#article","isPartOf":{"@id":"https:\/\/www.przedszkole161.pl\/?p=7968"},"author":{"name":"Magda Dulemba","@id":"https:\/\/www.przedszkole161.pl\/#\/schema\/person\/673325371d681555a8b67c870d21faac"},"headline":"Dzie\u0144 mi\u0142o\u015bci i przyja\u017ani","datePublished":"2023-02-15T11:04:23+00:00","dateModified":"2023-02-21T11:11:36+00:00","mainEntityOfPage":{"@id":"https:\/\/www.przedszkole161.pl\/?p=7968"},"wordCount":91,"image":{"@id":"https:\/\/www.przedszkole161.pl\/?p=7968#primaryimage"},"thumbnailUrl":"https:\/\/ple161.poznan.pl\/wp-content\/uploads\/2021\/02\/serce.gif","articleSection":["Aktualno\u015bci","Wydarzenia"],"inLanguage":"pl-PL"},{"@type":"WebPage","@id":"https:\/\/www.przedszkole161.pl\/?p=7968","url":"https:\/\/www.przedszkole161.pl\/?p=7968","name":"Dzie\u0144 mi\u0142o\u015bci i przyja\u017ani - Przedszkole im. Ksi\u0119cia Przemys\u0142awa","isPartOf":{"@id":"https:\/\/www.przedszkole161.pl\/#website"},"primaryImageOfPage":{"@id":"https:\/\/www.przedszkole161.pl\/?p=7968#primaryimage"},"image":{"@id":"https:\/\/www.przedszkole161.pl\/?p=7968#primaryimage"},"thumbnailUrl":"https:\/\/ple161.poznan.pl\/wp-content\/uploads\/2021\/02\/serce.gif","datePublished":"2023-02-15T11:04:23+00:00","dateModified":"2023-02-21T11:11:36+00:00","author":{"@id":"https:\/\/www.przedszkole161.pl\/#\/schema\/person\/673325371d681555a8b67c870d21faac"},"breadcrumb":{"@id":"https:\/\/www.przedszkole161.pl\/?p=7968#breadcrumb"},"inLanguage":"pl-PL","potentialAction":[{"@type":"ReadAction","target":["https:\/\/www.przedszkole161.pl\/?p=7968"]}]},{"@type":"ImageObject","inLanguage":"pl-PL","@id":"https:\/\/www.przedszkole161.pl\/?p=7968#primaryimage","url":"https:\/\/ple161.poznan.pl\/wp-content\/uploads\/2021\/02\/serce.gif","contentUrl":"https:\/\/ple161.poznan.pl\/wp-content\/uploads\/2021\/02\/serce.gif","width":250,"height":250},{"@type":"BreadcrumbList","@id":"https:\/\/www.przedszkole161.pl\/?p=7968#breadcrumb","itemListElement":[{"@type":"ListItem","position":1,"name":"Strona g\u0142\u00f3wna","item":"https:\/\/www.przedszkole161.pl\/"},{"@type":"ListItem","position":2,"name":"Dzie\u0144 mi\u0142o\u015bci i przyja\u017ani"}]},{"@type":"WebSite","@id":"https:\/\/www.przedszkole161.pl\/#website","url":"https:\/\/www.przedszkole161.pl\/","name":"Przedszkole im. Ksi\u0119cia Przemys\u0142awa 161","description":"","potentialAction":[{"@type":"SearchAction","target":{"@type":"EntryPoint","urlTemplate":"https:\/\/www.przedszkole161.pl\/?s={search_term_string}"},"query-input":{"@type":"PropertyValueSpecification","valueRequired":true,"valueName":"search_term_string"}}],"inLanguage":"pl-PL"},{"@type":"Person","@id":"https:\/\/www.przedszkole161.pl\/#\/schema\/person\/673325371d681555a8b67c870d21faac","name":"Magda Dulemba","image":{"@type":"ImageObject","inLanguage":"pl-PL","@id":"https:\/\/secure.gravatar.com\/avatar\/f6f4cc73208d68c67fc19e1f80620e23d66ef2a923cb26a6d726fbc6a55bbcbc?s=96&d=mm&r=g","url":"https:\/\/secure.gravatar.com\/avatar\/f6f4cc73208d68c67fc19e1f80620e23d66ef2a923cb26a6d726fbc6a55bbcbc?s=96&d=mm&r=g","contentUrl":"https:\/\/secure.gravatar.com\/avatar\/f6f4cc73208d68c67fc19e1f80620e23d66ef2a923cb26a6d726fbc6a55bbcbc?s=96&d=mm&r=g","caption":"Magda Dulemba"},"url":"https:\/\/ple161.poznan.pl\/?author=2"}]}},"_links":{"self":[{"href":"https:\/\/ple161.poznan.pl\/index.php?rest_route=\/wp\/v2\/posts\/7968","targetHints":{"allow":["GET"]}}],"collection":[{"href":"https:\/\/ple161.poznan.pl\/index.php?rest_route=\/wp\/v2\/posts"}],"about":[{"href":"https:\/\/ple161.poznan.pl\/index.php?rest_route=\/wp\/v2\/types\/post"}],"author":[{"embeddable":true,"href":"https:\/\/ple161.poznan.pl\/index.php?rest_route=\/wp\/v2\/users\/2"}],"replies":[{"embeddable":true,"href":"https:\/\/ple161.poznan.pl\/index.php?rest_route=%2Fwp%2Fv2%2Fcomments&post=7968"}],"version-history":[{"count":1,"href":"https:\/\/ple161.poznan.pl\/index.php?rest_route=\/wp\/v2\/posts\/7968\/revisions"}],"predecessor-version":[{"id":7969,"href":"https:\/\/ple161.poznan.pl\/index.php?rest_route=\/wp\/v2\/posts\/7968\/revisions\/7969"}],"wp:featuredmedia":[{"embeddable":true,"href":"https:\/\/ple161.poznan.pl\/index.php?rest_route=\/wp\/v2\/media\/5547"}],"wp:attachment":[{"href":"https:\/\/ple161.poznan.pl\/index.php?rest_route=%2Fwp%2Fv2%2Fmedia&parent=7968"}],"wp:term":[{"taxonomy":"category","embeddable":true,"href":"https:\/\/ple161.poznan.pl\/index.php?rest_route=%2Fwp%2Fv2%2Fcategories&post=7968"},{"taxonomy":"post_tag","embeddable":true,"href":"https:\/\/ple161.poznan.pl\/index.php?rest_route=%2Fwp%2Fv2%2Ftags&post=7968"}],"curies":[{"name":"wp","href":"https:\/\/api.w.org\/{rel}","templated":true}]}}