{"id":7960,"date":"2023-02-21T11:13:39","date_gmt":"2023-02-21T10:13:39","guid":{"rendered":"http:\/\/ple161.poznan.pl\/?p=7960"},"modified":"2023-02-27T14:44:06","modified_gmt":"2023-02-27T13:44:06","slug":"7960","status":"publish","type":"post","link":"https:\/\/ple161.poznan.pl\/?p=7960","title":{"rendered":"Drzwi Otwarte"},"content":{"rendered":"<p>&nbsp;<\/p>\n<p><strong><u>PRZEDSZKOLE NR 161, OS. RUSA 7<\/u><\/strong><\/p>\n<p><strong><u>OG\u0141ASZA NAB\u00d3R DZIECI NA ROK SZKOLNY 2023\/2024<\/u><\/strong><\/p>\n<p>Przedszkole liczy 5\u00a0 oddzia\u0142\u00f3w. Uczymy si\u0119 i bawimy od godziny 6.00 do 17:00. Do dyspozycji naszego przedszkola mamy ogrodzony ogr\u00f3d. W grupach nie jest wi\u0119cej ni\u017c pi\u0119tna\u015bcioro\u00a0 dzieci. Nad wychowaniem dzieci czuwa wykwalifikowana kadra pedagogiczna, ci\u0105gle doskonal\u0105ca si\u0119 zawodowo.<\/p>\n<p>Dodatkowe oferty przedszkola:<\/p>\n<ul>\n<li>J\u0119zyk angielski, rytmika, gimnastyka korekcyjna, religia, logopedia, wsp\u00f3\u0142praca z psychologiem.<\/li>\n<li>Organizujemy wycieczki do kina, teatru, wizyty w gospodarstwie agroturystycznym &#8211; je\u015bli nie ma obostrze\u0144.<\/li>\n<li>Uroczy\u015bcie witamy pory roku, uczestniczymy w warsztatach kreatywnych. , koncertach muzycznych,<\/li>\n<li>Dzieci bior\u0105 udzia\u0142 w wielkanocnym \u015bniadaniu i wigilijnym obiedzie.<\/li>\n<li>Organizujemy baliki karnawa\u0142owe dla dzieci z rodzicami i inne uroczysto\u015bci o charakterze rodzinnym.<\/li>\n<li>Dzieci maj\u0105 styczno\u015b\u0107 z nowymi technologiami poprzez zabawy z tablic\u0105 Interaktywn\u0105, robotem Bee-Botem, Ozobotem i Genibotem.<\/li>\n<\/ul>\n<p>Do naszego przedszkola przyjmujemy dzieci w wieku 3- 6 lat.<\/p>\n<p>KARTY ZGLOSZE\u0143 PRZYJMUJEMY OD 14.03.2023r. DO 27.03.2023r.<\/p>\n<p><strong><u>Serdecznie zapraszamy na DZIE\u0143 OTWARTY, kt\u00f3ry odb\u0119dzie si\u0119 07.03.2023 o godz.17.00.<\/u><\/strong><\/p>\n","protected":false},"excerpt":{"rendered":"<p>&nbsp; PRZEDSZKOLE NR 161, OS. RUSA 7 OG\u0141ASZA NAB\u00d3R DZIECI NA ROK SZKOLNY 2023\/2024 Przedszkole liczy 5\u00a0 oddzia\u0142\u00f3w. Uczymy si\u0119 i bawimy od godziny 6.00 do 17:00. Do dyspozycji naszego przedszkola mamy ogrodzony ogr\u00f3d. W grupach nie jest wi\u0119cej ni\u017c pi\u0119tna\u015bcioro\u00a0 dzieci. Nad wychowaniem dzieci czuwa wykwalifikowana kadra pedagogiczna, ci\u0105gle doskonal\u0105ca si\u0119 zawodowo. Dodatkowe oferty [&hellip;]<\/p>\n","protected":false},"author":2,"featured_media":4831,"comment_status":"closed","ping_status":"closed","sticky":false,"template":"","format":"standard","meta":{"ngg_post_thumbnail":0,"footnotes":""},"categories":[4,1],"tags":[],"class_list":["post-7960","post","type-post","status-publish","format-standard","has-post-thumbnail","hentry","category-aktualnosci","category-wydarzenia"],"yoast_head":"<!-- This site is optimized with the Yoast SEO plugin v27.4 - https:\/\/yoast.com\/product\/yoast-seo-wordpress\/ -->\n<title>Drzwi Otwarte - Przedszkole im. Ksi\u0119cia Przemys\u0142awa<\/title>\n<meta name=\"robots\" content=\"noindex, follow\" \/>\n<meta property=\"og:locale\" content=\"pl_PL\" \/>\n<meta property=\"og:type\" content=\"article\" \/>\n<meta property=\"og:title\" content=\"Drzwi Otwarte - Przedszkole im. Ksi\u0119cia Przemys\u0142awa\" \/>\n<meta property=\"og:description\" content=\"&nbsp; PRZEDSZKOLE NR 161, OS. RUSA 7 OG\u0141ASZA NAB\u00d3R DZIECI NA ROK SZKOLNY 2023\/2024 Przedszkole liczy 5\u00a0 oddzia\u0142\u00f3w. Uczymy si\u0119 i bawimy od godziny 6.00 do 17:00. Do dyspozycji naszego przedszkola mamy ogrodzony ogr\u00f3d. W grupach nie jest wi\u0119cej ni\u017c pi\u0119tna\u015bcioro\u00a0 dzieci. Nad wychowaniem dzieci czuwa wykwalifikowana kadra pedagogiczna, ci\u0105gle doskonal\u0105ca si\u0119 zawodowo. Dodatkowe oferty [&hellip;]\" \/>\n<meta property=\"og:url\" content=\"https:\/\/www.przedszkole161.pl\/?p=7960\" \/>\n<meta property=\"og:site_name\" content=\"Przedszkole im. Ksi\u0119cia Przemys\u0142awa\" \/>\n<meta property=\"article:published_time\" content=\"2023-02-21T10:13:39+00:00\" \/>\n<meta property=\"article:modified_time\" content=\"2023-02-27T13:44:06+00:00\" \/>\n<meta property=\"og:image\" content=\"https:\/\/www.przedszkole161.pl\/wp-content\/uploads\/2020\/04\/1-rodzice.gif\" \/>\n\t<meta property=\"og:image:width\" content=\"313\" \/>\n\t<meta property=\"og:image:height\" content=\"226\" \/>\n\t<meta property=\"og:image:type\" content=\"image\/gif\" \/>\n<meta name=\"author\" content=\"Magda Dulemba\" \/>\n<meta name=\"twitter:card\" content=\"summary_large_image\" \/>\n<meta name=\"twitter:label1\" content=\"Napisane przez\" \/>\n\t<meta name=\"twitter:data1\" content=\"Magda Dulemba\" \/>\n\t<meta name=\"twitter:label2\" content=\"Szacowany czas czytania\" \/>\n\t<meta name=\"twitter:data2\" content=\"1 minuta\" \/>\n<script type=\"application\/ld+json\" class=\"yoast-schema-graph\">{\"@context\":\"https:\\\/\\\/schema.org\",\"@graph\":[{\"@type\":\"Article\",\"@id\":\"https:\\\/\\\/www.przedszkole161.pl\\\/?p=7960#article\",\"isPartOf\":{\"@id\":\"https:\\\/\\\/www.przedszkole161.pl\\\/?p=7960\"},\"author\":{\"name\":\"Magda Dulemba\",\"@id\":\"https:\\\/\\\/www.przedszkole161.pl\\\/#\\\/schema\\\/person\\\/673325371d681555a8b67c870d21faac\"},\"headline\":\"Drzwi Otwarte\",\"datePublished\":\"2023-02-21T10:13:39+00:00\",\"dateModified\":\"2023-02-27T13:44:06+00:00\",\"mainEntityOfPage\":{\"@id\":\"https:\\\/\\\/www.przedszkole161.pl\\\/?p=7960\"},\"wordCount\":167,\"image\":{\"@id\":\"https:\\\/\\\/www.przedszkole161.pl\\\/?p=7960#primaryimage\"},\"thumbnailUrl\":\"https:\\\/\\\/ple161.poznan.pl\\\/wp-content\\\/uploads\\\/2020\\\/04\\\/1-rodzice.gif\",\"articleSection\":[\"Aktualno\u015bci\",\"Wydarzenia\"],\"inLanguage\":\"pl-PL\"},{\"@type\":\"WebPage\",\"@id\":\"https:\\\/\\\/www.przedszkole161.pl\\\/?p=7960\",\"url\":\"https:\\\/\\\/www.przedszkole161.pl\\\/?p=7960\",\"name\":\"Drzwi Otwarte - Przedszkole im. Ksi\u0119cia Przemys\u0142awa\",\"isPartOf\":{\"@id\":\"https:\\\/\\\/www.przedszkole161.pl\\\/#website\"},\"primaryImageOfPage\":{\"@id\":\"https:\\\/\\\/www.przedszkole161.pl\\\/?p=7960#primaryimage\"},\"image\":{\"@id\":\"https:\\\/\\\/www.przedszkole161.pl\\\/?p=7960#primaryimage\"},\"thumbnailUrl\":\"https:\\\/\\\/ple161.poznan.pl\\\/wp-content\\\/uploads\\\/2020\\\/04\\\/1-rodzice.gif\",\"datePublished\":\"2023-02-21T10:13:39+00:00\",\"dateModified\":\"2023-02-27T13:44:06+00:00\",\"author\":{\"@id\":\"https:\\\/\\\/www.przedszkole161.pl\\\/#\\\/schema\\\/person\\\/673325371d681555a8b67c870d21faac\"},\"breadcrumb\":{\"@id\":\"https:\\\/\\\/www.przedszkole161.pl\\\/?p=7960#breadcrumb\"},\"inLanguage\":\"pl-PL\",\"potentialAction\":[{\"@type\":\"ReadAction\",\"target\":[\"https:\\\/\\\/www.przedszkole161.pl\\\/?p=7960\"]}]},{\"@type\":\"ImageObject\",\"inLanguage\":\"pl-PL\",\"@id\":\"https:\\\/\\\/www.przedszkole161.pl\\\/?p=7960#primaryimage\",\"url\":\"https:\\\/\\\/ple161.poznan.pl\\\/wp-content\\\/uploads\\\/2020\\\/04\\\/1-rodzice.gif\",\"contentUrl\":\"https:\\\/\\\/ple161.poznan.pl\\\/wp-content\\\/uploads\\\/2020\\\/04\\\/1-rodzice.gif\",\"width\":313,\"height\":226},{\"@type\":\"BreadcrumbList\",\"@id\":\"https:\\\/\\\/www.przedszkole161.pl\\\/?p=7960#breadcrumb\",\"itemListElement\":[{\"@type\":\"ListItem\",\"position\":1,\"name\":\"Strona g\u0142\u00f3wna\",\"item\":\"https:\\\/\\\/www.przedszkole161.pl\\\/\"},{\"@type\":\"ListItem\",\"position\":2,\"name\":\"Drzwi Otwarte\"}]},{\"@type\":\"WebSite\",\"@id\":\"https:\\\/\\\/www.przedszkole161.pl\\\/#website\",\"url\":\"https:\\\/\\\/www.przedszkole161.pl\\\/\",\"name\":\"Przedszkole im. Ksi\u0119cia Przemys\u0142awa 161\",\"description\":\"\",\"potentialAction\":[{\"@type\":\"SearchAction\",\"target\":{\"@type\":\"EntryPoint\",\"urlTemplate\":\"https:\\\/\\\/www.przedszkole161.pl\\\/?s={search_term_string}\"},\"query-input\":{\"@type\":\"PropertyValueSpecification\",\"valueRequired\":true,\"valueName\":\"search_term_string\"}}],\"inLanguage\":\"pl-PL\"},{\"@type\":\"Person\",\"@id\":\"https:\\\/\\\/www.przedszkole161.pl\\\/#\\\/schema\\\/person\\\/673325371d681555a8b67c870d21faac\",\"name\":\"Magda Dulemba\",\"image\":{\"@type\":\"ImageObject\",\"inLanguage\":\"pl-PL\",\"@id\":\"https:\\\/\\\/secure.gravatar.com\\\/avatar\\\/f6f4cc73208d68c67fc19e1f80620e23d66ef2a923cb26a6d726fbc6a55bbcbc?s=96&d=mm&r=g\",\"url\":\"https:\\\/\\\/secure.gravatar.com\\\/avatar\\\/f6f4cc73208d68c67fc19e1f80620e23d66ef2a923cb26a6d726fbc6a55bbcbc?s=96&d=mm&r=g\",\"contentUrl\":\"https:\\\/\\\/secure.gravatar.com\\\/avatar\\\/f6f4cc73208d68c67fc19e1f80620e23d66ef2a923cb26a6d726fbc6a55bbcbc?s=96&d=mm&r=g\",\"caption\":\"Magda Dulemba\"},\"url\":\"https:\\\/\\\/ple161.poznan.pl\\\/?author=2\"}]}<\/script>\n<!-- \/ Yoast SEO plugin. -->","yoast_head_json":{"title":"Drzwi Otwarte - Przedszkole im. Ksi\u0119cia Przemys\u0142awa","robots":{"index":"noindex","follow":"follow"},"og_locale":"pl_PL","og_type":"article","og_title":"Drzwi Otwarte - Przedszkole im. Ksi\u0119cia Przemys\u0142awa","og_description":"&nbsp; PRZEDSZKOLE NR 161, OS. RUSA 7 OG\u0141ASZA NAB\u00d3R DZIECI NA ROK SZKOLNY 2023\/2024 Przedszkole liczy 5\u00a0 oddzia\u0142\u00f3w. Uczymy si\u0119 i bawimy od godziny 6.00 do 17:00. Do dyspozycji naszego przedszkola mamy ogrodzony ogr\u00f3d. W grupach nie jest wi\u0119cej ni\u017c pi\u0119tna\u015bcioro\u00a0 dzieci. Nad wychowaniem dzieci czuwa wykwalifikowana kadra pedagogiczna, ci\u0105gle doskonal\u0105ca si\u0119 zawodowo. Dodatkowe oferty [&hellip;]","og_url":"https:\/\/www.przedszkole161.pl\/?p=7960","og_site_name":"Przedszkole im. Ksi\u0119cia Przemys\u0142awa","article_published_time":"2023-02-21T10:13:39+00:00","article_modified_time":"2023-02-27T13:44:06+00:00","og_image":[{"width":313,"height":226,"url":"https:\/\/www.przedszkole161.pl\/wp-content\/uploads\/2020\/04\/1-rodzice.gif","type":"image\/gif"}],"author":"Magda Dulemba","twitter_card":"summary_large_image","twitter_misc":{"Napisane przez":"Magda Dulemba","Szacowany czas czytania":"1 minuta"},"schema":{"@context":"https:\/\/schema.org","@graph":[{"@type":"Article","@id":"https:\/\/www.przedszkole161.pl\/?p=7960#article","isPartOf":{"@id":"https:\/\/www.przedszkole161.pl\/?p=7960"},"author":{"name":"Magda Dulemba","@id":"https:\/\/www.przedszkole161.pl\/#\/schema\/person\/673325371d681555a8b67c870d21faac"},"headline":"Drzwi Otwarte","datePublished":"2023-02-21T10:13:39+00:00","dateModified":"2023-02-27T13:44:06+00:00","mainEntityOfPage":{"@id":"https:\/\/www.przedszkole161.pl\/?p=7960"},"wordCount":167,"image":{"@id":"https:\/\/www.przedszkole161.pl\/?p=7960#primaryimage"},"thumbnailUrl":"https:\/\/ple161.poznan.pl\/wp-content\/uploads\/2020\/04\/1-rodzice.gif","articleSection":["Aktualno\u015bci","Wydarzenia"],"inLanguage":"pl-PL"},{"@type":"WebPage","@id":"https:\/\/www.przedszkole161.pl\/?p=7960","url":"https:\/\/www.przedszkole161.pl\/?p=7960","name":"Drzwi Otwarte - Przedszkole im. Ksi\u0119cia Przemys\u0142awa","isPartOf":{"@id":"https:\/\/www.przedszkole161.pl\/#website"},"primaryImageOfPage":{"@id":"https:\/\/www.przedszkole161.pl\/?p=7960#primaryimage"},"image":{"@id":"https:\/\/www.przedszkole161.pl\/?p=7960#primaryimage"},"thumbnailUrl":"https:\/\/ple161.poznan.pl\/wp-content\/uploads\/2020\/04\/1-rodzice.gif","datePublished":"2023-02-21T10:13:39+00:00","dateModified":"2023-02-27T13:44:06+00:00","author":{"@id":"https:\/\/www.przedszkole161.pl\/#\/schema\/person\/673325371d681555a8b67c870d21faac"},"breadcrumb":{"@id":"https:\/\/www.przedszkole161.pl\/?p=7960#breadcrumb"},"inLanguage":"pl-PL","potentialAction":[{"@type":"ReadAction","target":["https:\/\/www.przedszkole161.pl\/?p=7960"]}]},{"@type":"ImageObject","inLanguage":"pl-PL","@id":"https:\/\/www.przedszkole161.pl\/?p=7960#primaryimage","url":"https:\/\/ple161.poznan.pl\/wp-content\/uploads\/2020\/04\/1-rodzice.gif","contentUrl":"https:\/\/ple161.poznan.pl\/wp-content\/uploads\/2020\/04\/1-rodzice.gif","width":313,"height":226},{"@type":"BreadcrumbList","@id":"https:\/\/www.przedszkole161.pl\/?p=7960#breadcrumb","itemListElement":[{"@type":"ListItem","position":1,"name":"Strona g\u0142\u00f3wna","item":"https:\/\/www.przedszkole161.pl\/"},{"@type":"ListItem","position":2,"name":"Drzwi Otwarte"}]},{"@type":"WebSite","@id":"https:\/\/www.przedszkole161.pl\/#website","url":"https:\/\/www.przedszkole161.pl\/","name":"Przedszkole im. Ksi\u0119cia Przemys\u0142awa 161","description":"","potentialAction":[{"@type":"SearchAction","target":{"@type":"EntryPoint","urlTemplate":"https:\/\/www.przedszkole161.pl\/?s={search_term_string}"},"query-input":{"@type":"PropertyValueSpecification","valueRequired":true,"valueName":"search_term_string"}}],"inLanguage":"pl-PL"},{"@type":"Person","@id":"https:\/\/www.przedszkole161.pl\/#\/schema\/person\/673325371d681555a8b67c870d21faac","name":"Magda Dulemba","image":{"@type":"ImageObject","inLanguage":"pl-PL","@id":"https:\/\/secure.gravatar.com\/avatar\/f6f4cc73208d68c67fc19e1f80620e23d66ef2a923cb26a6d726fbc6a55bbcbc?s=96&d=mm&r=g","url":"https:\/\/secure.gravatar.com\/avatar\/f6f4cc73208d68c67fc19e1f80620e23d66ef2a923cb26a6d726fbc6a55bbcbc?s=96&d=mm&r=g","contentUrl":"https:\/\/secure.gravatar.com\/avatar\/f6f4cc73208d68c67fc19e1f80620e23d66ef2a923cb26a6d726fbc6a55bbcbc?s=96&d=mm&r=g","caption":"Magda Dulemba"},"url":"https:\/\/ple161.poznan.pl\/?author=2"}]}},"_links":{"self":[{"href":"https:\/\/ple161.poznan.pl\/index.php?rest_route=\/wp\/v2\/posts\/7960","targetHints":{"allow":["GET"]}}],"collection":[{"href":"https:\/\/ple161.poznan.pl\/index.php?rest_route=\/wp\/v2\/posts"}],"about":[{"href":"https:\/\/ple161.poznan.pl\/index.php?rest_route=\/wp\/v2\/types\/post"}],"author":[{"embeddable":true,"href":"https:\/\/ple161.poznan.pl\/index.php?rest_route=\/wp\/v2\/users\/2"}],"replies":[{"embeddable":true,"href":"https:\/\/ple161.poznan.pl\/index.php?rest_route=%2Fwp%2Fv2%2Fcomments&post=7960"}],"version-history":[{"count":5,"href":"https:\/\/ple161.poznan.pl\/index.php?rest_route=\/wp\/v2\/posts\/7960\/revisions"}],"predecessor-version":[{"id":8014,"href":"https:\/\/ple161.poznan.pl\/index.php?rest_route=\/wp\/v2\/posts\/7960\/revisions\/8014"}],"wp:featuredmedia":[{"embeddable":true,"href":"https:\/\/ple161.poznan.pl\/index.php?rest_route=\/wp\/v2\/media\/4831"}],"wp:attachment":[{"href":"https:\/\/ple161.poznan.pl\/index.php?rest_route=%2Fwp%2Fv2%2Fmedia&parent=7960"}],"wp:term":[{"taxonomy":"category","embeddable":true,"href":"https:\/\/ple161.poznan.pl\/index.php?rest_route=%2Fwp%2Fv2%2Fcategories&post=7960"},{"taxonomy":"post_tag","embeddable":true,"href":"https:\/\/ple161.poznan.pl\/index.php?rest_route=%2Fwp%2Fv2%2Ftags&post=7960"}],"curies":[{"name":"wp","href":"https:\/\/api.w.org\/{rel}","templated":true}]}}