{"id":7859,"date":"2022-12-20T16:28:19","date_gmt":"2022-12-20T15:28:19","guid":{"rendered":"http:\/\/ple161.poznan.pl\/?p=7859"},"modified":"2023-01-06T16:29:00","modified_gmt":"2023-01-06T15:29:00","slug":"warsztaty-z-panem-pianka","status":"publish","type":"post","link":"https:\/\/ple161.poznan.pl\/?p=7859","title":{"rendered":"Warsztaty z Panem Piank\u0105"},"content":{"rendered":"<p>Pan Pianka za pomoc\u0105 swoich magicznych piankowych klock\u00f3w przeni\u00f3s\u0142 nas w \u015bwi\u0105teczny czas. Klocki klei\u0142y na wod\u0119 i modelowa\u0142y na r\u00f3\u017cne sposoby a przede wszystkim by\u0142y dla nas bezpieczne (wykonane z skrobi kukurydzianej\u00a0 \u00a0 i barwnik\u00f3w spo\u017cywczych) oraz dostosowane do wieku dzieci.<\/p>\n<p>Przedszkolaki przy u\u017cyciu klock\u00f3w piankowych pod okiem Pana Pianki tworzy\u0142y prawdziwe dzie\u0142a plastyczne.<\/p>\n<p>Warsztaty z klockami piankowymi by\u0142y bardzo dobr\u0105 okazj\u0105, aby wzbudzi\u0107 kreatywny rozw\u00f3j dziecka, rozwija\u0107 wyobra\u017ani\u0119 i zdolno\u015bci motoryczne oraz uczy\u0107 jak pracowa\u0107 w grupie.<\/p>\n","protected":false},"excerpt":{"rendered":"<p>Pan Pianka za pomoc\u0105 swoich magicznych piankowych klock\u00f3w przeni\u00f3s\u0142 nas w \u015bwi\u0105teczny czas. Klocki klei\u0142y na wod\u0119 i modelowa\u0142y na r\u00f3\u017cne sposoby a przede wszystkim by\u0142y dla nas bezpieczne (wykonane z skrobi kukurydzianej\u00a0 \u00a0 i barwnik\u00f3w spo\u017cywczych) oraz dostosowane do wieku dzieci. Przedszkolaki przy u\u017cyciu klock\u00f3w piankowych pod okiem Pana Pianki tworzy\u0142y prawdziwe dzie\u0142a plastyczne. [&hellip;]<\/p>\n","protected":false},"author":2,"featured_media":7860,"comment_status":"closed","ping_status":"closed","sticky":false,"template":"","format":"standard","meta":{"ngg_post_thumbnail":0,"footnotes":""},"categories":[4,1],"tags":[],"class_list":["post-7859","post","type-post","status-publish","format-standard","has-post-thumbnail","hentry","category-aktualnosci","category-wydarzenia"],"yoast_head":"<!-- This site is optimized with the Yoast SEO plugin v27.4 - https:\/\/yoast.com\/product\/yoast-seo-wordpress\/ -->\n<title>Warsztaty z Panem Piank\u0105 - Przedszkole im. Ksi\u0119cia Przemys\u0142awa<\/title>\n<meta name=\"robots\" content=\"noindex, follow\" \/>\n<meta property=\"og:locale\" content=\"pl_PL\" \/>\n<meta property=\"og:type\" content=\"article\" \/>\n<meta property=\"og:title\" content=\"Warsztaty z Panem Piank\u0105 - Przedszkole im. Ksi\u0119cia Przemys\u0142awa\" \/>\n<meta property=\"og:description\" content=\"Pan Pianka za pomoc\u0105 swoich magicznych piankowych klock\u00f3w przeni\u00f3s\u0142 nas w \u015bwi\u0105teczny czas. Klocki klei\u0142y na wod\u0119 i modelowa\u0142y na r\u00f3\u017cne sposoby a przede wszystkim by\u0142y dla nas bezpieczne (wykonane z skrobi kukurydzianej\u00a0 \u00a0 i barwnik\u00f3w spo\u017cywczych) oraz dostosowane do wieku dzieci. Przedszkolaki przy u\u017cyciu klock\u00f3w piankowych pod okiem Pana Pianki tworzy\u0142y prawdziwe dzie\u0142a plastyczne. [&hellip;]\" \/>\n<meta property=\"og:url\" content=\"https:\/\/www.przedszkole161.pl\/?p=7859\" \/>\n<meta property=\"og:site_name\" content=\"Przedszkole im. Ksi\u0119cia Przemys\u0142awa\" \/>\n<meta property=\"article:published_time\" content=\"2022-12-20T15:28:19+00:00\" \/>\n<meta property=\"article:modified_time\" content=\"2023-01-06T15:29:00+00:00\" \/>\n<meta property=\"og:image\" content=\"https:\/\/www.przedszkole161.pl\/wp-content\/uploads\/2023\/01\/IMG_1632.jpg\" \/>\n\t<meta property=\"og:image:width\" content=\"457\" \/>\n\t<meta property=\"og:image:height\" content=\"640\" \/>\n\t<meta property=\"og:image:type\" content=\"image\/jpeg\" \/>\n<meta name=\"author\" content=\"Magda Dulemba\" \/>\n<meta name=\"twitter:card\" content=\"summary_large_image\" \/>\n<meta name=\"twitter:label1\" content=\"Napisane przez\" \/>\n\t<meta name=\"twitter:data1\" content=\"Magda Dulemba\" \/>\n<script type=\"application\/ld+json\" class=\"yoast-schema-graph\">{\"@context\":\"https:\\\/\\\/schema.org\",\"@graph\":[{\"@type\":\"Article\",\"@id\":\"https:\\\/\\\/www.przedszkole161.pl\\\/?p=7859#article\",\"isPartOf\":{\"@id\":\"https:\\\/\\\/www.przedszkole161.pl\\\/?p=7859\"},\"author\":{\"name\":\"Magda Dulemba\",\"@id\":\"https:\\\/\\\/www.przedszkole161.pl\\\/#\\\/schema\\\/person\\\/673325371d681555a8b67c870d21faac\"},\"headline\":\"Warsztaty z Panem Piank\u0105\",\"datePublished\":\"2022-12-20T15:28:19+00:00\",\"dateModified\":\"2023-01-06T15:29:00+00:00\",\"mainEntityOfPage\":{\"@id\":\"https:\\\/\\\/www.przedszkole161.pl\\\/?p=7859\"},\"wordCount\":99,\"image\":{\"@id\":\"https:\\\/\\\/www.przedszkole161.pl\\\/?p=7859#primaryimage\"},\"thumbnailUrl\":\"https:\\\/\\\/ple161.poznan.pl\\\/wp-content\\\/uploads\\\/2023\\\/01\\\/IMG_1632.jpg\",\"articleSection\":[\"Aktualno\u015bci\",\"Wydarzenia\"],\"inLanguage\":\"pl-PL\"},{\"@type\":\"WebPage\",\"@id\":\"https:\\\/\\\/www.przedszkole161.pl\\\/?p=7859\",\"url\":\"https:\\\/\\\/www.przedszkole161.pl\\\/?p=7859\",\"name\":\"Warsztaty z Panem Piank\u0105 - Przedszkole im. Ksi\u0119cia Przemys\u0142awa\",\"isPartOf\":{\"@id\":\"https:\\\/\\\/www.przedszkole161.pl\\\/#website\"},\"primaryImageOfPage\":{\"@id\":\"https:\\\/\\\/www.przedszkole161.pl\\\/?p=7859#primaryimage\"},\"image\":{\"@id\":\"https:\\\/\\\/www.przedszkole161.pl\\\/?p=7859#primaryimage\"},\"thumbnailUrl\":\"https:\\\/\\\/ple161.poznan.pl\\\/wp-content\\\/uploads\\\/2023\\\/01\\\/IMG_1632.jpg\",\"datePublished\":\"2022-12-20T15:28:19+00:00\",\"dateModified\":\"2023-01-06T15:29:00+00:00\",\"author\":{\"@id\":\"https:\\\/\\\/www.przedszkole161.pl\\\/#\\\/schema\\\/person\\\/673325371d681555a8b67c870d21faac\"},\"breadcrumb\":{\"@id\":\"https:\\\/\\\/www.przedszkole161.pl\\\/?p=7859#breadcrumb\"},\"inLanguage\":\"pl-PL\",\"potentialAction\":[{\"@type\":\"ReadAction\",\"target\":[\"https:\\\/\\\/www.przedszkole161.pl\\\/?p=7859\"]}]},{\"@type\":\"ImageObject\",\"inLanguage\":\"pl-PL\",\"@id\":\"https:\\\/\\\/www.przedszkole161.pl\\\/?p=7859#primaryimage\",\"url\":\"https:\\\/\\\/ple161.poznan.pl\\\/wp-content\\\/uploads\\\/2023\\\/01\\\/IMG_1632.jpg\",\"contentUrl\":\"https:\\\/\\\/ple161.poznan.pl\\\/wp-content\\\/uploads\\\/2023\\\/01\\\/IMG_1632.jpg\",\"width\":457,\"height\":640},{\"@type\":\"BreadcrumbList\",\"@id\":\"https:\\\/\\\/www.przedszkole161.pl\\\/?p=7859#breadcrumb\",\"itemListElement\":[{\"@type\":\"ListItem\",\"position\":1,\"name\":\"Strona g\u0142\u00f3wna\",\"item\":\"https:\\\/\\\/www.przedszkole161.pl\\\/\"},{\"@type\":\"ListItem\",\"position\":2,\"name\":\"Warsztaty z Panem Piank\u0105\"}]},{\"@type\":\"WebSite\",\"@id\":\"https:\\\/\\\/www.przedszkole161.pl\\\/#website\",\"url\":\"https:\\\/\\\/www.przedszkole161.pl\\\/\",\"name\":\"Przedszkole im. Ksi\u0119cia Przemys\u0142awa 161\",\"description\":\"\",\"potentialAction\":[{\"@type\":\"SearchAction\",\"target\":{\"@type\":\"EntryPoint\",\"urlTemplate\":\"https:\\\/\\\/www.przedszkole161.pl\\\/?s={search_term_string}\"},\"query-input\":{\"@type\":\"PropertyValueSpecification\",\"valueRequired\":true,\"valueName\":\"search_term_string\"}}],\"inLanguage\":\"pl-PL\"},{\"@type\":\"Person\",\"@id\":\"https:\\\/\\\/www.przedszkole161.pl\\\/#\\\/schema\\\/person\\\/673325371d681555a8b67c870d21faac\",\"name\":\"Magda Dulemba\",\"image\":{\"@type\":\"ImageObject\",\"inLanguage\":\"pl-PL\",\"@id\":\"https:\\\/\\\/secure.gravatar.com\\\/avatar\\\/f6f4cc73208d68c67fc19e1f80620e23d66ef2a923cb26a6d726fbc6a55bbcbc?s=96&d=mm&r=g\",\"url\":\"https:\\\/\\\/secure.gravatar.com\\\/avatar\\\/f6f4cc73208d68c67fc19e1f80620e23d66ef2a923cb26a6d726fbc6a55bbcbc?s=96&d=mm&r=g\",\"contentUrl\":\"https:\\\/\\\/secure.gravatar.com\\\/avatar\\\/f6f4cc73208d68c67fc19e1f80620e23d66ef2a923cb26a6d726fbc6a55bbcbc?s=96&d=mm&r=g\",\"caption\":\"Magda Dulemba\"},\"url\":\"https:\\\/\\\/ple161.poznan.pl\\\/?author=2\"}]}<\/script>\n<!-- \/ Yoast SEO plugin. -->","yoast_head_json":{"title":"Warsztaty z Panem Piank\u0105 - Przedszkole im. Ksi\u0119cia Przemys\u0142awa","robots":{"index":"noindex","follow":"follow"},"og_locale":"pl_PL","og_type":"article","og_title":"Warsztaty z Panem Piank\u0105 - Przedszkole im. Ksi\u0119cia Przemys\u0142awa","og_description":"Pan Pianka za pomoc\u0105 swoich magicznych piankowych klock\u00f3w przeni\u00f3s\u0142 nas w \u015bwi\u0105teczny czas. Klocki klei\u0142y na wod\u0119 i modelowa\u0142y na r\u00f3\u017cne sposoby a przede wszystkim by\u0142y dla nas bezpieczne (wykonane z skrobi kukurydzianej\u00a0 \u00a0 i barwnik\u00f3w spo\u017cywczych) oraz dostosowane do wieku dzieci. Przedszkolaki przy u\u017cyciu klock\u00f3w piankowych pod okiem Pana Pianki tworzy\u0142y prawdziwe dzie\u0142a plastyczne. [&hellip;]","og_url":"https:\/\/www.przedszkole161.pl\/?p=7859","og_site_name":"Przedszkole im. Ksi\u0119cia Przemys\u0142awa","article_published_time":"2022-12-20T15:28:19+00:00","article_modified_time":"2023-01-06T15:29:00+00:00","og_image":[{"width":457,"height":640,"url":"https:\/\/www.przedszkole161.pl\/wp-content\/uploads\/2023\/01\/IMG_1632.jpg","type":"image\/jpeg"}],"author":"Magda Dulemba","twitter_card":"summary_large_image","twitter_misc":{"Napisane przez":"Magda Dulemba"},"schema":{"@context":"https:\/\/schema.org","@graph":[{"@type":"Article","@id":"https:\/\/www.przedszkole161.pl\/?p=7859#article","isPartOf":{"@id":"https:\/\/www.przedszkole161.pl\/?p=7859"},"author":{"name":"Magda Dulemba","@id":"https:\/\/www.przedszkole161.pl\/#\/schema\/person\/673325371d681555a8b67c870d21faac"},"headline":"Warsztaty z Panem Piank\u0105","datePublished":"2022-12-20T15:28:19+00:00","dateModified":"2023-01-06T15:29:00+00:00","mainEntityOfPage":{"@id":"https:\/\/www.przedszkole161.pl\/?p=7859"},"wordCount":99,"image":{"@id":"https:\/\/www.przedszkole161.pl\/?p=7859#primaryimage"},"thumbnailUrl":"https:\/\/ple161.poznan.pl\/wp-content\/uploads\/2023\/01\/IMG_1632.jpg","articleSection":["Aktualno\u015bci","Wydarzenia"],"inLanguage":"pl-PL"},{"@type":"WebPage","@id":"https:\/\/www.przedszkole161.pl\/?p=7859","url":"https:\/\/www.przedszkole161.pl\/?p=7859","name":"Warsztaty z Panem Piank\u0105 - Przedszkole im. Ksi\u0119cia Przemys\u0142awa","isPartOf":{"@id":"https:\/\/www.przedszkole161.pl\/#website"},"primaryImageOfPage":{"@id":"https:\/\/www.przedszkole161.pl\/?p=7859#primaryimage"},"image":{"@id":"https:\/\/www.przedszkole161.pl\/?p=7859#primaryimage"},"thumbnailUrl":"https:\/\/ple161.poznan.pl\/wp-content\/uploads\/2023\/01\/IMG_1632.jpg","datePublished":"2022-12-20T15:28:19+00:00","dateModified":"2023-01-06T15:29:00+00:00","author":{"@id":"https:\/\/www.przedszkole161.pl\/#\/schema\/person\/673325371d681555a8b67c870d21faac"},"breadcrumb":{"@id":"https:\/\/www.przedszkole161.pl\/?p=7859#breadcrumb"},"inLanguage":"pl-PL","potentialAction":[{"@type":"ReadAction","target":["https:\/\/www.przedszkole161.pl\/?p=7859"]}]},{"@type":"ImageObject","inLanguage":"pl-PL","@id":"https:\/\/www.przedszkole161.pl\/?p=7859#primaryimage","url":"https:\/\/ple161.poznan.pl\/wp-content\/uploads\/2023\/01\/IMG_1632.jpg","contentUrl":"https:\/\/ple161.poznan.pl\/wp-content\/uploads\/2023\/01\/IMG_1632.jpg","width":457,"height":640},{"@type":"BreadcrumbList","@id":"https:\/\/www.przedszkole161.pl\/?p=7859#breadcrumb","itemListElement":[{"@type":"ListItem","position":1,"name":"Strona g\u0142\u00f3wna","item":"https:\/\/www.przedszkole161.pl\/"},{"@type":"ListItem","position":2,"name":"Warsztaty z Panem Piank\u0105"}]},{"@type":"WebSite","@id":"https:\/\/www.przedszkole161.pl\/#website","url":"https:\/\/www.przedszkole161.pl\/","name":"Przedszkole im. Ksi\u0119cia Przemys\u0142awa 161","description":"","potentialAction":[{"@type":"SearchAction","target":{"@type":"EntryPoint","urlTemplate":"https:\/\/www.przedszkole161.pl\/?s={search_term_string}"},"query-input":{"@type":"PropertyValueSpecification","valueRequired":true,"valueName":"search_term_string"}}],"inLanguage":"pl-PL"},{"@type":"Person","@id":"https:\/\/www.przedszkole161.pl\/#\/schema\/person\/673325371d681555a8b67c870d21faac","name":"Magda Dulemba","image":{"@type":"ImageObject","inLanguage":"pl-PL","@id":"https:\/\/secure.gravatar.com\/avatar\/f6f4cc73208d68c67fc19e1f80620e23d66ef2a923cb26a6d726fbc6a55bbcbc?s=96&d=mm&r=g","url":"https:\/\/secure.gravatar.com\/avatar\/f6f4cc73208d68c67fc19e1f80620e23d66ef2a923cb26a6d726fbc6a55bbcbc?s=96&d=mm&r=g","contentUrl":"https:\/\/secure.gravatar.com\/avatar\/f6f4cc73208d68c67fc19e1f80620e23d66ef2a923cb26a6d726fbc6a55bbcbc?s=96&d=mm&r=g","caption":"Magda Dulemba"},"url":"https:\/\/ple161.poznan.pl\/?author=2"}]}},"_links":{"self":[{"href":"https:\/\/ple161.poznan.pl\/index.php?rest_route=\/wp\/v2\/posts\/7859","targetHints":{"allow":["GET"]}}],"collection":[{"href":"https:\/\/ple161.poznan.pl\/index.php?rest_route=\/wp\/v2\/posts"}],"about":[{"href":"https:\/\/ple161.poznan.pl\/index.php?rest_route=\/wp\/v2\/types\/post"}],"author":[{"embeddable":true,"href":"https:\/\/ple161.poznan.pl\/index.php?rest_route=\/wp\/v2\/users\/2"}],"replies":[{"embeddable":true,"href":"https:\/\/ple161.poznan.pl\/index.php?rest_route=%2Fwp%2Fv2%2Fcomments&post=7859"}],"version-history":[{"count":1,"href":"https:\/\/ple161.poznan.pl\/index.php?rest_route=\/wp\/v2\/posts\/7859\/revisions"}],"predecessor-version":[{"id":7861,"href":"https:\/\/ple161.poznan.pl\/index.php?rest_route=\/wp\/v2\/posts\/7859\/revisions\/7861"}],"wp:featuredmedia":[{"embeddable":true,"href":"https:\/\/ple161.poznan.pl\/index.php?rest_route=\/wp\/v2\/media\/7860"}],"wp:attachment":[{"href":"https:\/\/ple161.poznan.pl\/index.php?rest_route=%2Fwp%2Fv2%2Fmedia&parent=7859"}],"wp:term":[{"taxonomy":"category","embeddable":true,"href":"https:\/\/ple161.poznan.pl\/index.php?rest_route=%2Fwp%2Fv2%2Fcategories&post=7859"},{"taxonomy":"post_tag","embeddable":true,"href":"https:\/\/ple161.poznan.pl\/index.php?rest_route=%2Fwp%2Fv2%2Ftags&post=7859"}],"curies":[{"name":"wp","href":"https:\/\/api.w.org\/{rel}","templated":true}]}}