{"id":7855,"date":"2022-12-23T22:25:41","date_gmt":"2022-12-23T21:25:41","guid":{"rendered":"http:\/\/ple161.poznan.pl\/?p=7855"},"modified":"2023-01-04T22:34:03","modified_gmt":"2023-01-04T21:34:03","slug":"wyniki-konkursu-swiateczny-stroik","status":"publish","type":"post","link":"https:\/\/ple161.poznan.pl\/?p=7855","title":{"rendered":"Wyniki konkursu &#8221; \u015awi\u0105teczny stroik&#8221;"},"content":{"rendered":"<p>Konkurs na najpi\u0119kniejszy stroik Bo\u017conarodzeniowy mia\u0142 na celu podkre\u015blenie roli tradycji \u015awi\u0105t Bo\u017cego Narodzenia, aktywizacj\u0119\u00a0 oraz wspieranie tw\u00f3rczo\u015bci dzieci. Komisja konkursowa oceniaj\u0105ca prace nie mia\u0142a \u0142atwego zdania. Nades\u0142ane stroiki \u015bwi\u0105teczne zachwyca\u0142y swoim pi\u0119knem, oryginalno\u015bci\u0105 oraz pomys\u0142owo\u015bci\u0105<strong><em> . <\/em><\/strong>Wszystkim uczestnikom dzi\u0119kujemy za udzia\u0142 i zaanga\u017cowanie w wykonanie konkursowych prac. \u017byczymy\u00a0 dalszego rozwijania tw\u00f3rczo\u015bci artystycznej oraz wielu sukces\u00f3w.<\/p>\n","protected":false},"excerpt":{"rendered":"<p>Konkurs na najpi\u0119kniejszy stroik Bo\u017conarodzeniowy mia\u0142 na celu podkre\u015blenie roli tradycji \u015awi\u0105t Bo\u017cego Narodzenia, aktywizacj\u0119\u00a0 oraz wspieranie tw\u00f3rczo\u015bci dzieci. Komisja konkursowa oceniaj\u0105ca prace nie mia\u0142a \u0142atwego zdania. Nades\u0142ane stroiki \u015bwi\u0105teczne zachwyca\u0142y swoim pi\u0119knem, oryginalno\u015bci\u0105 oraz pomys\u0142owo\u015bci\u0105 . Wszystkim uczestnikom dzi\u0119kujemy za udzia\u0142 i zaanga\u017cowanie w wykonanie konkursowych prac. \u017byczymy\u00a0 dalszego rozwijania tw\u00f3rczo\u015bci artystycznej oraz wielu [&hellip;]<\/p>\n","protected":false},"author":2,"featured_media":7857,"comment_status":"closed","ping_status":"closed","sticky":false,"template":"","format":"standard","meta":{"ngg_post_thumbnail":0,"footnotes":""},"categories":[4,1],"tags":[],"class_list":["post-7855","post","type-post","status-publish","format-standard","has-post-thumbnail","hentry","category-aktualnosci","category-wydarzenia"],"yoast_head":"<!-- This site is optimized with the Yoast SEO plugin v27.4 - https:\/\/yoast.com\/product\/yoast-seo-wordpress\/ -->\n<title>Wyniki konkursu &quot; \u015awi\u0105teczny stroik&quot; - Przedszkole im. Ksi\u0119cia Przemys\u0142awa<\/title>\n<meta name=\"robots\" content=\"noindex, follow\" \/>\n<meta property=\"og:locale\" content=\"pl_PL\" \/>\n<meta property=\"og:type\" content=\"article\" \/>\n<meta property=\"og:title\" content=\"Wyniki konkursu &quot; \u015awi\u0105teczny stroik&quot; - Przedszkole im. Ksi\u0119cia Przemys\u0142awa\" \/>\n<meta property=\"og:description\" content=\"Konkurs na najpi\u0119kniejszy stroik Bo\u017conarodzeniowy mia\u0142 na celu podkre\u015blenie roli tradycji \u015awi\u0105t Bo\u017cego Narodzenia, aktywizacj\u0119\u00a0 oraz wspieranie tw\u00f3rczo\u015bci dzieci. Komisja konkursowa oceniaj\u0105ca prace nie mia\u0142a \u0142atwego zdania. Nades\u0142ane stroiki \u015bwi\u0105teczne zachwyca\u0142y swoim pi\u0119knem, oryginalno\u015bci\u0105 oraz pomys\u0142owo\u015bci\u0105 . Wszystkim uczestnikom dzi\u0119kujemy za udzia\u0142 i zaanga\u017cowanie w wykonanie konkursowych prac. \u017byczymy\u00a0 dalszego rozwijania tw\u00f3rczo\u015bci artystycznej oraz wielu [&hellip;]\" \/>\n<meta property=\"og:url\" content=\"https:\/\/www.przedszkole161.pl\/?p=7855\" \/>\n<meta property=\"og:site_name\" content=\"Przedszkole im. Ksi\u0119cia Przemys\u0142awa\" \/>\n<meta property=\"article:published_time\" content=\"2022-12-23T21:25:41+00:00\" \/>\n<meta property=\"article:modified_time\" content=\"2023-01-04T21:34:03+00:00\" \/>\n<meta property=\"og:image\" content=\"https:\/\/www.przedszkole161.pl\/wp-content\/uploads\/2023\/01\/IMG_1602.jpg\" \/>\n\t<meta property=\"og:image:width\" content=\"1280\" \/>\n\t<meta property=\"og:image:height\" content=\"1511\" \/>\n\t<meta property=\"og:image:type\" content=\"image\/jpeg\" \/>\n<meta name=\"author\" content=\"Magda Dulemba\" \/>\n<meta name=\"twitter:card\" content=\"summary_large_image\" \/>\n<meta name=\"twitter:label1\" content=\"Napisane przez\" \/>\n\t<meta name=\"twitter:data1\" content=\"Magda Dulemba\" \/>\n<script type=\"application\/ld+json\" class=\"yoast-schema-graph\">{\"@context\":\"https:\\\/\\\/schema.org\",\"@graph\":[{\"@type\":\"Article\",\"@id\":\"https:\\\/\\\/www.przedszkole161.pl\\\/?p=7855#article\",\"isPartOf\":{\"@id\":\"https:\\\/\\\/www.przedszkole161.pl\\\/?p=7855\"},\"author\":{\"name\":\"Magda Dulemba\",\"@id\":\"https:\\\/\\\/www.przedszkole161.pl\\\/#\\\/schema\\\/person\\\/673325371d681555a8b67c870d21faac\"},\"headline\":\"Wyniki konkursu &#8221; \u015awi\u0105teczny stroik&#8221;\",\"datePublished\":\"2022-12-23T21:25:41+00:00\",\"dateModified\":\"2023-01-04T21:34:03+00:00\",\"mainEntityOfPage\":{\"@id\":\"https:\\\/\\\/www.przedszkole161.pl\\\/?p=7855\"},\"wordCount\":81,\"image\":{\"@id\":\"https:\\\/\\\/www.przedszkole161.pl\\\/?p=7855#primaryimage\"},\"thumbnailUrl\":\"https:\\\/\\\/ple161.poznan.pl\\\/wp-content\\\/uploads\\\/2023\\\/01\\\/IMG_1602.jpg\",\"articleSection\":[\"Aktualno\u015bci\",\"Wydarzenia\"],\"inLanguage\":\"pl-PL\"},{\"@type\":\"WebPage\",\"@id\":\"https:\\\/\\\/www.przedszkole161.pl\\\/?p=7855\",\"url\":\"https:\\\/\\\/www.przedszkole161.pl\\\/?p=7855\",\"name\":\"Wyniki konkursu \\\" \u015awi\u0105teczny stroik\\\" - Przedszkole im. Ksi\u0119cia Przemys\u0142awa\",\"isPartOf\":{\"@id\":\"https:\\\/\\\/www.przedszkole161.pl\\\/#website\"},\"primaryImageOfPage\":{\"@id\":\"https:\\\/\\\/www.przedszkole161.pl\\\/?p=7855#primaryimage\"},\"image\":{\"@id\":\"https:\\\/\\\/www.przedszkole161.pl\\\/?p=7855#primaryimage\"},\"thumbnailUrl\":\"https:\\\/\\\/ple161.poznan.pl\\\/wp-content\\\/uploads\\\/2023\\\/01\\\/IMG_1602.jpg\",\"datePublished\":\"2022-12-23T21:25:41+00:00\",\"dateModified\":\"2023-01-04T21:34:03+00:00\",\"author\":{\"@id\":\"https:\\\/\\\/www.przedszkole161.pl\\\/#\\\/schema\\\/person\\\/673325371d681555a8b67c870d21faac\"},\"breadcrumb\":{\"@id\":\"https:\\\/\\\/www.przedszkole161.pl\\\/?p=7855#breadcrumb\"},\"inLanguage\":\"pl-PL\",\"potentialAction\":[{\"@type\":\"ReadAction\",\"target\":[\"https:\\\/\\\/www.przedszkole161.pl\\\/?p=7855\"]}]},{\"@type\":\"ImageObject\",\"inLanguage\":\"pl-PL\",\"@id\":\"https:\\\/\\\/www.przedszkole161.pl\\\/?p=7855#primaryimage\",\"url\":\"https:\\\/\\\/ple161.poznan.pl\\\/wp-content\\\/uploads\\\/2023\\\/01\\\/IMG_1602.jpg\",\"contentUrl\":\"https:\\\/\\\/ple161.poznan.pl\\\/wp-content\\\/uploads\\\/2023\\\/01\\\/IMG_1602.jpg\",\"width\":1280,\"height\":1511},{\"@type\":\"BreadcrumbList\",\"@id\":\"https:\\\/\\\/www.przedszkole161.pl\\\/?p=7855#breadcrumb\",\"itemListElement\":[{\"@type\":\"ListItem\",\"position\":1,\"name\":\"Strona g\u0142\u00f3wna\",\"item\":\"https:\\\/\\\/www.przedszkole161.pl\\\/\"},{\"@type\":\"ListItem\",\"position\":2,\"name\":\"Wyniki konkursu &#8221; \u015awi\u0105teczny stroik&#8221;\"}]},{\"@type\":\"WebSite\",\"@id\":\"https:\\\/\\\/www.przedszkole161.pl\\\/#website\",\"url\":\"https:\\\/\\\/www.przedszkole161.pl\\\/\",\"name\":\"Przedszkole im. Ksi\u0119cia Przemys\u0142awa 161\",\"description\":\"\",\"potentialAction\":[{\"@type\":\"SearchAction\",\"target\":{\"@type\":\"EntryPoint\",\"urlTemplate\":\"https:\\\/\\\/www.przedszkole161.pl\\\/?s={search_term_string}\"},\"query-input\":{\"@type\":\"PropertyValueSpecification\",\"valueRequired\":true,\"valueName\":\"search_term_string\"}}],\"inLanguage\":\"pl-PL\"},{\"@type\":\"Person\",\"@id\":\"https:\\\/\\\/www.przedszkole161.pl\\\/#\\\/schema\\\/person\\\/673325371d681555a8b67c870d21faac\",\"name\":\"Magda Dulemba\",\"image\":{\"@type\":\"ImageObject\",\"inLanguage\":\"pl-PL\",\"@id\":\"https:\\\/\\\/secure.gravatar.com\\\/avatar\\\/f6f4cc73208d68c67fc19e1f80620e23d66ef2a923cb26a6d726fbc6a55bbcbc?s=96&d=mm&r=g\",\"url\":\"https:\\\/\\\/secure.gravatar.com\\\/avatar\\\/f6f4cc73208d68c67fc19e1f80620e23d66ef2a923cb26a6d726fbc6a55bbcbc?s=96&d=mm&r=g\",\"contentUrl\":\"https:\\\/\\\/secure.gravatar.com\\\/avatar\\\/f6f4cc73208d68c67fc19e1f80620e23d66ef2a923cb26a6d726fbc6a55bbcbc?s=96&d=mm&r=g\",\"caption\":\"Magda Dulemba\"},\"url\":\"https:\\\/\\\/ple161.poznan.pl\\\/?author=2\"}]}<\/script>\n<!-- \/ Yoast SEO plugin. -->","yoast_head_json":{"title":"Wyniki konkursu \" \u015awi\u0105teczny stroik\" - Przedszkole im. Ksi\u0119cia Przemys\u0142awa","robots":{"index":"noindex","follow":"follow"},"og_locale":"pl_PL","og_type":"article","og_title":"Wyniki konkursu \" \u015awi\u0105teczny stroik\" - Przedszkole im. Ksi\u0119cia Przemys\u0142awa","og_description":"Konkurs na najpi\u0119kniejszy stroik Bo\u017conarodzeniowy mia\u0142 na celu podkre\u015blenie roli tradycji \u015awi\u0105t Bo\u017cego Narodzenia, aktywizacj\u0119\u00a0 oraz wspieranie tw\u00f3rczo\u015bci dzieci. Komisja konkursowa oceniaj\u0105ca prace nie mia\u0142a \u0142atwego zdania. Nades\u0142ane stroiki \u015bwi\u0105teczne zachwyca\u0142y swoim pi\u0119knem, oryginalno\u015bci\u0105 oraz pomys\u0142owo\u015bci\u0105 . Wszystkim uczestnikom dzi\u0119kujemy za udzia\u0142 i zaanga\u017cowanie w wykonanie konkursowych prac. \u017byczymy\u00a0 dalszego rozwijania tw\u00f3rczo\u015bci artystycznej oraz wielu [&hellip;]","og_url":"https:\/\/www.przedszkole161.pl\/?p=7855","og_site_name":"Przedszkole im. Ksi\u0119cia Przemys\u0142awa","article_published_time":"2022-12-23T21:25:41+00:00","article_modified_time":"2023-01-04T21:34:03+00:00","og_image":[{"width":1280,"height":1511,"url":"https:\/\/www.przedszkole161.pl\/wp-content\/uploads\/2023\/01\/IMG_1602.jpg","type":"image\/jpeg"}],"author":"Magda Dulemba","twitter_card":"summary_large_image","twitter_misc":{"Napisane przez":"Magda Dulemba"},"schema":{"@context":"https:\/\/schema.org","@graph":[{"@type":"Article","@id":"https:\/\/www.przedszkole161.pl\/?p=7855#article","isPartOf":{"@id":"https:\/\/www.przedszkole161.pl\/?p=7855"},"author":{"name":"Magda Dulemba","@id":"https:\/\/www.przedszkole161.pl\/#\/schema\/person\/673325371d681555a8b67c870d21faac"},"headline":"Wyniki konkursu &#8221; \u015awi\u0105teczny stroik&#8221;","datePublished":"2022-12-23T21:25:41+00:00","dateModified":"2023-01-04T21:34:03+00:00","mainEntityOfPage":{"@id":"https:\/\/www.przedszkole161.pl\/?p=7855"},"wordCount":81,"image":{"@id":"https:\/\/www.przedszkole161.pl\/?p=7855#primaryimage"},"thumbnailUrl":"https:\/\/ple161.poznan.pl\/wp-content\/uploads\/2023\/01\/IMG_1602.jpg","articleSection":["Aktualno\u015bci","Wydarzenia"],"inLanguage":"pl-PL"},{"@type":"WebPage","@id":"https:\/\/www.przedszkole161.pl\/?p=7855","url":"https:\/\/www.przedszkole161.pl\/?p=7855","name":"Wyniki konkursu \" \u015awi\u0105teczny stroik\" - Przedszkole im. Ksi\u0119cia Przemys\u0142awa","isPartOf":{"@id":"https:\/\/www.przedszkole161.pl\/#website"},"primaryImageOfPage":{"@id":"https:\/\/www.przedszkole161.pl\/?p=7855#primaryimage"},"image":{"@id":"https:\/\/www.przedszkole161.pl\/?p=7855#primaryimage"},"thumbnailUrl":"https:\/\/ple161.poznan.pl\/wp-content\/uploads\/2023\/01\/IMG_1602.jpg","datePublished":"2022-12-23T21:25:41+00:00","dateModified":"2023-01-04T21:34:03+00:00","author":{"@id":"https:\/\/www.przedszkole161.pl\/#\/schema\/person\/673325371d681555a8b67c870d21faac"},"breadcrumb":{"@id":"https:\/\/www.przedszkole161.pl\/?p=7855#breadcrumb"},"inLanguage":"pl-PL","potentialAction":[{"@type":"ReadAction","target":["https:\/\/www.przedszkole161.pl\/?p=7855"]}]},{"@type":"ImageObject","inLanguage":"pl-PL","@id":"https:\/\/www.przedszkole161.pl\/?p=7855#primaryimage","url":"https:\/\/ple161.poznan.pl\/wp-content\/uploads\/2023\/01\/IMG_1602.jpg","contentUrl":"https:\/\/ple161.poznan.pl\/wp-content\/uploads\/2023\/01\/IMG_1602.jpg","width":1280,"height":1511},{"@type":"BreadcrumbList","@id":"https:\/\/www.przedszkole161.pl\/?p=7855#breadcrumb","itemListElement":[{"@type":"ListItem","position":1,"name":"Strona g\u0142\u00f3wna","item":"https:\/\/www.przedszkole161.pl\/"},{"@type":"ListItem","position":2,"name":"Wyniki konkursu &#8221; \u015awi\u0105teczny stroik&#8221;"}]},{"@type":"WebSite","@id":"https:\/\/www.przedszkole161.pl\/#website","url":"https:\/\/www.przedszkole161.pl\/","name":"Przedszkole im. Ksi\u0119cia Przemys\u0142awa 161","description":"","potentialAction":[{"@type":"SearchAction","target":{"@type":"EntryPoint","urlTemplate":"https:\/\/www.przedszkole161.pl\/?s={search_term_string}"},"query-input":{"@type":"PropertyValueSpecification","valueRequired":true,"valueName":"search_term_string"}}],"inLanguage":"pl-PL"},{"@type":"Person","@id":"https:\/\/www.przedszkole161.pl\/#\/schema\/person\/673325371d681555a8b67c870d21faac","name":"Magda Dulemba","image":{"@type":"ImageObject","inLanguage":"pl-PL","@id":"https:\/\/secure.gravatar.com\/avatar\/f6f4cc73208d68c67fc19e1f80620e23d66ef2a923cb26a6d726fbc6a55bbcbc?s=96&d=mm&r=g","url":"https:\/\/secure.gravatar.com\/avatar\/f6f4cc73208d68c67fc19e1f80620e23d66ef2a923cb26a6d726fbc6a55bbcbc?s=96&d=mm&r=g","contentUrl":"https:\/\/secure.gravatar.com\/avatar\/f6f4cc73208d68c67fc19e1f80620e23d66ef2a923cb26a6d726fbc6a55bbcbc?s=96&d=mm&r=g","caption":"Magda Dulemba"},"url":"https:\/\/ple161.poznan.pl\/?author=2"}]}},"_links":{"self":[{"href":"https:\/\/ple161.poznan.pl\/index.php?rest_route=\/wp\/v2\/posts\/7855","targetHints":{"allow":["GET"]}}],"collection":[{"href":"https:\/\/ple161.poznan.pl\/index.php?rest_route=\/wp\/v2\/posts"}],"about":[{"href":"https:\/\/ple161.poznan.pl\/index.php?rest_route=\/wp\/v2\/types\/post"}],"author":[{"embeddable":true,"href":"https:\/\/ple161.poznan.pl\/index.php?rest_route=\/wp\/v2\/users\/2"}],"replies":[{"embeddable":true,"href":"https:\/\/ple161.poznan.pl\/index.php?rest_route=%2Fwp%2Fv2%2Fcomments&post=7855"}],"version-history":[{"count":1,"href":"https:\/\/ple161.poznan.pl\/index.php?rest_route=\/wp\/v2\/posts\/7855\/revisions"}],"predecessor-version":[{"id":7858,"href":"https:\/\/ple161.poznan.pl\/index.php?rest_route=\/wp\/v2\/posts\/7855\/revisions\/7858"}],"wp:featuredmedia":[{"embeddable":true,"href":"https:\/\/ple161.poznan.pl\/index.php?rest_route=\/wp\/v2\/media\/7857"}],"wp:attachment":[{"href":"https:\/\/ple161.poznan.pl\/index.php?rest_route=%2Fwp%2Fv2%2Fmedia&parent=7855"}],"wp:term":[{"taxonomy":"category","embeddable":true,"href":"https:\/\/ple161.poznan.pl\/index.php?rest_route=%2Fwp%2Fv2%2Fcategories&post=7855"},{"taxonomy":"post_tag","embeddable":true,"href":"https:\/\/ple161.poznan.pl\/index.php?rest_route=%2Fwp%2Fv2%2Ftags&post=7855"}],"curies":[{"name":"wp","href":"https:\/\/api.w.org\/{rel}","templated":true}]}}