{"id":7848,"date":"2022-12-29T22:08:02","date_gmt":"2022-12-29T21:08:02","guid":{"rendered":"http:\/\/ple161.poznan.pl\/?p=7848"},"modified":"2023-01-04T22:19:24","modified_gmt":"2023-01-04T21:19:24","slug":"swiateczny-czas","status":"publish","type":"post","link":"https:\/\/ple161.poznan.pl\/?p=7848","title":{"rendered":"\u015awi\u0105teczny czas"},"content":{"rendered":"<p>Grudzie\u0144 to czas oczekiwania na \u015awi\u0119ta Bo\u017cego Narodzenia.\u00a0 Ten czas jest bardzo wa\u017cny zar\u00f3wno dla doros\u0142ych jak i dla dzieci. One r\u00f3wnie\u017c czuj\u0105, \u017ce jest to wyj\u0105tkowy, magiczny czas. Dlatego w naszym przedszkolu ubierali\u015bmy choinki, piekli\u015bmy a nast\u0119pnie dekorowali\u015bmy pierniki, ozdabiali\u015bmy sale i nasze sto\u0142y przy, przy kt\u00f3rych sk\u0142adali\u015bmy sobie \u017cyczenia dziel\u0105c si\u0119 op\u0142atkiem a nast\u0119pnie jedli\u015bmy Wigilijne potrawy. Pozwolili\u015bmy aby dzieci r\u00f3wnie\u017c bra\u0142y udzia\u0142 w \u015bwi\u0105tecznych przygotowaniach, czu\u0142y si\u0119 wyj\u0105tkowe i wa\u017cne, pozna\u0142y tradycje rodzinne i nie tylko. Okres \u015awi\u0105t Bo\u017cego Narodzenia to czas szczeg\u00f3lnej \u017cyczliwo\u015bci, wzajemnej pomocy, dostrzegania potrzeb innych i wzajemnego obdarowywania si\u0119. Dlatego odwiedzi\u0142 nas Gwiazdor, kt\u00f3ry wr\u0119czy\u0142 naszym przedszkolakom przepi\u0119kne prezenty.\u00a0 Wszystkie do\u015bwiadczenia zwi\u0105zane z tym czasem, b\u0119d\u0105 owocowa\u0142y pozytywnymi nawykami w przysz\u0142o\u015bci. Jest to te\u017c dobry moment na wyja\u015bnienie dziecku znaczenia nadchodz\u0105cych \u015bwi\u0105t. Pami\u0119tajmy, \u017ce dla dziecka Bo\u017ce Narodzenie jest ogromnym prze\u017cyciem, cho\u0107 nie zawsze do ko\u0144ca zrozumia\u0142ym.\u00a0 \u015awi\u0119ta\u00a0 to wspania\u0142a okazja do przekazania dzieciom bo\u017conarodzeniowej tradycji.<\/p>\n<p>Zapraszamy do naszej galerii.<\/p>\n","protected":false},"excerpt":{"rendered":"<p>Grudzie\u0144 to czas oczekiwania na \u015awi\u0119ta Bo\u017cego Narodzenia.\u00a0 Ten czas jest bardzo wa\u017cny zar\u00f3wno dla doros\u0142ych jak i dla dzieci. One r\u00f3wnie\u017c czuj\u0105, \u017ce jest to wyj\u0105tkowy, magiczny czas. Dlatego w naszym przedszkolu ubierali\u015bmy choinki, piekli\u015bmy a nast\u0119pnie dekorowali\u015bmy pierniki, ozdabiali\u015bmy sale i nasze sto\u0142y przy, przy kt\u00f3rych sk\u0142adali\u015bmy sobie \u017cyczenia dziel\u0105c si\u0119 op\u0142atkiem a [&hellip;]<\/p>\n","protected":false},"author":2,"featured_media":6692,"comment_status":"closed","ping_status":"closed","sticky":false,"template":"","format":"standard","meta":{"ngg_post_thumbnail":0,"footnotes":""},"categories":[4,1],"tags":[],"class_list":["post-7848","post","type-post","status-publish","format-standard","has-post-thumbnail","hentry","category-aktualnosci","category-wydarzenia"],"yoast_head":"<!-- This site is optimized with the Yoast SEO plugin v27.4 - https:\/\/yoast.com\/product\/yoast-seo-wordpress\/ -->\n<title>\u015awi\u0105teczny czas - Przedszkole im. Ksi\u0119cia Przemys\u0142awa<\/title>\n<meta name=\"robots\" content=\"noindex, follow\" \/>\n<meta property=\"og:locale\" content=\"pl_PL\" \/>\n<meta property=\"og:type\" content=\"article\" \/>\n<meta property=\"og:title\" content=\"\u015awi\u0105teczny czas - Przedszkole im. Ksi\u0119cia Przemys\u0142awa\" \/>\n<meta property=\"og:description\" content=\"Grudzie\u0144 to czas oczekiwania na \u015awi\u0119ta Bo\u017cego Narodzenia.\u00a0 Ten czas jest bardzo wa\u017cny zar\u00f3wno dla doros\u0142ych jak i dla dzieci. One r\u00f3wnie\u017c czuj\u0105, \u017ce jest to wyj\u0105tkowy, magiczny czas. Dlatego w naszym przedszkolu ubierali\u015bmy choinki, piekli\u015bmy a nast\u0119pnie dekorowali\u015bmy pierniki, ozdabiali\u015bmy sale i nasze sto\u0142y przy, przy kt\u00f3rych sk\u0142adali\u015bmy sobie \u017cyczenia dziel\u0105c si\u0119 op\u0142atkiem a [&hellip;]\" \/>\n<meta property=\"og:url\" content=\"https:\/\/www.przedszkole161.pl\/?p=7848\" \/>\n<meta property=\"og:site_name\" content=\"Przedszkole im. Ksi\u0119cia Przemys\u0142awa\" \/>\n<meta property=\"article:published_time\" content=\"2022-12-29T21:08:02+00:00\" \/>\n<meta property=\"article:modified_time\" content=\"2023-01-04T21:19:24+00:00\" \/>\n<meta property=\"og:image\" content=\"https:\/\/www.przedszkole161.pl\/wp-content\/uploads\/2021\/12\/gif-choinka.jpg\" \/>\n\t<meta property=\"og:image:width\" content=\"530\" \/>\n\t<meta property=\"og:image:height\" content=\"600\" \/>\n\t<meta property=\"og:image:type\" content=\"image\/jpeg\" \/>\n<meta name=\"author\" content=\"Magda Dulemba\" \/>\n<meta name=\"twitter:card\" content=\"summary_large_image\" \/>\n<meta name=\"twitter:label1\" content=\"Napisane przez\" \/>\n\t<meta name=\"twitter:data1\" content=\"Magda Dulemba\" \/>\n\t<meta name=\"twitter:label2\" content=\"Szacowany czas czytania\" \/>\n\t<meta name=\"twitter:data2\" content=\"1 minuta\" \/>\n<script type=\"application\/ld+json\" class=\"yoast-schema-graph\">{\"@context\":\"https:\\\/\\\/schema.org\",\"@graph\":[{\"@type\":\"Article\",\"@id\":\"https:\\\/\\\/www.przedszkole161.pl\\\/?p=7848#article\",\"isPartOf\":{\"@id\":\"https:\\\/\\\/www.przedszkole161.pl\\\/?p=7848\"},\"author\":{\"name\":\"Magda Dulemba\",\"@id\":\"https:\\\/\\\/www.przedszkole161.pl\\\/#\\\/schema\\\/person\\\/673325371d681555a8b67c870d21faac\"},\"headline\":\"\u015awi\u0105teczny czas\",\"datePublished\":\"2022-12-29T21:08:02+00:00\",\"dateModified\":\"2023-01-04T21:19:24+00:00\",\"mainEntityOfPage\":{\"@id\":\"https:\\\/\\\/www.przedszkole161.pl\\\/?p=7848\"},\"wordCount\":212,\"image\":{\"@id\":\"https:\\\/\\\/www.przedszkole161.pl\\\/?p=7848#primaryimage\"},\"thumbnailUrl\":\"https:\\\/\\\/ple161.poznan.pl\\\/wp-content\\\/uploads\\\/2021\\\/12\\\/gif-choinka.jpg\",\"articleSection\":[\"Aktualno\u015bci\",\"Wydarzenia\"],\"inLanguage\":\"pl-PL\"},{\"@type\":\"WebPage\",\"@id\":\"https:\\\/\\\/www.przedszkole161.pl\\\/?p=7848\",\"url\":\"https:\\\/\\\/www.przedszkole161.pl\\\/?p=7848\",\"name\":\"\u015awi\u0105teczny czas - Przedszkole im. Ksi\u0119cia Przemys\u0142awa\",\"isPartOf\":{\"@id\":\"https:\\\/\\\/www.przedszkole161.pl\\\/#website\"},\"primaryImageOfPage\":{\"@id\":\"https:\\\/\\\/www.przedszkole161.pl\\\/?p=7848#primaryimage\"},\"image\":{\"@id\":\"https:\\\/\\\/www.przedszkole161.pl\\\/?p=7848#primaryimage\"},\"thumbnailUrl\":\"https:\\\/\\\/ple161.poznan.pl\\\/wp-content\\\/uploads\\\/2021\\\/12\\\/gif-choinka.jpg\",\"datePublished\":\"2022-12-29T21:08:02+00:00\",\"dateModified\":\"2023-01-04T21:19:24+00:00\",\"author\":{\"@id\":\"https:\\\/\\\/www.przedszkole161.pl\\\/#\\\/schema\\\/person\\\/673325371d681555a8b67c870d21faac\"},\"breadcrumb\":{\"@id\":\"https:\\\/\\\/www.przedszkole161.pl\\\/?p=7848#breadcrumb\"},\"inLanguage\":\"pl-PL\",\"potentialAction\":[{\"@type\":\"ReadAction\",\"target\":[\"https:\\\/\\\/www.przedszkole161.pl\\\/?p=7848\"]}]},{\"@type\":\"ImageObject\",\"inLanguage\":\"pl-PL\",\"@id\":\"https:\\\/\\\/www.przedszkole161.pl\\\/?p=7848#primaryimage\",\"url\":\"https:\\\/\\\/ple161.poznan.pl\\\/wp-content\\\/uploads\\\/2021\\\/12\\\/gif-choinka.jpg\",\"contentUrl\":\"https:\\\/\\\/ple161.poznan.pl\\\/wp-content\\\/uploads\\\/2021\\\/12\\\/gif-choinka.jpg\",\"width\":530,\"height\":600},{\"@type\":\"BreadcrumbList\",\"@id\":\"https:\\\/\\\/www.przedszkole161.pl\\\/?p=7848#breadcrumb\",\"itemListElement\":[{\"@type\":\"ListItem\",\"position\":1,\"name\":\"Strona g\u0142\u00f3wna\",\"item\":\"https:\\\/\\\/www.przedszkole161.pl\\\/\"},{\"@type\":\"ListItem\",\"position\":2,\"name\":\"\u015awi\u0105teczny czas\"}]},{\"@type\":\"WebSite\",\"@id\":\"https:\\\/\\\/www.przedszkole161.pl\\\/#website\",\"url\":\"https:\\\/\\\/www.przedszkole161.pl\\\/\",\"name\":\"Przedszkole im. Ksi\u0119cia Przemys\u0142awa 161\",\"description\":\"\",\"potentialAction\":[{\"@type\":\"SearchAction\",\"target\":{\"@type\":\"EntryPoint\",\"urlTemplate\":\"https:\\\/\\\/www.przedszkole161.pl\\\/?s={search_term_string}\"},\"query-input\":{\"@type\":\"PropertyValueSpecification\",\"valueRequired\":true,\"valueName\":\"search_term_string\"}}],\"inLanguage\":\"pl-PL\"},{\"@type\":\"Person\",\"@id\":\"https:\\\/\\\/www.przedszkole161.pl\\\/#\\\/schema\\\/person\\\/673325371d681555a8b67c870d21faac\",\"name\":\"Magda Dulemba\",\"image\":{\"@type\":\"ImageObject\",\"inLanguage\":\"pl-PL\",\"@id\":\"https:\\\/\\\/secure.gravatar.com\\\/avatar\\\/f6f4cc73208d68c67fc19e1f80620e23d66ef2a923cb26a6d726fbc6a55bbcbc?s=96&d=mm&r=g\",\"url\":\"https:\\\/\\\/secure.gravatar.com\\\/avatar\\\/f6f4cc73208d68c67fc19e1f80620e23d66ef2a923cb26a6d726fbc6a55bbcbc?s=96&d=mm&r=g\",\"contentUrl\":\"https:\\\/\\\/secure.gravatar.com\\\/avatar\\\/f6f4cc73208d68c67fc19e1f80620e23d66ef2a923cb26a6d726fbc6a55bbcbc?s=96&d=mm&r=g\",\"caption\":\"Magda Dulemba\"},\"url\":\"https:\\\/\\\/ple161.poznan.pl\\\/?author=2\"}]}<\/script>\n<!-- \/ Yoast SEO plugin. -->","yoast_head_json":{"title":"\u015awi\u0105teczny czas - Przedszkole im. Ksi\u0119cia Przemys\u0142awa","robots":{"index":"noindex","follow":"follow"},"og_locale":"pl_PL","og_type":"article","og_title":"\u015awi\u0105teczny czas - Przedszkole im. Ksi\u0119cia Przemys\u0142awa","og_description":"Grudzie\u0144 to czas oczekiwania na \u015awi\u0119ta Bo\u017cego Narodzenia.\u00a0 Ten czas jest bardzo wa\u017cny zar\u00f3wno dla doros\u0142ych jak i dla dzieci. One r\u00f3wnie\u017c czuj\u0105, \u017ce jest to wyj\u0105tkowy, magiczny czas. Dlatego w naszym przedszkolu ubierali\u015bmy choinki, piekli\u015bmy a nast\u0119pnie dekorowali\u015bmy pierniki, ozdabiali\u015bmy sale i nasze sto\u0142y przy, przy kt\u00f3rych sk\u0142adali\u015bmy sobie \u017cyczenia dziel\u0105c si\u0119 op\u0142atkiem a [&hellip;]","og_url":"https:\/\/www.przedszkole161.pl\/?p=7848","og_site_name":"Przedszkole im. Ksi\u0119cia Przemys\u0142awa","article_published_time":"2022-12-29T21:08:02+00:00","article_modified_time":"2023-01-04T21:19:24+00:00","og_image":[{"width":530,"height":600,"url":"https:\/\/www.przedszkole161.pl\/wp-content\/uploads\/2021\/12\/gif-choinka.jpg","type":"image\/jpeg"}],"author":"Magda Dulemba","twitter_card":"summary_large_image","twitter_misc":{"Napisane przez":"Magda Dulemba","Szacowany czas czytania":"1 minuta"},"schema":{"@context":"https:\/\/schema.org","@graph":[{"@type":"Article","@id":"https:\/\/www.przedszkole161.pl\/?p=7848#article","isPartOf":{"@id":"https:\/\/www.przedszkole161.pl\/?p=7848"},"author":{"name":"Magda Dulemba","@id":"https:\/\/www.przedszkole161.pl\/#\/schema\/person\/673325371d681555a8b67c870d21faac"},"headline":"\u015awi\u0105teczny czas","datePublished":"2022-12-29T21:08:02+00:00","dateModified":"2023-01-04T21:19:24+00:00","mainEntityOfPage":{"@id":"https:\/\/www.przedszkole161.pl\/?p=7848"},"wordCount":212,"image":{"@id":"https:\/\/www.przedszkole161.pl\/?p=7848#primaryimage"},"thumbnailUrl":"https:\/\/ple161.poznan.pl\/wp-content\/uploads\/2021\/12\/gif-choinka.jpg","articleSection":["Aktualno\u015bci","Wydarzenia"],"inLanguage":"pl-PL"},{"@type":"WebPage","@id":"https:\/\/www.przedszkole161.pl\/?p=7848","url":"https:\/\/www.przedszkole161.pl\/?p=7848","name":"\u015awi\u0105teczny czas - Przedszkole im. Ksi\u0119cia Przemys\u0142awa","isPartOf":{"@id":"https:\/\/www.przedszkole161.pl\/#website"},"primaryImageOfPage":{"@id":"https:\/\/www.przedszkole161.pl\/?p=7848#primaryimage"},"image":{"@id":"https:\/\/www.przedszkole161.pl\/?p=7848#primaryimage"},"thumbnailUrl":"https:\/\/ple161.poznan.pl\/wp-content\/uploads\/2021\/12\/gif-choinka.jpg","datePublished":"2022-12-29T21:08:02+00:00","dateModified":"2023-01-04T21:19:24+00:00","author":{"@id":"https:\/\/www.przedszkole161.pl\/#\/schema\/person\/673325371d681555a8b67c870d21faac"},"breadcrumb":{"@id":"https:\/\/www.przedszkole161.pl\/?p=7848#breadcrumb"},"inLanguage":"pl-PL","potentialAction":[{"@type":"ReadAction","target":["https:\/\/www.przedszkole161.pl\/?p=7848"]}]},{"@type":"ImageObject","inLanguage":"pl-PL","@id":"https:\/\/www.przedszkole161.pl\/?p=7848#primaryimage","url":"https:\/\/ple161.poznan.pl\/wp-content\/uploads\/2021\/12\/gif-choinka.jpg","contentUrl":"https:\/\/ple161.poznan.pl\/wp-content\/uploads\/2021\/12\/gif-choinka.jpg","width":530,"height":600},{"@type":"BreadcrumbList","@id":"https:\/\/www.przedszkole161.pl\/?p=7848#breadcrumb","itemListElement":[{"@type":"ListItem","position":1,"name":"Strona g\u0142\u00f3wna","item":"https:\/\/www.przedszkole161.pl\/"},{"@type":"ListItem","position":2,"name":"\u015awi\u0105teczny czas"}]},{"@type":"WebSite","@id":"https:\/\/www.przedszkole161.pl\/#website","url":"https:\/\/www.przedszkole161.pl\/","name":"Przedszkole im. Ksi\u0119cia Przemys\u0142awa 161","description":"","potentialAction":[{"@type":"SearchAction","target":{"@type":"EntryPoint","urlTemplate":"https:\/\/www.przedszkole161.pl\/?s={search_term_string}"},"query-input":{"@type":"PropertyValueSpecification","valueRequired":true,"valueName":"search_term_string"}}],"inLanguage":"pl-PL"},{"@type":"Person","@id":"https:\/\/www.przedszkole161.pl\/#\/schema\/person\/673325371d681555a8b67c870d21faac","name":"Magda Dulemba","image":{"@type":"ImageObject","inLanguage":"pl-PL","@id":"https:\/\/secure.gravatar.com\/avatar\/f6f4cc73208d68c67fc19e1f80620e23d66ef2a923cb26a6d726fbc6a55bbcbc?s=96&d=mm&r=g","url":"https:\/\/secure.gravatar.com\/avatar\/f6f4cc73208d68c67fc19e1f80620e23d66ef2a923cb26a6d726fbc6a55bbcbc?s=96&d=mm&r=g","contentUrl":"https:\/\/secure.gravatar.com\/avatar\/f6f4cc73208d68c67fc19e1f80620e23d66ef2a923cb26a6d726fbc6a55bbcbc?s=96&d=mm&r=g","caption":"Magda Dulemba"},"url":"https:\/\/ple161.poznan.pl\/?author=2"}]}},"_links":{"self":[{"href":"https:\/\/ple161.poznan.pl\/index.php?rest_route=\/wp\/v2\/posts\/7848","targetHints":{"allow":["GET"]}}],"collection":[{"href":"https:\/\/ple161.poznan.pl\/index.php?rest_route=\/wp\/v2\/posts"}],"about":[{"href":"https:\/\/ple161.poznan.pl\/index.php?rest_route=\/wp\/v2\/types\/post"}],"author":[{"embeddable":true,"href":"https:\/\/ple161.poznan.pl\/index.php?rest_route=\/wp\/v2\/users\/2"}],"replies":[{"embeddable":true,"href":"https:\/\/ple161.poznan.pl\/index.php?rest_route=%2Fwp%2Fv2%2Fcomments&post=7848"}],"version-history":[{"count":1,"href":"https:\/\/ple161.poznan.pl\/index.php?rest_route=\/wp\/v2\/posts\/7848\/revisions"}],"predecessor-version":[{"id":7849,"href":"https:\/\/ple161.poznan.pl\/index.php?rest_route=\/wp\/v2\/posts\/7848\/revisions\/7849"}],"wp:featuredmedia":[{"embeddable":true,"href":"https:\/\/ple161.poznan.pl\/index.php?rest_route=\/wp\/v2\/media\/6692"}],"wp:attachment":[{"href":"https:\/\/ple161.poznan.pl\/index.php?rest_route=%2Fwp%2Fv2%2Fmedia&parent=7848"}],"wp:term":[{"taxonomy":"category","embeddable":true,"href":"https:\/\/ple161.poznan.pl\/index.php?rest_route=%2Fwp%2Fv2%2Fcategories&post=7848"},{"taxonomy":"post_tag","embeddable":true,"href":"https:\/\/ple161.poznan.pl\/index.php?rest_route=%2Fwp%2Fv2%2Ftags&post=7848"}],"curies":[{"name":"wp","href":"https:\/\/api.w.org\/{rel}","templated":true}]}}