{"id":7725,"date":"2022-11-27T21:50:56","date_gmt":"2022-11-27T20:50:56","guid":{"rendered":"http:\/\/ple161.poznan.pl\/?p=7725"},"modified":"2022-11-27T21:50:56","modified_gmt":"2022-11-27T20:50:56","slug":"dzien-pluszowego-misia-5","status":"publish","type":"post","link":"https:\/\/ple161.poznan.pl\/?p=7725","title":{"rendered":"Dzie\u0144 Pluszowego Misia"},"content":{"rendered":"<p>Pluszowy mi\u015b to najlepszy przyjaciel ka\u017cdego malucha, ukochana maskotka na dobre i z\u0142e chwile. Mo\u017cna go przytuli\u0107, a nawet powiedzie\u0107 mu o czym\u015b bardzo wa\u017cnym.<br \/>\nO \u015bwi\u0119cie tej postaci nie zapomnia\u0142y dzieci z naszego przedszkola. 25 listopada ka\u017cdy przedszkolak przyni\u00f3s\u0142 swojego ukochanego pluszaka. Spotka\u0142y si\u0119 misie ma\u0142e, \u015brednie i du\u017ce, br\u0105zowe, szare, czerwone, \u017c\u00f3\u0142te i r\u00f3\u017cowe, a ka\u017cdy by\u0142 kochany, uroczy i wyj\u0105tkowy. Dzieci pozna\u0142y histori\u0119 \u015awi\u0119ta Pluszowego Misia, wsp\u00f3lnie recytowa\u0142y wiersze o misiach, ogl\u0105da\u0142y bajki, bawi\u0142y si\u0119 przy piosenkach: \u201ePluszowy Mi\u015b\u201d, \u201eJad\u0105, jad\u0105 misie&#8221;, bra\u0142y udzia\u0142 w zabawach ruchowych, konkursach, quizach, zgadywankach, degustowa\u0142y r\u00f3\u017cne rodzaje miodu, piek\u0142y ciasteczka-\u0141apki Misia i wykonywa\u0142y prace plastyczne.<br \/>\nDzie\u0144 Pluszowego Misia w naszym przedszkolu by\u0142 pe\u0142en u\u015bmiechu i \u015bwietnej zabawy. Dzieci by\u0142y szcz\u0119\u015bliwe, \u017ce mog\u0142y sp\u0119dzi\u0107 tyle czasu ze swoimi ukochanymi misiami oraz pokaza\u0107 je kole\u017cankom i kolegom. Mamy nadziej\u0119, \u017ce to misiowe spotkanie zostanie w pami\u0119ci dzieci na d\u0142ugo.<\/p>\n<p>Zdj\u0119cia z Dnia Pluszowego Misia w naszej galerii.<\/p>\n","protected":false},"excerpt":{"rendered":"<p>Pluszowy mi\u015b to najlepszy przyjaciel ka\u017cdego malucha, ukochana maskotka na dobre i z\u0142e chwile. Mo\u017cna go przytuli\u0107, a nawet powiedzie\u0107 mu o czym\u015b bardzo wa\u017cnym. O \u015bwi\u0119cie tej postaci nie zapomnia\u0142y dzieci z naszego przedszkola. 25 listopada ka\u017cdy przedszkolak przyni\u00f3s\u0142 swojego ukochanego pluszaka. Spotka\u0142y si\u0119 misie ma\u0142e, \u015brednie i du\u017ce, br\u0105zowe, szare, czerwone, \u017c\u00f3\u0142te i [&hellip;]<\/p>\n","protected":false},"author":2,"featured_media":6640,"comment_status":"closed","ping_status":"closed","sticky":false,"template":"","format":"standard","meta":{"ngg_post_thumbnail":0,"footnotes":""},"categories":[4,1],"tags":[],"class_list":["post-7725","post","type-post","status-publish","format-standard","has-post-thumbnail","hentry","category-aktualnosci","category-wydarzenia"],"yoast_head":"<!-- This site is optimized with the Yoast SEO plugin v27.4 - https:\/\/yoast.com\/product\/yoast-seo-wordpress\/ -->\n<title>Dzie\u0144 Pluszowego Misia - Przedszkole im. Ksi\u0119cia Przemys\u0142awa<\/title>\n<meta name=\"robots\" content=\"noindex, follow\" \/>\n<meta property=\"og:locale\" content=\"pl_PL\" \/>\n<meta property=\"og:type\" content=\"article\" \/>\n<meta property=\"og:title\" content=\"Dzie\u0144 Pluszowego Misia - Przedszkole im. Ksi\u0119cia Przemys\u0142awa\" \/>\n<meta property=\"og:description\" content=\"Pluszowy mi\u015b to najlepszy przyjaciel ka\u017cdego malucha, ukochana maskotka na dobre i z\u0142e chwile. Mo\u017cna go przytuli\u0107, a nawet powiedzie\u0107 mu o czym\u015b bardzo wa\u017cnym. O \u015bwi\u0119cie tej postaci nie zapomnia\u0142y dzieci z naszego przedszkola. 25 listopada ka\u017cdy przedszkolak przyni\u00f3s\u0142 swojego ukochanego pluszaka. Spotka\u0142y si\u0119 misie ma\u0142e, \u015brednie i du\u017ce, br\u0105zowe, szare, czerwone, \u017c\u00f3\u0142te i [&hellip;]\" \/>\n<meta property=\"og:url\" content=\"https:\/\/www.przedszkole161.pl\/?p=7725\" \/>\n<meta property=\"og:site_name\" content=\"Przedszkole im. Ksi\u0119cia Przemys\u0142awa\" \/>\n<meta property=\"article:published_time\" content=\"2022-11-27T20:50:56+00:00\" \/>\n<meta property=\"og:image\" content=\"https:\/\/www.przedszkole161.pl\/wp-content\/uploads\/2021\/11\/mis.gif\" \/>\n\t<meta property=\"og:image:width\" content=\"459\" \/>\n\t<meta property=\"og:image:height\" content=\"368\" \/>\n\t<meta property=\"og:image:type\" content=\"image\/gif\" \/>\n<meta name=\"author\" content=\"Magda Dulemba\" \/>\n<meta name=\"twitter:card\" content=\"summary_large_image\" \/>\n<meta name=\"twitter:label1\" content=\"Napisane przez\" \/>\n\t<meta name=\"twitter:data1\" content=\"Magda Dulemba\" \/>\n\t<meta name=\"twitter:label2\" content=\"Szacowany czas czytania\" \/>\n\t<meta name=\"twitter:data2\" content=\"1 minuta\" \/>\n<script type=\"application\/ld+json\" class=\"yoast-schema-graph\">{\"@context\":\"https:\\\/\\\/schema.org\",\"@graph\":[{\"@type\":\"Article\",\"@id\":\"https:\\\/\\\/www.przedszkole161.pl\\\/?p=7725#article\",\"isPartOf\":{\"@id\":\"https:\\\/\\\/www.przedszkole161.pl\\\/?p=7725\"},\"author\":{\"name\":\"Magda Dulemba\",\"@id\":\"https:\\\/\\\/www.przedszkole161.pl\\\/#\\\/schema\\\/person\\\/673325371d681555a8b67c870d21faac\"},\"headline\":\"Dzie\u0144 Pluszowego Misia\",\"datePublished\":\"2022-11-27T20:50:56+00:00\",\"mainEntityOfPage\":{\"@id\":\"https:\\\/\\\/www.przedszkole161.pl\\\/?p=7725\"},\"wordCount\":194,\"image\":{\"@id\":\"https:\\\/\\\/www.przedszkole161.pl\\\/?p=7725#primaryimage\"},\"thumbnailUrl\":\"https:\\\/\\\/ple161.poznan.pl\\\/wp-content\\\/uploads\\\/2021\\\/11\\\/mis.gif\",\"articleSection\":[\"Aktualno\u015bci\",\"Wydarzenia\"],\"inLanguage\":\"pl-PL\"},{\"@type\":\"WebPage\",\"@id\":\"https:\\\/\\\/www.przedszkole161.pl\\\/?p=7725\",\"url\":\"https:\\\/\\\/www.przedszkole161.pl\\\/?p=7725\",\"name\":\"Dzie\u0144 Pluszowego Misia - Przedszkole im. Ksi\u0119cia Przemys\u0142awa\",\"isPartOf\":{\"@id\":\"https:\\\/\\\/www.przedszkole161.pl\\\/#website\"},\"primaryImageOfPage\":{\"@id\":\"https:\\\/\\\/www.przedszkole161.pl\\\/?p=7725#primaryimage\"},\"image\":{\"@id\":\"https:\\\/\\\/www.przedszkole161.pl\\\/?p=7725#primaryimage\"},\"thumbnailUrl\":\"https:\\\/\\\/ple161.poznan.pl\\\/wp-content\\\/uploads\\\/2021\\\/11\\\/mis.gif\",\"datePublished\":\"2022-11-27T20:50:56+00:00\",\"author\":{\"@id\":\"https:\\\/\\\/www.przedszkole161.pl\\\/#\\\/schema\\\/person\\\/673325371d681555a8b67c870d21faac\"},\"breadcrumb\":{\"@id\":\"https:\\\/\\\/www.przedszkole161.pl\\\/?p=7725#breadcrumb\"},\"inLanguage\":\"pl-PL\",\"potentialAction\":[{\"@type\":\"ReadAction\",\"target\":[\"https:\\\/\\\/www.przedszkole161.pl\\\/?p=7725\"]}]},{\"@type\":\"ImageObject\",\"inLanguage\":\"pl-PL\",\"@id\":\"https:\\\/\\\/www.przedszkole161.pl\\\/?p=7725#primaryimage\",\"url\":\"https:\\\/\\\/ple161.poznan.pl\\\/wp-content\\\/uploads\\\/2021\\\/11\\\/mis.gif\",\"contentUrl\":\"https:\\\/\\\/ple161.poznan.pl\\\/wp-content\\\/uploads\\\/2021\\\/11\\\/mis.gif\",\"width\":459,\"height\":368},{\"@type\":\"BreadcrumbList\",\"@id\":\"https:\\\/\\\/www.przedszkole161.pl\\\/?p=7725#breadcrumb\",\"itemListElement\":[{\"@type\":\"ListItem\",\"position\":1,\"name\":\"Strona g\u0142\u00f3wna\",\"item\":\"https:\\\/\\\/www.przedszkole161.pl\\\/\"},{\"@type\":\"ListItem\",\"position\":2,\"name\":\"Dzie\u0144 Pluszowego Misia\"}]},{\"@type\":\"WebSite\",\"@id\":\"https:\\\/\\\/www.przedszkole161.pl\\\/#website\",\"url\":\"https:\\\/\\\/www.przedszkole161.pl\\\/\",\"name\":\"Przedszkole im. Ksi\u0119cia Przemys\u0142awa 161\",\"description\":\"\",\"potentialAction\":[{\"@type\":\"SearchAction\",\"target\":{\"@type\":\"EntryPoint\",\"urlTemplate\":\"https:\\\/\\\/www.przedszkole161.pl\\\/?s={search_term_string}\"},\"query-input\":{\"@type\":\"PropertyValueSpecification\",\"valueRequired\":true,\"valueName\":\"search_term_string\"}}],\"inLanguage\":\"pl-PL\"},{\"@type\":\"Person\",\"@id\":\"https:\\\/\\\/www.przedszkole161.pl\\\/#\\\/schema\\\/person\\\/673325371d681555a8b67c870d21faac\",\"name\":\"Magda Dulemba\",\"image\":{\"@type\":\"ImageObject\",\"inLanguage\":\"pl-PL\",\"@id\":\"https:\\\/\\\/secure.gravatar.com\\\/avatar\\\/f6f4cc73208d68c67fc19e1f80620e23d66ef2a923cb26a6d726fbc6a55bbcbc?s=96&d=mm&r=g\",\"url\":\"https:\\\/\\\/secure.gravatar.com\\\/avatar\\\/f6f4cc73208d68c67fc19e1f80620e23d66ef2a923cb26a6d726fbc6a55bbcbc?s=96&d=mm&r=g\",\"contentUrl\":\"https:\\\/\\\/secure.gravatar.com\\\/avatar\\\/f6f4cc73208d68c67fc19e1f80620e23d66ef2a923cb26a6d726fbc6a55bbcbc?s=96&d=mm&r=g\",\"caption\":\"Magda Dulemba\"},\"url\":\"https:\\\/\\\/ple161.poznan.pl\\\/?author=2\"}]}<\/script>\n<!-- \/ Yoast SEO plugin. -->","yoast_head_json":{"title":"Dzie\u0144 Pluszowego Misia - Przedszkole im. Ksi\u0119cia Przemys\u0142awa","robots":{"index":"noindex","follow":"follow"},"og_locale":"pl_PL","og_type":"article","og_title":"Dzie\u0144 Pluszowego Misia - Przedszkole im. Ksi\u0119cia Przemys\u0142awa","og_description":"Pluszowy mi\u015b to najlepszy przyjaciel ka\u017cdego malucha, ukochana maskotka na dobre i z\u0142e chwile. Mo\u017cna go przytuli\u0107, a nawet powiedzie\u0107 mu o czym\u015b bardzo wa\u017cnym. O \u015bwi\u0119cie tej postaci nie zapomnia\u0142y dzieci z naszego przedszkola. 25 listopada ka\u017cdy przedszkolak przyni\u00f3s\u0142 swojego ukochanego pluszaka. Spotka\u0142y si\u0119 misie ma\u0142e, \u015brednie i du\u017ce, br\u0105zowe, szare, czerwone, \u017c\u00f3\u0142te i [&hellip;]","og_url":"https:\/\/www.przedszkole161.pl\/?p=7725","og_site_name":"Przedszkole im. Ksi\u0119cia Przemys\u0142awa","article_published_time":"2022-11-27T20:50:56+00:00","og_image":[{"width":459,"height":368,"url":"https:\/\/www.przedszkole161.pl\/wp-content\/uploads\/2021\/11\/mis.gif","type":"image\/gif"}],"author":"Magda Dulemba","twitter_card":"summary_large_image","twitter_misc":{"Napisane przez":"Magda Dulemba","Szacowany czas czytania":"1 minuta"},"schema":{"@context":"https:\/\/schema.org","@graph":[{"@type":"Article","@id":"https:\/\/www.przedszkole161.pl\/?p=7725#article","isPartOf":{"@id":"https:\/\/www.przedszkole161.pl\/?p=7725"},"author":{"name":"Magda Dulemba","@id":"https:\/\/www.przedszkole161.pl\/#\/schema\/person\/673325371d681555a8b67c870d21faac"},"headline":"Dzie\u0144 Pluszowego Misia","datePublished":"2022-11-27T20:50:56+00:00","mainEntityOfPage":{"@id":"https:\/\/www.przedszkole161.pl\/?p=7725"},"wordCount":194,"image":{"@id":"https:\/\/www.przedszkole161.pl\/?p=7725#primaryimage"},"thumbnailUrl":"https:\/\/ple161.poznan.pl\/wp-content\/uploads\/2021\/11\/mis.gif","articleSection":["Aktualno\u015bci","Wydarzenia"],"inLanguage":"pl-PL"},{"@type":"WebPage","@id":"https:\/\/www.przedszkole161.pl\/?p=7725","url":"https:\/\/www.przedszkole161.pl\/?p=7725","name":"Dzie\u0144 Pluszowego Misia - Przedszkole im. Ksi\u0119cia Przemys\u0142awa","isPartOf":{"@id":"https:\/\/www.przedszkole161.pl\/#website"},"primaryImageOfPage":{"@id":"https:\/\/www.przedszkole161.pl\/?p=7725#primaryimage"},"image":{"@id":"https:\/\/www.przedszkole161.pl\/?p=7725#primaryimage"},"thumbnailUrl":"https:\/\/ple161.poznan.pl\/wp-content\/uploads\/2021\/11\/mis.gif","datePublished":"2022-11-27T20:50:56+00:00","author":{"@id":"https:\/\/www.przedszkole161.pl\/#\/schema\/person\/673325371d681555a8b67c870d21faac"},"breadcrumb":{"@id":"https:\/\/www.przedszkole161.pl\/?p=7725#breadcrumb"},"inLanguage":"pl-PL","potentialAction":[{"@type":"ReadAction","target":["https:\/\/www.przedszkole161.pl\/?p=7725"]}]},{"@type":"ImageObject","inLanguage":"pl-PL","@id":"https:\/\/www.przedszkole161.pl\/?p=7725#primaryimage","url":"https:\/\/ple161.poznan.pl\/wp-content\/uploads\/2021\/11\/mis.gif","contentUrl":"https:\/\/ple161.poznan.pl\/wp-content\/uploads\/2021\/11\/mis.gif","width":459,"height":368},{"@type":"BreadcrumbList","@id":"https:\/\/www.przedszkole161.pl\/?p=7725#breadcrumb","itemListElement":[{"@type":"ListItem","position":1,"name":"Strona g\u0142\u00f3wna","item":"https:\/\/www.przedszkole161.pl\/"},{"@type":"ListItem","position":2,"name":"Dzie\u0144 Pluszowego Misia"}]},{"@type":"WebSite","@id":"https:\/\/www.przedszkole161.pl\/#website","url":"https:\/\/www.przedszkole161.pl\/","name":"Przedszkole im. Ksi\u0119cia Przemys\u0142awa 161","description":"","potentialAction":[{"@type":"SearchAction","target":{"@type":"EntryPoint","urlTemplate":"https:\/\/www.przedszkole161.pl\/?s={search_term_string}"},"query-input":{"@type":"PropertyValueSpecification","valueRequired":true,"valueName":"search_term_string"}}],"inLanguage":"pl-PL"},{"@type":"Person","@id":"https:\/\/www.przedszkole161.pl\/#\/schema\/person\/673325371d681555a8b67c870d21faac","name":"Magda Dulemba","image":{"@type":"ImageObject","inLanguage":"pl-PL","@id":"https:\/\/secure.gravatar.com\/avatar\/f6f4cc73208d68c67fc19e1f80620e23d66ef2a923cb26a6d726fbc6a55bbcbc?s=96&d=mm&r=g","url":"https:\/\/secure.gravatar.com\/avatar\/f6f4cc73208d68c67fc19e1f80620e23d66ef2a923cb26a6d726fbc6a55bbcbc?s=96&d=mm&r=g","contentUrl":"https:\/\/secure.gravatar.com\/avatar\/f6f4cc73208d68c67fc19e1f80620e23d66ef2a923cb26a6d726fbc6a55bbcbc?s=96&d=mm&r=g","caption":"Magda Dulemba"},"url":"https:\/\/ple161.poznan.pl\/?author=2"}]}},"_links":{"self":[{"href":"https:\/\/ple161.poznan.pl\/index.php?rest_route=\/wp\/v2\/posts\/7725","targetHints":{"allow":["GET"]}}],"collection":[{"href":"https:\/\/ple161.poznan.pl\/index.php?rest_route=\/wp\/v2\/posts"}],"about":[{"href":"https:\/\/ple161.poznan.pl\/index.php?rest_route=\/wp\/v2\/types\/post"}],"author":[{"embeddable":true,"href":"https:\/\/ple161.poznan.pl\/index.php?rest_route=\/wp\/v2\/users\/2"}],"replies":[{"embeddable":true,"href":"https:\/\/ple161.poznan.pl\/index.php?rest_route=%2Fwp%2Fv2%2Fcomments&post=7725"}],"version-history":[{"count":1,"href":"https:\/\/ple161.poznan.pl\/index.php?rest_route=\/wp\/v2\/posts\/7725\/revisions"}],"predecessor-version":[{"id":7726,"href":"https:\/\/ple161.poznan.pl\/index.php?rest_route=\/wp\/v2\/posts\/7725\/revisions\/7726"}],"wp:featuredmedia":[{"embeddable":true,"href":"https:\/\/ple161.poznan.pl\/index.php?rest_route=\/wp\/v2\/media\/6640"}],"wp:attachment":[{"href":"https:\/\/ple161.poznan.pl\/index.php?rest_route=%2Fwp%2Fv2%2Fmedia&parent=7725"}],"wp:term":[{"taxonomy":"category","embeddable":true,"href":"https:\/\/ple161.poznan.pl\/index.php?rest_route=%2Fwp%2Fv2%2Fcategories&post=7725"},{"taxonomy":"post_tag","embeddable":true,"href":"https:\/\/ple161.poznan.pl\/index.php?rest_route=%2Fwp%2Fv2%2Ftags&post=7725"}],"curies":[{"name":"wp","href":"https:\/\/api.w.org\/{rel}","templated":true}]}}