{"id":7258,"date":"2022-06-19T16:23:22","date_gmt":"2022-06-19T15:23:22","guid":{"rendered":"http:\/\/ple161.poznan.pl\/?p=7258"},"modified":"2022-06-19T16:23:22","modified_gmt":"2022-06-19T15:23:22","slug":"dyzur-wakacyjny-2","status":"publish","type":"post","link":"https:\/\/ple161.poznan.pl\/?p=7258","title":{"rendered":"Dy\u017cur wakacyjny"},"content":{"rendered":"<p>Szanowni Rodzice<\/p>\n<p>deklaracja o przyj\u0119ciu dziecka na dy\u017cur wakacyjny mogli Pa\u0144stwo pobiera\u0107\u00a0 i sk\u0142ada\u0107\u00a0 w przedszkolu w dniach 07.03.2022-11.03.2022.<\/p>\n<p>Przypominamy, \u017ce w okresie <strong>04.07.2022 do 26.07.2022,<\/strong> <strong>przedszkole jest zamkni\u0119te.<\/strong> W tym czasie odbywa\u0107 si\u0119 b\u0119dzie remont w wybranych pomieszczeniach w przedszkolu.<\/p>\n<p>Okres, w kt\u00f3rym <strong>pe\u0142nimy dy\u017cur to 01.07.2022 i od 27.07.2022-30.08.2022<\/strong><\/p>\n","protected":false},"excerpt":{"rendered":"<p>Szanowni Rodzice deklaracja o przyj\u0119ciu dziecka na dy\u017cur wakacyjny mogli Pa\u0144stwo pobiera\u0107\u00a0 i sk\u0142ada\u0107\u00a0 w przedszkolu w dniach 07.03.2022-11.03.2022. Przypominamy, \u017ce w okresie 04.07.2022 do 26.07.2022, przedszkole jest zamkni\u0119te. W tym czasie odbywa\u0107 si\u0119 b\u0119dzie remont w wybranych pomieszczeniach w przedszkolu. Okres, w kt\u00f3rym pe\u0142nimy dy\u017cur to 01.07.2022 i od 27.07.2022-30.08.2022<\/p>\n","protected":false},"author":2,"featured_media":5145,"comment_status":"closed","ping_status":"closed","sticky":false,"template":"","format":"standard","meta":{"ngg_post_thumbnail":0,"footnotes":""},"categories":[4,1],"tags":[],"class_list":["post-7258","post","type-post","status-publish","format-standard","has-post-thumbnail","hentry","category-aktualnosci","category-wydarzenia"],"yoast_head":"<!-- This site is optimized with the Yoast SEO plugin v27.4 - https:\/\/yoast.com\/product\/yoast-seo-wordpress\/ -->\n<title>Dy\u017cur wakacyjny - Przedszkole im. Ksi\u0119cia Przemys\u0142awa<\/title>\n<meta name=\"robots\" content=\"noindex, follow\" \/>\n<meta property=\"og:locale\" content=\"pl_PL\" \/>\n<meta property=\"og:type\" content=\"article\" \/>\n<meta property=\"og:title\" content=\"Dy\u017cur wakacyjny - Przedszkole im. Ksi\u0119cia Przemys\u0142awa\" \/>\n<meta property=\"og:description\" content=\"Szanowni Rodzice deklaracja o przyj\u0119ciu dziecka na dy\u017cur wakacyjny mogli Pa\u0144stwo pobiera\u0107\u00a0 i sk\u0142ada\u0107\u00a0 w przedszkolu w dniach 07.03.2022-11.03.2022. Przypominamy, \u017ce w okresie 04.07.2022 do 26.07.2022, przedszkole jest zamkni\u0119te. W tym czasie odbywa\u0107 si\u0119 b\u0119dzie remont w wybranych pomieszczeniach w przedszkolu. Okres, w kt\u00f3rym pe\u0142nimy dy\u017cur to 01.07.2022 i od 27.07.2022-30.08.2022\" \/>\n<meta property=\"og:url\" content=\"https:\/\/www.przedszkole161.pl\/?p=7258\" \/>\n<meta property=\"og:site_name\" content=\"Przedszkole im. Ksi\u0119cia Przemys\u0142awa\" \/>\n<meta property=\"article:published_time\" content=\"2022-06-19T15:23:22+00:00\" \/>\n<meta property=\"og:image\" content=\"https:\/\/www.przedszkole161.pl\/wp-content\/uploads\/2020\/06\/pla\u017ca.png\" \/>\n\t<meta property=\"og:image:width\" content=\"700\" \/>\n\t<meta property=\"og:image:height\" content=\"700\" \/>\n\t<meta property=\"og:image:type\" content=\"image\/png\" \/>\n<meta name=\"author\" content=\"Magda Dulemba\" \/>\n<meta name=\"twitter:card\" content=\"summary_large_image\" \/>\n<meta name=\"twitter:label1\" content=\"Napisane przez\" \/>\n\t<meta name=\"twitter:data1\" content=\"Magda Dulemba\" \/>\n<script type=\"application\/ld+json\" class=\"yoast-schema-graph\">{\"@context\":\"https:\\\/\\\/schema.org\",\"@graph\":[{\"@type\":\"Article\",\"@id\":\"https:\\\/\\\/www.przedszkole161.pl\\\/?p=7258#article\",\"isPartOf\":{\"@id\":\"https:\\\/\\\/www.przedszkole161.pl\\\/?p=7258\"},\"author\":{\"name\":\"Magda Dulemba\",\"@id\":\"https:\\\/\\\/www.przedszkole161.pl\\\/#\\\/schema\\\/person\\\/673325371d681555a8b67c870d21faac\"},\"headline\":\"Dy\u017cur wakacyjny\",\"datePublished\":\"2022-06-19T15:23:22+00:00\",\"mainEntityOfPage\":{\"@id\":\"https:\\\/\\\/www.przedszkole161.pl\\\/?p=7258\"},\"wordCount\":60,\"image\":{\"@id\":\"https:\\\/\\\/www.przedszkole161.pl\\\/?p=7258#primaryimage\"},\"thumbnailUrl\":\"https:\\\/\\\/ple161.poznan.pl\\\/wp-content\\\/uploads\\\/2020\\\/06\\\/pla\u017ca.png\",\"articleSection\":[\"Aktualno\u015bci\",\"Wydarzenia\"],\"inLanguage\":\"pl-PL\"},{\"@type\":\"WebPage\",\"@id\":\"https:\\\/\\\/www.przedszkole161.pl\\\/?p=7258\",\"url\":\"https:\\\/\\\/www.przedszkole161.pl\\\/?p=7258\",\"name\":\"Dy\u017cur wakacyjny - Przedszkole im. Ksi\u0119cia Przemys\u0142awa\",\"isPartOf\":{\"@id\":\"https:\\\/\\\/www.przedszkole161.pl\\\/#website\"},\"primaryImageOfPage\":{\"@id\":\"https:\\\/\\\/www.przedszkole161.pl\\\/?p=7258#primaryimage\"},\"image\":{\"@id\":\"https:\\\/\\\/www.przedszkole161.pl\\\/?p=7258#primaryimage\"},\"thumbnailUrl\":\"https:\\\/\\\/ple161.poznan.pl\\\/wp-content\\\/uploads\\\/2020\\\/06\\\/pla\u017ca.png\",\"datePublished\":\"2022-06-19T15:23:22+00:00\",\"author\":{\"@id\":\"https:\\\/\\\/www.przedszkole161.pl\\\/#\\\/schema\\\/person\\\/673325371d681555a8b67c870d21faac\"},\"breadcrumb\":{\"@id\":\"https:\\\/\\\/www.przedszkole161.pl\\\/?p=7258#breadcrumb\"},\"inLanguage\":\"pl-PL\",\"potentialAction\":[{\"@type\":\"ReadAction\",\"target\":[\"https:\\\/\\\/www.przedszkole161.pl\\\/?p=7258\"]}]},{\"@type\":\"ImageObject\",\"inLanguage\":\"pl-PL\",\"@id\":\"https:\\\/\\\/www.przedszkole161.pl\\\/?p=7258#primaryimage\",\"url\":\"https:\\\/\\\/ple161.poznan.pl\\\/wp-content\\\/uploads\\\/2020\\\/06\\\/pla\u017ca.png\",\"contentUrl\":\"https:\\\/\\\/ple161.poznan.pl\\\/wp-content\\\/uploads\\\/2020\\\/06\\\/pla\u017ca.png\",\"width\":700,\"height\":700},{\"@type\":\"BreadcrumbList\",\"@id\":\"https:\\\/\\\/www.przedszkole161.pl\\\/?p=7258#breadcrumb\",\"itemListElement\":[{\"@type\":\"ListItem\",\"position\":1,\"name\":\"Strona g\u0142\u00f3wna\",\"item\":\"https:\\\/\\\/www.przedszkole161.pl\\\/\"},{\"@type\":\"ListItem\",\"position\":2,\"name\":\"Dy\u017cur wakacyjny\"}]},{\"@type\":\"WebSite\",\"@id\":\"https:\\\/\\\/www.przedszkole161.pl\\\/#website\",\"url\":\"https:\\\/\\\/www.przedszkole161.pl\\\/\",\"name\":\"Przedszkole im. Ksi\u0119cia Przemys\u0142awa 161\",\"description\":\"\",\"potentialAction\":[{\"@type\":\"SearchAction\",\"target\":{\"@type\":\"EntryPoint\",\"urlTemplate\":\"https:\\\/\\\/www.przedszkole161.pl\\\/?s={search_term_string}\"},\"query-input\":{\"@type\":\"PropertyValueSpecification\",\"valueRequired\":true,\"valueName\":\"search_term_string\"}}],\"inLanguage\":\"pl-PL\"},{\"@type\":\"Person\",\"@id\":\"https:\\\/\\\/www.przedszkole161.pl\\\/#\\\/schema\\\/person\\\/673325371d681555a8b67c870d21faac\",\"name\":\"Magda Dulemba\",\"image\":{\"@type\":\"ImageObject\",\"inLanguage\":\"pl-PL\",\"@id\":\"https:\\\/\\\/secure.gravatar.com\\\/avatar\\\/f6f4cc73208d68c67fc19e1f80620e23d66ef2a923cb26a6d726fbc6a55bbcbc?s=96&d=mm&r=g\",\"url\":\"https:\\\/\\\/secure.gravatar.com\\\/avatar\\\/f6f4cc73208d68c67fc19e1f80620e23d66ef2a923cb26a6d726fbc6a55bbcbc?s=96&d=mm&r=g\",\"contentUrl\":\"https:\\\/\\\/secure.gravatar.com\\\/avatar\\\/f6f4cc73208d68c67fc19e1f80620e23d66ef2a923cb26a6d726fbc6a55bbcbc?s=96&d=mm&r=g\",\"caption\":\"Magda Dulemba\"},\"url\":\"https:\\\/\\\/ple161.poznan.pl\\\/?author=2\"}]}<\/script>\n<!-- \/ Yoast SEO plugin. -->","yoast_head_json":{"title":"Dy\u017cur wakacyjny - Przedszkole im. Ksi\u0119cia Przemys\u0142awa","robots":{"index":"noindex","follow":"follow"},"og_locale":"pl_PL","og_type":"article","og_title":"Dy\u017cur wakacyjny - Przedszkole im. Ksi\u0119cia Przemys\u0142awa","og_description":"Szanowni Rodzice deklaracja o przyj\u0119ciu dziecka na dy\u017cur wakacyjny mogli Pa\u0144stwo pobiera\u0107\u00a0 i sk\u0142ada\u0107\u00a0 w przedszkolu w dniach 07.03.2022-11.03.2022. Przypominamy, \u017ce w okresie 04.07.2022 do 26.07.2022, przedszkole jest zamkni\u0119te. W tym czasie odbywa\u0107 si\u0119 b\u0119dzie remont w wybranych pomieszczeniach w przedszkolu. Okres, w kt\u00f3rym pe\u0142nimy dy\u017cur to 01.07.2022 i od 27.07.2022-30.08.2022","og_url":"https:\/\/www.przedszkole161.pl\/?p=7258","og_site_name":"Przedszkole im. Ksi\u0119cia Przemys\u0142awa","article_published_time":"2022-06-19T15:23:22+00:00","og_image":[{"width":700,"height":700,"url":"https:\/\/www.przedszkole161.pl\/wp-content\/uploads\/2020\/06\/pla\u017ca.png","type":"image\/png"}],"author":"Magda Dulemba","twitter_card":"summary_large_image","twitter_misc":{"Napisane przez":"Magda Dulemba"},"schema":{"@context":"https:\/\/schema.org","@graph":[{"@type":"Article","@id":"https:\/\/www.przedszkole161.pl\/?p=7258#article","isPartOf":{"@id":"https:\/\/www.przedszkole161.pl\/?p=7258"},"author":{"name":"Magda Dulemba","@id":"https:\/\/www.przedszkole161.pl\/#\/schema\/person\/673325371d681555a8b67c870d21faac"},"headline":"Dy\u017cur wakacyjny","datePublished":"2022-06-19T15:23:22+00:00","mainEntityOfPage":{"@id":"https:\/\/www.przedszkole161.pl\/?p=7258"},"wordCount":60,"image":{"@id":"https:\/\/www.przedszkole161.pl\/?p=7258#primaryimage"},"thumbnailUrl":"https:\/\/ple161.poznan.pl\/wp-content\/uploads\/2020\/06\/pla\u017ca.png","articleSection":["Aktualno\u015bci","Wydarzenia"],"inLanguage":"pl-PL"},{"@type":"WebPage","@id":"https:\/\/www.przedszkole161.pl\/?p=7258","url":"https:\/\/www.przedszkole161.pl\/?p=7258","name":"Dy\u017cur wakacyjny - Przedszkole im. Ksi\u0119cia Przemys\u0142awa","isPartOf":{"@id":"https:\/\/www.przedszkole161.pl\/#website"},"primaryImageOfPage":{"@id":"https:\/\/www.przedszkole161.pl\/?p=7258#primaryimage"},"image":{"@id":"https:\/\/www.przedszkole161.pl\/?p=7258#primaryimage"},"thumbnailUrl":"https:\/\/ple161.poznan.pl\/wp-content\/uploads\/2020\/06\/pla\u017ca.png","datePublished":"2022-06-19T15:23:22+00:00","author":{"@id":"https:\/\/www.przedszkole161.pl\/#\/schema\/person\/673325371d681555a8b67c870d21faac"},"breadcrumb":{"@id":"https:\/\/www.przedszkole161.pl\/?p=7258#breadcrumb"},"inLanguage":"pl-PL","potentialAction":[{"@type":"ReadAction","target":["https:\/\/www.przedszkole161.pl\/?p=7258"]}]},{"@type":"ImageObject","inLanguage":"pl-PL","@id":"https:\/\/www.przedszkole161.pl\/?p=7258#primaryimage","url":"https:\/\/ple161.poznan.pl\/wp-content\/uploads\/2020\/06\/pla\u017ca.png","contentUrl":"https:\/\/ple161.poznan.pl\/wp-content\/uploads\/2020\/06\/pla\u017ca.png","width":700,"height":700},{"@type":"BreadcrumbList","@id":"https:\/\/www.przedszkole161.pl\/?p=7258#breadcrumb","itemListElement":[{"@type":"ListItem","position":1,"name":"Strona g\u0142\u00f3wna","item":"https:\/\/www.przedszkole161.pl\/"},{"@type":"ListItem","position":2,"name":"Dy\u017cur wakacyjny"}]},{"@type":"WebSite","@id":"https:\/\/www.przedszkole161.pl\/#website","url":"https:\/\/www.przedszkole161.pl\/","name":"Przedszkole im. Ksi\u0119cia Przemys\u0142awa 161","description":"","potentialAction":[{"@type":"SearchAction","target":{"@type":"EntryPoint","urlTemplate":"https:\/\/www.przedszkole161.pl\/?s={search_term_string}"},"query-input":{"@type":"PropertyValueSpecification","valueRequired":true,"valueName":"search_term_string"}}],"inLanguage":"pl-PL"},{"@type":"Person","@id":"https:\/\/www.przedszkole161.pl\/#\/schema\/person\/673325371d681555a8b67c870d21faac","name":"Magda Dulemba","image":{"@type":"ImageObject","inLanguage":"pl-PL","@id":"https:\/\/secure.gravatar.com\/avatar\/f6f4cc73208d68c67fc19e1f80620e23d66ef2a923cb26a6d726fbc6a55bbcbc?s=96&d=mm&r=g","url":"https:\/\/secure.gravatar.com\/avatar\/f6f4cc73208d68c67fc19e1f80620e23d66ef2a923cb26a6d726fbc6a55bbcbc?s=96&d=mm&r=g","contentUrl":"https:\/\/secure.gravatar.com\/avatar\/f6f4cc73208d68c67fc19e1f80620e23d66ef2a923cb26a6d726fbc6a55bbcbc?s=96&d=mm&r=g","caption":"Magda Dulemba"},"url":"https:\/\/ple161.poznan.pl\/?author=2"}]}},"_links":{"self":[{"href":"https:\/\/ple161.poznan.pl\/index.php?rest_route=\/wp\/v2\/posts\/7258","targetHints":{"allow":["GET"]}}],"collection":[{"href":"https:\/\/ple161.poznan.pl\/index.php?rest_route=\/wp\/v2\/posts"}],"about":[{"href":"https:\/\/ple161.poznan.pl\/index.php?rest_route=\/wp\/v2\/types\/post"}],"author":[{"embeddable":true,"href":"https:\/\/ple161.poznan.pl\/index.php?rest_route=\/wp\/v2\/users\/2"}],"replies":[{"embeddable":true,"href":"https:\/\/ple161.poznan.pl\/index.php?rest_route=%2Fwp%2Fv2%2Fcomments&post=7258"}],"version-history":[{"count":1,"href":"https:\/\/ple161.poznan.pl\/index.php?rest_route=\/wp\/v2\/posts\/7258\/revisions"}],"predecessor-version":[{"id":7259,"href":"https:\/\/ple161.poznan.pl\/index.php?rest_route=\/wp\/v2\/posts\/7258\/revisions\/7259"}],"wp:featuredmedia":[{"embeddable":true,"href":"https:\/\/ple161.poznan.pl\/index.php?rest_route=\/wp\/v2\/media\/5145"}],"wp:attachment":[{"href":"https:\/\/ple161.poznan.pl\/index.php?rest_route=%2Fwp%2Fv2%2Fmedia&parent=7258"}],"wp:term":[{"taxonomy":"category","embeddable":true,"href":"https:\/\/ple161.poznan.pl\/index.php?rest_route=%2Fwp%2Fv2%2Fcategories&post=7258"},{"taxonomy":"post_tag","embeddable":true,"href":"https:\/\/ple161.poznan.pl\/index.php?rest_route=%2Fwp%2Fv2%2Ftags&post=7258"}],"curies":[{"name":"wp","href":"https:\/\/api.w.org\/{rel}","templated":true}]}}