{"id":7252,"date":"2022-06-09T22:40:28","date_gmt":"2022-06-09T21:40:28","guid":{"rendered":"http:\/\/ple161.poznan.pl\/?p=7252"},"modified":"2022-06-09T22:40:28","modified_gmt":"2022-06-09T21:40:28","slug":"wizyta-ratownika-medycznego","status":"publish","type":"post","link":"https:\/\/ple161.poznan.pl\/?p=7252","title":{"rendered":"Wizyta Ratownika Medycznego"},"content":{"rendered":"<p>W \u015brod\u0119 \u2013 8 czerwca nasze przedszkole odwiedzi\u0142 Ratownik Medyczny \u2013 pan Tobiasz.<\/p>\n<p>Dzieci mia\u0142y okazj\u0119 wys\u0142ucha\u0107 informacji na temat udzielania pierwszej pomocy. Uczy\u0142y si\u0119 w jaki spos\u00f3b mo\u017cna komu\u015b pom\u00f3c, zanim przyjedzie pogotowie ratunkowe. Pan Tobiasz pokaza\u0142, jak nale\u017cy sprawdza\u0107 przytomno\u015b\u0107 osoby poszkodowanej i w jaki spos\u00f3b wzywa\u0107 pomoc.<\/p>\n<p>Przedszkolaki utrwali\u0142y numery telefon\u00f3w alarmowych. Obserwowa\u0142y w jaki spos\u00f3b wykonuje si\u0119 resuscytacj\u0119. Same mog\u0142y spr\u00f3bowa\u0107 swoich si\u0142 w \u0107wiczeniach udzielania pierwszej pomocy na fantomie i maskotkach, kt\u00f3re przynios\u0142y w ten dzie\u0144 do przedszkola. Przedszkolaki banda\u017cowa\u0142y swoje przytulanki oraz panie i swoich koleg\u00f3w, os\u0142uchiwa\u0142y stetoskopem i pozna\u0142y zawarto\u015b\u0107 torby Ratownika Medycznego.<\/p>\n<p>Dzi\u0119ki takiej lekcji dzieci nauczy\u0142y si\u0119 wielu wa\u017cnych umiej\u0119tno\u015bci, kt\u00f3re w przysz\u0142o\u015bci by\u0107 mo\u017ce przyczyni\u0105 si\u0119 do uratowania komu\u015b \u017cycia. Za tak cenn\u0105 lekcj\u0119 przedszkolaki wr\u0119czy\u0142y panu Tobiaszowi podzi\u0119kowanie a pan ratownik rozda\u0142 wszystkim dzieciom naklejki Dzielnego Pacjenta.<\/p>\n<p>Bardzo dzi\u0119kujemy panu Tobiaszowi za wizyt\u0119 w naszym przedszkolu.<\/p>\n<p>Zdj\u0119cia ze spotkania w naszej galerii.<\/p>\n","protected":false},"excerpt":{"rendered":"<p>W \u015brod\u0119 \u2013 8 czerwca nasze przedszkole odwiedzi\u0142 Ratownik Medyczny \u2013 pan Tobiasz. Dzieci mia\u0142y okazj\u0119 wys\u0142ucha\u0107 informacji na temat udzielania pierwszej pomocy. Uczy\u0142y si\u0119 w jaki spos\u00f3b mo\u017cna komu\u015b pom\u00f3c, zanim przyjedzie pogotowie ratunkowe. Pan Tobiasz pokaza\u0142, jak nale\u017cy sprawdza\u0107 przytomno\u015b\u0107 osoby poszkodowanej i w jaki spos\u00f3b wzywa\u0107 pomoc. Przedszkolaki utrwali\u0142y numery telefon\u00f3w alarmowych. [&hellip;]<\/p>\n","protected":false},"author":2,"featured_media":7253,"comment_status":"closed","ping_status":"closed","sticky":false,"template":"","format":"standard","meta":{"ngg_post_thumbnail":0,"footnotes":""},"categories":[4,1],"tags":[],"class_list":["post-7252","post","type-post","status-publish","format-standard","has-post-thumbnail","hentry","category-aktualnosci","category-wydarzenia"],"yoast_head":"<!-- This site is optimized with the Yoast SEO plugin v27.4 - https:\/\/yoast.com\/product\/yoast-seo-wordpress\/ -->\n<title>Wizyta Ratownika Medycznego - Przedszkole im. Ksi\u0119cia Przemys\u0142awa<\/title>\n<meta name=\"robots\" content=\"noindex, follow\" \/>\n<meta property=\"og:locale\" content=\"pl_PL\" \/>\n<meta property=\"og:type\" content=\"article\" \/>\n<meta property=\"og:title\" content=\"Wizyta Ratownika Medycznego - Przedszkole im. Ksi\u0119cia Przemys\u0142awa\" \/>\n<meta property=\"og:description\" content=\"W \u015brod\u0119 \u2013 8 czerwca nasze przedszkole odwiedzi\u0142 Ratownik Medyczny \u2013 pan Tobiasz. Dzieci mia\u0142y okazj\u0119 wys\u0142ucha\u0107 informacji na temat udzielania pierwszej pomocy. Uczy\u0142y si\u0119 w jaki spos\u00f3b mo\u017cna komu\u015b pom\u00f3c, zanim przyjedzie pogotowie ratunkowe. Pan Tobiasz pokaza\u0142, jak nale\u017cy sprawdza\u0107 przytomno\u015b\u0107 osoby poszkodowanej i w jaki spos\u00f3b wzywa\u0107 pomoc. Przedszkolaki utrwali\u0142y numery telefon\u00f3w alarmowych. [&hellip;]\" \/>\n<meta property=\"og:url\" content=\"https:\/\/www.przedszkole161.pl\/?p=7252\" \/>\n<meta property=\"og:site_name\" content=\"Przedszkole im. Ksi\u0119cia Przemys\u0142awa\" \/>\n<meta property=\"article:published_time\" content=\"2022-06-09T21:40:28+00:00\" \/>\n<meta property=\"og:image\" content=\"https:\/\/www.przedszkole161.pl\/wp-content\/uploads\/2022\/06\/IMG_0124.jpg\" \/>\n\t<meta property=\"og:image:width\" content=\"2016\" \/>\n\t<meta property=\"og:image:height\" content=\"1512\" \/>\n\t<meta property=\"og:image:type\" content=\"image\/jpeg\" \/>\n<meta name=\"author\" content=\"Magda Dulemba\" \/>\n<meta name=\"twitter:card\" content=\"summary_large_image\" \/>\n<meta name=\"twitter:label1\" content=\"Napisane przez\" \/>\n\t<meta name=\"twitter:data1\" content=\"Magda Dulemba\" \/>\n\t<meta name=\"twitter:label2\" content=\"Szacowany czas czytania\" \/>\n\t<meta name=\"twitter:data2\" content=\"1 minuta\" \/>\n<script type=\"application\/ld+json\" class=\"yoast-schema-graph\">{\"@context\":\"https:\\\/\\\/schema.org\",\"@graph\":[{\"@type\":\"Article\",\"@id\":\"https:\\\/\\\/www.przedszkole161.pl\\\/?p=7252#article\",\"isPartOf\":{\"@id\":\"https:\\\/\\\/www.przedszkole161.pl\\\/?p=7252\"},\"author\":{\"name\":\"Magda Dulemba\",\"@id\":\"https:\\\/\\\/www.przedszkole161.pl\\\/#\\\/schema\\\/person\\\/673325371d681555a8b67c870d21faac\"},\"headline\":\"Wizyta Ratownika Medycznego\",\"datePublished\":\"2022-06-09T21:40:28+00:00\",\"mainEntityOfPage\":{\"@id\":\"https:\\\/\\\/www.przedszkole161.pl\\\/?p=7252\"},\"wordCount\":189,\"image\":{\"@id\":\"https:\\\/\\\/www.przedszkole161.pl\\\/?p=7252#primaryimage\"},\"thumbnailUrl\":\"https:\\\/\\\/ple161.poznan.pl\\\/wp-content\\\/uploads\\\/2022\\\/06\\\/IMG_0124.jpg\",\"articleSection\":[\"Aktualno\u015bci\",\"Wydarzenia\"],\"inLanguage\":\"pl-PL\"},{\"@type\":\"WebPage\",\"@id\":\"https:\\\/\\\/www.przedszkole161.pl\\\/?p=7252\",\"url\":\"https:\\\/\\\/www.przedszkole161.pl\\\/?p=7252\",\"name\":\"Wizyta Ratownika Medycznego - Przedszkole im. Ksi\u0119cia Przemys\u0142awa\",\"isPartOf\":{\"@id\":\"https:\\\/\\\/www.przedszkole161.pl\\\/#website\"},\"primaryImageOfPage\":{\"@id\":\"https:\\\/\\\/www.przedszkole161.pl\\\/?p=7252#primaryimage\"},\"image\":{\"@id\":\"https:\\\/\\\/www.przedszkole161.pl\\\/?p=7252#primaryimage\"},\"thumbnailUrl\":\"https:\\\/\\\/ple161.poznan.pl\\\/wp-content\\\/uploads\\\/2022\\\/06\\\/IMG_0124.jpg\",\"datePublished\":\"2022-06-09T21:40:28+00:00\",\"author\":{\"@id\":\"https:\\\/\\\/www.przedszkole161.pl\\\/#\\\/schema\\\/person\\\/673325371d681555a8b67c870d21faac\"},\"breadcrumb\":{\"@id\":\"https:\\\/\\\/www.przedszkole161.pl\\\/?p=7252#breadcrumb\"},\"inLanguage\":\"pl-PL\",\"potentialAction\":[{\"@type\":\"ReadAction\",\"target\":[\"https:\\\/\\\/www.przedszkole161.pl\\\/?p=7252\"]}]},{\"@type\":\"ImageObject\",\"inLanguage\":\"pl-PL\",\"@id\":\"https:\\\/\\\/www.przedszkole161.pl\\\/?p=7252#primaryimage\",\"url\":\"https:\\\/\\\/ple161.poznan.pl\\\/wp-content\\\/uploads\\\/2022\\\/06\\\/IMG_0124.jpg\",\"contentUrl\":\"https:\\\/\\\/ple161.poznan.pl\\\/wp-content\\\/uploads\\\/2022\\\/06\\\/IMG_0124.jpg\",\"width\":2016,\"height\":1512},{\"@type\":\"BreadcrumbList\",\"@id\":\"https:\\\/\\\/www.przedszkole161.pl\\\/?p=7252#breadcrumb\",\"itemListElement\":[{\"@type\":\"ListItem\",\"position\":1,\"name\":\"Strona g\u0142\u00f3wna\",\"item\":\"https:\\\/\\\/www.przedszkole161.pl\\\/\"},{\"@type\":\"ListItem\",\"position\":2,\"name\":\"Wizyta Ratownika Medycznego\"}]},{\"@type\":\"WebSite\",\"@id\":\"https:\\\/\\\/www.przedszkole161.pl\\\/#website\",\"url\":\"https:\\\/\\\/www.przedszkole161.pl\\\/\",\"name\":\"Przedszkole im. Ksi\u0119cia Przemys\u0142awa 161\",\"description\":\"\",\"potentialAction\":[{\"@type\":\"SearchAction\",\"target\":{\"@type\":\"EntryPoint\",\"urlTemplate\":\"https:\\\/\\\/www.przedszkole161.pl\\\/?s={search_term_string}\"},\"query-input\":{\"@type\":\"PropertyValueSpecification\",\"valueRequired\":true,\"valueName\":\"search_term_string\"}}],\"inLanguage\":\"pl-PL\"},{\"@type\":\"Person\",\"@id\":\"https:\\\/\\\/www.przedszkole161.pl\\\/#\\\/schema\\\/person\\\/673325371d681555a8b67c870d21faac\",\"name\":\"Magda Dulemba\",\"image\":{\"@type\":\"ImageObject\",\"inLanguage\":\"pl-PL\",\"@id\":\"https:\\\/\\\/secure.gravatar.com\\\/avatar\\\/f6f4cc73208d68c67fc19e1f80620e23d66ef2a923cb26a6d726fbc6a55bbcbc?s=96&d=mm&r=g\",\"url\":\"https:\\\/\\\/secure.gravatar.com\\\/avatar\\\/f6f4cc73208d68c67fc19e1f80620e23d66ef2a923cb26a6d726fbc6a55bbcbc?s=96&d=mm&r=g\",\"contentUrl\":\"https:\\\/\\\/secure.gravatar.com\\\/avatar\\\/f6f4cc73208d68c67fc19e1f80620e23d66ef2a923cb26a6d726fbc6a55bbcbc?s=96&d=mm&r=g\",\"caption\":\"Magda Dulemba\"},\"url\":\"https:\\\/\\\/ple161.poznan.pl\\\/?author=2\"}]}<\/script>\n<!-- \/ Yoast SEO plugin. -->","yoast_head_json":{"title":"Wizyta Ratownika Medycznego - Przedszkole im. Ksi\u0119cia Przemys\u0142awa","robots":{"index":"noindex","follow":"follow"},"og_locale":"pl_PL","og_type":"article","og_title":"Wizyta Ratownika Medycznego - Przedszkole im. Ksi\u0119cia Przemys\u0142awa","og_description":"W \u015brod\u0119 \u2013 8 czerwca nasze przedszkole odwiedzi\u0142 Ratownik Medyczny \u2013 pan Tobiasz. Dzieci mia\u0142y okazj\u0119 wys\u0142ucha\u0107 informacji na temat udzielania pierwszej pomocy. Uczy\u0142y si\u0119 w jaki spos\u00f3b mo\u017cna komu\u015b pom\u00f3c, zanim przyjedzie pogotowie ratunkowe. Pan Tobiasz pokaza\u0142, jak nale\u017cy sprawdza\u0107 przytomno\u015b\u0107 osoby poszkodowanej i w jaki spos\u00f3b wzywa\u0107 pomoc. Przedszkolaki utrwali\u0142y numery telefon\u00f3w alarmowych. [&hellip;]","og_url":"https:\/\/www.przedszkole161.pl\/?p=7252","og_site_name":"Przedszkole im. Ksi\u0119cia Przemys\u0142awa","article_published_time":"2022-06-09T21:40:28+00:00","og_image":[{"width":2016,"height":1512,"url":"https:\/\/www.przedszkole161.pl\/wp-content\/uploads\/2022\/06\/IMG_0124.jpg","type":"image\/jpeg"}],"author":"Magda Dulemba","twitter_card":"summary_large_image","twitter_misc":{"Napisane przez":"Magda Dulemba","Szacowany czas czytania":"1 minuta"},"schema":{"@context":"https:\/\/schema.org","@graph":[{"@type":"Article","@id":"https:\/\/www.przedszkole161.pl\/?p=7252#article","isPartOf":{"@id":"https:\/\/www.przedszkole161.pl\/?p=7252"},"author":{"name":"Magda Dulemba","@id":"https:\/\/www.przedszkole161.pl\/#\/schema\/person\/673325371d681555a8b67c870d21faac"},"headline":"Wizyta Ratownika Medycznego","datePublished":"2022-06-09T21:40:28+00:00","mainEntityOfPage":{"@id":"https:\/\/www.przedszkole161.pl\/?p=7252"},"wordCount":189,"image":{"@id":"https:\/\/www.przedszkole161.pl\/?p=7252#primaryimage"},"thumbnailUrl":"https:\/\/ple161.poznan.pl\/wp-content\/uploads\/2022\/06\/IMG_0124.jpg","articleSection":["Aktualno\u015bci","Wydarzenia"],"inLanguage":"pl-PL"},{"@type":"WebPage","@id":"https:\/\/www.przedszkole161.pl\/?p=7252","url":"https:\/\/www.przedszkole161.pl\/?p=7252","name":"Wizyta Ratownika Medycznego - Przedszkole im. Ksi\u0119cia Przemys\u0142awa","isPartOf":{"@id":"https:\/\/www.przedszkole161.pl\/#website"},"primaryImageOfPage":{"@id":"https:\/\/www.przedszkole161.pl\/?p=7252#primaryimage"},"image":{"@id":"https:\/\/www.przedszkole161.pl\/?p=7252#primaryimage"},"thumbnailUrl":"https:\/\/ple161.poznan.pl\/wp-content\/uploads\/2022\/06\/IMG_0124.jpg","datePublished":"2022-06-09T21:40:28+00:00","author":{"@id":"https:\/\/www.przedszkole161.pl\/#\/schema\/person\/673325371d681555a8b67c870d21faac"},"breadcrumb":{"@id":"https:\/\/www.przedszkole161.pl\/?p=7252#breadcrumb"},"inLanguage":"pl-PL","potentialAction":[{"@type":"ReadAction","target":["https:\/\/www.przedszkole161.pl\/?p=7252"]}]},{"@type":"ImageObject","inLanguage":"pl-PL","@id":"https:\/\/www.przedszkole161.pl\/?p=7252#primaryimage","url":"https:\/\/ple161.poznan.pl\/wp-content\/uploads\/2022\/06\/IMG_0124.jpg","contentUrl":"https:\/\/ple161.poznan.pl\/wp-content\/uploads\/2022\/06\/IMG_0124.jpg","width":2016,"height":1512},{"@type":"BreadcrumbList","@id":"https:\/\/www.przedszkole161.pl\/?p=7252#breadcrumb","itemListElement":[{"@type":"ListItem","position":1,"name":"Strona g\u0142\u00f3wna","item":"https:\/\/www.przedszkole161.pl\/"},{"@type":"ListItem","position":2,"name":"Wizyta Ratownika Medycznego"}]},{"@type":"WebSite","@id":"https:\/\/www.przedszkole161.pl\/#website","url":"https:\/\/www.przedszkole161.pl\/","name":"Przedszkole im. Ksi\u0119cia Przemys\u0142awa 161","description":"","potentialAction":[{"@type":"SearchAction","target":{"@type":"EntryPoint","urlTemplate":"https:\/\/www.przedszkole161.pl\/?s={search_term_string}"},"query-input":{"@type":"PropertyValueSpecification","valueRequired":true,"valueName":"search_term_string"}}],"inLanguage":"pl-PL"},{"@type":"Person","@id":"https:\/\/www.przedszkole161.pl\/#\/schema\/person\/673325371d681555a8b67c870d21faac","name":"Magda Dulemba","image":{"@type":"ImageObject","inLanguage":"pl-PL","@id":"https:\/\/secure.gravatar.com\/avatar\/f6f4cc73208d68c67fc19e1f80620e23d66ef2a923cb26a6d726fbc6a55bbcbc?s=96&d=mm&r=g","url":"https:\/\/secure.gravatar.com\/avatar\/f6f4cc73208d68c67fc19e1f80620e23d66ef2a923cb26a6d726fbc6a55bbcbc?s=96&d=mm&r=g","contentUrl":"https:\/\/secure.gravatar.com\/avatar\/f6f4cc73208d68c67fc19e1f80620e23d66ef2a923cb26a6d726fbc6a55bbcbc?s=96&d=mm&r=g","caption":"Magda Dulemba"},"url":"https:\/\/ple161.poznan.pl\/?author=2"}]}},"_links":{"self":[{"href":"https:\/\/ple161.poznan.pl\/index.php?rest_route=\/wp\/v2\/posts\/7252","targetHints":{"allow":["GET"]}}],"collection":[{"href":"https:\/\/ple161.poznan.pl\/index.php?rest_route=\/wp\/v2\/posts"}],"about":[{"href":"https:\/\/ple161.poznan.pl\/index.php?rest_route=\/wp\/v2\/types\/post"}],"author":[{"embeddable":true,"href":"https:\/\/ple161.poznan.pl\/index.php?rest_route=\/wp\/v2\/users\/2"}],"replies":[{"embeddable":true,"href":"https:\/\/ple161.poznan.pl\/index.php?rest_route=%2Fwp%2Fv2%2Fcomments&post=7252"}],"version-history":[{"count":1,"href":"https:\/\/ple161.poznan.pl\/index.php?rest_route=\/wp\/v2\/posts\/7252\/revisions"}],"predecessor-version":[{"id":7254,"href":"https:\/\/ple161.poznan.pl\/index.php?rest_route=\/wp\/v2\/posts\/7252\/revisions\/7254"}],"wp:featuredmedia":[{"embeddable":true,"href":"https:\/\/ple161.poznan.pl\/index.php?rest_route=\/wp\/v2\/media\/7253"}],"wp:attachment":[{"href":"https:\/\/ple161.poznan.pl\/index.php?rest_route=%2Fwp%2Fv2%2Fmedia&parent=7252"}],"wp:term":[{"taxonomy":"category","embeddable":true,"href":"https:\/\/ple161.poznan.pl\/index.php?rest_route=%2Fwp%2Fv2%2Fcategories&post=7252"},{"taxonomy":"post_tag","embeddable":true,"href":"https:\/\/ple161.poznan.pl\/index.php?rest_route=%2Fwp%2Fv2%2Ftags&post=7252"}],"curies":[{"name":"wp","href":"https:\/\/api.w.org\/{rel}","templated":true}]}}