{"id":7204,"date":"2022-06-09T22:01:26","date_gmt":"2022-06-09T21:01:26","guid":{"rendered":"http:\/\/ple161.poznan.pl\/?p=7204"},"modified":"2022-06-09T22:01:26","modified_gmt":"2022-06-09T21:01:26","slug":"wyniki-miedzy-przedszkolnego-konkursu-plastycznego","status":"publish","type":"post","link":"https:\/\/ple161.poznan.pl\/?p=7204","title":{"rendered":"Wyniki mi\u0119dzy przedszkolnego konkursu plastycznego"},"content":{"rendered":"<p>W dniach od 28.04.2022r do 27.05.2022r.w naszym przedszkolu zorganizowany by\u0142 Mi\u0119dzy przedszkolny Konkurs Plastyczny<br \/>\ndla dzieci i rodzic\u00f3w pt. Ilustracja do ba\u015bni H.Ch. Andersena.<br \/>\nCelem konkursu by\u0142o wykonanie pracy plastycznej dowoln\u0105 technik\u0105.<br \/>\nDzieci mia\u0142y mo\u017cliwo\u015b\u0107 pozna\u0107 pi\u0119kno ba\u015bni, ukryte w nich prawdy o \u017cyciu, rozwija\u0107<br \/>\nwyobra\u017ani\u0119 i w\u0142asne tw\u00f3rcze mo\u017cliwo\u015bci. By\u0142 to r\u00f3wnie\u017c czas mi\u0142ego i tw\u00f3rczego<br \/>\ndzia\u0142ania z rodzicami.<br \/>\nWszyscy uczestnicy zostali nagrodzeni upominkami i dyplomami.<\/p>\n<p>Zdj\u0119cia prac w galerii.<\/p>\n","protected":false},"excerpt":{"rendered":"<p>W dniach od 28.04.2022r do 27.05.2022r.w naszym przedszkolu zorganizowany by\u0142 Mi\u0119dzy przedszkolny Konkurs Plastyczny dla dzieci i rodzic\u00f3w pt. Ilustracja do ba\u015bni H.Ch. Andersena. Celem konkursu by\u0142o wykonanie pracy plastycznej dowoln\u0105 technik\u0105. Dzieci mia\u0142y mo\u017cliwo\u015b\u0107 pozna\u0107 pi\u0119kno ba\u015bni, ukryte w nich prawdy o \u017cyciu, rozwija\u0107 wyobra\u017ani\u0119 i w\u0142asne tw\u00f3rcze mo\u017cliwo\u015bci. By\u0142 to r\u00f3wnie\u017c czas mi\u0142ego [&hellip;]<\/p>\n","protected":false},"author":2,"featured_media":2636,"comment_status":"closed","ping_status":"closed","sticky":false,"template":"","format":"standard","meta":{"ngg_post_thumbnail":0,"footnotes":""},"categories":[4,1],"tags":[],"class_list":["post-7204","post","type-post","status-publish","format-standard","has-post-thumbnail","hentry","category-aktualnosci","category-wydarzenia"],"yoast_head":"<!-- This site is optimized with the Yoast SEO plugin v27.4 - https:\/\/yoast.com\/product\/yoast-seo-wordpress\/ -->\n<title>Wyniki mi\u0119dzy przedszkolnego konkursu plastycznego - Przedszkole im. Ksi\u0119cia Przemys\u0142awa<\/title>\n<meta name=\"robots\" content=\"noindex, follow\" \/>\n<meta property=\"og:locale\" content=\"pl_PL\" \/>\n<meta property=\"og:type\" content=\"article\" \/>\n<meta property=\"og:title\" content=\"Wyniki mi\u0119dzy przedszkolnego konkursu plastycznego - Przedszkole im. Ksi\u0119cia Przemys\u0142awa\" \/>\n<meta property=\"og:description\" content=\"W dniach od 28.04.2022r do 27.05.2022r.w naszym przedszkolu zorganizowany by\u0142 Mi\u0119dzy przedszkolny Konkurs Plastyczny dla dzieci i rodzic\u00f3w pt. Ilustracja do ba\u015bni H.Ch. Andersena. Celem konkursu by\u0142o wykonanie pracy plastycznej dowoln\u0105 technik\u0105. Dzieci mia\u0142y mo\u017cliwo\u015b\u0107 pozna\u0107 pi\u0119kno ba\u015bni, ukryte w nich prawdy o \u017cyciu, rozwija\u0107 wyobra\u017ani\u0119 i w\u0142asne tw\u00f3rcze mo\u017cliwo\u015bci. By\u0142 to r\u00f3wnie\u017c czas mi\u0142ego [&hellip;]\" \/>\n<meta property=\"og:url\" content=\"https:\/\/www.przedszkole161.pl\/?p=7204\" \/>\n<meta property=\"og:site_name\" content=\"Przedszkole im. Ksi\u0119cia Przemys\u0142awa\" \/>\n<meta property=\"article:published_time\" content=\"2022-06-09T21:01:26+00:00\" \/>\n<meta property=\"og:image\" content=\"https:\/\/www.przedszkole161.pl\/wp-content\/uploads\/2017\/01\/news.jpg\" \/>\n\t<meta property=\"og:image:width\" content=\"417\" \/>\n\t<meta property=\"og:image:height\" content=\"417\" \/>\n\t<meta property=\"og:image:type\" content=\"image\/jpeg\" \/>\n<meta name=\"author\" content=\"Magda Dulemba\" \/>\n<meta name=\"twitter:card\" content=\"summary_large_image\" \/>\n<meta name=\"twitter:label1\" content=\"Napisane przez\" \/>\n\t<meta name=\"twitter:data1\" content=\"Magda Dulemba\" \/>\n<script type=\"application\/ld+json\" class=\"yoast-schema-graph\">{\"@context\":\"https:\\\/\\\/schema.org\",\"@graph\":[{\"@type\":\"Article\",\"@id\":\"https:\\\/\\\/www.przedszkole161.pl\\\/?p=7204#article\",\"isPartOf\":{\"@id\":\"https:\\\/\\\/www.przedszkole161.pl\\\/?p=7204\"},\"author\":{\"name\":\"Magda Dulemba\",\"@id\":\"https:\\\/\\\/www.przedszkole161.pl\\\/#\\\/schema\\\/person\\\/673325371d681555a8b67c870d21faac\"},\"headline\":\"Wyniki mi\u0119dzy przedszkolnego konkursu plastycznego\",\"datePublished\":\"2022-06-09T21:01:26+00:00\",\"mainEntityOfPage\":{\"@id\":\"https:\\\/\\\/www.przedszkole161.pl\\\/?p=7204\"},\"wordCount\":97,\"image\":{\"@id\":\"https:\\\/\\\/www.przedszkole161.pl\\\/?p=7204#primaryimage\"},\"thumbnailUrl\":\"https:\\\/\\\/ple161.poznan.pl\\\/wp-content\\\/uploads\\\/2017\\\/01\\\/news.jpg\",\"articleSection\":[\"Aktualno\u015bci\",\"Wydarzenia\"],\"inLanguage\":\"pl-PL\"},{\"@type\":\"WebPage\",\"@id\":\"https:\\\/\\\/www.przedszkole161.pl\\\/?p=7204\",\"url\":\"https:\\\/\\\/www.przedszkole161.pl\\\/?p=7204\",\"name\":\"Wyniki mi\u0119dzy przedszkolnego konkursu plastycznego - Przedszkole im. Ksi\u0119cia Przemys\u0142awa\",\"isPartOf\":{\"@id\":\"https:\\\/\\\/www.przedszkole161.pl\\\/#website\"},\"primaryImageOfPage\":{\"@id\":\"https:\\\/\\\/www.przedszkole161.pl\\\/?p=7204#primaryimage\"},\"image\":{\"@id\":\"https:\\\/\\\/www.przedszkole161.pl\\\/?p=7204#primaryimage\"},\"thumbnailUrl\":\"https:\\\/\\\/ple161.poznan.pl\\\/wp-content\\\/uploads\\\/2017\\\/01\\\/news.jpg\",\"datePublished\":\"2022-06-09T21:01:26+00:00\",\"author\":{\"@id\":\"https:\\\/\\\/www.przedszkole161.pl\\\/#\\\/schema\\\/person\\\/673325371d681555a8b67c870d21faac\"},\"breadcrumb\":{\"@id\":\"https:\\\/\\\/www.przedszkole161.pl\\\/?p=7204#breadcrumb\"},\"inLanguage\":\"pl-PL\",\"potentialAction\":[{\"@type\":\"ReadAction\",\"target\":[\"https:\\\/\\\/www.przedszkole161.pl\\\/?p=7204\"]}]},{\"@type\":\"ImageObject\",\"inLanguage\":\"pl-PL\",\"@id\":\"https:\\\/\\\/www.przedszkole161.pl\\\/?p=7204#primaryimage\",\"url\":\"https:\\\/\\\/ple161.poznan.pl\\\/wp-content\\\/uploads\\\/2017\\\/01\\\/news.jpg\",\"contentUrl\":\"https:\\\/\\\/ple161.poznan.pl\\\/wp-content\\\/uploads\\\/2017\\\/01\\\/news.jpg\",\"width\":417,\"height\":417},{\"@type\":\"BreadcrumbList\",\"@id\":\"https:\\\/\\\/www.przedszkole161.pl\\\/?p=7204#breadcrumb\",\"itemListElement\":[{\"@type\":\"ListItem\",\"position\":1,\"name\":\"Strona g\u0142\u00f3wna\",\"item\":\"https:\\\/\\\/www.przedszkole161.pl\\\/\"},{\"@type\":\"ListItem\",\"position\":2,\"name\":\"Wyniki mi\u0119dzy przedszkolnego konkursu plastycznego\"}]},{\"@type\":\"WebSite\",\"@id\":\"https:\\\/\\\/www.przedszkole161.pl\\\/#website\",\"url\":\"https:\\\/\\\/www.przedszkole161.pl\\\/\",\"name\":\"Przedszkole im. Ksi\u0119cia Przemys\u0142awa 161\",\"description\":\"\",\"potentialAction\":[{\"@type\":\"SearchAction\",\"target\":{\"@type\":\"EntryPoint\",\"urlTemplate\":\"https:\\\/\\\/www.przedszkole161.pl\\\/?s={search_term_string}\"},\"query-input\":{\"@type\":\"PropertyValueSpecification\",\"valueRequired\":true,\"valueName\":\"search_term_string\"}}],\"inLanguage\":\"pl-PL\"},{\"@type\":\"Person\",\"@id\":\"https:\\\/\\\/www.przedszkole161.pl\\\/#\\\/schema\\\/person\\\/673325371d681555a8b67c870d21faac\",\"name\":\"Magda Dulemba\",\"image\":{\"@type\":\"ImageObject\",\"inLanguage\":\"pl-PL\",\"@id\":\"https:\\\/\\\/secure.gravatar.com\\\/avatar\\\/f6f4cc73208d68c67fc19e1f80620e23d66ef2a923cb26a6d726fbc6a55bbcbc?s=96&d=mm&r=g\",\"url\":\"https:\\\/\\\/secure.gravatar.com\\\/avatar\\\/f6f4cc73208d68c67fc19e1f80620e23d66ef2a923cb26a6d726fbc6a55bbcbc?s=96&d=mm&r=g\",\"contentUrl\":\"https:\\\/\\\/secure.gravatar.com\\\/avatar\\\/f6f4cc73208d68c67fc19e1f80620e23d66ef2a923cb26a6d726fbc6a55bbcbc?s=96&d=mm&r=g\",\"caption\":\"Magda Dulemba\"},\"url\":\"https:\\\/\\\/ple161.poznan.pl\\\/?author=2\"}]}<\/script>\n<!-- \/ Yoast SEO plugin. -->","yoast_head_json":{"title":"Wyniki mi\u0119dzy przedszkolnego konkursu plastycznego - Przedszkole im. Ksi\u0119cia Przemys\u0142awa","robots":{"index":"noindex","follow":"follow"},"og_locale":"pl_PL","og_type":"article","og_title":"Wyniki mi\u0119dzy przedszkolnego konkursu plastycznego - Przedszkole im. Ksi\u0119cia Przemys\u0142awa","og_description":"W dniach od 28.04.2022r do 27.05.2022r.w naszym przedszkolu zorganizowany by\u0142 Mi\u0119dzy przedszkolny Konkurs Plastyczny dla dzieci i rodzic\u00f3w pt. Ilustracja do ba\u015bni H.Ch. Andersena. Celem konkursu by\u0142o wykonanie pracy plastycznej dowoln\u0105 technik\u0105. Dzieci mia\u0142y mo\u017cliwo\u015b\u0107 pozna\u0107 pi\u0119kno ba\u015bni, ukryte w nich prawdy o \u017cyciu, rozwija\u0107 wyobra\u017ani\u0119 i w\u0142asne tw\u00f3rcze mo\u017cliwo\u015bci. By\u0142 to r\u00f3wnie\u017c czas mi\u0142ego [&hellip;]","og_url":"https:\/\/www.przedszkole161.pl\/?p=7204","og_site_name":"Przedszkole im. Ksi\u0119cia Przemys\u0142awa","article_published_time":"2022-06-09T21:01:26+00:00","og_image":[{"width":417,"height":417,"url":"https:\/\/www.przedszkole161.pl\/wp-content\/uploads\/2017\/01\/news.jpg","type":"image\/jpeg"}],"author":"Magda Dulemba","twitter_card":"summary_large_image","twitter_misc":{"Napisane przez":"Magda Dulemba"},"schema":{"@context":"https:\/\/schema.org","@graph":[{"@type":"Article","@id":"https:\/\/www.przedszkole161.pl\/?p=7204#article","isPartOf":{"@id":"https:\/\/www.przedszkole161.pl\/?p=7204"},"author":{"name":"Magda Dulemba","@id":"https:\/\/www.przedszkole161.pl\/#\/schema\/person\/673325371d681555a8b67c870d21faac"},"headline":"Wyniki mi\u0119dzy przedszkolnego konkursu plastycznego","datePublished":"2022-06-09T21:01:26+00:00","mainEntityOfPage":{"@id":"https:\/\/www.przedszkole161.pl\/?p=7204"},"wordCount":97,"image":{"@id":"https:\/\/www.przedszkole161.pl\/?p=7204#primaryimage"},"thumbnailUrl":"https:\/\/ple161.poznan.pl\/wp-content\/uploads\/2017\/01\/news.jpg","articleSection":["Aktualno\u015bci","Wydarzenia"],"inLanguage":"pl-PL"},{"@type":"WebPage","@id":"https:\/\/www.przedszkole161.pl\/?p=7204","url":"https:\/\/www.przedszkole161.pl\/?p=7204","name":"Wyniki mi\u0119dzy przedszkolnego konkursu plastycznego - Przedszkole im. Ksi\u0119cia Przemys\u0142awa","isPartOf":{"@id":"https:\/\/www.przedszkole161.pl\/#website"},"primaryImageOfPage":{"@id":"https:\/\/www.przedszkole161.pl\/?p=7204#primaryimage"},"image":{"@id":"https:\/\/www.przedszkole161.pl\/?p=7204#primaryimage"},"thumbnailUrl":"https:\/\/ple161.poznan.pl\/wp-content\/uploads\/2017\/01\/news.jpg","datePublished":"2022-06-09T21:01:26+00:00","author":{"@id":"https:\/\/www.przedszkole161.pl\/#\/schema\/person\/673325371d681555a8b67c870d21faac"},"breadcrumb":{"@id":"https:\/\/www.przedszkole161.pl\/?p=7204#breadcrumb"},"inLanguage":"pl-PL","potentialAction":[{"@type":"ReadAction","target":["https:\/\/www.przedszkole161.pl\/?p=7204"]}]},{"@type":"ImageObject","inLanguage":"pl-PL","@id":"https:\/\/www.przedszkole161.pl\/?p=7204#primaryimage","url":"https:\/\/ple161.poznan.pl\/wp-content\/uploads\/2017\/01\/news.jpg","contentUrl":"https:\/\/ple161.poznan.pl\/wp-content\/uploads\/2017\/01\/news.jpg","width":417,"height":417},{"@type":"BreadcrumbList","@id":"https:\/\/www.przedszkole161.pl\/?p=7204#breadcrumb","itemListElement":[{"@type":"ListItem","position":1,"name":"Strona g\u0142\u00f3wna","item":"https:\/\/www.przedszkole161.pl\/"},{"@type":"ListItem","position":2,"name":"Wyniki mi\u0119dzy przedszkolnego konkursu plastycznego"}]},{"@type":"WebSite","@id":"https:\/\/www.przedszkole161.pl\/#website","url":"https:\/\/www.przedszkole161.pl\/","name":"Przedszkole im. Ksi\u0119cia Przemys\u0142awa 161","description":"","potentialAction":[{"@type":"SearchAction","target":{"@type":"EntryPoint","urlTemplate":"https:\/\/www.przedszkole161.pl\/?s={search_term_string}"},"query-input":{"@type":"PropertyValueSpecification","valueRequired":true,"valueName":"search_term_string"}}],"inLanguage":"pl-PL"},{"@type":"Person","@id":"https:\/\/www.przedszkole161.pl\/#\/schema\/person\/673325371d681555a8b67c870d21faac","name":"Magda Dulemba","image":{"@type":"ImageObject","inLanguage":"pl-PL","@id":"https:\/\/secure.gravatar.com\/avatar\/f6f4cc73208d68c67fc19e1f80620e23d66ef2a923cb26a6d726fbc6a55bbcbc?s=96&d=mm&r=g","url":"https:\/\/secure.gravatar.com\/avatar\/f6f4cc73208d68c67fc19e1f80620e23d66ef2a923cb26a6d726fbc6a55bbcbc?s=96&d=mm&r=g","contentUrl":"https:\/\/secure.gravatar.com\/avatar\/f6f4cc73208d68c67fc19e1f80620e23d66ef2a923cb26a6d726fbc6a55bbcbc?s=96&d=mm&r=g","caption":"Magda Dulemba"},"url":"https:\/\/ple161.poznan.pl\/?author=2"}]}},"_links":{"self":[{"href":"https:\/\/ple161.poznan.pl\/index.php?rest_route=\/wp\/v2\/posts\/7204","targetHints":{"allow":["GET"]}}],"collection":[{"href":"https:\/\/ple161.poznan.pl\/index.php?rest_route=\/wp\/v2\/posts"}],"about":[{"href":"https:\/\/ple161.poznan.pl\/index.php?rest_route=\/wp\/v2\/types\/post"}],"author":[{"embeddable":true,"href":"https:\/\/ple161.poznan.pl\/index.php?rest_route=\/wp\/v2\/users\/2"}],"replies":[{"embeddable":true,"href":"https:\/\/ple161.poznan.pl\/index.php?rest_route=%2Fwp%2Fv2%2Fcomments&post=7204"}],"version-history":[{"count":1,"href":"https:\/\/ple161.poznan.pl\/index.php?rest_route=\/wp\/v2\/posts\/7204\/revisions"}],"predecessor-version":[{"id":7205,"href":"https:\/\/ple161.poznan.pl\/index.php?rest_route=\/wp\/v2\/posts\/7204\/revisions\/7205"}],"wp:featuredmedia":[{"embeddable":true,"href":"https:\/\/ple161.poznan.pl\/index.php?rest_route=\/wp\/v2\/media\/2636"}],"wp:attachment":[{"href":"https:\/\/ple161.poznan.pl\/index.php?rest_route=%2Fwp%2Fv2%2Fmedia&parent=7204"}],"wp:term":[{"taxonomy":"category","embeddable":true,"href":"https:\/\/ple161.poznan.pl\/index.php?rest_route=%2Fwp%2Fv2%2Fcategories&post=7204"},{"taxonomy":"post_tag","embeddable":true,"href":"https:\/\/ple161.poznan.pl\/index.php?rest_route=%2Fwp%2Fv2%2Ftags&post=7204"}],"curies":[{"name":"wp","href":"https:\/\/api.w.org\/{rel}","templated":true}]}}