{"id":7130,"date":"2022-05-23T21:22:02","date_gmt":"2022-05-23T20:22:02","guid":{"rendered":"http:\/\/ple161.poznan.pl\/?p=7130"},"modified":"2022-05-23T21:22:02","modified_gmt":"2022-05-23T20:22:02","slug":"dzien-herbaty","status":"publish","type":"post","link":"https:\/\/ple161.poznan.pl\/?p=7130","title":{"rendered":"Dzie\u0144 Herbaty"},"content":{"rendered":"<p>23 maja w przedszkolu obchodzili\u015bmy Dzie\u0144 Herbaty. Przedszkolaki dowiedzia\u0142y si\u0119 jak powstaje herbata oraz jak nale\u017cy j\u0105 parzy\u0107, aby wydoby\u0107 z niej prawdziwy smak. Dzieci pozna\u0142y r\u00f3\u017cne rodzaje herbat, nie \u00a0zabrak\u0142o zabaw badawczych i eksperyment\u00f3w. Na koniec przedszkolaki wykona\u0142y prac\u0119 plastyczn\u0105. Malowanie herbat\u0105 to kolejna niezwyk\u0142a zabawa\u00a0 plastyczna i kolejne do\u015bwiadczenie dla naszych przedszkolak\u00f3w.<\/p>\n<div>Czy czarna herbata ma czarny kolor, a zielona zielony i czerwona czerwony? Sprawdzili\u015bmy to dzisiaj!<b>\u00a0<\/b><\/p>\n<p>Przedszkolaki mia\u0142y okazj\u0119 ogl\u0105da\u0107, rozr\u00f3\u017cnia\u0107, i nazywa\u0107 kolory, por\u00f3wnywa\u0107 ich nasycenie, obserwowa\u0107 jak zachowuje si\u0119 p\u0142yn na kartce, do\u015bwiadcza\u0142y mokrego p\u0142ynu na palcach i d\u0142oniach, ugniata\u0142y i wyciska\u0142y herbaciane torebki.<\/p><\/div>\n","protected":false},"excerpt":{"rendered":"<p>23 maja w przedszkolu obchodzili\u015bmy Dzie\u0144 Herbaty. Przedszkolaki dowiedzia\u0142y si\u0119 jak powstaje herbata oraz jak nale\u017cy j\u0105 parzy\u0107, aby wydoby\u0107 z niej prawdziwy smak. Dzieci pozna\u0142y r\u00f3\u017cne rodzaje herbat, nie \u00a0zabrak\u0142o zabaw badawczych i eksperyment\u00f3w. Na koniec przedszkolaki wykona\u0142y prac\u0119 plastyczn\u0105. Malowanie herbat\u0105 to kolejna niezwyk\u0142a zabawa\u00a0 plastyczna i kolejne do\u015bwiadczenie dla naszych przedszkolak\u00f3w. Czy [&hellip;]<\/p>\n","protected":false},"author":2,"featured_media":7131,"comment_status":"closed","ping_status":"closed","sticky":false,"template":"","format":"standard","meta":{"ngg_post_thumbnail":0,"footnotes":""},"categories":[4,1],"tags":[],"class_list":["post-7130","post","type-post","status-publish","format-standard","has-post-thumbnail","hentry","category-aktualnosci","category-wydarzenia"],"yoast_head":"<!-- This site is optimized with the Yoast SEO plugin v27.4 - https:\/\/yoast.com\/product\/yoast-seo-wordpress\/ -->\n<title>Dzie\u0144 Herbaty - Przedszkole im. Ksi\u0119cia Przemys\u0142awa<\/title>\n<meta name=\"robots\" content=\"noindex, follow\" \/>\n<meta property=\"og:locale\" content=\"pl_PL\" \/>\n<meta property=\"og:type\" content=\"article\" \/>\n<meta property=\"og:title\" content=\"Dzie\u0144 Herbaty - Przedszkole im. Ksi\u0119cia Przemys\u0142awa\" \/>\n<meta property=\"og:description\" content=\"23 maja w przedszkolu obchodzili\u015bmy Dzie\u0144 Herbaty. Przedszkolaki dowiedzia\u0142y si\u0119 jak powstaje herbata oraz jak nale\u017cy j\u0105 parzy\u0107, aby wydoby\u0107 z niej prawdziwy smak. Dzieci pozna\u0142y r\u00f3\u017cne rodzaje herbat, nie \u00a0zabrak\u0142o zabaw badawczych i eksperyment\u00f3w. Na koniec przedszkolaki wykona\u0142y prac\u0119 plastyczn\u0105. Malowanie herbat\u0105 to kolejna niezwyk\u0142a zabawa\u00a0 plastyczna i kolejne do\u015bwiadczenie dla naszych przedszkolak\u00f3w. Czy [&hellip;]\" \/>\n<meta property=\"og:url\" content=\"https:\/\/www.przedszkole161.pl\/?p=7130\" \/>\n<meta property=\"og:site_name\" content=\"Przedszkole im. Ksi\u0119cia Przemys\u0142awa\" \/>\n<meta property=\"article:published_time\" content=\"2022-05-23T20:22:02+00:00\" \/>\n<meta property=\"og:image\" content=\"https:\/\/www.przedszkole161.pl\/wp-content\/uploads\/2022\/05\/IMG_9912-scaled.jpg\" \/>\n\t<meta property=\"og:image:width\" content=\"2560\" \/>\n\t<meta property=\"og:image:height\" content=\"2070\" \/>\n\t<meta property=\"og:image:type\" content=\"image\/jpeg\" \/>\n<meta name=\"author\" content=\"Magda Dulemba\" \/>\n<meta name=\"twitter:card\" content=\"summary_large_image\" \/>\n<meta name=\"twitter:label1\" content=\"Napisane przez\" \/>\n\t<meta name=\"twitter:data1\" content=\"Magda Dulemba\" \/>\n\t<meta name=\"twitter:label2\" content=\"Szacowany czas czytania\" \/>\n\t<meta name=\"twitter:data2\" content=\"1 minuta\" \/>\n<script type=\"application\/ld+json\" class=\"yoast-schema-graph\">{\"@context\":\"https:\\\/\\\/schema.org\",\"@graph\":[{\"@type\":\"Article\",\"@id\":\"https:\\\/\\\/www.przedszkole161.pl\\\/?p=7130#article\",\"isPartOf\":{\"@id\":\"https:\\\/\\\/www.przedszkole161.pl\\\/?p=7130\"},\"author\":{\"name\":\"Magda Dulemba\",\"@id\":\"https:\\\/\\\/www.przedszkole161.pl\\\/#\\\/schema\\\/person\\\/673325371d681555a8b67c870d21faac\"},\"headline\":\"Dzie\u0144 Herbaty\",\"datePublished\":\"2022-05-23T20:22:02+00:00\",\"mainEntityOfPage\":{\"@id\":\"https:\\\/\\\/www.przedszkole161.pl\\\/?p=7130\"},\"wordCount\":123,\"image\":{\"@id\":\"https:\\\/\\\/www.przedszkole161.pl\\\/?p=7130#primaryimage\"},\"thumbnailUrl\":\"https:\\\/\\\/ple161.poznan.pl\\\/wp-content\\\/uploads\\\/2022\\\/05\\\/IMG_9912-scaled.jpg\",\"articleSection\":[\"Aktualno\u015bci\",\"Wydarzenia\"],\"inLanguage\":\"pl-PL\"},{\"@type\":\"WebPage\",\"@id\":\"https:\\\/\\\/www.przedszkole161.pl\\\/?p=7130\",\"url\":\"https:\\\/\\\/www.przedszkole161.pl\\\/?p=7130\",\"name\":\"Dzie\u0144 Herbaty - Przedszkole im. Ksi\u0119cia Przemys\u0142awa\",\"isPartOf\":{\"@id\":\"https:\\\/\\\/www.przedszkole161.pl\\\/#website\"},\"primaryImageOfPage\":{\"@id\":\"https:\\\/\\\/www.przedszkole161.pl\\\/?p=7130#primaryimage\"},\"image\":{\"@id\":\"https:\\\/\\\/www.przedszkole161.pl\\\/?p=7130#primaryimage\"},\"thumbnailUrl\":\"https:\\\/\\\/ple161.poznan.pl\\\/wp-content\\\/uploads\\\/2022\\\/05\\\/IMG_9912-scaled.jpg\",\"datePublished\":\"2022-05-23T20:22:02+00:00\",\"author\":{\"@id\":\"https:\\\/\\\/www.przedszkole161.pl\\\/#\\\/schema\\\/person\\\/673325371d681555a8b67c870d21faac\"},\"breadcrumb\":{\"@id\":\"https:\\\/\\\/www.przedszkole161.pl\\\/?p=7130#breadcrumb\"},\"inLanguage\":\"pl-PL\",\"potentialAction\":[{\"@type\":\"ReadAction\",\"target\":[\"https:\\\/\\\/www.przedszkole161.pl\\\/?p=7130\"]}]},{\"@type\":\"ImageObject\",\"inLanguage\":\"pl-PL\",\"@id\":\"https:\\\/\\\/www.przedszkole161.pl\\\/?p=7130#primaryimage\",\"url\":\"https:\\\/\\\/ple161.poznan.pl\\\/wp-content\\\/uploads\\\/2022\\\/05\\\/IMG_9912-scaled.jpg\",\"contentUrl\":\"https:\\\/\\\/ple161.poznan.pl\\\/wp-content\\\/uploads\\\/2022\\\/05\\\/IMG_9912-scaled.jpg\",\"width\":2560,\"height\":2070},{\"@type\":\"BreadcrumbList\",\"@id\":\"https:\\\/\\\/www.przedszkole161.pl\\\/?p=7130#breadcrumb\",\"itemListElement\":[{\"@type\":\"ListItem\",\"position\":1,\"name\":\"Strona g\u0142\u00f3wna\",\"item\":\"https:\\\/\\\/www.przedszkole161.pl\\\/\"},{\"@type\":\"ListItem\",\"position\":2,\"name\":\"Dzie\u0144 Herbaty\"}]},{\"@type\":\"WebSite\",\"@id\":\"https:\\\/\\\/www.przedszkole161.pl\\\/#website\",\"url\":\"https:\\\/\\\/www.przedszkole161.pl\\\/\",\"name\":\"Przedszkole im. Ksi\u0119cia Przemys\u0142awa 161\",\"description\":\"\",\"potentialAction\":[{\"@type\":\"SearchAction\",\"target\":{\"@type\":\"EntryPoint\",\"urlTemplate\":\"https:\\\/\\\/www.przedszkole161.pl\\\/?s={search_term_string}\"},\"query-input\":{\"@type\":\"PropertyValueSpecification\",\"valueRequired\":true,\"valueName\":\"search_term_string\"}}],\"inLanguage\":\"pl-PL\"},{\"@type\":\"Person\",\"@id\":\"https:\\\/\\\/www.przedszkole161.pl\\\/#\\\/schema\\\/person\\\/673325371d681555a8b67c870d21faac\",\"name\":\"Magda Dulemba\",\"image\":{\"@type\":\"ImageObject\",\"inLanguage\":\"pl-PL\",\"@id\":\"https:\\\/\\\/secure.gravatar.com\\\/avatar\\\/f6f4cc73208d68c67fc19e1f80620e23d66ef2a923cb26a6d726fbc6a55bbcbc?s=96&d=mm&r=g\",\"url\":\"https:\\\/\\\/secure.gravatar.com\\\/avatar\\\/f6f4cc73208d68c67fc19e1f80620e23d66ef2a923cb26a6d726fbc6a55bbcbc?s=96&d=mm&r=g\",\"contentUrl\":\"https:\\\/\\\/secure.gravatar.com\\\/avatar\\\/f6f4cc73208d68c67fc19e1f80620e23d66ef2a923cb26a6d726fbc6a55bbcbc?s=96&d=mm&r=g\",\"caption\":\"Magda Dulemba\"},\"url\":\"https:\\\/\\\/ple161.poznan.pl\\\/?author=2\"}]}<\/script>\n<!-- \/ Yoast SEO plugin. -->","yoast_head_json":{"title":"Dzie\u0144 Herbaty - Przedszkole im. Ksi\u0119cia Przemys\u0142awa","robots":{"index":"noindex","follow":"follow"},"og_locale":"pl_PL","og_type":"article","og_title":"Dzie\u0144 Herbaty - Przedszkole im. Ksi\u0119cia Przemys\u0142awa","og_description":"23 maja w przedszkolu obchodzili\u015bmy Dzie\u0144 Herbaty. Przedszkolaki dowiedzia\u0142y si\u0119 jak powstaje herbata oraz jak nale\u017cy j\u0105 parzy\u0107, aby wydoby\u0107 z niej prawdziwy smak. Dzieci pozna\u0142y r\u00f3\u017cne rodzaje herbat, nie \u00a0zabrak\u0142o zabaw badawczych i eksperyment\u00f3w. Na koniec przedszkolaki wykona\u0142y prac\u0119 plastyczn\u0105. Malowanie herbat\u0105 to kolejna niezwyk\u0142a zabawa\u00a0 plastyczna i kolejne do\u015bwiadczenie dla naszych przedszkolak\u00f3w. Czy [&hellip;]","og_url":"https:\/\/www.przedszkole161.pl\/?p=7130","og_site_name":"Przedszkole im. Ksi\u0119cia Przemys\u0142awa","article_published_time":"2022-05-23T20:22:02+00:00","og_image":[{"width":2560,"height":2070,"url":"https:\/\/www.przedszkole161.pl\/wp-content\/uploads\/2022\/05\/IMG_9912-scaled.jpg","type":"image\/jpeg"}],"author":"Magda Dulemba","twitter_card":"summary_large_image","twitter_misc":{"Napisane przez":"Magda Dulemba","Szacowany czas czytania":"1 minuta"},"schema":{"@context":"https:\/\/schema.org","@graph":[{"@type":"Article","@id":"https:\/\/www.przedszkole161.pl\/?p=7130#article","isPartOf":{"@id":"https:\/\/www.przedszkole161.pl\/?p=7130"},"author":{"name":"Magda Dulemba","@id":"https:\/\/www.przedszkole161.pl\/#\/schema\/person\/673325371d681555a8b67c870d21faac"},"headline":"Dzie\u0144 Herbaty","datePublished":"2022-05-23T20:22:02+00:00","mainEntityOfPage":{"@id":"https:\/\/www.przedszkole161.pl\/?p=7130"},"wordCount":123,"image":{"@id":"https:\/\/www.przedszkole161.pl\/?p=7130#primaryimage"},"thumbnailUrl":"https:\/\/ple161.poznan.pl\/wp-content\/uploads\/2022\/05\/IMG_9912-scaled.jpg","articleSection":["Aktualno\u015bci","Wydarzenia"],"inLanguage":"pl-PL"},{"@type":"WebPage","@id":"https:\/\/www.przedszkole161.pl\/?p=7130","url":"https:\/\/www.przedszkole161.pl\/?p=7130","name":"Dzie\u0144 Herbaty - Przedszkole im. Ksi\u0119cia Przemys\u0142awa","isPartOf":{"@id":"https:\/\/www.przedszkole161.pl\/#website"},"primaryImageOfPage":{"@id":"https:\/\/www.przedszkole161.pl\/?p=7130#primaryimage"},"image":{"@id":"https:\/\/www.przedszkole161.pl\/?p=7130#primaryimage"},"thumbnailUrl":"https:\/\/ple161.poznan.pl\/wp-content\/uploads\/2022\/05\/IMG_9912-scaled.jpg","datePublished":"2022-05-23T20:22:02+00:00","author":{"@id":"https:\/\/www.przedszkole161.pl\/#\/schema\/person\/673325371d681555a8b67c870d21faac"},"breadcrumb":{"@id":"https:\/\/www.przedszkole161.pl\/?p=7130#breadcrumb"},"inLanguage":"pl-PL","potentialAction":[{"@type":"ReadAction","target":["https:\/\/www.przedszkole161.pl\/?p=7130"]}]},{"@type":"ImageObject","inLanguage":"pl-PL","@id":"https:\/\/www.przedszkole161.pl\/?p=7130#primaryimage","url":"https:\/\/ple161.poznan.pl\/wp-content\/uploads\/2022\/05\/IMG_9912-scaled.jpg","contentUrl":"https:\/\/ple161.poznan.pl\/wp-content\/uploads\/2022\/05\/IMG_9912-scaled.jpg","width":2560,"height":2070},{"@type":"BreadcrumbList","@id":"https:\/\/www.przedszkole161.pl\/?p=7130#breadcrumb","itemListElement":[{"@type":"ListItem","position":1,"name":"Strona g\u0142\u00f3wna","item":"https:\/\/www.przedszkole161.pl\/"},{"@type":"ListItem","position":2,"name":"Dzie\u0144 Herbaty"}]},{"@type":"WebSite","@id":"https:\/\/www.przedszkole161.pl\/#website","url":"https:\/\/www.przedszkole161.pl\/","name":"Przedszkole im. Ksi\u0119cia Przemys\u0142awa 161","description":"","potentialAction":[{"@type":"SearchAction","target":{"@type":"EntryPoint","urlTemplate":"https:\/\/www.przedszkole161.pl\/?s={search_term_string}"},"query-input":{"@type":"PropertyValueSpecification","valueRequired":true,"valueName":"search_term_string"}}],"inLanguage":"pl-PL"},{"@type":"Person","@id":"https:\/\/www.przedszkole161.pl\/#\/schema\/person\/673325371d681555a8b67c870d21faac","name":"Magda Dulemba","image":{"@type":"ImageObject","inLanguage":"pl-PL","@id":"https:\/\/secure.gravatar.com\/avatar\/f6f4cc73208d68c67fc19e1f80620e23d66ef2a923cb26a6d726fbc6a55bbcbc?s=96&d=mm&r=g","url":"https:\/\/secure.gravatar.com\/avatar\/f6f4cc73208d68c67fc19e1f80620e23d66ef2a923cb26a6d726fbc6a55bbcbc?s=96&d=mm&r=g","contentUrl":"https:\/\/secure.gravatar.com\/avatar\/f6f4cc73208d68c67fc19e1f80620e23d66ef2a923cb26a6d726fbc6a55bbcbc?s=96&d=mm&r=g","caption":"Magda Dulemba"},"url":"https:\/\/ple161.poznan.pl\/?author=2"}]}},"_links":{"self":[{"href":"https:\/\/ple161.poznan.pl\/index.php?rest_route=\/wp\/v2\/posts\/7130","targetHints":{"allow":["GET"]}}],"collection":[{"href":"https:\/\/ple161.poznan.pl\/index.php?rest_route=\/wp\/v2\/posts"}],"about":[{"href":"https:\/\/ple161.poznan.pl\/index.php?rest_route=\/wp\/v2\/types\/post"}],"author":[{"embeddable":true,"href":"https:\/\/ple161.poznan.pl\/index.php?rest_route=\/wp\/v2\/users\/2"}],"replies":[{"embeddable":true,"href":"https:\/\/ple161.poznan.pl\/index.php?rest_route=%2Fwp%2Fv2%2Fcomments&post=7130"}],"version-history":[{"count":1,"href":"https:\/\/ple161.poznan.pl\/index.php?rest_route=\/wp\/v2\/posts\/7130\/revisions"}],"predecessor-version":[{"id":7132,"href":"https:\/\/ple161.poznan.pl\/index.php?rest_route=\/wp\/v2\/posts\/7130\/revisions\/7132"}],"wp:featuredmedia":[{"embeddable":true,"href":"https:\/\/ple161.poznan.pl\/index.php?rest_route=\/wp\/v2\/media\/7131"}],"wp:attachment":[{"href":"https:\/\/ple161.poznan.pl\/index.php?rest_route=%2Fwp%2Fv2%2Fmedia&parent=7130"}],"wp:term":[{"taxonomy":"category","embeddable":true,"href":"https:\/\/ple161.poznan.pl\/index.php?rest_route=%2Fwp%2Fv2%2Fcategories&post=7130"},{"taxonomy":"post_tag","embeddable":true,"href":"https:\/\/ple161.poznan.pl\/index.php?rest_route=%2Fwp%2Fv2%2Ftags&post=7130"}],"curies":[{"name":"wp","href":"https:\/\/api.w.org\/{rel}","templated":true}]}}