{"id":7115,"date":"2022-05-04T04:06:31","date_gmt":"2022-05-04T03:06:31","guid":{"rendered":"http:\/\/ple161.poznan.pl\/?p=7115"},"modified":"2022-05-04T04:06:37","modified_gmt":"2022-05-04T03:06:37","slug":"samodzielnosc-dziecka","status":"publish","type":"post","link":"https:\/\/ple161.poznan.pl\/?p=7115","title":{"rendered":"Samodzielno\u015b\u0107 dziecka"},"content":{"rendered":"<p>Artyku\u0142 w <a href=\"https:\/\/ple161.poznan.pl\/wp-content\/uploads\/2022\/05\/Samodzielnosc-dziecka-w-wieku-przedszkolnym.docx\">pliku<\/a><\/p>\n","protected":false},"excerpt":{"rendered":"<p>Artyku\u0142 w pliku<\/p>\n","protected":false},"author":2,"featured_media":6050,"comment_status":"closed","ping_status":"closed","sticky":false,"template":"","format":"standard","meta":{"ngg_post_thumbnail":0,"footnotes":""},"categories":[4,6],"tags":[],"class_list":["post-7115","post","type-post","status-publish","format-standard","has-post-thumbnail","hentry","category-aktualnosci","category-pomoc-p-p"],"yoast_head":"<!-- This site is optimized with the Yoast SEO plugin v27.5 - https:\/\/yoast.com\/product\/yoast-seo-wordpress\/ -->\n<title>Samodzielno\u015b\u0107 dziecka - Przedszkole im. Ksi\u0119cia Przemys\u0142awa<\/title>\n<meta name=\"robots\" content=\"noindex, follow\" \/>\n<meta property=\"og:locale\" content=\"pl_PL\" \/>\n<meta property=\"og:type\" content=\"article\" \/>\n<meta property=\"og:title\" content=\"Samodzielno\u015b\u0107 dziecka - Przedszkole im. Ksi\u0119cia Przemys\u0142awa\" \/>\n<meta property=\"og:description\" content=\"Artyku\u0142 w pliku\" \/>\n<meta property=\"og:url\" content=\"https:\/\/www.przedszkole161.pl\/?p=7115\" \/>\n<meta property=\"og:site_name\" content=\"Przedszkole im. Ksi\u0119cia Przemys\u0142awa\" \/>\n<meta property=\"article:published_time\" content=\"2022-05-04T03:06:31+00:00\" \/>\n<meta property=\"article:modified_time\" content=\"2022-05-04T03:06:37+00:00\" \/>\n<meta property=\"og:image\" content=\"https:\/\/www.przedszkole161.pl\/wp-content\/uploads\/2021\/05\/pomoc-p-p-1.jpg\" \/>\n\t<meta property=\"og:image:width\" content=\"322\" \/>\n\t<meta property=\"og:image:height\" content=\"156\" \/>\n\t<meta property=\"og:image:type\" content=\"image\/jpeg\" \/>\n<meta name=\"author\" content=\"Magda Dulemba\" \/>\n<meta name=\"twitter:card\" content=\"summary_large_image\" \/>\n<meta name=\"twitter:label1\" content=\"Napisane przez\" \/>\n\t<meta name=\"twitter:data1\" content=\"Magda Dulemba\" \/>\n<script type=\"application\/ld+json\" class=\"yoast-schema-graph\">{\"@context\":\"https:\\\/\\\/schema.org\",\"@graph\":[{\"@type\":\"Article\",\"@id\":\"https:\\\/\\\/www.przedszkole161.pl\\\/?p=7115#article\",\"isPartOf\":{\"@id\":\"https:\\\/\\\/www.przedszkole161.pl\\\/?p=7115\"},\"author\":{\"name\":\"Magda Dulemba\",\"@id\":\"https:\\\/\\\/www.przedszkole161.pl\\\/#\\\/schema\\\/person\\\/673325371d681555a8b67c870d21faac\"},\"headline\":\"Samodzielno\u015b\u0107 dziecka\",\"datePublished\":\"2022-05-04T03:06:31+00:00\",\"dateModified\":\"2022-05-04T03:06:37+00:00\",\"mainEntityOfPage\":{\"@id\":\"https:\\\/\\\/www.przedszkole161.pl\\\/?p=7115\"},\"wordCount\":5,\"image\":{\"@id\":\"https:\\\/\\\/www.przedszkole161.pl\\\/?p=7115#primaryimage\"},\"thumbnailUrl\":\"https:\\\/\\\/ple161.poznan.pl\\\/wp-content\\\/uploads\\\/2021\\\/05\\\/pomoc-p-p-1.jpg\",\"articleSection\":[\"Aktualno\u015bci\",\"Pomoc P-P\"],\"inLanguage\":\"pl-PL\"},{\"@type\":\"WebPage\",\"@id\":\"https:\\\/\\\/www.przedszkole161.pl\\\/?p=7115\",\"url\":\"https:\\\/\\\/www.przedszkole161.pl\\\/?p=7115\",\"name\":\"Samodzielno\u015b\u0107 dziecka - Przedszkole im. Ksi\u0119cia Przemys\u0142awa\",\"isPartOf\":{\"@id\":\"https:\\\/\\\/www.przedszkole161.pl\\\/#website\"},\"primaryImageOfPage\":{\"@id\":\"https:\\\/\\\/www.przedszkole161.pl\\\/?p=7115#primaryimage\"},\"image\":{\"@id\":\"https:\\\/\\\/www.przedszkole161.pl\\\/?p=7115#primaryimage\"},\"thumbnailUrl\":\"https:\\\/\\\/ple161.poznan.pl\\\/wp-content\\\/uploads\\\/2021\\\/05\\\/pomoc-p-p-1.jpg\",\"datePublished\":\"2022-05-04T03:06:31+00:00\",\"dateModified\":\"2022-05-04T03:06:37+00:00\",\"author\":{\"@id\":\"https:\\\/\\\/www.przedszkole161.pl\\\/#\\\/schema\\\/person\\\/673325371d681555a8b67c870d21faac\"},\"breadcrumb\":{\"@id\":\"https:\\\/\\\/www.przedszkole161.pl\\\/?p=7115#breadcrumb\"},\"inLanguage\":\"pl-PL\",\"potentialAction\":[{\"@type\":\"ReadAction\",\"target\":[\"https:\\\/\\\/www.przedszkole161.pl\\\/?p=7115\"]}]},{\"@type\":\"ImageObject\",\"inLanguage\":\"pl-PL\",\"@id\":\"https:\\\/\\\/www.przedszkole161.pl\\\/?p=7115#primaryimage\",\"url\":\"https:\\\/\\\/ple161.poznan.pl\\\/wp-content\\\/uploads\\\/2021\\\/05\\\/pomoc-p-p-1.jpg\",\"contentUrl\":\"https:\\\/\\\/ple161.poznan.pl\\\/wp-content\\\/uploads\\\/2021\\\/05\\\/pomoc-p-p-1.jpg\",\"width\":322,\"height\":156},{\"@type\":\"BreadcrumbList\",\"@id\":\"https:\\\/\\\/www.przedszkole161.pl\\\/?p=7115#breadcrumb\",\"itemListElement\":[{\"@type\":\"ListItem\",\"position\":1,\"name\":\"Strona g\u0142\u00f3wna\",\"item\":\"https:\\\/\\\/www.przedszkole161.pl\\\/\"},{\"@type\":\"ListItem\",\"position\":2,\"name\":\"Samodzielno\u015b\u0107 dziecka\"}]},{\"@type\":\"WebSite\",\"@id\":\"https:\\\/\\\/www.przedszkole161.pl\\\/#website\",\"url\":\"https:\\\/\\\/www.przedszkole161.pl\\\/\",\"name\":\"Przedszkole im. Ksi\u0119cia Przemys\u0142awa 161\",\"description\":\"\",\"potentialAction\":[{\"@type\":\"SearchAction\",\"target\":{\"@type\":\"EntryPoint\",\"urlTemplate\":\"https:\\\/\\\/www.przedszkole161.pl\\\/?s={search_term_string}\"},\"query-input\":{\"@type\":\"PropertyValueSpecification\",\"valueRequired\":true,\"valueName\":\"search_term_string\"}}],\"inLanguage\":\"pl-PL\"},{\"@type\":\"Person\",\"@id\":\"https:\\\/\\\/www.przedszkole161.pl\\\/#\\\/schema\\\/person\\\/673325371d681555a8b67c870d21faac\",\"name\":\"Magda Dulemba\",\"image\":{\"@type\":\"ImageObject\",\"inLanguage\":\"pl-PL\",\"@id\":\"https:\\\/\\\/secure.gravatar.com\\\/avatar\\\/f6f4cc73208d68c67fc19e1f80620e23d66ef2a923cb26a6d726fbc6a55bbcbc?s=96&d=mm&r=g\",\"url\":\"https:\\\/\\\/secure.gravatar.com\\\/avatar\\\/f6f4cc73208d68c67fc19e1f80620e23d66ef2a923cb26a6d726fbc6a55bbcbc?s=96&d=mm&r=g\",\"contentUrl\":\"https:\\\/\\\/secure.gravatar.com\\\/avatar\\\/f6f4cc73208d68c67fc19e1f80620e23d66ef2a923cb26a6d726fbc6a55bbcbc?s=96&d=mm&r=g\",\"caption\":\"Magda Dulemba\"},\"url\":\"https:\\\/\\\/ple161.poznan.pl\\\/?author=2\"}]}<\/script>\n<!-- \/ Yoast SEO plugin. -->","yoast_head_json":{"title":"Samodzielno\u015b\u0107 dziecka - Przedszkole im. Ksi\u0119cia Przemys\u0142awa","robots":{"index":"noindex","follow":"follow"},"og_locale":"pl_PL","og_type":"article","og_title":"Samodzielno\u015b\u0107 dziecka - Przedszkole im. Ksi\u0119cia Przemys\u0142awa","og_description":"Artyku\u0142 w pliku","og_url":"https:\/\/www.przedszkole161.pl\/?p=7115","og_site_name":"Przedszkole im. Ksi\u0119cia Przemys\u0142awa","article_published_time":"2022-05-04T03:06:31+00:00","article_modified_time":"2022-05-04T03:06:37+00:00","og_image":[{"width":322,"height":156,"url":"https:\/\/www.przedszkole161.pl\/wp-content\/uploads\/2021\/05\/pomoc-p-p-1.jpg","type":"image\/jpeg"}],"author":"Magda Dulemba","twitter_card":"summary_large_image","twitter_misc":{"Napisane przez":"Magda Dulemba"},"schema":{"@context":"https:\/\/schema.org","@graph":[{"@type":"Article","@id":"https:\/\/www.przedszkole161.pl\/?p=7115#article","isPartOf":{"@id":"https:\/\/www.przedszkole161.pl\/?p=7115"},"author":{"name":"Magda Dulemba","@id":"https:\/\/www.przedszkole161.pl\/#\/schema\/person\/673325371d681555a8b67c870d21faac"},"headline":"Samodzielno\u015b\u0107 dziecka","datePublished":"2022-05-04T03:06:31+00:00","dateModified":"2022-05-04T03:06:37+00:00","mainEntityOfPage":{"@id":"https:\/\/www.przedszkole161.pl\/?p=7115"},"wordCount":5,"image":{"@id":"https:\/\/www.przedszkole161.pl\/?p=7115#primaryimage"},"thumbnailUrl":"https:\/\/ple161.poznan.pl\/wp-content\/uploads\/2021\/05\/pomoc-p-p-1.jpg","articleSection":["Aktualno\u015bci","Pomoc P-P"],"inLanguage":"pl-PL"},{"@type":"WebPage","@id":"https:\/\/www.przedszkole161.pl\/?p=7115","url":"https:\/\/www.przedszkole161.pl\/?p=7115","name":"Samodzielno\u015b\u0107 dziecka - Przedszkole im. Ksi\u0119cia Przemys\u0142awa","isPartOf":{"@id":"https:\/\/www.przedszkole161.pl\/#website"},"primaryImageOfPage":{"@id":"https:\/\/www.przedszkole161.pl\/?p=7115#primaryimage"},"image":{"@id":"https:\/\/www.przedszkole161.pl\/?p=7115#primaryimage"},"thumbnailUrl":"https:\/\/ple161.poznan.pl\/wp-content\/uploads\/2021\/05\/pomoc-p-p-1.jpg","datePublished":"2022-05-04T03:06:31+00:00","dateModified":"2022-05-04T03:06:37+00:00","author":{"@id":"https:\/\/www.przedszkole161.pl\/#\/schema\/person\/673325371d681555a8b67c870d21faac"},"breadcrumb":{"@id":"https:\/\/www.przedszkole161.pl\/?p=7115#breadcrumb"},"inLanguage":"pl-PL","potentialAction":[{"@type":"ReadAction","target":["https:\/\/www.przedszkole161.pl\/?p=7115"]}]},{"@type":"ImageObject","inLanguage":"pl-PL","@id":"https:\/\/www.przedszkole161.pl\/?p=7115#primaryimage","url":"https:\/\/ple161.poznan.pl\/wp-content\/uploads\/2021\/05\/pomoc-p-p-1.jpg","contentUrl":"https:\/\/ple161.poznan.pl\/wp-content\/uploads\/2021\/05\/pomoc-p-p-1.jpg","width":322,"height":156},{"@type":"BreadcrumbList","@id":"https:\/\/www.przedszkole161.pl\/?p=7115#breadcrumb","itemListElement":[{"@type":"ListItem","position":1,"name":"Strona g\u0142\u00f3wna","item":"https:\/\/www.przedszkole161.pl\/"},{"@type":"ListItem","position":2,"name":"Samodzielno\u015b\u0107 dziecka"}]},{"@type":"WebSite","@id":"https:\/\/www.przedszkole161.pl\/#website","url":"https:\/\/www.przedszkole161.pl\/","name":"Przedszkole im. Ksi\u0119cia Przemys\u0142awa 161","description":"","potentialAction":[{"@type":"SearchAction","target":{"@type":"EntryPoint","urlTemplate":"https:\/\/www.przedszkole161.pl\/?s={search_term_string}"},"query-input":{"@type":"PropertyValueSpecification","valueRequired":true,"valueName":"search_term_string"}}],"inLanguage":"pl-PL"},{"@type":"Person","@id":"https:\/\/www.przedszkole161.pl\/#\/schema\/person\/673325371d681555a8b67c870d21faac","name":"Magda Dulemba","image":{"@type":"ImageObject","inLanguage":"pl-PL","@id":"https:\/\/secure.gravatar.com\/avatar\/f6f4cc73208d68c67fc19e1f80620e23d66ef2a923cb26a6d726fbc6a55bbcbc?s=96&d=mm&r=g","url":"https:\/\/secure.gravatar.com\/avatar\/f6f4cc73208d68c67fc19e1f80620e23d66ef2a923cb26a6d726fbc6a55bbcbc?s=96&d=mm&r=g","contentUrl":"https:\/\/secure.gravatar.com\/avatar\/f6f4cc73208d68c67fc19e1f80620e23d66ef2a923cb26a6d726fbc6a55bbcbc?s=96&d=mm&r=g","caption":"Magda Dulemba"},"url":"https:\/\/ple161.poznan.pl\/?author=2"}]}},"_links":{"self":[{"href":"https:\/\/ple161.poznan.pl\/index.php?rest_route=\/wp\/v2\/posts\/7115","targetHints":{"allow":["GET"]}}],"collection":[{"href":"https:\/\/ple161.poznan.pl\/index.php?rest_route=\/wp\/v2\/posts"}],"about":[{"href":"https:\/\/ple161.poznan.pl\/index.php?rest_route=\/wp\/v2\/types\/post"}],"author":[{"embeddable":true,"href":"https:\/\/ple161.poznan.pl\/index.php?rest_route=\/wp\/v2\/users\/2"}],"replies":[{"embeddable":true,"href":"https:\/\/ple161.poznan.pl\/index.php?rest_route=%2Fwp%2Fv2%2Fcomments&post=7115"}],"version-history":[{"count":1,"href":"https:\/\/ple161.poznan.pl\/index.php?rest_route=\/wp\/v2\/posts\/7115\/revisions"}],"predecessor-version":[{"id":7116,"href":"https:\/\/ple161.poznan.pl\/index.php?rest_route=\/wp\/v2\/posts\/7115\/revisions\/7116"}],"wp:featuredmedia":[{"embeddable":true,"href":"https:\/\/ple161.poznan.pl\/index.php?rest_route=\/wp\/v2\/media\/6050"}],"wp:attachment":[{"href":"https:\/\/ple161.poznan.pl\/index.php?rest_route=%2Fwp%2Fv2%2Fmedia&parent=7115"}],"wp:term":[{"taxonomy":"category","embeddable":true,"href":"https:\/\/ple161.poznan.pl\/index.php?rest_route=%2Fwp%2Fv2%2Fcategories&post=7115"},{"taxonomy":"post_tag","embeddable":true,"href":"https:\/\/ple161.poznan.pl\/index.php?rest_route=%2Fwp%2Fv2%2Ftags&post=7115"}],"curies":[{"name":"wp","href":"https:\/\/api.w.org\/{rel}","templated":true}]}}