{"id":6852,"date":"2022-02-04T05:48:43","date_gmt":"2022-02-04T04:48:43","guid":{"rendered":"http:\/\/ple161.poznan.pl\/?p=6852"},"modified":"2022-02-04T05:48:43","modified_gmt":"2022-02-04T04:48:43","slug":"slowa-maja-ogromna-moc","status":"publish","type":"post","link":"https:\/\/ple161.poznan.pl\/?p=6852","title":{"rendered":"S\u0142owa maj\u0105 ogromn\u0105 moc"},"content":{"rendered":"<p>Referat w<a href=\"https:\/\/ple161.poznan.pl\/wp-content\/uploads\/2022\/02\/Slowa-maja-ogromna-moc.docx\"> pliku<\/a><\/p>\n","protected":false},"excerpt":{"rendered":"<p>Referat w pliku<\/p>\n","protected":false},"author":2,"featured_media":6050,"comment_status":"closed","ping_status":"closed","sticky":false,"template":"","format":"standard","meta":{"ngg_post_thumbnail":0,"footnotes":""},"categories":[4,6],"tags":[],"class_list":["post-6852","post","type-post","status-publish","format-standard","has-post-thumbnail","hentry","category-aktualnosci","category-pomoc-p-p"],"yoast_head":"<!-- This site is optimized with the Yoast SEO plugin v27.4 - https:\/\/yoast.com\/product\/yoast-seo-wordpress\/ -->\n<title>S\u0142owa maj\u0105 ogromn\u0105 moc - Przedszkole im. Ksi\u0119cia Przemys\u0142awa<\/title>\n<meta name=\"robots\" content=\"noindex, follow\" \/>\n<meta property=\"og:locale\" content=\"pl_PL\" \/>\n<meta property=\"og:type\" content=\"article\" \/>\n<meta property=\"og:title\" content=\"S\u0142owa maj\u0105 ogromn\u0105 moc - Przedszkole im. Ksi\u0119cia Przemys\u0142awa\" \/>\n<meta property=\"og:description\" content=\"Referat w pliku\" \/>\n<meta property=\"og:url\" content=\"https:\/\/www.przedszkole161.pl\/?p=6852\" \/>\n<meta property=\"og:site_name\" content=\"Przedszkole im. Ksi\u0119cia Przemys\u0142awa\" \/>\n<meta property=\"article:published_time\" content=\"2022-02-04T04:48:43+00:00\" \/>\n<meta property=\"og:image\" content=\"https:\/\/www.przedszkole161.pl\/wp-content\/uploads\/2021\/05\/pomoc-p-p-1.jpg\" \/>\n\t<meta property=\"og:image:width\" content=\"322\" \/>\n\t<meta property=\"og:image:height\" content=\"156\" \/>\n\t<meta property=\"og:image:type\" content=\"image\/jpeg\" \/>\n<meta name=\"author\" content=\"Magda Dulemba\" \/>\n<meta name=\"twitter:card\" content=\"summary_large_image\" \/>\n<meta name=\"twitter:label1\" content=\"Napisane przez\" \/>\n\t<meta name=\"twitter:data1\" content=\"Magda Dulemba\" \/>\n<script type=\"application\/ld+json\" class=\"yoast-schema-graph\">{\"@context\":\"https:\\\/\\\/schema.org\",\"@graph\":[{\"@type\":\"Article\",\"@id\":\"https:\\\/\\\/www.przedszkole161.pl\\\/?p=6852#article\",\"isPartOf\":{\"@id\":\"https:\\\/\\\/www.przedszkole161.pl\\\/?p=6852\"},\"author\":{\"name\":\"Magda Dulemba\",\"@id\":\"https:\\\/\\\/www.przedszkole161.pl\\\/#\\\/schema\\\/person\\\/673325371d681555a8b67c870d21faac\"},\"headline\":\"S\u0142owa maj\u0105 ogromn\u0105 moc\",\"datePublished\":\"2022-02-04T04:48:43+00:00\",\"mainEntityOfPage\":{\"@id\":\"https:\\\/\\\/www.przedszkole161.pl\\\/?p=6852\"},\"wordCount\":8,\"image\":{\"@id\":\"https:\\\/\\\/www.przedszkole161.pl\\\/?p=6852#primaryimage\"},\"thumbnailUrl\":\"https:\\\/\\\/ple161.poznan.pl\\\/wp-content\\\/uploads\\\/2021\\\/05\\\/pomoc-p-p-1.jpg\",\"articleSection\":[\"Aktualno\u015bci\",\"Pomoc P-P\"],\"inLanguage\":\"pl-PL\"},{\"@type\":\"WebPage\",\"@id\":\"https:\\\/\\\/www.przedszkole161.pl\\\/?p=6852\",\"url\":\"https:\\\/\\\/www.przedszkole161.pl\\\/?p=6852\",\"name\":\"S\u0142owa maj\u0105 ogromn\u0105 moc - Przedszkole im. Ksi\u0119cia Przemys\u0142awa\",\"isPartOf\":{\"@id\":\"https:\\\/\\\/www.przedszkole161.pl\\\/#website\"},\"primaryImageOfPage\":{\"@id\":\"https:\\\/\\\/www.przedszkole161.pl\\\/?p=6852#primaryimage\"},\"image\":{\"@id\":\"https:\\\/\\\/www.przedszkole161.pl\\\/?p=6852#primaryimage\"},\"thumbnailUrl\":\"https:\\\/\\\/ple161.poznan.pl\\\/wp-content\\\/uploads\\\/2021\\\/05\\\/pomoc-p-p-1.jpg\",\"datePublished\":\"2022-02-04T04:48:43+00:00\",\"author\":{\"@id\":\"https:\\\/\\\/www.przedszkole161.pl\\\/#\\\/schema\\\/person\\\/673325371d681555a8b67c870d21faac\"},\"breadcrumb\":{\"@id\":\"https:\\\/\\\/www.przedszkole161.pl\\\/?p=6852#breadcrumb\"},\"inLanguage\":\"pl-PL\",\"potentialAction\":[{\"@type\":\"ReadAction\",\"target\":[\"https:\\\/\\\/www.przedszkole161.pl\\\/?p=6852\"]}]},{\"@type\":\"ImageObject\",\"inLanguage\":\"pl-PL\",\"@id\":\"https:\\\/\\\/www.przedszkole161.pl\\\/?p=6852#primaryimage\",\"url\":\"https:\\\/\\\/ple161.poznan.pl\\\/wp-content\\\/uploads\\\/2021\\\/05\\\/pomoc-p-p-1.jpg\",\"contentUrl\":\"https:\\\/\\\/ple161.poznan.pl\\\/wp-content\\\/uploads\\\/2021\\\/05\\\/pomoc-p-p-1.jpg\",\"width\":322,\"height\":156},{\"@type\":\"BreadcrumbList\",\"@id\":\"https:\\\/\\\/www.przedszkole161.pl\\\/?p=6852#breadcrumb\",\"itemListElement\":[{\"@type\":\"ListItem\",\"position\":1,\"name\":\"Strona g\u0142\u00f3wna\",\"item\":\"https:\\\/\\\/www.przedszkole161.pl\\\/\"},{\"@type\":\"ListItem\",\"position\":2,\"name\":\"S\u0142owa maj\u0105 ogromn\u0105 moc\"}]},{\"@type\":\"WebSite\",\"@id\":\"https:\\\/\\\/www.przedszkole161.pl\\\/#website\",\"url\":\"https:\\\/\\\/www.przedszkole161.pl\\\/\",\"name\":\"Przedszkole im. Ksi\u0119cia Przemys\u0142awa 161\",\"description\":\"\",\"potentialAction\":[{\"@type\":\"SearchAction\",\"target\":{\"@type\":\"EntryPoint\",\"urlTemplate\":\"https:\\\/\\\/www.przedszkole161.pl\\\/?s={search_term_string}\"},\"query-input\":{\"@type\":\"PropertyValueSpecification\",\"valueRequired\":true,\"valueName\":\"search_term_string\"}}],\"inLanguage\":\"pl-PL\"},{\"@type\":\"Person\",\"@id\":\"https:\\\/\\\/www.przedszkole161.pl\\\/#\\\/schema\\\/person\\\/673325371d681555a8b67c870d21faac\",\"name\":\"Magda Dulemba\",\"image\":{\"@type\":\"ImageObject\",\"inLanguage\":\"pl-PL\",\"@id\":\"https:\\\/\\\/secure.gravatar.com\\\/avatar\\\/f6f4cc73208d68c67fc19e1f80620e23d66ef2a923cb26a6d726fbc6a55bbcbc?s=96&d=mm&r=g\",\"url\":\"https:\\\/\\\/secure.gravatar.com\\\/avatar\\\/f6f4cc73208d68c67fc19e1f80620e23d66ef2a923cb26a6d726fbc6a55bbcbc?s=96&d=mm&r=g\",\"contentUrl\":\"https:\\\/\\\/secure.gravatar.com\\\/avatar\\\/f6f4cc73208d68c67fc19e1f80620e23d66ef2a923cb26a6d726fbc6a55bbcbc?s=96&d=mm&r=g\",\"caption\":\"Magda Dulemba\"},\"url\":\"https:\\\/\\\/ple161.poznan.pl\\\/?author=2\"}]}<\/script>\n<!-- \/ Yoast SEO plugin. -->","yoast_head_json":{"title":"S\u0142owa maj\u0105 ogromn\u0105 moc - Przedszkole im. Ksi\u0119cia Przemys\u0142awa","robots":{"index":"noindex","follow":"follow"},"og_locale":"pl_PL","og_type":"article","og_title":"S\u0142owa maj\u0105 ogromn\u0105 moc - Przedszkole im. Ksi\u0119cia Przemys\u0142awa","og_description":"Referat w pliku","og_url":"https:\/\/www.przedszkole161.pl\/?p=6852","og_site_name":"Przedszkole im. Ksi\u0119cia Przemys\u0142awa","article_published_time":"2022-02-04T04:48:43+00:00","og_image":[{"width":322,"height":156,"url":"https:\/\/www.przedszkole161.pl\/wp-content\/uploads\/2021\/05\/pomoc-p-p-1.jpg","type":"image\/jpeg"}],"author":"Magda Dulemba","twitter_card":"summary_large_image","twitter_misc":{"Napisane przez":"Magda Dulemba"},"schema":{"@context":"https:\/\/schema.org","@graph":[{"@type":"Article","@id":"https:\/\/www.przedszkole161.pl\/?p=6852#article","isPartOf":{"@id":"https:\/\/www.przedszkole161.pl\/?p=6852"},"author":{"name":"Magda Dulemba","@id":"https:\/\/www.przedszkole161.pl\/#\/schema\/person\/673325371d681555a8b67c870d21faac"},"headline":"S\u0142owa maj\u0105 ogromn\u0105 moc","datePublished":"2022-02-04T04:48:43+00:00","mainEntityOfPage":{"@id":"https:\/\/www.przedszkole161.pl\/?p=6852"},"wordCount":8,"image":{"@id":"https:\/\/www.przedszkole161.pl\/?p=6852#primaryimage"},"thumbnailUrl":"https:\/\/ple161.poznan.pl\/wp-content\/uploads\/2021\/05\/pomoc-p-p-1.jpg","articleSection":["Aktualno\u015bci","Pomoc P-P"],"inLanguage":"pl-PL"},{"@type":"WebPage","@id":"https:\/\/www.przedszkole161.pl\/?p=6852","url":"https:\/\/www.przedszkole161.pl\/?p=6852","name":"S\u0142owa maj\u0105 ogromn\u0105 moc - Przedszkole im. Ksi\u0119cia Przemys\u0142awa","isPartOf":{"@id":"https:\/\/www.przedszkole161.pl\/#website"},"primaryImageOfPage":{"@id":"https:\/\/www.przedszkole161.pl\/?p=6852#primaryimage"},"image":{"@id":"https:\/\/www.przedszkole161.pl\/?p=6852#primaryimage"},"thumbnailUrl":"https:\/\/ple161.poznan.pl\/wp-content\/uploads\/2021\/05\/pomoc-p-p-1.jpg","datePublished":"2022-02-04T04:48:43+00:00","author":{"@id":"https:\/\/www.przedszkole161.pl\/#\/schema\/person\/673325371d681555a8b67c870d21faac"},"breadcrumb":{"@id":"https:\/\/www.przedszkole161.pl\/?p=6852#breadcrumb"},"inLanguage":"pl-PL","potentialAction":[{"@type":"ReadAction","target":["https:\/\/www.przedszkole161.pl\/?p=6852"]}]},{"@type":"ImageObject","inLanguage":"pl-PL","@id":"https:\/\/www.przedszkole161.pl\/?p=6852#primaryimage","url":"https:\/\/ple161.poznan.pl\/wp-content\/uploads\/2021\/05\/pomoc-p-p-1.jpg","contentUrl":"https:\/\/ple161.poznan.pl\/wp-content\/uploads\/2021\/05\/pomoc-p-p-1.jpg","width":322,"height":156},{"@type":"BreadcrumbList","@id":"https:\/\/www.przedszkole161.pl\/?p=6852#breadcrumb","itemListElement":[{"@type":"ListItem","position":1,"name":"Strona g\u0142\u00f3wna","item":"https:\/\/www.przedszkole161.pl\/"},{"@type":"ListItem","position":2,"name":"S\u0142owa maj\u0105 ogromn\u0105 moc"}]},{"@type":"WebSite","@id":"https:\/\/www.przedszkole161.pl\/#website","url":"https:\/\/www.przedszkole161.pl\/","name":"Przedszkole im. Ksi\u0119cia Przemys\u0142awa 161","description":"","potentialAction":[{"@type":"SearchAction","target":{"@type":"EntryPoint","urlTemplate":"https:\/\/www.przedszkole161.pl\/?s={search_term_string}"},"query-input":{"@type":"PropertyValueSpecification","valueRequired":true,"valueName":"search_term_string"}}],"inLanguage":"pl-PL"},{"@type":"Person","@id":"https:\/\/www.przedszkole161.pl\/#\/schema\/person\/673325371d681555a8b67c870d21faac","name":"Magda Dulemba","image":{"@type":"ImageObject","inLanguage":"pl-PL","@id":"https:\/\/secure.gravatar.com\/avatar\/f6f4cc73208d68c67fc19e1f80620e23d66ef2a923cb26a6d726fbc6a55bbcbc?s=96&d=mm&r=g","url":"https:\/\/secure.gravatar.com\/avatar\/f6f4cc73208d68c67fc19e1f80620e23d66ef2a923cb26a6d726fbc6a55bbcbc?s=96&d=mm&r=g","contentUrl":"https:\/\/secure.gravatar.com\/avatar\/f6f4cc73208d68c67fc19e1f80620e23d66ef2a923cb26a6d726fbc6a55bbcbc?s=96&d=mm&r=g","caption":"Magda Dulemba"},"url":"https:\/\/ple161.poznan.pl\/?author=2"}]}},"_links":{"self":[{"href":"https:\/\/ple161.poznan.pl\/index.php?rest_route=\/wp\/v2\/posts\/6852","targetHints":{"allow":["GET"]}}],"collection":[{"href":"https:\/\/ple161.poznan.pl\/index.php?rest_route=\/wp\/v2\/posts"}],"about":[{"href":"https:\/\/ple161.poznan.pl\/index.php?rest_route=\/wp\/v2\/types\/post"}],"author":[{"embeddable":true,"href":"https:\/\/ple161.poznan.pl\/index.php?rest_route=\/wp\/v2\/users\/2"}],"replies":[{"embeddable":true,"href":"https:\/\/ple161.poznan.pl\/index.php?rest_route=%2Fwp%2Fv2%2Fcomments&post=6852"}],"version-history":[{"count":1,"href":"https:\/\/ple161.poznan.pl\/index.php?rest_route=\/wp\/v2\/posts\/6852\/revisions"}],"predecessor-version":[{"id":6853,"href":"https:\/\/ple161.poznan.pl\/index.php?rest_route=\/wp\/v2\/posts\/6852\/revisions\/6853"}],"wp:featuredmedia":[{"embeddable":true,"href":"https:\/\/ple161.poznan.pl\/index.php?rest_route=\/wp\/v2\/media\/6050"}],"wp:attachment":[{"href":"https:\/\/ple161.poznan.pl\/index.php?rest_route=%2Fwp%2Fv2%2Fmedia&parent=6852"}],"wp:term":[{"taxonomy":"category","embeddable":true,"href":"https:\/\/ple161.poznan.pl\/index.php?rest_route=%2Fwp%2Fv2%2Fcategories&post=6852"},{"taxonomy":"post_tag","embeddable":true,"href":"https:\/\/ple161.poznan.pl\/index.php?rest_route=%2Fwp%2Fv2%2Ftags&post=6852"}],"curies":[{"name":"wp","href":"https:\/\/api.w.org\/{rel}","templated":true}]}}