{"id":6696,"date":"2021-12-03T11:00:37","date_gmt":"2021-12-03T10:00:37","guid":{"rendered":"http:\/\/ple161.poznan.pl\/?p=6696"},"modified":"2021-12-13T16:51:46","modified_gmt":"2021-12-13T15:51:46","slug":"plebiscyt-na-przedszkole-roku-2021-6-miejsce","status":"publish","type":"post","link":"https:\/\/ple161.poznan.pl\/?p=6696","title":{"rendered":"Plebiscyt na Przedszkole Roku 2021 &#8211; 6 miejsce"},"content":{"rendered":"<p style=\"text-align: center;\">Szanowni Rodzice<\/p>\n<p style=\"text-align: center;\">02.12.2021 zako\u0144czy\u0142 si\u0119 plebiscyt na<br \/>\nPRZEDSZKOLE ROKU 2021<br \/>\n<strong>Nasze przedszkole zaj\u0119\u0142o 6 miejsce w\u015br\u00f3d 96 zg\u0142oszonych<\/strong><\/p>\n<p style=\"text-align: center;\">Serdecznie dzi\u0119kujemy wszystkim Rodzicom, kt\u00f3rzy wzi\u0119li udzia\u0142 w g\u0142osowaniu.<\/p>\n","protected":false},"excerpt":{"rendered":"<p>Szanowni Rodzice 02.12.2021 zako\u0144czy\u0142 si\u0119 plebiscyt na PRZEDSZKOLE ROKU 2021 Nasze przedszkole zaj\u0119\u0142o 6 miejsce w\u015br\u00f3d 96 zg\u0142oszonych Serdecznie dzi\u0119kujemy wszystkim Rodzicom, kt\u00f3rzy wzi\u0119li udzia\u0142 w g\u0142osowaniu.<\/p>\n","protected":false},"author":1,"featured_media":6699,"comment_status":"closed","ping_status":"closed","sticky":false,"template":"","format":"standard","meta":{"ngg_post_thumbnail":0,"footnotes":""},"categories":[4,1],"tags":[],"class_list":["post-6696","post","type-post","status-publish","format-standard","has-post-thumbnail","hentry","category-aktualnosci","category-wydarzenia"],"yoast_head":"<!-- This site is optimized with the Yoast SEO plugin v27.4 - https:\/\/yoast.com\/product\/yoast-seo-wordpress\/ -->\n<title>Plebiscyt na Przedszkole Roku 2021 - 6 miejsce - Przedszkole im. Ksi\u0119cia Przemys\u0142awa<\/title>\n<meta name=\"robots\" content=\"noindex, follow\" \/>\n<meta property=\"og:locale\" content=\"pl_PL\" \/>\n<meta property=\"og:type\" content=\"article\" \/>\n<meta property=\"og:title\" content=\"Plebiscyt na Przedszkole Roku 2021 - 6 miejsce - Przedszkole im. Ksi\u0119cia Przemys\u0142awa\" \/>\n<meta property=\"og:description\" content=\"Szanowni Rodzice 02.12.2021 zako\u0144czy\u0142 si\u0119 plebiscyt na PRZEDSZKOLE ROKU 2021 Nasze przedszkole zaj\u0119\u0142o 6 miejsce w\u015br\u00f3d 96 zg\u0142oszonych Serdecznie dzi\u0119kujemy wszystkim Rodzicom, kt\u00f3rzy wzi\u0119li udzia\u0142 w g\u0142osowaniu.\" \/>\n<meta property=\"og:url\" content=\"https:\/\/www.przedszkole161.pl\/?p=6696\" \/>\n<meta property=\"og:site_name\" content=\"Przedszkole im. Ksi\u0119cia Przemys\u0142awa\" \/>\n<meta property=\"article:published_time\" content=\"2021-12-03T10:00:37+00:00\" \/>\n<meta property=\"article:modified_time\" content=\"2021-12-13T15:51:46+00:00\" \/>\n<meta property=\"og:image\" content=\"https:\/\/www.przedszkole161.pl\/wp-content\/uploads\/2021\/12\/puchar.png\" \/>\n\t<meta property=\"og:image:width\" content=\"170\" \/>\n\t<meta property=\"og:image:height\" content=\"250\" \/>\n\t<meta property=\"og:image:type\" content=\"image\/png\" \/>\n<meta name=\"author\" content=\"admin\" \/>\n<meta name=\"twitter:card\" content=\"summary_large_image\" \/>\n<meta name=\"twitter:label1\" content=\"Napisane przez\" \/>\n\t<meta name=\"twitter:data1\" content=\"admin\" \/>\n<script type=\"application\/ld+json\" class=\"yoast-schema-graph\">{\"@context\":\"https:\\\/\\\/schema.org\",\"@graph\":[{\"@type\":\"Article\",\"@id\":\"https:\\\/\\\/www.przedszkole161.pl\\\/?p=6696#article\",\"isPartOf\":{\"@id\":\"https:\\\/\\\/www.przedszkole161.pl\\\/?p=6696\"},\"author\":{\"name\":\"admin\",\"@id\":\"https:\\\/\\\/www.przedszkole161.pl\\\/#\\\/schema\\\/person\\\/03e40d29f4293c23e5172b2b6bc43339\"},\"headline\":\"Plebiscyt na Przedszkole Roku 2021 &#8211; 6 miejsce\",\"datePublished\":\"2021-12-03T10:00:37+00:00\",\"dateModified\":\"2021-12-13T15:51:46+00:00\",\"mainEntityOfPage\":{\"@id\":\"https:\\\/\\\/www.przedszkole161.pl\\\/?p=6696\"},\"wordCount\":38,\"image\":{\"@id\":\"https:\\\/\\\/www.przedszkole161.pl\\\/?p=6696#primaryimage\"},\"thumbnailUrl\":\"https:\\\/\\\/ple161.poznan.pl\\\/wp-content\\\/uploads\\\/2021\\\/12\\\/puchar.png\",\"articleSection\":[\"Aktualno\u015bci\",\"Wydarzenia\"],\"inLanguage\":\"pl-PL\"},{\"@type\":\"WebPage\",\"@id\":\"https:\\\/\\\/www.przedszkole161.pl\\\/?p=6696\",\"url\":\"https:\\\/\\\/www.przedszkole161.pl\\\/?p=6696\",\"name\":\"Plebiscyt na Przedszkole Roku 2021 - 6 miejsce - Przedszkole im. Ksi\u0119cia Przemys\u0142awa\",\"isPartOf\":{\"@id\":\"https:\\\/\\\/www.przedszkole161.pl\\\/#website\"},\"primaryImageOfPage\":{\"@id\":\"https:\\\/\\\/www.przedszkole161.pl\\\/?p=6696#primaryimage\"},\"image\":{\"@id\":\"https:\\\/\\\/www.przedszkole161.pl\\\/?p=6696#primaryimage\"},\"thumbnailUrl\":\"https:\\\/\\\/ple161.poznan.pl\\\/wp-content\\\/uploads\\\/2021\\\/12\\\/puchar.png\",\"datePublished\":\"2021-12-03T10:00:37+00:00\",\"dateModified\":\"2021-12-13T15:51:46+00:00\",\"author\":{\"@id\":\"https:\\\/\\\/www.przedszkole161.pl\\\/#\\\/schema\\\/person\\\/03e40d29f4293c23e5172b2b6bc43339\"},\"breadcrumb\":{\"@id\":\"https:\\\/\\\/www.przedszkole161.pl\\\/?p=6696#breadcrumb\"},\"inLanguage\":\"pl-PL\",\"potentialAction\":[{\"@type\":\"ReadAction\",\"target\":[\"https:\\\/\\\/www.przedszkole161.pl\\\/?p=6696\"]}]},{\"@type\":\"ImageObject\",\"inLanguage\":\"pl-PL\",\"@id\":\"https:\\\/\\\/www.przedszkole161.pl\\\/?p=6696#primaryimage\",\"url\":\"https:\\\/\\\/ple161.poznan.pl\\\/wp-content\\\/uploads\\\/2021\\\/12\\\/puchar.png\",\"contentUrl\":\"https:\\\/\\\/ple161.poznan.pl\\\/wp-content\\\/uploads\\\/2021\\\/12\\\/puchar.png\",\"width\":170,\"height\":250},{\"@type\":\"BreadcrumbList\",\"@id\":\"https:\\\/\\\/www.przedszkole161.pl\\\/?p=6696#breadcrumb\",\"itemListElement\":[{\"@type\":\"ListItem\",\"position\":1,\"name\":\"Strona g\u0142\u00f3wna\",\"item\":\"https:\\\/\\\/www.przedszkole161.pl\\\/\"},{\"@type\":\"ListItem\",\"position\":2,\"name\":\"Plebiscyt na Przedszkole Roku 2021 &#8211; 6 miejsce\"}]},{\"@type\":\"WebSite\",\"@id\":\"https:\\\/\\\/www.przedszkole161.pl\\\/#website\",\"url\":\"https:\\\/\\\/www.przedszkole161.pl\\\/\",\"name\":\"Przedszkole im. Ksi\u0119cia Przemys\u0142awa 161\",\"description\":\"\",\"potentialAction\":[{\"@type\":\"SearchAction\",\"target\":{\"@type\":\"EntryPoint\",\"urlTemplate\":\"https:\\\/\\\/www.przedszkole161.pl\\\/?s={search_term_string}\"},\"query-input\":{\"@type\":\"PropertyValueSpecification\",\"valueRequired\":true,\"valueName\":\"search_term_string\"}}],\"inLanguage\":\"pl-PL\"},{\"@type\":\"Person\",\"@id\":\"https:\\\/\\\/www.przedszkole161.pl\\\/#\\\/schema\\\/person\\\/03e40d29f4293c23e5172b2b6bc43339\",\"name\":\"admin\",\"image\":{\"@type\":\"ImageObject\",\"inLanguage\":\"pl-PL\",\"@id\":\"https:\\\/\\\/secure.gravatar.com\\\/avatar\\\/4025755b160f5acceb2199066750e437e7ceb8174283641a56ab90b3ff74089c?s=96&d=mm&r=g\",\"url\":\"https:\\\/\\\/secure.gravatar.com\\\/avatar\\\/4025755b160f5acceb2199066750e437e7ceb8174283641a56ab90b3ff74089c?s=96&d=mm&r=g\",\"contentUrl\":\"https:\\\/\\\/secure.gravatar.com\\\/avatar\\\/4025755b160f5acceb2199066750e437e7ceb8174283641a56ab90b3ff74089c?s=96&d=mm&r=g\",\"caption\":\"admin\"},\"url\":\"https:\\\/\\\/ple161.poznan.pl\\\/?author=1\"}]}<\/script>\n<!-- \/ Yoast SEO plugin. -->","yoast_head_json":{"title":"Plebiscyt na Przedszkole Roku 2021 - 6 miejsce - Przedszkole im. Ksi\u0119cia Przemys\u0142awa","robots":{"index":"noindex","follow":"follow"},"og_locale":"pl_PL","og_type":"article","og_title":"Plebiscyt na Przedszkole Roku 2021 - 6 miejsce - Przedszkole im. Ksi\u0119cia Przemys\u0142awa","og_description":"Szanowni Rodzice 02.12.2021 zako\u0144czy\u0142 si\u0119 plebiscyt na PRZEDSZKOLE ROKU 2021 Nasze przedszkole zaj\u0119\u0142o 6 miejsce w\u015br\u00f3d 96 zg\u0142oszonych Serdecznie dzi\u0119kujemy wszystkim Rodzicom, kt\u00f3rzy wzi\u0119li udzia\u0142 w g\u0142osowaniu.","og_url":"https:\/\/www.przedszkole161.pl\/?p=6696","og_site_name":"Przedszkole im. Ksi\u0119cia Przemys\u0142awa","article_published_time":"2021-12-03T10:00:37+00:00","article_modified_time":"2021-12-13T15:51:46+00:00","og_image":[{"width":170,"height":250,"url":"https:\/\/www.przedszkole161.pl\/wp-content\/uploads\/2021\/12\/puchar.png","type":"image\/png"}],"author":"admin","twitter_card":"summary_large_image","twitter_misc":{"Napisane przez":"admin"},"schema":{"@context":"https:\/\/schema.org","@graph":[{"@type":"Article","@id":"https:\/\/www.przedszkole161.pl\/?p=6696#article","isPartOf":{"@id":"https:\/\/www.przedszkole161.pl\/?p=6696"},"author":{"name":"admin","@id":"https:\/\/www.przedszkole161.pl\/#\/schema\/person\/03e40d29f4293c23e5172b2b6bc43339"},"headline":"Plebiscyt na Przedszkole Roku 2021 &#8211; 6 miejsce","datePublished":"2021-12-03T10:00:37+00:00","dateModified":"2021-12-13T15:51:46+00:00","mainEntityOfPage":{"@id":"https:\/\/www.przedszkole161.pl\/?p=6696"},"wordCount":38,"image":{"@id":"https:\/\/www.przedszkole161.pl\/?p=6696#primaryimage"},"thumbnailUrl":"https:\/\/ple161.poznan.pl\/wp-content\/uploads\/2021\/12\/puchar.png","articleSection":["Aktualno\u015bci","Wydarzenia"],"inLanguage":"pl-PL"},{"@type":"WebPage","@id":"https:\/\/www.przedszkole161.pl\/?p=6696","url":"https:\/\/www.przedszkole161.pl\/?p=6696","name":"Plebiscyt na Przedszkole Roku 2021 - 6 miejsce - Przedszkole im. Ksi\u0119cia Przemys\u0142awa","isPartOf":{"@id":"https:\/\/www.przedszkole161.pl\/#website"},"primaryImageOfPage":{"@id":"https:\/\/www.przedszkole161.pl\/?p=6696#primaryimage"},"image":{"@id":"https:\/\/www.przedszkole161.pl\/?p=6696#primaryimage"},"thumbnailUrl":"https:\/\/ple161.poznan.pl\/wp-content\/uploads\/2021\/12\/puchar.png","datePublished":"2021-12-03T10:00:37+00:00","dateModified":"2021-12-13T15:51:46+00:00","author":{"@id":"https:\/\/www.przedszkole161.pl\/#\/schema\/person\/03e40d29f4293c23e5172b2b6bc43339"},"breadcrumb":{"@id":"https:\/\/www.przedszkole161.pl\/?p=6696#breadcrumb"},"inLanguage":"pl-PL","potentialAction":[{"@type":"ReadAction","target":["https:\/\/www.przedszkole161.pl\/?p=6696"]}]},{"@type":"ImageObject","inLanguage":"pl-PL","@id":"https:\/\/www.przedszkole161.pl\/?p=6696#primaryimage","url":"https:\/\/ple161.poznan.pl\/wp-content\/uploads\/2021\/12\/puchar.png","contentUrl":"https:\/\/ple161.poznan.pl\/wp-content\/uploads\/2021\/12\/puchar.png","width":170,"height":250},{"@type":"BreadcrumbList","@id":"https:\/\/www.przedszkole161.pl\/?p=6696#breadcrumb","itemListElement":[{"@type":"ListItem","position":1,"name":"Strona g\u0142\u00f3wna","item":"https:\/\/www.przedszkole161.pl\/"},{"@type":"ListItem","position":2,"name":"Plebiscyt na Przedszkole Roku 2021 &#8211; 6 miejsce"}]},{"@type":"WebSite","@id":"https:\/\/www.przedszkole161.pl\/#website","url":"https:\/\/www.przedszkole161.pl\/","name":"Przedszkole im. Ksi\u0119cia Przemys\u0142awa 161","description":"","potentialAction":[{"@type":"SearchAction","target":{"@type":"EntryPoint","urlTemplate":"https:\/\/www.przedszkole161.pl\/?s={search_term_string}"},"query-input":{"@type":"PropertyValueSpecification","valueRequired":true,"valueName":"search_term_string"}}],"inLanguage":"pl-PL"},{"@type":"Person","@id":"https:\/\/www.przedszkole161.pl\/#\/schema\/person\/03e40d29f4293c23e5172b2b6bc43339","name":"admin","image":{"@type":"ImageObject","inLanguage":"pl-PL","@id":"https:\/\/secure.gravatar.com\/avatar\/4025755b160f5acceb2199066750e437e7ceb8174283641a56ab90b3ff74089c?s=96&d=mm&r=g","url":"https:\/\/secure.gravatar.com\/avatar\/4025755b160f5acceb2199066750e437e7ceb8174283641a56ab90b3ff74089c?s=96&d=mm&r=g","contentUrl":"https:\/\/secure.gravatar.com\/avatar\/4025755b160f5acceb2199066750e437e7ceb8174283641a56ab90b3ff74089c?s=96&d=mm&r=g","caption":"admin"},"url":"https:\/\/ple161.poznan.pl\/?author=1"}]}},"_links":{"self":[{"href":"https:\/\/ple161.poznan.pl\/index.php?rest_route=\/wp\/v2\/posts\/6696","targetHints":{"allow":["GET"]}}],"collection":[{"href":"https:\/\/ple161.poznan.pl\/index.php?rest_route=\/wp\/v2\/posts"}],"about":[{"href":"https:\/\/ple161.poznan.pl\/index.php?rest_route=\/wp\/v2\/types\/post"}],"author":[{"embeddable":true,"href":"https:\/\/ple161.poznan.pl\/index.php?rest_route=\/wp\/v2\/users\/1"}],"replies":[{"embeddable":true,"href":"https:\/\/ple161.poznan.pl\/index.php?rest_route=%2Fwp%2Fv2%2Fcomments&post=6696"}],"version-history":[{"count":1,"href":"https:\/\/ple161.poznan.pl\/index.php?rest_route=\/wp\/v2\/posts\/6696\/revisions"}],"predecessor-version":[{"id":6697,"href":"https:\/\/ple161.poznan.pl\/index.php?rest_route=\/wp\/v2\/posts\/6696\/revisions\/6697"}],"wp:featuredmedia":[{"embeddable":true,"href":"https:\/\/ple161.poznan.pl\/index.php?rest_route=\/wp\/v2\/media\/6699"}],"wp:attachment":[{"href":"https:\/\/ple161.poznan.pl\/index.php?rest_route=%2Fwp%2Fv2%2Fmedia&parent=6696"}],"wp:term":[{"taxonomy":"category","embeddable":true,"href":"https:\/\/ple161.poznan.pl\/index.php?rest_route=%2Fwp%2Fv2%2Fcategories&post=6696"},{"taxonomy":"post_tag","embeddable":true,"href":"https:\/\/ple161.poznan.pl\/index.php?rest_route=%2Fwp%2Fv2%2Ftags&post=6696"}],"curies":[{"name":"wp","href":"https:\/\/api.w.org\/{rel}","templated":true}]}}