{"id":6499,"date":"2021-10-25T11:08:09","date_gmt":"2021-10-25T10:08:09","guid":{"rendered":"http:\/\/ple161.poznan.pl\/?p=6499"},"modified":"2021-10-25T21:58:26","modified_gmt":"2021-10-25T20:58:26","slug":"glosowanie-przedszkole-na-medal","status":"publish","type":"post","link":"https:\/\/ple161.poznan.pl\/?p=6499","title":{"rendered":"G\u0142osowanie &#8222;Przedszkole na Medal&#8221;"},"content":{"rendered":"\n<p>Drodzy Rodzice,<\/p>\n\n\n\n<p>Z przyjemno\u015bci\u0105 informujemy, \u017ce nasze przedszkole zosta\u0142o zg\u0142oszone przez Rodzic\u00f3w do nagrody Przedszkole roku w akcji &#8222;Przedszkole na Medal&#8221; w najwi\u0119kszym plebiscycie edukacyjnym w Polsce, kt\u00f3ry w wojew\u00f3dztwie wielkopolskim jest prowadzony przez &#8222;G\u0142os Wielkopolski&#8221;.<\/p>\n\n\n\n<p>W zwi\u0105zku z tym zach\u0119camy Was Drodzy Rodzice do oddania g\u0142osu na nasze przedszkole od 25.10.21 do 02.12.21 do godziny 21.30.<\/p>\n\n\n\n<p>Wystarczy wej\u015b\u0107 w poni\u017cszy link, wybra\u0107 kategori\u0119 przedszkole Roku i odda\u0107 na nas sw\u00f3j g\u0142os wybieraj\u0105c metod\u0119 g\u0142osowania smsem na numer 72355 wpisuj\u0105c<br>w tre\u015bci smsa TPN.420. G\u0142osowa\u0107 mog\u0105 babcie, dziadkowie, ciocie i wujkowie, kole\u017canki z pracy, &nbsp;koledzy.<\/p>\n\n\n\n<p>Serdecznie dzi\u0119kujemy za ka\u017cdy oddany g\u0142os.<a href=\"\"><\/a><\/p>\n\n\n\n<p><a href=\"https:\/\/gloswielkopolski.pl\/najlepsi-nauczyciele-szkoly-i-przedszkola-juz-w-poniedzialek-o-godz-1200-poczatek-glosowania\/ar\/c5-15836535\" data-type=\"URL\" data-id=\"https:\/\/gloswielkopolski.pl\/najlepsi-nauczyciele-szkoly-i-przedszkola-juz-w-poniedzialek-o-godz-1200-poczatek-glosowania\/ar\/c5-15836535\">link do g\u0142osowania<\/a><\/p>\n","protected":false},"excerpt":{"rendered":"<p>Drodzy Rodzice, Z przyjemno\u015bci\u0105 informujemy, \u017ce nasze przedszkole zosta\u0142o zg\u0142oszone przez Rodzic\u00f3w do nagrody Przedszkole roku w akcji &#8222;Przedszkole na Medal&#8221; w najwi\u0119kszym plebiscycie edukacyjnym w Polsce, kt\u00f3ry w wojew\u00f3dztwie wielkopolskim jest prowadzony przez &#8222;G\u0142os Wielkopolski&#8221;. W zwi\u0105zku z tym zach\u0119camy Was Drodzy Rodzice do oddania g\u0142osu na nasze przedszkole od 25.10.21 do 02.12.21 do [&hellip;]<\/p>\n","protected":false},"author":2,"featured_media":4831,"comment_status":"closed","ping_status":"closed","sticky":false,"template":"","format":"standard","meta":{"ngg_post_thumbnail":0,"footnotes":""},"categories":[4,1],"tags":[],"class_list":["post-6499","post","type-post","status-publish","format-standard","has-post-thumbnail","hentry","category-aktualnosci","category-wydarzenia"],"yoast_head":"<!-- This site is optimized with the Yoast SEO plugin v27.4 - https:\/\/yoast.com\/product\/yoast-seo-wordpress\/ -->\n<title>G\u0142osowanie &quot;Przedszkole na Medal&quot; - Przedszkole im. Ksi\u0119cia Przemys\u0142awa<\/title>\n<meta name=\"robots\" content=\"noindex, follow\" \/>\n<meta property=\"og:locale\" content=\"pl_PL\" \/>\n<meta property=\"og:type\" content=\"article\" \/>\n<meta property=\"og:title\" content=\"G\u0142osowanie &quot;Przedszkole na Medal&quot; - Przedszkole im. Ksi\u0119cia Przemys\u0142awa\" \/>\n<meta property=\"og:description\" content=\"Drodzy Rodzice, Z przyjemno\u015bci\u0105 informujemy, \u017ce nasze przedszkole zosta\u0142o zg\u0142oszone przez Rodzic\u00f3w do nagrody Przedszkole roku w akcji &#8222;Przedszkole na Medal&#8221; w najwi\u0119kszym plebiscycie edukacyjnym w Polsce, kt\u00f3ry w wojew\u00f3dztwie wielkopolskim jest prowadzony przez &#8222;G\u0142os Wielkopolski&#8221;. W zwi\u0105zku z tym zach\u0119camy Was Drodzy Rodzice do oddania g\u0142osu na nasze przedszkole od 25.10.21 do 02.12.21 do [&hellip;]\" \/>\n<meta property=\"og:url\" content=\"https:\/\/www.przedszkole161.pl\/?p=6499\" \/>\n<meta property=\"og:site_name\" content=\"Przedszkole im. Ksi\u0119cia Przemys\u0142awa\" \/>\n<meta property=\"article:published_time\" content=\"2021-10-25T10:08:09+00:00\" \/>\n<meta property=\"article:modified_time\" content=\"2021-10-25T20:58:26+00:00\" \/>\n<meta property=\"og:image\" content=\"https:\/\/www.przedszkole161.pl\/wp-content\/uploads\/2020\/04\/1-rodzice.gif\" \/>\n\t<meta property=\"og:image:width\" content=\"313\" \/>\n\t<meta property=\"og:image:height\" content=\"226\" \/>\n\t<meta property=\"og:image:type\" content=\"image\/gif\" \/>\n<meta name=\"author\" content=\"Magda Dulemba\" \/>\n<meta name=\"twitter:card\" content=\"summary_large_image\" \/>\n<meta name=\"twitter:label1\" content=\"Napisane przez\" \/>\n\t<meta name=\"twitter:data1\" content=\"Magda Dulemba\" \/>\n\t<meta name=\"twitter:label2\" content=\"Szacowany czas czytania\" \/>\n\t<meta name=\"twitter:data2\" content=\"1 minuta\" \/>\n<script type=\"application\/ld+json\" class=\"yoast-schema-graph\">{\"@context\":\"https:\\\/\\\/schema.org\",\"@graph\":[{\"@type\":\"Article\",\"@id\":\"https:\\\/\\\/www.przedszkole161.pl\\\/?p=6499#article\",\"isPartOf\":{\"@id\":\"https:\\\/\\\/www.przedszkole161.pl\\\/?p=6499\"},\"author\":{\"name\":\"Magda Dulemba\",\"@id\":\"https:\\\/\\\/www.przedszkole161.pl\\\/#\\\/schema\\\/person\\\/673325371d681555a8b67c870d21faac\"},\"headline\":\"G\u0142osowanie &#8222;Przedszkole na Medal&#8221;\",\"datePublished\":\"2021-10-25T10:08:09+00:00\",\"dateModified\":\"2021-10-25T20:58:26+00:00\",\"mainEntityOfPage\":{\"@id\":\"https:\\\/\\\/www.przedszkole161.pl\\\/?p=6499\"},\"wordCount\":129,\"image\":{\"@id\":\"https:\\\/\\\/www.przedszkole161.pl\\\/?p=6499#primaryimage\"},\"thumbnailUrl\":\"https:\\\/\\\/ple161.poznan.pl\\\/wp-content\\\/uploads\\\/2020\\\/04\\\/1-rodzice.gif\",\"articleSection\":[\"Aktualno\u015bci\",\"Wydarzenia\"],\"inLanguage\":\"pl-PL\"},{\"@type\":\"WebPage\",\"@id\":\"https:\\\/\\\/www.przedszkole161.pl\\\/?p=6499\",\"url\":\"https:\\\/\\\/www.przedszkole161.pl\\\/?p=6499\",\"name\":\"G\u0142osowanie \\\"Przedszkole na Medal\\\" - Przedszkole im. Ksi\u0119cia Przemys\u0142awa\",\"isPartOf\":{\"@id\":\"https:\\\/\\\/www.przedszkole161.pl\\\/#website\"},\"primaryImageOfPage\":{\"@id\":\"https:\\\/\\\/www.przedszkole161.pl\\\/?p=6499#primaryimage\"},\"image\":{\"@id\":\"https:\\\/\\\/www.przedszkole161.pl\\\/?p=6499#primaryimage\"},\"thumbnailUrl\":\"https:\\\/\\\/ple161.poznan.pl\\\/wp-content\\\/uploads\\\/2020\\\/04\\\/1-rodzice.gif\",\"datePublished\":\"2021-10-25T10:08:09+00:00\",\"dateModified\":\"2021-10-25T20:58:26+00:00\",\"author\":{\"@id\":\"https:\\\/\\\/www.przedszkole161.pl\\\/#\\\/schema\\\/person\\\/673325371d681555a8b67c870d21faac\"},\"breadcrumb\":{\"@id\":\"https:\\\/\\\/www.przedszkole161.pl\\\/?p=6499#breadcrumb\"},\"inLanguage\":\"pl-PL\",\"potentialAction\":[{\"@type\":\"ReadAction\",\"target\":[\"https:\\\/\\\/www.przedszkole161.pl\\\/?p=6499\"]}]},{\"@type\":\"ImageObject\",\"inLanguage\":\"pl-PL\",\"@id\":\"https:\\\/\\\/www.przedszkole161.pl\\\/?p=6499#primaryimage\",\"url\":\"https:\\\/\\\/ple161.poznan.pl\\\/wp-content\\\/uploads\\\/2020\\\/04\\\/1-rodzice.gif\",\"contentUrl\":\"https:\\\/\\\/ple161.poznan.pl\\\/wp-content\\\/uploads\\\/2020\\\/04\\\/1-rodzice.gif\",\"width\":313,\"height\":226},{\"@type\":\"BreadcrumbList\",\"@id\":\"https:\\\/\\\/www.przedszkole161.pl\\\/?p=6499#breadcrumb\",\"itemListElement\":[{\"@type\":\"ListItem\",\"position\":1,\"name\":\"Strona g\u0142\u00f3wna\",\"item\":\"https:\\\/\\\/www.przedszkole161.pl\\\/\"},{\"@type\":\"ListItem\",\"position\":2,\"name\":\"G\u0142osowanie &#8222;Przedszkole na Medal&#8221;\"}]},{\"@type\":\"WebSite\",\"@id\":\"https:\\\/\\\/www.przedszkole161.pl\\\/#website\",\"url\":\"https:\\\/\\\/www.przedszkole161.pl\\\/\",\"name\":\"Przedszkole im. Ksi\u0119cia Przemys\u0142awa 161\",\"description\":\"\",\"potentialAction\":[{\"@type\":\"SearchAction\",\"target\":{\"@type\":\"EntryPoint\",\"urlTemplate\":\"https:\\\/\\\/www.przedszkole161.pl\\\/?s={search_term_string}\"},\"query-input\":{\"@type\":\"PropertyValueSpecification\",\"valueRequired\":true,\"valueName\":\"search_term_string\"}}],\"inLanguage\":\"pl-PL\"},{\"@type\":\"Person\",\"@id\":\"https:\\\/\\\/www.przedszkole161.pl\\\/#\\\/schema\\\/person\\\/673325371d681555a8b67c870d21faac\",\"name\":\"Magda Dulemba\",\"image\":{\"@type\":\"ImageObject\",\"inLanguage\":\"pl-PL\",\"@id\":\"https:\\\/\\\/secure.gravatar.com\\\/avatar\\\/f6f4cc73208d68c67fc19e1f80620e23d66ef2a923cb26a6d726fbc6a55bbcbc?s=96&d=mm&r=g\",\"url\":\"https:\\\/\\\/secure.gravatar.com\\\/avatar\\\/f6f4cc73208d68c67fc19e1f80620e23d66ef2a923cb26a6d726fbc6a55bbcbc?s=96&d=mm&r=g\",\"contentUrl\":\"https:\\\/\\\/secure.gravatar.com\\\/avatar\\\/f6f4cc73208d68c67fc19e1f80620e23d66ef2a923cb26a6d726fbc6a55bbcbc?s=96&d=mm&r=g\",\"caption\":\"Magda Dulemba\"},\"url\":\"https:\\\/\\\/ple161.poznan.pl\\\/?author=2\"}]}<\/script>\n<!-- \/ Yoast SEO plugin. -->","yoast_head_json":{"title":"G\u0142osowanie \"Przedszkole na Medal\" - Przedszkole im. Ksi\u0119cia Przemys\u0142awa","robots":{"index":"noindex","follow":"follow"},"og_locale":"pl_PL","og_type":"article","og_title":"G\u0142osowanie \"Przedszkole na Medal\" - Przedszkole im. Ksi\u0119cia Przemys\u0142awa","og_description":"Drodzy Rodzice, Z przyjemno\u015bci\u0105 informujemy, \u017ce nasze przedszkole zosta\u0142o zg\u0142oszone przez Rodzic\u00f3w do nagrody Przedszkole roku w akcji &#8222;Przedszkole na Medal&#8221; w najwi\u0119kszym plebiscycie edukacyjnym w Polsce, kt\u00f3ry w wojew\u00f3dztwie wielkopolskim jest prowadzony przez &#8222;G\u0142os Wielkopolski&#8221;. W zwi\u0105zku z tym zach\u0119camy Was Drodzy Rodzice do oddania g\u0142osu na nasze przedszkole od 25.10.21 do 02.12.21 do [&hellip;]","og_url":"https:\/\/www.przedszkole161.pl\/?p=6499","og_site_name":"Przedszkole im. Ksi\u0119cia Przemys\u0142awa","article_published_time":"2021-10-25T10:08:09+00:00","article_modified_time":"2021-10-25T20:58:26+00:00","og_image":[{"width":313,"height":226,"url":"https:\/\/www.przedszkole161.pl\/wp-content\/uploads\/2020\/04\/1-rodzice.gif","type":"image\/gif"}],"author":"Magda Dulemba","twitter_card":"summary_large_image","twitter_misc":{"Napisane przez":"Magda Dulemba","Szacowany czas czytania":"1 minuta"},"schema":{"@context":"https:\/\/schema.org","@graph":[{"@type":"Article","@id":"https:\/\/www.przedszkole161.pl\/?p=6499#article","isPartOf":{"@id":"https:\/\/www.przedszkole161.pl\/?p=6499"},"author":{"name":"Magda Dulemba","@id":"https:\/\/www.przedszkole161.pl\/#\/schema\/person\/673325371d681555a8b67c870d21faac"},"headline":"G\u0142osowanie &#8222;Przedszkole na Medal&#8221;","datePublished":"2021-10-25T10:08:09+00:00","dateModified":"2021-10-25T20:58:26+00:00","mainEntityOfPage":{"@id":"https:\/\/www.przedszkole161.pl\/?p=6499"},"wordCount":129,"image":{"@id":"https:\/\/www.przedszkole161.pl\/?p=6499#primaryimage"},"thumbnailUrl":"https:\/\/ple161.poznan.pl\/wp-content\/uploads\/2020\/04\/1-rodzice.gif","articleSection":["Aktualno\u015bci","Wydarzenia"],"inLanguage":"pl-PL"},{"@type":"WebPage","@id":"https:\/\/www.przedszkole161.pl\/?p=6499","url":"https:\/\/www.przedszkole161.pl\/?p=6499","name":"G\u0142osowanie \"Przedszkole na Medal\" - Przedszkole im. Ksi\u0119cia Przemys\u0142awa","isPartOf":{"@id":"https:\/\/www.przedszkole161.pl\/#website"},"primaryImageOfPage":{"@id":"https:\/\/www.przedszkole161.pl\/?p=6499#primaryimage"},"image":{"@id":"https:\/\/www.przedszkole161.pl\/?p=6499#primaryimage"},"thumbnailUrl":"https:\/\/ple161.poznan.pl\/wp-content\/uploads\/2020\/04\/1-rodzice.gif","datePublished":"2021-10-25T10:08:09+00:00","dateModified":"2021-10-25T20:58:26+00:00","author":{"@id":"https:\/\/www.przedszkole161.pl\/#\/schema\/person\/673325371d681555a8b67c870d21faac"},"breadcrumb":{"@id":"https:\/\/www.przedszkole161.pl\/?p=6499#breadcrumb"},"inLanguage":"pl-PL","potentialAction":[{"@type":"ReadAction","target":["https:\/\/www.przedszkole161.pl\/?p=6499"]}]},{"@type":"ImageObject","inLanguage":"pl-PL","@id":"https:\/\/www.przedszkole161.pl\/?p=6499#primaryimage","url":"https:\/\/ple161.poznan.pl\/wp-content\/uploads\/2020\/04\/1-rodzice.gif","contentUrl":"https:\/\/ple161.poznan.pl\/wp-content\/uploads\/2020\/04\/1-rodzice.gif","width":313,"height":226},{"@type":"BreadcrumbList","@id":"https:\/\/www.przedszkole161.pl\/?p=6499#breadcrumb","itemListElement":[{"@type":"ListItem","position":1,"name":"Strona g\u0142\u00f3wna","item":"https:\/\/www.przedszkole161.pl\/"},{"@type":"ListItem","position":2,"name":"G\u0142osowanie &#8222;Przedszkole na Medal&#8221;"}]},{"@type":"WebSite","@id":"https:\/\/www.przedszkole161.pl\/#website","url":"https:\/\/www.przedszkole161.pl\/","name":"Przedszkole im. Ksi\u0119cia Przemys\u0142awa 161","description":"","potentialAction":[{"@type":"SearchAction","target":{"@type":"EntryPoint","urlTemplate":"https:\/\/www.przedszkole161.pl\/?s={search_term_string}"},"query-input":{"@type":"PropertyValueSpecification","valueRequired":true,"valueName":"search_term_string"}}],"inLanguage":"pl-PL"},{"@type":"Person","@id":"https:\/\/www.przedszkole161.pl\/#\/schema\/person\/673325371d681555a8b67c870d21faac","name":"Magda Dulemba","image":{"@type":"ImageObject","inLanguage":"pl-PL","@id":"https:\/\/secure.gravatar.com\/avatar\/f6f4cc73208d68c67fc19e1f80620e23d66ef2a923cb26a6d726fbc6a55bbcbc?s=96&d=mm&r=g","url":"https:\/\/secure.gravatar.com\/avatar\/f6f4cc73208d68c67fc19e1f80620e23d66ef2a923cb26a6d726fbc6a55bbcbc?s=96&d=mm&r=g","contentUrl":"https:\/\/secure.gravatar.com\/avatar\/f6f4cc73208d68c67fc19e1f80620e23d66ef2a923cb26a6d726fbc6a55bbcbc?s=96&d=mm&r=g","caption":"Magda Dulemba"},"url":"https:\/\/ple161.poznan.pl\/?author=2"}]}},"_links":{"self":[{"href":"https:\/\/ple161.poznan.pl\/index.php?rest_route=\/wp\/v2\/posts\/6499","targetHints":{"allow":["GET"]}}],"collection":[{"href":"https:\/\/ple161.poznan.pl\/index.php?rest_route=\/wp\/v2\/posts"}],"about":[{"href":"https:\/\/ple161.poznan.pl\/index.php?rest_route=\/wp\/v2\/types\/post"}],"author":[{"embeddable":true,"href":"https:\/\/ple161.poznan.pl\/index.php?rest_route=\/wp\/v2\/users\/2"}],"replies":[{"embeddable":true,"href":"https:\/\/ple161.poznan.pl\/index.php?rest_route=%2Fwp%2Fv2%2Fcomments&post=6499"}],"version-history":[{"count":2,"href":"https:\/\/ple161.poznan.pl\/index.php?rest_route=\/wp\/v2\/posts\/6499\/revisions"}],"predecessor-version":[{"id":6502,"href":"https:\/\/ple161.poznan.pl\/index.php?rest_route=\/wp\/v2\/posts\/6499\/revisions\/6502"}],"wp:featuredmedia":[{"embeddable":true,"href":"https:\/\/ple161.poznan.pl\/index.php?rest_route=\/wp\/v2\/media\/4831"}],"wp:attachment":[{"href":"https:\/\/ple161.poznan.pl\/index.php?rest_route=%2Fwp%2Fv2%2Fmedia&parent=6499"}],"wp:term":[{"taxonomy":"category","embeddable":true,"href":"https:\/\/ple161.poznan.pl\/index.php?rest_route=%2Fwp%2Fv2%2Fcategories&post=6499"},{"taxonomy":"post_tag","embeddable":true,"href":"https:\/\/ple161.poznan.pl\/index.php?rest_route=%2Fwp%2Fv2%2Ftags&post=6499"}],"curies":[{"name":"wp","href":"https:\/\/api.w.org\/{rel}","templated":true}]}}