{"id":6491,"date":"2021-10-25T08:31:15","date_gmt":"2021-10-25T07:31:15","guid":{"rendered":"http:\/\/ple161.poznan.pl\/?p=6491"},"modified":"2021-10-30T15:24:53","modified_gmt":"2021-10-30T14:24:53","slug":"konkurs-plastyczny-2","status":"publish","type":"post","link":"https:\/\/ple161.poznan.pl\/?p=6491","title":{"rendered":"Konkurs plastyczny"},"content":{"rendered":"\r\n<p><strong>\u00a0\u00a0\u00a0\u00a0\u00a0\u00a0\u00a0\u00a0\u00a0\u00a0\u00a0\u00a0\u00a0\u00a0\u00a0\u00a0\u00a0\u00a0\u00a0\u00a0\u00a0\u00a0\u00a0 Drodzy Rodzice!!!<\/strong><\/p>\r\n\r\n\r\n\r\n<p><strong>\u00a0\u00a0\u00a0 <em>Nauczyciele<\/em>\u00a0 <em>Przedszkola 161 Ksi\u0119cia Przemys\u0142awa<\/em><\/strong><\/p>\r\n\r\n\r\n\r\n<p><strong>\u00a0\u00a0\u00a0\u00a0\u00a0 Zapraszaj\u0105 wszystkich ch\u0119tnych do\u00a0 udzia\u0142u w konkursie plastycznym<\/strong><\/p>\r\n\r\n\r\n\r\n<p><strong>\u00a0\u00a0\u00a0\u00a0\u00a0\u00a0\u00a0\u00a0\u00a0\u00a0\u00a0\u00a0\u00a0 <em><u>pt. \u201eMandala owocowo \u2013 warzywna\u201d<\/u><\/em><\/strong><\/p>\r\n\r\n\r\n\r\n<p><strong>Zadaniem uczestnik\u00f3w konkursu jest wykonanie pracy plastycznej w kszta\u0142cie mandali ( czyli ko\u0142a o powtarzaj\u0105cych si\u0119 rytmach, sekwencjach)\u00a0 format pracy dowolny jednak nie mniejszy ni\u017c ko\u0142o<\/strong><\/p>\r\n\r\n\r\n\r\n<p><strong>o \u015brednicy 30cm.<\/strong><\/p>\r\n\r\n\r\n\r\n<p><strong>Prac\u0119 nale\u017cy wykona\u0107 dowoln\u0105 technik\u0105 plastyczn\u0105 wykorzystuj\u0105c r\u00f3\u017cne \u015brodki wyrazu.<\/strong><\/p>\r\n\r\n\r\n\r\n<p><strong>Konkurs trwa od 25.10.2021r do 05.11.2021r.<\/strong><\/p>\r\n\r\n\r\n\r\n<p><strong>Termin z\u0142o\u017cenia pracy up\u0142ywa wraz z dniem 05.11.2021r. ( w pi\u0105tek rano)<\/strong><\/p>\r\n\r\n\r\n\r\n<p><strong>Rozstrzygni\u0119cie konkursu 29.10.2021r.po po\u0142udniu<\/strong><\/p>\r\n\r\n\r\n\r\n<p><strong>\u00a0\u00a0\u00a0\u00a0\u00a0\u00a0 \u017byczymy dobrych pomys\u0142\u00f3w i mi\u0142ej zabawy z dzieckiem. W konkursie przewidziane s\u0105 nagrody.<\/strong><\/p>\r\n","protected":false},"excerpt":{"rendered":"<p>\u00a0\u00a0\u00a0\u00a0\u00a0\u00a0\u00a0\u00a0\u00a0\u00a0\u00a0\u00a0\u00a0\u00a0\u00a0\u00a0\u00a0\u00a0\u00a0\u00a0\u00a0\u00a0\u00a0 Drodzy Rodzice!!! \u00a0\u00a0\u00a0 Nauczyciele\u00a0 Przedszkola 161 Ksi\u0119cia Przemys\u0142awa \u00a0\u00a0\u00a0\u00a0\u00a0 Zapraszaj\u0105 wszystkich ch\u0119tnych do\u00a0 udzia\u0142u w konkursie plastycznym \u00a0\u00a0\u00a0\u00a0\u00a0\u00a0\u00a0\u00a0\u00a0\u00a0\u00a0\u00a0\u00a0 pt. \u201eMandala owocowo \u2013 warzywna\u201d Zadaniem uczestnik\u00f3w konkursu jest wykonanie pracy plastycznej w kszta\u0142cie mandali ( czyli ko\u0142a o powtarzaj\u0105cych si\u0119 rytmach, sekwencjach)\u00a0 format pracy dowolny jednak nie mniejszy ni\u017c ko\u0142o o \u015brednicy 30cm. Prac\u0119 nale\u017cy [&hellip;]<\/p>\n","protected":false},"author":2,"featured_media":4831,"comment_status":"closed","ping_status":"closed","sticky":false,"template":"","format":"standard","meta":{"ngg_post_thumbnail":0,"footnotes":""},"categories":[4,1],"tags":[],"class_list":["post-6491","post","type-post","status-publish","format-standard","has-post-thumbnail","hentry","category-aktualnosci","category-wydarzenia"],"yoast_head":"<!-- This site is optimized with the Yoast SEO plugin v27.4 - https:\/\/yoast.com\/product\/yoast-seo-wordpress\/ -->\n<title>Konkurs plastyczny - Przedszkole im. Ksi\u0119cia Przemys\u0142awa<\/title>\n<meta name=\"robots\" content=\"noindex, follow\" \/>\n<meta property=\"og:locale\" content=\"pl_PL\" \/>\n<meta property=\"og:type\" content=\"article\" \/>\n<meta property=\"og:title\" content=\"Konkurs plastyczny - Przedszkole im. Ksi\u0119cia Przemys\u0142awa\" \/>\n<meta property=\"og:description\" content=\"\u00a0\u00a0\u00a0\u00a0\u00a0\u00a0\u00a0\u00a0\u00a0\u00a0\u00a0\u00a0\u00a0\u00a0\u00a0\u00a0\u00a0\u00a0\u00a0\u00a0\u00a0\u00a0\u00a0 Drodzy Rodzice!!! \u00a0\u00a0\u00a0 Nauczyciele\u00a0 Przedszkola 161 Ksi\u0119cia Przemys\u0142awa \u00a0\u00a0\u00a0\u00a0\u00a0 Zapraszaj\u0105 wszystkich ch\u0119tnych do\u00a0 udzia\u0142u w konkursie plastycznym \u00a0\u00a0\u00a0\u00a0\u00a0\u00a0\u00a0\u00a0\u00a0\u00a0\u00a0\u00a0\u00a0 pt. \u201eMandala owocowo \u2013 warzywna\u201d Zadaniem uczestnik\u00f3w konkursu jest wykonanie pracy plastycznej w kszta\u0142cie mandali ( czyli ko\u0142a o powtarzaj\u0105cych si\u0119 rytmach, sekwencjach)\u00a0 format pracy dowolny jednak nie mniejszy ni\u017c ko\u0142o o \u015brednicy 30cm. Prac\u0119 nale\u017cy [&hellip;]\" \/>\n<meta property=\"og:url\" content=\"https:\/\/www.przedszkole161.pl\/?p=6491\" \/>\n<meta property=\"og:site_name\" content=\"Przedszkole im. Ksi\u0119cia Przemys\u0142awa\" \/>\n<meta property=\"article:published_time\" content=\"2021-10-25T07:31:15+00:00\" \/>\n<meta property=\"article:modified_time\" content=\"2021-10-30T14:24:53+00:00\" \/>\n<meta property=\"og:image\" content=\"https:\/\/www.przedszkole161.pl\/wp-content\/uploads\/2020\/04\/1-rodzice.gif\" \/>\n\t<meta property=\"og:image:width\" content=\"313\" \/>\n\t<meta property=\"og:image:height\" content=\"226\" \/>\n\t<meta property=\"og:image:type\" content=\"image\/gif\" \/>\n<meta name=\"author\" content=\"Magda Dulemba\" \/>\n<meta name=\"twitter:card\" content=\"summary_large_image\" \/>\n<meta name=\"twitter:label1\" content=\"Napisane przez\" \/>\n\t<meta name=\"twitter:data1\" content=\"Magda Dulemba\" \/>\n\t<meta name=\"twitter:label2\" content=\"Szacowany czas czytania\" \/>\n\t<meta name=\"twitter:data2\" content=\"1 minuta\" \/>\n<script type=\"application\/ld+json\" class=\"yoast-schema-graph\">{\"@context\":\"https:\\\/\\\/schema.org\",\"@graph\":[{\"@type\":\"Article\",\"@id\":\"https:\\\/\\\/www.przedszkole161.pl\\\/?p=6491#article\",\"isPartOf\":{\"@id\":\"https:\\\/\\\/www.przedszkole161.pl\\\/?p=6491\"},\"author\":{\"name\":\"Magda Dulemba\",\"@id\":\"https:\\\/\\\/www.przedszkole161.pl\\\/#\\\/schema\\\/person\\\/673325371d681555a8b67c870d21faac\"},\"headline\":\"Konkurs plastyczny\",\"datePublished\":\"2021-10-25T07:31:15+00:00\",\"dateModified\":\"2021-10-30T14:24:53+00:00\",\"mainEntityOfPage\":{\"@id\":\"https:\\\/\\\/www.przedszkole161.pl\\\/?p=6491\"},\"wordCount\":113,\"image\":{\"@id\":\"https:\\\/\\\/www.przedszkole161.pl\\\/?p=6491#primaryimage\"},\"thumbnailUrl\":\"https:\\\/\\\/ple161.poznan.pl\\\/wp-content\\\/uploads\\\/2020\\\/04\\\/1-rodzice.gif\",\"articleSection\":[\"Aktualno\u015bci\",\"Wydarzenia\"],\"inLanguage\":\"pl-PL\"},{\"@type\":\"WebPage\",\"@id\":\"https:\\\/\\\/www.przedszkole161.pl\\\/?p=6491\",\"url\":\"https:\\\/\\\/www.przedszkole161.pl\\\/?p=6491\",\"name\":\"Konkurs plastyczny - Przedszkole im. Ksi\u0119cia Przemys\u0142awa\",\"isPartOf\":{\"@id\":\"https:\\\/\\\/www.przedszkole161.pl\\\/#website\"},\"primaryImageOfPage\":{\"@id\":\"https:\\\/\\\/www.przedszkole161.pl\\\/?p=6491#primaryimage\"},\"image\":{\"@id\":\"https:\\\/\\\/www.przedszkole161.pl\\\/?p=6491#primaryimage\"},\"thumbnailUrl\":\"https:\\\/\\\/ple161.poznan.pl\\\/wp-content\\\/uploads\\\/2020\\\/04\\\/1-rodzice.gif\",\"datePublished\":\"2021-10-25T07:31:15+00:00\",\"dateModified\":\"2021-10-30T14:24:53+00:00\",\"author\":{\"@id\":\"https:\\\/\\\/www.przedszkole161.pl\\\/#\\\/schema\\\/person\\\/673325371d681555a8b67c870d21faac\"},\"breadcrumb\":{\"@id\":\"https:\\\/\\\/www.przedszkole161.pl\\\/?p=6491#breadcrumb\"},\"inLanguage\":\"pl-PL\",\"potentialAction\":[{\"@type\":\"ReadAction\",\"target\":[\"https:\\\/\\\/www.przedszkole161.pl\\\/?p=6491\"]}]},{\"@type\":\"ImageObject\",\"inLanguage\":\"pl-PL\",\"@id\":\"https:\\\/\\\/www.przedszkole161.pl\\\/?p=6491#primaryimage\",\"url\":\"https:\\\/\\\/ple161.poznan.pl\\\/wp-content\\\/uploads\\\/2020\\\/04\\\/1-rodzice.gif\",\"contentUrl\":\"https:\\\/\\\/ple161.poznan.pl\\\/wp-content\\\/uploads\\\/2020\\\/04\\\/1-rodzice.gif\",\"width\":313,\"height\":226},{\"@type\":\"BreadcrumbList\",\"@id\":\"https:\\\/\\\/www.przedszkole161.pl\\\/?p=6491#breadcrumb\",\"itemListElement\":[{\"@type\":\"ListItem\",\"position\":1,\"name\":\"Strona g\u0142\u00f3wna\",\"item\":\"https:\\\/\\\/www.przedszkole161.pl\\\/\"},{\"@type\":\"ListItem\",\"position\":2,\"name\":\"Konkurs plastyczny\"}]},{\"@type\":\"WebSite\",\"@id\":\"https:\\\/\\\/www.przedszkole161.pl\\\/#website\",\"url\":\"https:\\\/\\\/www.przedszkole161.pl\\\/\",\"name\":\"Przedszkole im. Ksi\u0119cia Przemys\u0142awa 161\",\"description\":\"\",\"potentialAction\":[{\"@type\":\"SearchAction\",\"target\":{\"@type\":\"EntryPoint\",\"urlTemplate\":\"https:\\\/\\\/www.przedszkole161.pl\\\/?s={search_term_string}\"},\"query-input\":{\"@type\":\"PropertyValueSpecification\",\"valueRequired\":true,\"valueName\":\"search_term_string\"}}],\"inLanguage\":\"pl-PL\"},{\"@type\":\"Person\",\"@id\":\"https:\\\/\\\/www.przedszkole161.pl\\\/#\\\/schema\\\/person\\\/673325371d681555a8b67c870d21faac\",\"name\":\"Magda Dulemba\",\"image\":{\"@type\":\"ImageObject\",\"inLanguage\":\"pl-PL\",\"@id\":\"https:\\\/\\\/secure.gravatar.com\\\/avatar\\\/f6f4cc73208d68c67fc19e1f80620e23d66ef2a923cb26a6d726fbc6a55bbcbc?s=96&d=mm&r=g\",\"url\":\"https:\\\/\\\/secure.gravatar.com\\\/avatar\\\/f6f4cc73208d68c67fc19e1f80620e23d66ef2a923cb26a6d726fbc6a55bbcbc?s=96&d=mm&r=g\",\"contentUrl\":\"https:\\\/\\\/secure.gravatar.com\\\/avatar\\\/f6f4cc73208d68c67fc19e1f80620e23d66ef2a923cb26a6d726fbc6a55bbcbc?s=96&d=mm&r=g\",\"caption\":\"Magda Dulemba\"},\"url\":\"https:\\\/\\\/ple161.poznan.pl\\\/?author=2\"}]}<\/script>\n<!-- \/ Yoast SEO plugin. -->","yoast_head_json":{"title":"Konkurs plastyczny - Przedszkole im. Ksi\u0119cia Przemys\u0142awa","robots":{"index":"noindex","follow":"follow"},"og_locale":"pl_PL","og_type":"article","og_title":"Konkurs plastyczny - Przedszkole im. Ksi\u0119cia Przemys\u0142awa","og_description":"\u00a0\u00a0\u00a0\u00a0\u00a0\u00a0\u00a0\u00a0\u00a0\u00a0\u00a0\u00a0\u00a0\u00a0\u00a0\u00a0\u00a0\u00a0\u00a0\u00a0\u00a0\u00a0\u00a0 Drodzy Rodzice!!! \u00a0\u00a0\u00a0 Nauczyciele\u00a0 Przedszkola 161 Ksi\u0119cia Przemys\u0142awa \u00a0\u00a0\u00a0\u00a0\u00a0 Zapraszaj\u0105 wszystkich ch\u0119tnych do\u00a0 udzia\u0142u w konkursie plastycznym \u00a0\u00a0\u00a0\u00a0\u00a0\u00a0\u00a0\u00a0\u00a0\u00a0\u00a0\u00a0\u00a0 pt. \u201eMandala owocowo \u2013 warzywna\u201d Zadaniem uczestnik\u00f3w konkursu jest wykonanie pracy plastycznej w kszta\u0142cie mandali ( czyli ko\u0142a o powtarzaj\u0105cych si\u0119 rytmach, sekwencjach)\u00a0 format pracy dowolny jednak nie mniejszy ni\u017c ko\u0142o o \u015brednicy 30cm. Prac\u0119 nale\u017cy [&hellip;]","og_url":"https:\/\/www.przedszkole161.pl\/?p=6491","og_site_name":"Przedszkole im. Ksi\u0119cia Przemys\u0142awa","article_published_time":"2021-10-25T07:31:15+00:00","article_modified_time":"2021-10-30T14:24:53+00:00","og_image":[{"width":313,"height":226,"url":"https:\/\/www.przedszkole161.pl\/wp-content\/uploads\/2020\/04\/1-rodzice.gif","type":"image\/gif"}],"author":"Magda Dulemba","twitter_card":"summary_large_image","twitter_misc":{"Napisane przez":"Magda Dulemba","Szacowany czas czytania":"1 minuta"},"schema":{"@context":"https:\/\/schema.org","@graph":[{"@type":"Article","@id":"https:\/\/www.przedszkole161.pl\/?p=6491#article","isPartOf":{"@id":"https:\/\/www.przedszkole161.pl\/?p=6491"},"author":{"name":"Magda Dulemba","@id":"https:\/\/www.przedszkole161.pl\/#\/schema\/person\/673325371d681555a8b67c870d21faac"},"headline":"Konkurs plastyczny","datePublished":"2021-10-25T07:31:15+00:00","dateModified":"2021-10-30T14:24:53+00:00","mainEntityOfPage":{"@id":"https:\/\/www.przedszkole161.pl\/?p=6491"},"wordCount":113,"image":{"@id":"https:\/\/www.przedszkole161.pl\/?p=6491#primaryimage"},"thumbnailUrl":"https:\/\/ple161.poznan.pl\/wp-content\/uploads\/2020\/04\/1-rodzice.gif","articleSection":["Aktualno\u015bci","Wydarzenia"],"inLanguage":"pl-PL"},{"@type":"WebPage","@id":"https:\/\/www.przedszkole161.pl\/?p=6491","url":"https:\/\/www.przedszkole161.pl\/?p=6491","name":"Konkurs plastyczny - Przedszkole im. Ksi\u0119cia Przemys\u0142awa","isPartOf":{"@id":"https:\/\/www.przedszkole161.pl\/#website"},"primaryImageOfPage":{"@id":"https:\/\/www.przedszkole161.pl\/?p=6491#primaryimage"},"image":{"@id":"https:\/\/www.przedszkole161.pl\/?p=6491#primaryimage"},"thumbnailUrl":"https:\/\/ple161.poznan.pl\/wp-content\/uploads\/2020\/04\/1-rodzice.gif","datePublished":"2021-10-25T07:31:15+00:00","dateModified":"2021-10-30T14:24:53+00:00","author":{"@id":"https:\/\/www.przedszkole161.pl\/#\/schema\/person\/673325371d681555a8b67c870d21faac"},"breadcrumb":{"@id":"https:\/\/www.przedszkole161.pl\/?p=6491#breadcrumb"},"inLanguage":"pl-PL","potentialAction":[{"@type":"ReadAction","target":["https:\/\/www.przedszkole161.pl\/?p=6491"]}]},{"@type":"ImageObject","inLanguage":"pl-PL","@id":"https:\/\/www.przedszkole161.pl\/?p=6491#primaryimage","url":"https:\/\/ple161.poznan.pl\/wp-content\/uploads\/2020\/04\/1-rodzice.gif","contentUrl":"https:\/\/ple161.poznan.pl\/wp-content\/uploads\/2020\/04\/1-rodzice.gif","width":313,"height":226},{"@type":"BreadcrumbList","@id":"https:\/\/www.przedszkole161.pl\/?p=6491#breadcrumb","itemListElement":[{"@type":"ListItem","position":1,"name":"Strona g\u0142\u00f3wna","item":"https:\/\/www.przedszkole161.pl\/"},{"@type":"ListItem","position":2,"name":"Konkurs plastyczny"}]},{"@type":"WebSite","@id":"https:\/\/www.przedszkole161.pl\/#website","url":"https:\/\/www.przedszkole161.pl\/","name":"Przedszkole im. Ksi\u0119cia Przemys\u0142awa 161","description":"","potentialAction":[{"@type":"SearchAction","target":{"@type":"EntryPoint","urlTemplate":"https:\/\/www.przedszkole161.pl\/?s={search_term_string}"},"query-input":{"@type":"PropertyValueSpecification","valueRequired":true,"valueName":"search_term_string"}}],"inLanguage":"pl-PL"},{"@type":"Person","@id":"https:\/\/www.przedszkole161.pl\/#\/schema\/person\/673325371d681555a8b67c870d21faac","name":"Magda Dulemba","image":{"@type":"ImageObject","inLanguage":"pl-PL","@id":"https:\/\/secure.gravatar.com\/avatar\/f6f4cc73208d68c67fc19e1f80620e23d66ef2a923cb26a6d726fbc6a55bbcbc?s=96&d=mm&r=g","url":"https:\/\/secure.gravatar.com\/avatar\/f6f4cc73208d68c67fc19e1f80620e23d66ef2a923cb26a6d726fbc6a55bbcbc?s=96&d=mm&r=g","contentUrl":"https:\/\/secure.gravatar.com\/avatar\/f6f4cc73208d68c67fc19e1f80620e23d66ef2a923cb26a6d726fbc6a55bbcbc?s=96&d=mm&r=g","caption":"Magda Dulemba"},"url":"https:\/\/ple161.poznan.pl\/?author=2"}]}},"_links":{"self":[{"href":"https:\/\/ple161.poznan.pl\/index.php?rest_route=\/wp\/v2\/posts\/6491","targetHints":{"allow":["GET"]}}],"collection":[{"href":"https:\/\/ple161.poznan.pl\/index.php?rest_route=\/wp\/v2\/posts"}],"about":[{"href":"https:\/\/ple161.poznan.pl\/index.php?rest_route=\/wp\/v2\/types\/post"}],"author":[{"embeddable":true,"href":"https:\/\/ple161.poznan.pl\/index.php?rest_route=\/wp\/v2\/users\/2"}],"replies":[{"embeddable":true,"href":"https:\/\/ple161.poznan.pl\/index.php?rest_route=%2Fwp%2Fv2%2Fcomments&post=6491"}],"version-history":[{"count":3,"href":"https:\/\/ple161.poznan.pl\/index.php?rest_route=\/wp\/v2\/posts\/6491\/revisions"}],"predecessor-version":[{"id":6528,"href":"https:\/\/ple161.poznan.pl\/index.php?rest_route=\/wp\/v2\/posts\/6491\/revisions\/6528"}],"wp:featuredmedia":[{"embeddable":true,"href":"https:\/\/ple161.poznan.pl\/index.php?rest_route=\/wp\/v2\/media\/4831"}],"wp:attachment":[{"href":"https:\/\/ple161.poznan.pl\/index.php?rest_route=%2Fwp%2Fv2%2Fmedia&parent=6491"}],"wp:term":[{"taxonomy":"category","embeddable":true,"href":"https:\/\/ple161.poznan.pl\/index.php?rest_route=%2Fwp%2Fv2%2Fcategories&post=6491"},{"taxonomy":"post_tag","embeddable":true,"href":"https:\/\/ple161.poznan.pl\/index.php?rest_route=%2Fwp%2Fv2%2Ftags&post=6491"}],"curies":[{"name":"wp","href":"https:\/\/api.w.org\/{rel}","templated":true}]}}