{"id":6447,"date":"2021-10-16T20:54:40","date_gmt":"2021-10-16T19:54:40","guid":{"rendered":"http:\/\/ple161.poznan.pl\/?p=6447"},"modified":"2021-10-16T20:54:40","modified_gmt":"2021-10-16T19:54:40","slug":"kocham-slyszec","status":"publish","type":"post","link":"https:\/\/ple161.poznan.pl\/?p=6447","title":{"rendered":"&#8222;Kocham S\u0142ysze\u0107&#8221;"},"content":{"rendered":"\n<p>\u201eKOCHAM S\u0141YSZE\u0106\u201d<\/p>\n\n\n\n<p>Dzieci z grupy IV wzi\u0119\u0142y udzia\u0142 w Og\u00f3lnopolskiej akcji \u201eKocham S\u0142ysze\u0107\u201d. Celem akcji jest &nbsp;&nbsp;poznanie znaczenia i funkcjonowania zmys\u0142u s\u0142uchu, oraz zapoznanie z protezami s\u0142uchowymi: aparatami oraz implantami. Przedszkolaki wzi\u0119\u0142y udzia\u0142 w zaj\u0119ciach, w czasie kt\u00f3rych zosta\u0142y uwra\u017cliwione na potrzeby os\u00f3b z niedos\u0142uchem. Na zako\u0144czenie dzieci wykona\u0142y prace plastyczne, kt\u00f3rych zdj\u0119cie zosta\u0142o wys\u0142ane do organizator\u00f3w akcji.<\/p>\n","protected":false},"excerpt":{"rendered":"<p>\u201eKOCHAM S\u0141YSZE\u0106\u201d Dzieci z grupy IV wzi\u0119\u0142y udzia\u0142 w Og\u00f3lnopolskiej akcji \u201eKocham S\u0142ysze\u0107\u201d. Celem akcji jest &nbsp;&nbsp;poznanie znaczenia i funkcjonowania zmys\u0142u s\u0142uchu, oraz zapoznanie z protezami s\u0142uchowymi: aparatami oraz implantami. Przedszkolaki wzi\u0119\u0142y udzia\u0142 w zaj\u0119ciach, w czasie kt\u00f3rych zosta\u0142y uwra\u017cliwione na potrzeby os\u00f3b z niedos\u0142uchem. Na zako\u0144czenie dzieci wykona\u0142y prace plastyczne, kt\u00f3rych zdj\u0119cie zosta\u0142o wys\u0142ane [&hellip;]<\/p>\n","protected":false},"author":2,"featured_media":0,"comment_status":"closed","ping_status":"closed","sticky":false,"template":"","format":"standard","meta":{"ngg_post_thumbnail":0,"footnotes":""},"categories":[4,1],"tags":[],"class_list":["post-6447","post","type-post","status-publish","format-standard","hentry","category-aktualnosci","category-wydarzenia"],"yoast_head":"<!-- This site is optimized with the Yoast SEO plugin v27.4 - https:\/\/yoast.com\/product\/yoast-seo-wordpress\/ -->\n<title>&quot;Kocham S\u0142ysze\u0107&quot; - Przedszkole im. Ksi\u0119cia Przemys\u0142awa<\/title>\n<meta name=\"robots\" content=\"noindex, follow\" \/>\n<meta property=\"og:locale\" content=\"pl_PL\" \/>\n<meta property=\"og:type\" content=\"article\" \/>\n<meta property=\"og:title\" content=\"&quot;Kocham S\u0142ysze\u0107&quot; - Przedszkole im. Ksi\u0119cia Przemys\u0142awa\" \/>\n<meta property=\"og:description\" content=\"\u201eKOCHAM S\u0141YSZE\u0106\u201d Dzieci z grupy IV wzi\u0119\u0142y udzia\u0142 w Og\u00f3lnopolskiej akcji \u201eKocham S\u0142ysze\u0107\u201d. Celem akcji jest &nbsp;&nbsp;poznanie znaczenia i funkcjonowania zmys\u0142u s\u0142uchu, oraz zapoznanie z protezami s\u0142uchowymi: aparatami oraz implantami. Przedszkolaki wzi\u0119\u0142y udzia\u0142 w zaj\u0119ciach, w czasie kt\u00f3rych zosta\u0142y uwra\u017cliwione na potrzeby os\u00f3b z niedos\u0142uchem. Na zako\u0144czenie dzieci wykona\u0142y prace plastyczne, kt\u00f3rych zdj\u0119cie zosta\u0142o wys\u0142ane [&hellip;]\" \/>\n<meta property=\"og:url\" content=\"https:\/\/www.przedszkole161.pl\/?p=6447\" \/>\n<meta property=\"og:site_name\" content=\"Przedszkole im. Ksi\u0119cia Przemys\u0142awa\" \/>\n<meta property=\"article:published_time\" content=\"2021-10-16T19:54:40+00:00\" \/>\n<meta name=\"author\" content=\"Magda Dulemba\" \/>\n<meta name=\"twitter:card\" content=\"summary_large_image\" \/>\n<meta name=\"twitter:label1\" content=\"Napisane przez\" \/>\n\t<meta name=\"twitter:data1\" content=\"Magda Dulemba\" \/>\n<script type=\"application\/ld+json\" class=\"yoast-schema-graph\">{\"@context\":\"https:\\\/\\\/schema.org\",\"@graph\":[{\"@type\":\"Article\",\"@id\":\"https:\\\/\\\/www.przedszkole161.pl\\\/?p=6447#article\",\"isPartOf\":{\"@id\":\"https:\\\/\\\/www.przedszkole161.pl\\\/?p=6447\"},\"author\":{\"name\":\"Magda Dulemba\",\"@id\":\"https:\\\/\\\/www.przedszkole161.pl\\\/#\\\/schema\\\/person\\\/673325371d681555a8b67c870d21faac\"},\"headline\":\"&#8222;Kocham S\u0142ysze\u0107&#8221;\",\"datePublished\":\"2021-10-16T19:54:40+00:00\",\"mainEntityOfPage\":{\"@id\":\"https:\\\/\\\/www.przedszkole161.pl\\\/?p=6447\"},\"wordCount\":84,\"articleSection\":[\"Aktualno\u015bci\",\"Wydarzenia\"],\"inLanguage\":\"pl-PL\"},{\"@type\":\"WebPage\",\"@id\":\"https:\\\/\\\/www.przedszkole161.pl\\\/?p=6447\",\"url\":\"https:\\\/\\\/www.przedszkole161.pl\\\/?p=6447\",\"name\":\"\\\"Kocham S\u0142ysze\u0107\\\" - Przedszkole im. Ksi\u0119cia Przemys\u0142awa\",\"isPartOf\":{\"@id\":\"https:\\\/\\\/www.przedszkole161.pl\\\/#website\"},\"datePublished\":\"2021-10-16T19:54:40+00:00\",\"author\":{\"@id\":\"https:\\\/\\\/www.przedszkole161.pl\\\/#\\\/schema\\\/person\\\/673325371d681555a8b67c870d21faac\"},\"breadcrumb\":{\"@id\":\"https:\\\/\\\/www.przedszkole161.pl\\\/?p=6447#breadcrumb\"},\"inLanguage\":\"pl-PL\",\"potentialAction\":[{\"@type\":\"ReadAction\",\"target\":[\"https:\\\/\\\/www.przedszkole161.pl\\\/?p=6447\"]}]},{\"@type\":\"BreadcrumbList\",\"@id\":\"https:\\\/\\\/www.przedszkole161.pl\\\/?p=6447#breadcrumb\",\"itemListElement\":[{\"@type\":\"ListItem\",\"position\":1,\"name\":\"Strona g\u0142\u00f3wna\",\"item\":\"https:\\\/\\\/www.przedszkole161.pl\\\/\"},{\"@type\":\"ListItem\",\"position\":2,\"name\":\"&#8222;Kocham S\u0142ysze\u0107&#8221;\"}]},{\"@type\":\"WebSite\",\"@id\":\"https:\\\/\\\/www.przedszkole161.pl\\\/#website\",\"url\":\"https:\\\/\\\/www.przedszkole161.pl\\\/\",\"name\":\"Przedszkole im. Ksi\u0119cia Przemys\u0142awa 161\",\"description\":\"\",\"potentialAction\":[{\"@type\":\"SearchAction\",\"target\":{\"@type\":\"EntryPoint\",\"urlTemplate\":\"https:\\\/\\\/www.przedszkole161.pl\\\/?s={search_term_string}\"},\"query-input\":{\"@type\":\"PropertyValueSpecification\",\"valueRequired\":true,\"valueName\":\"search_term_string\"}}],\"inLanguage\":\"pl-PL\"},{\"@type\":\"Person\",\"@id\":\"https:\\\/\\\/www.przedszkole161.pl\\\/#\\\/schema\\\/person\\\/673325371d681555a8b67c870d21faac\",\"name\":\"Magda Dulemba\",\"image\":{\"@type\":\"ImageObject\",\"inLanguage\":\"pl-PL\",\"@id\":\"https:\\\/\\\/secure.gravatar.com\\\/avatar\\\/f6f4cc73208d68c67fc19e1f80620e23d66ef2a923cb26a6d726fbc6a55bbcbc?s=96&d=mm&r=g\",\"url\":\"https:\\\/\\\/secure.gravatar.com\\\/avatar\\\/f6f4cc73208d68c67fc19e1f80620e23d66ef2a923cb26a6d726fbc6a55bbcbc?s=96&d=mm&r=g\",\"contentUrl\":\"https:\\\/\\\/secure.gravatar.com\\\/avatar\\\/f6f4cc73208d68c67fc19e1f80620e23d66ef2a923cb26a6d726fbc6a55bbcbc?s=96&d=mm&r=g\",\"caption\":\"Magda Dulemba\"},\"url\":\"https:\\\/\\\/ple161.poznan.pl\\\/?author=2\"}]}<\/script>\n<!-- \/ Yoast SEO plugin. -->","yoast_head_json":{"title":"\"Kocham S\u0142ysze\u0107\" - Przedszkole im. Ksi\u0119cia Przemys\u0142awa","robots":{"index":"noindex","follow":"follow"},"og_locale":"pl_PL","og_type":"article","og_title":"\"Kocham S\u0142ysze\u0107\" - Przedszkole im. Ksi\u0119cia Przemys\u0142awa","og_description":"\u201eKOCHAM S\u0141YSZE\u0106\u201d Dzieci z grupy IV wzi\u0119\u0142y udzia\u0142 w Og\u00f3lnopolskiej akcji \u201eKocham S\u0142ysze\u0107\u201d. Celem akcji jest &nbsp;&nbsp;poznanie znaczenia i funkcjonowania zmys\u0142u s\u0142uchu, oraz zapoznanie z protezami s\u0142uchowymi: aparatami oraz implantami. Przedszkolaki wzi\u0119\u0142y udzia\u0142 w zaj\u0119ciach, w czasie kt\u00f3rych zosta\u0142y uwra\u017cliwione na potrzeby os\u00f3b z niedos\u0142uchem. Na zako\u0144czenie dzieci wykona\u0142y prace plastyczne, kt\u00f3rych zdj\u0119cie zosta\u0142o wys\u0142ane [&hellip;]","og_url":"https:\/\/www.przedszkole161.pl\/?p=6447","og_site_name":"Przedszkole im. Ksi\u0119cia Przemys\u0142awa","article_published_time":"2021-10-16T19:54:40+00:00","author":"Magda Dulemba","twitter_card":"summary_large_image","twitter_misc":{"Napisane przez":"Magda Dulemba"},"schema":{"@context":"https:\/\/schema.org","@graph":[{"@type":"Article","@id":"https:\/\/www.przedszkole161.pl\/?p=6447#article","isPartOf":{"@id":"https:\/\/www.przedszkole161.pl\/?p=6447"},"author":{"name":"Magda Dulemba","@id":"https:\/\/www.przedszkole161.pl\/#\/schema\/person\/673325371d681555a8b67c870d21faac"},"headline":"&#8222;Kocham S\u0142ysze\u0107&#8221;","datePublished":"2021-10-16T19:54:40+00:00","mainEntityOfPage":{"@id":"https:\/\/www.przedszkole161.pl\/?p=6447"},"wordCount":84,"articleSection":["Aktualno\u015bci","Wydarzenia"],"inLanguage":"pl-PL"},{"@type":"WebPage","@id":"https:\/\/www.przedszkole161.pl\/?p=6447","url":"https:\/\/www.przedszkole161.pl\/?p=6447","name":"\"Kocham S\u0142ysze\u0107\" - Przedszkole im. Ksi\u0119cia Przemys\u0142awa","isPartOf":{"@id":"https:\/\/www.przedszkole161.pl\/#website"},"datePublished":"2021-10-16T19:54:40+00:00","author":{"@id":"https:\/\/www.przedszkole161.pl\/#\/schema\/person\/673325371d681555a8b67c870d21faac"},"breadcrumb":{"@id":"https:\/\/www.przedszkole161.pl\/?p=6447#breadcrumb"},"inLanguage":"pl-PL","potentialAction":[{"@type":"ReadAction","target":["https:\/\/www.przedszkole161.pl\/?p=6447"]}]},{"@type":"BreadcrumbList","@id":"https:\/\/www.przedszkole161.pl\/?p=6447#breadcrumb","itemListElement":[{"@type":"ListItem","position":1,"name":"Strona g\u0142\u00f3wna","item":"https:\/\/www.przedszkole161.pl\/"},{"@type":"ListItem","position":2,"name":"&#8222;Kocham S\u0142ysze\u0107&#8221;"}]},{"@type":"WebSite","@id":"https:\/\/www.przedszkole161.pl\/#website","url":"https:\/\/www.przedszkole161.pl\/","name":"Przedszkole im. Ksi\u0119cia Przemys\u0142awa 161","description":"","potentialAction":[{"@type":"SearchAction","target":{"@type":"EntryPoint","urlTemplate":"https:\/\/www.przedszkole161.pl\/?s={search_term_string}"},"query-input":{"@type":"PropertyValueSpecification","valueRequired":true,"valueName":"search_term_string"}}],"inLanguage":"pl-PL"},{"@type":"Person","@id":"https:\/\/www.przedszkole161.pl\/#\/schema\/person\/673325371d681555a8b67c870d21faac","name":"Magda Dulemba","image":{"@type":"ImageObject","inLanguage":"pl-PL","@id":"https:\/\/secure.gravatar.com\/avatar\/f6f4cc73208d68c67fc19e1f80620e23d66ef2a923cb26a6d726fbc6a55bbcbc?s=96&d=mm&r=g","url":"https:\/\/secure.gravatar.com\/avatar\/f6f4cc73208d68c67fc19e1f80620e23d66ef2a923cb26a6d726fbc6a55bbcbc?s=96&d=mm&r=g","contentUrl":"https:\/\/secure.gravatar.com\/avatar\/f6f4cc73208d68c67fc19e1f80620e23d66ef2a923cb26a6d726fbc6a55bbcbc?s=96&d=mm&r=g","caption":"Magda Dulemba"},"url":"https:\/\/ple161.poznan.pl\/?author=2"}]}},"_links":{"self":[{"href":"https:\/\/ple161.poznan.pl\/index.php?rest_route=\/wp\/v2\/posts\/6447","targetHints":{"allow":["GET"]}}],"collection":[{"href":"https:\/\/ple161.poznan.pl\/index.php?rest_route=\/wp\/v2\/posts"}],"about":[{"href":"https:\/\/ple161.poznan.pl\/index.php?rest_route=\/wp\/v2\/types\/post"}],"author":[{"embeddable":true,"href":"https:\/\/ple161.poznan.pl\/index.php?rest_route=\/wp\/v2\/users\/2"}],"replies":[{"embeddable":true,"href":"https:\/\/ple161.poznan.pl\/index.php?rest_route=%2Fwp%2Fv2%2Fcomments&post=6447"}],"version-history":[{"count":1,"href":"https:\/\/ple161.poznan.pl\/index.php?rest_route=\/wp\/v2\/posts\/6447\/revisions"}],"predecessor-version":[{"id":6449,"href":"https:\/\/ple161.poznan.pl\/index.php?rest_route=\/wp\/v2\/posts\/6447\/revisions\/6449"}],"wp:attachment":[{"href":"https:\/\/ple161.poznan.pl\/index.php?rest_route=%2Fwp%2Fv2%2Fmedia&parent=6447"}],"wp:term":[{"taxonomy":"category","embeddable":true,"href":"https:\/\/ple161.poznan.pl\/index.php?rest_route=%2Fwp%2Fv2%2Fcategories&post=6447"},{"taxonomy":"post_tag","embeddable":true,"href":"https:\/\/ple161.poznan.pl\/index.php?rest_route=%2Fwp%2Fv2%2Ftags&post=6447"}],"curies":[{"name":"wp","href":"https:\/\/api.w.org\/{rel}","templated":true}]}}