{"id":6436,"date":"2021-10-13T20:00:01","date_gmt":"2021-10-13T19:00:01","guid":{"rendered":"http:\/\/ple161.poznan.pl\/?p=6436"},"modified":"2021-10-13T20:00:01","modified_gmt":"2021-10-13T19:00:01","slug":"wycieczka-bimba-po-poznaniu","status":"publish","type":"post","link":"https:\/\/ple161.poznan.pl\/?p=6436","title":{"rendered":"Wycieczka &#8222;Bimb\u0105 po Poznaniu&#8221;"},"content":{"rendered":"\n<p><strong>28 pa\u017adziernika<\/strong> o godzinie <strong>10:00<\/strong> przedszkolaki z wszystkich grup wybior\u0105 si\u0119 na wycieczk\u0119 \u201eBimb\u0105 przez Pozna\u0144\u201d.<\/p>\n\n\n\n<p>Celem wycieczki b\u0119dzie zapoznanie si\u0119 z zawodem motorniczego, ogl\u0105danie zabytkowego tramwaju oraz pos\u0142uchanie wspania\u0142ych legend zwi\u0105zanych z naszym miastem.<\/p>\n\n\n\n<p>Trasa przejazdu b\u0119dzie obejmowa\u0107 najciekawsze rejony Poznania.<\/p>\n","protected":false},"excerpt":{"rendered":"<p>28 pa\u017adziernika o godzinie 10:00 przedszkolaki z wszystkich grup wybior\u0105 si\u0119 na wycieczk\u0119 \u201eBimb\u0105 przez Pozna\u0144\u201d. Celem wycieczki b\u0119dzie zapoznanie si\u0119 z zawodem motorniczego, ogl\u0105danie zabytkowego tramwaju oraz pos\u0142uchanie wspania\u0142ych legend zwi\u0105zanych z naszym miastem. Trasa przejazdu b\u0119dzie obejmowa\u0107 najciekawsze rejony Poznania.<\/p>\n","protected":false},"author":2,"featured_media":6437,"comment_status":"closed","ping_status":"closed","sticky":false,"template":"","format":"standard","meta":{"ngg_post_thumbnail":0,"footnotes":""},"categories":[4,1],"tags":[],"class_list":["post-6436","post","type-post","status-publish","format-standard","has-post-thumbnail","hentry","category-aktualnosci","category-wydarzenia"],"yoast_head":"<!-- This site is optimized with the Yoast SEO plugin v27.4 - https:\/\/yoast.com\/product\/yoast-seo-wordpress\/ -->\n<title>Wycieczka &quot;Bimb\u0105 po Poznaniu&quot; - Przedszkole im. Ksi\u0119cia Przemys\u0142awa<\/title>\n<meta name=\"robots\" content=\"noindex, follow\" \/>\n<meta property=\"og:locale\" content=\"pl_PL\" \/>\n<meta property=\"og:type\" content=\"article\" \/>\n<meta property=\"og:title\" content=\"Wycieczka &quot;Bimb\u0105 po Poznaniu&quot; - Przedszkole im. Ksi\u0119cia Przemys\u0142awa\" \/>\n<meta property=\"og:description\" content=\"28 pa\u017adziernika o godzinie 10:00 przedszkolaki z wszystkich grup wybior\u0105 si\u0119 na wycieczk\u0119 \u201eBimb\u0105 przez Pozna\u0144\u201d. Celem wycieczki b\u0119dzie zapoznanie si\u0119 z zawodem motorniczego, ogl\u0105danie zabytkowego tramwaju oraz pos\u0142uchanie wspania\u0142ych legend zwi\u0105zanych z naszym miastem. Trasa przejazdu b\u0119dzie obejmowa\u0107 najciekawsze rejony Poznania.\" \/>\n<meta property=\"og:url\" content=\"https:\/\/www.przedszkole161.pl\/?p=6436\" \/>\n<meta property=\"og:site_name\" content=\"Przedszkole im. Ksi\u0119cia Przemys\u0142awa\" \/>\n<meta property=\"article:published_time\" content=\"2021-10-13T19:00:01+00:00\" \/>\n<meta property=\"og:image\" content=\"https:\/\/www.przedszkole161.pl\/wp-content\/uploads\/2021\/10\/bimba-scaled.jpg\" \/>\n\t<meta property=\"og:image:width\" content=\"1381\" \/>\n\t<meta property=\"og:image:height\" content=\"2560\" \/>\n\t<meta property=\"og:image:type\" content=\"image\/jpeg\" \/>\n<meta name=\"author\" content=\"Magda Dulemba\" \/>\n<meta name=\"twitter:card\" content=\"summary_large_image\" \/>\n<meta name=\"twitter:label1\" content=\"Napisane przez\" \/>\n\t<meta name=\"twitter:data1\" content=\"Magda Dulemba\" \/>\n<script type=\"application\/ld+json\" class=\"yoast-schema-graph\">{\"@context\":\"https:\\\/\\\/schema.org\",\"@graph\":[{\"@type\":\"Article\",\"@id\":\"https:\\\/\\\/www.przedszkole161.pl\\\/?p=6436#article\",\"isPartOf\":{\"@id\":\"https:\\\/\\\/www.przedszkole161.pl\\\/?p=6436\"},\"author\":{\"name\":\"Magda Dulemba\",\"@id\":\"https:\\\/\\\/www.przedszkole161.pl\\\/#\\\/schema\\\/person\\\/673325371d681555a8b67c870d21faac\"},\"headline\":\"Wycieczka &#8222;Bimb\u0105 po Poznaniu&#8221;\",\"datePublished\":\"2021-10-13T19:00:01+00:00\",\"mainEntityOfPage\":{\"@id\":\"https:\\\/\\\/www.przedszkole161.pl\\\/?p=6436\"},\"wordCount\":51,\"image\":{\"@id\":\"https:\\\/\\\/www.przedszkole161.pl\\\/?p=6436#primaryimage\"},\"thumbnailUrl\":\"https:\\\/\\\/ple161.poznan.pl\\\/wp-content\\\/uploads\\\/2021\\\/10\\\/bimba-scaled.jpg\",\"articleSection\":[\"Aktualno\u015bci\",\"Wydarzenia\"],\"inLanguage\":\"pl-PL\"},{\"@type\":\"WebPage\",\"@id\":\"https:\\\/\\\/www.przedszkole161.pl\\\/?p=6436\",\"url\":\"https:\\\/\\\/www.przedszkole161.pl\\\/?p=6436\",\"name\":\"Wycieczka \\\"Bimb\u0105 po Poznaniu\\\" - Przedszkole im. Ksi\u0119cia Przemys\u0142awa\",\"isPartOf\":{\"@id\":\"https:\\\/\\\/www.przedszkole161.pl\\\/#website\"},\"primaryImageOfPage\":{\"@id\":\"https:\\\/\\\/www.przedszkole161.pl\\\/?p=6436#primaryimage\"},\"image\":{\"@id\":\"https:\\\/\\\/www.przedszkole161.pl\\\/?p=6436#primaryimage\"},\"thumbnailUrl\":\"https:\\\/\\\/ple161.poznan.pl\\\/wp-content\\\/uploads\\\/2021\\\/10\\\/bimba-scaled.jpg\",\"datePublished\":\"2021-10-13T19:00:01+00:00\",\"author\":{\"@id\":\"https:\\\/\\\/www.przedszkole161.pl\\\/#\\\/schema\\\/person\\\/673325371d681555a8b67c870d21faac\"},\"breadcrumb\":{\"@id\":\"https:\\\/\\\/www.przedszkole161.pl\\\/?p=6436#breadcrumb\"},\"inLanguage\":\"pl-PL\",\"potentialAction\":[{\"@type\":\"ReadAction\",\"target\":[\"https:\\\/\\\/www.przedszkole161.pl\\\/?p=6436\"]}]},{\"@type\":\"ImageObject\",\"inLanguage\":\"pl-PL\",\"@id\":\"https:\\\/\\\/www.przedszkole161.pl\\\/?p=6436#primaryimage\",\"url\":\"https:\\\/\\\/ple161.poznan.pl\\\/wp-content\\\/uploads\\\/2021\\\/10\\\/bimba-scaled.jpg\",\"contentUrl\":\"https:\\\/\\\/ple161.poznan.pl\\\/wp-content\\\/uploads\\\/2021\\\/10\\\/bimba-scaled.jpg\",\"width\":1381,\"height\":2560},{\"@type\":\"BreadcrumbList\",\"@id\":\"https:\\\/\\\/www.przedszkole161.pl\\\/?p=6436#breadcrumb\",\"itemListElement\":[{\"@type\":\"ListItem\",\"position\":1,\"name\":\"Strona g\u0142\u00f3wna\",\"item\":\"https:\\\/\\\/www.przedszkole161.pl\\\/\"},{\"@type\":\"ListItem\",\"position\":2,\"name\":\"Wycieczka &#8222;Bimb\u0105 po Poznaniu&#8221;\"}]},{\"@type\":\"WebSite\",\"@id\":\"https:\\\/\\\/www.przedszkole161.pl\\\/#website\",\"url\":\"https:\\\/\\\/www.przedszkole161.pl\\\/\",\"name\":\"Przedszkole im. Ksi\u0119cia Przemys\u0142awa 161\",\"description\":\"\",\"potentialAction\":[{\"@type\":\"SearchAction\",\"target\":{\"@type\":\"EntryPoint\",\"urlTemplate\":\"https:\\\/\\\/www.przedszkole161.pl\\\/?s={search_term_string}\"},\"query-input\":{\"@type\":\"PropertyValueSpecification\",\"valueRequired\":true,\"valueName\":\"search_term_string\"}}],\"inLanguage\":\"pl-PL\"},{\"@type\":\"Person\",\"@id\":\"https:\\\/\\\/www.przedszkole161.pl\\\/#\\\/schema\\\/person\\\/673325371d681555a8b67c870d21faac\",\"name\":\"Magda Dulemba\",\"image\":{\"@type\":\"ImageObject\",\"inLanguage\":\"pl-PL\",\"@id\":\"https:\\\/\\\/secure.gravatar.com\\\/avatar\\\/f6f4cc73208d68c67fc19e1f80620e23d66ef2a923cb26a6d726fbc6a55bbcbc?s=96&d=mm&r=g\",\"url\":\"https:\\\/\\\/secure.gravatar.com\\\/avatar\\\/f6f4cc73208d68c67fc19e1f80620e23d66ef2a923cb26a6d726fbc6a55bbcbc?s=96&d=mm&r=g\",\"contentUrl\":\"https:\\\/\\\/secure.gravatar.com\\\/avatar\\\/f6f4cc73208d68c67fc19e1f80620e23d66ef2a923cb26a6d726fbc6a55bbcbc?s=96&d=mm&r=g\",\"caption\":\"Magda Dulemba\"},\"url\":\"https:\\\/\\\/ple161.poznan.pl\\\/?author=2\"}]}<\/script>\n<!-- \/ Yoast SEO plugin. -->","yoast_head_json":{"title":"Wycieczka \"Bimb\u0105 po Poznaniu\" - Przedszkole im. Ksi\u0119cia Przemys\u0142awa","robots":{"index":"noindex","follow":"follow"},"og_locale":"pl_PL","og_type":"article","og_title":"Wycieczka \"Bimb\u0105 po Poznaniu\" - Przedszkole im. Ksi\u0119cia Przemys\u0142awa","og_description":"28 pa\u017adziernika o godzinie 10:00 przedszkolaki z wszystkich grup wybior\u0105 si\u0119 na wycieczk\u0119 \u201eBimb\u0105 przez Pozna\u0144\u201d. Celem wycieczki b\u0119dzie zapoznanie si\u0119 z zawodem motorniczego, ogl\u0105danie zabytkowego tramwaju oraz pos\u0142uchanie wspania\u0142ych legend zwi\u0105zanych z naszym miastem. Trasa przejazdu b\u0119dzie obejmowa\u0107 najciekawsze rejony Poznania.","og_url":"https:\/\/www.przedszkole161.pl\/?p=6436","og_site_name":"Przedszkole im. Ksi\u0119cia Przemys\u0142awa","article_published_time":"2021-10-13T19:00:01+00:00","og_image":[{"width":1381,"height":2560,"url":"https:\/\/www.przedszkole161.pl\/wp-content\/uploads\/2021\/10\/bimba-scaled.jpg","type":"image\/jpeg"}],"author":"Magda Dulemba","twitter_card":"summary_large_image","twitter_misc":{"Napisane przez":"Magda Dulemba"},"schema":{"@context":"https:\/\/schema.org","@graph":[{"@type":"Article","@id":"https:\/\/www.przedszkole161.pl\/?p=6436#article","isPartOf":{"@id":"https:\/\/www.przedszkole161.pl\/?p=6436"},"author":{"name":"Magda Dulemba","@id":"https:\/\/www.przedszkole161.pl\/#\/schema\/person\/673325371d681555a8b67c870d21faac"},"headline":"Wycieczka &#8222;Bimb\u0105 po Poznaniu&#8221;","datePublished":"2021-10-13T19:00:01+00:00","mainEntityOfPage":{"@id":"https:\/\/www.przedszkole161.pl\/?p=6436"},"wordCount":51,"image":{"@id":"https:\/\/www.przedszkole161.pl\/?p=6436#primaryimage"},"thumbnailUrl":"https:\/\/ple161.poznan.pl\/wp-content\/uploads\/2021\/10\/bimba-scaled.jpg","articleSection":["Aktualno\u015bci","Wydarzenia"],"inLanguage":"pl-PL"},{"@type":"WebPage","@id":"https:\/\/www.przedszkole161.pl\/?p=6436","url":"https:\/\/www.przedszkole161.pl\/?p=6436","name":"Wycieczka \"Bimb\u0105 po Poznaniu\" - Przedszkole im. Ksi\u0119cia Przemys\u0142awa","isPartOf":{"@id":"https:\/\/www.przedszkole161.pl\/#website"},"primaryImageOfPage":{"@id":"https:\/\/www.przedszkole161.pl\/?p=6436#primaryimage"},"image":{"@id":"https:\/\/www.przedszkole161.pl\/?p=6436#primaryimage"},"thumbnailUrl":"https:\/\/ple161.poznan.pl\/wp-content\/uploads\/2021\/10\/bimba-scaled.jpg","datePublished":"2021-10-13T19:00:01+00:00","author":{"@id":"https:\/\/www.przedszkole161.pl\/#\/schema\/person\/673325371d681555a8b67c870d21faac"},"breadcrumb":{"@id":"https:\/\/www.przedszkole161.pl\/?p=6436#breadcrumb"},"inLanguage":"pl-PL","potentialAction":[{"@type":"ReadAction","target":["https:\/\/www.przedszkole161.pl\/?p=6436"]}]},{"@type":"ImageObject","inLanguage":"pl-PL","@id":"https:\/\/www.przedszkole161.pl\/?p=6436#primaryimage","url":"https:\/\/ple161.poznan.pl\/wp-content\/uploads\/2021\/10\/bimba-scaled.jpg","contentUrl":"https:\/\/ple161.poznan.pl\/wp-content\/uploads\/2021\/10\/bimba-scaled.jpg","width":1381,"height":2560},{"@type":"BreadcrumbList","@id":"https:\/\/www.przedszkole161.pl\/?p=6436#breadcrumb","itemListElement":[{"@type":"ListItem","position":1,"name":"Strona g\u0142\u00f3wna","item":"https:\/\/www.przedszkole161.pl\/"},{"@type":"ListItem","position":2,"name":"Wycieczka &#8222;Bimb\u0105 po Poznaniu&#8221;"}]},{"@type":"WebSite","@id":"https:\/\/www.przedszkole161.pl\/#website","url":"https:\/\/www.przedszkole161.pl\/","name":"Przedszkole im. Ksi\u0119cia Przemys\u0142awa 161","description":"","potentialAction":[{"@type":"SearchAction","target":{"@type":"EntryPoint","urlTemplate":"https:\/\/www.przedszkole161.pl\/?s={search_term_string}"},"query-input":{"@type":"PropertyValueSpecification","valueRequired":true,"valueName":"search_term_string"}}],"inLanguage":"pl-PL"},{"@type":"Person","@id":"https:\/\/www.przedszkole161.pl\/#\/schema\/person\/673325371d681555a8b67c870d21faac","name":"Magda Dulemba","image":{"@type":"ImageObject","inLanguage":"pl-PL","@id":"https:\/\/secure.gravatar.com\/avatar\/f6f4cc73208d68c67fc19e1f80620e23d66ef2a923cb26a6d726fbc6a55bbcbc?s=96&d=mm&r=g","url":"https:\/\/secure.gravatar.com\/avatar\/f6f4cc73208d68c67fc19e1f80620e23d66ef2a923cb26a6d726fbc6a55bbcbc?s=96&d=mm&r=g","contentUrl":"https:\/\/secure.gravatar.com\/avatar\/f6f4cc73208d68c67fc19e1f80620e23d66ef2a923cb26a6d726fbc6a55bbcbc?s=96&d=mm&r=g","caption":"Magda Dulemba"},"url":"https:\/\/ple161.poznan.pl\/?author=2"}]}},"_links":{"self":[{"href":"https:\/\/ple161.poznan.pl\/index.php?rest_route=\/wp\/v2\/posts\/6436","targetHints":{"allow":["GET"]}}],"collection":[{"href":"https:\/\/ple161.poznan.pl\/index.php?rest_route=\/wp\/v2\/posts"}],"about":[{"href":"https:\/\/ple161.poznan.pl\/index.php?rest_route=\/wp\/v2\/types\/post"}],"author":[{"embeddable":true,"href":"https:\/\/ple161.poznan.pl\/index.php?rest_route=\/wp\/v2\/users\/2"}],"replies":[{"embeddable":true,"href":"https:\/\/ple161.poznan.pl\/index.php?rest_route=%2Fwp%2Fv2%2Fcomments&post=6436"}],"version-history":[{"count":1,"href":"https:\/\/ple161.poznan.pl\/index.php?rest_route=\/wp\/v2\/posts\/6436\/revisions"}],"predecessor-version":[{"id":6438,"href":"https:\/\/ple161.poznan.pl\/index.php?rest_route=\/wp\/v2\/posts\/6436\/revisions\/6438"}],"wp:featuredmedia":[{"embeddable":true,"href":"https:\/\/ple161.poznan.pl\/index.php?rest_route=\/wp\/v2\/media\/6437"}],"wp:attachment":[{"href":"https:\/\/ple161.poznan.pl\/index.php?rest_route=%2Fwp%2Fv2%2Fmedia&parent=6436"}],"wp:term":[{"taxonomy":"category","embeddable":true,"href":"https:\/\/ple161.poznan.pl\/index.php?rest_route=%2Fwp%2Fv2%2Fcategories&post=6436"},{"taxonomy":"post_tag","embeddable":true,"href":"https:\/\/ple161.poznan.pl\/index.php?rest_route=%2Fwp%2Fv2%2Ftags&post=6436"}],"curies":[{"name":"wp","href":"https:\/\/api.w.org\/{rel}","templated":true}]}}